{"id":8,"date":"2017-09-16T00:00:00","date_gmt":"2017-09-16T00:00:00","guid":{"rendered":"https:\/\/thefox.withemes.com\/pine\/2020\/10\/28\/facilisi-cum-ne-ad-vero-dolorem-quo\/"},"modified":"2022-03-16T11:00:10","modified_gmt":"2022-03-16T10:00:10","slug":"cera-mieszana","status":"publish","type":"post","link":"https:\/\/www.skarbieclynia.pl\/index.php\/2017\/09\/16\/cera-mieszana\/","title":{"rendered":"Cera mieszana \u2013 bez tajemnic cz.II"},"content":{"rendered":"\n<p class=\"has-drop-cap\">Najwi\u0119kszym wyzwaniem w piel\u0119gnacji sk\u00f3ry mieszanej jest znalezienie r\u00f3wnowagi pomi\u0119dzy stref\u0105 wymagaj\u0105c\u0105 mniej nawil\u017cenia a stref\u0105 such\u0105, potrzebuj\u0105c\u0105 ochrony oraz uelastycznienia. Strategia zak\u0142ada delikatn\u0105 baz\u0119, a tak\u017ce mo\u017cliwo\u015b\u0107 warstwowego budowania nawil\u017cenia \u2014 na policzkach wi\u0119cej warstw lub ekstra produkt dla tej strefy (r\u00f3wnie\u017c na szyj\u0119 i dekolt). Istotne s\u0105 te\u017c substancje przeciwzapalne, ograniczaj\u0105ce \u0142ojotok i hamuj\u0105ce sk\u0142onno\u015b\u0107 do pozostawania \u015blad\u00f3w.<strong>&nbsp;Warto zadba\u0107 o punktowe, optyczne zw\u0119\u017canie por\u00f3w oraz oczyszczanie ich z utlenionej tre\u015bci.<\/strong><\/p>\n\n\n\n<h2>Przyk\u0142adowy schemat piel\u0119gnacji cery mieszanej<\/h2>\n\n\n\n<ol><li>Piel\u0119gnacja sk\u00f3ry o poranku:<\/li><\/ol>\n\n\n\n<ul><li>umyj twarz&nbsp;<a href=\"https:\/\/sklep889583.shoparena.pl\/pl\/p\/Nawilzajaca-pianka-myjaca-z-naturalna-betaina-i-woda-rozana\/2136\">piank\u0105 myj\u0105c\u0105<\/a>,<\/li><li>nast\u0119pnie wykorzystaj&nbsp;<a href=\"https:\/\/sklep889583.shoparena.pl\/pl\/c\/Toniki\/877\">tonik \u017celowy lub mgie\u0142k\u0119<\/a>,<\/li><li>na\u0142\u00f3\u017c booster \u2014 w zale\u017cno\u015bci od swoich potrzeb, u\u017cyj kremu z filtrem i\/lub&nbsp;<a href=\"https:\/\/sklep889583.shoparena.pl\/pl\/c\/Pod-oczy\/880\">pod oczy<\/a>.<\/li><\/ul>\n\n\n\n<div class=\"wp-block-image\"><figure class=\"alignright size-full is-resized\"><a href=\"https:\/\/lynia.pl\/produkt\/multi-hydration-face-booster-booster-nawilzajacy\/\"><img loading=\"lazy\" src=\"https:\/\/e-naturalne.home.pl\/autoinstalator\/wordpressplugins1\/wp-content\/uploads\/2022\/03\/zdjecie-lynia-booster-multi-hydration-nawilzajacy-2.jpg\" alt=\"booster-nawilzajacy.jpg\" class=\"wp-image-2869\" width=\"250\" height=\"375\" srcset=\"https:\/\/www.skarbieclynia.pl\/wp-content\/uploads\/2022\/03\/zdjecie-lynia-booster-multi-hydration-nawilzajacy-2.jpg 1000w, https:\/\/www.skarbieclynia.pl\/wp-content\/uploads\/2022\/03\/zdjecie-lynia-booster-multi-hydration-nawilzajacy-2-200x300.jpg 200w, https:\/\/www.skarbieclynia.pl\/wp-content\/uploads\/2022\/03\/zdjecie-lynia-booster-multi-hydration-nawilzajacy-2-683x1024.jpg 683w, https:\/\/www.skarbieclynia.pl\/wp-content\/uploads\/2022\/03\/zdjecie-lynia-booster-multi-hydration-nawilzajacy-2-768x1152.jpg 768w, https:\/\/www.skarbieclynia.pl\/wp-content\/uploads\/2022\/03\/zdjecie-lynia-booster-multi-hydration-nawilzajacy-2-480x720.jpg 480w\" sizes=\"(max-width: 250px) 100vw, 250px\" \/><\/a><\/figure><\/div>\n\n\n\n<ol start=\"2\"><li>Piel\u0119gnacja sk\u00f3ry wieczorem, przed p\u00f3j\u015bciem spa\u0107:<\/li><\/ol>\n\n\n\n<ul><li>je\u015bli rano pomalowa\u0142a\u015b twarz, wykorzystaj&nbsp;<a href=\"https:\/\/sklep889583.shoparena.pl\/pl\/p\/Olejek-hydrofilowy\/2160\">olejek do demakija\u017cu<\/a>,<\/li><li>nast\u0119pnie oczy\u015b\u0107 sk\u00f3r\u0119&nbsp;<a href=\"https:\/\/sklep889583.shoparena.pl\/pl\/p\/Nawilzajaca-pianka-myjaca-z-naturalna-betaina-i-woda-rozana\/2136\">piank\u0105 myj\u0105c\u0105<\/a>,<\/li><li>kolejno zastosuj&nbsp;<a href=\"https:\/\/sklep889583.shoparena.pl\/pl\/c\/Toniki\/877\">tonik \u017celowy lub mgie\u0142k\u0119<\/a>,<\/li><li>nast\u0119pnie na\u0142\u00f3\u017c&nbsp;<a href=\"https:\/\/sklep889583.shoparena.pl\/pl\/searchquery\/booster\/1\/phot\/5?url=booster\">booster<\/a>, aby chroni\u0107 sk\u00f3r\u0119 przez ca\u0142\u0105 noc,<\/li><li>na koniec wykorzystaj&nbsp;<a href=\"https:\/\/sklep889583.shoparena.pl\/pl\/c\/Pod-oczy\/880\">krem pod oczy<\/a>.<\/li><\/ul>\n\n\n\n<ol start=\"3\"><li>Dodatkowe zabiegi piel\u0119gnacyjne, kt\u00f3re warto wykonywa\u0107 regularnie:<\/li><\/ol>\n\n\n\n<ul><li>raz na dwa tyg.&nbsp;<a href=\"https:\/\/sklep889583.shoparena.pl\/pl\/p\/Peeling-AHA-30\/2170\">delikatny peeling (kwasowy)<\/a>,<\/li><li>1-2 razy w tyg. nawil\u017caj\u0105ca maseczka, np.&nbsp;<a href=\"https:\/\/sklep889583.shoparena.pl\/pl\/p\/OLEOFAZA-maska-algowa-peel-off-oliwa-z-oliwek%2C-olejek-lawendowy\/1958\">Oleofaza<\/a><\/li><\/ul>\n\n\n\n<div class=\"wp-block-image\"><figure class=\"alignleft size-large is-resized\"><a href=\"https:\/\/lynia.pl\/produkt\/booster-dla-cery-tlustej-tradzikowej-z-kwasem-szikimowym-oily-skin\/\"><img loading=\"lazy\" src=\"https:\/\/e-naturalne.home.pl\/autoinstalator\/wordpressplugins1\/wp-content\/uploads\/2022\/03\/zdjecie-lynia-booster-oily-skin-cera-tlusta-1-632x1024.jpg\" alt=\"cera-mieszana-booster.jpg\" class=\"wp-image-2872\" width=\"227\" height=\"367\" srcset=\"https:\/\/www.skarbieclynia.pl\/wp-content\/uploads\/2022\/03\/zdjecie-lynia-booster-oily-skin-cera-tlusta-1-632x1024.jpg 632w, https:\/\/www.skarbieclynia.pl\/wp-content\/uploads\/2022\/03\/zdjecie-lynia-booster-oily-skin-cera-tlusta-1-185x300.jpg 185w, https:\/\/www.skarbieclynia.pl\/wp-content\/uploads\/2022\/03\/zdjecie-lynia-booster-oily-skin-cera-tlusta-1-768x1243.jpg 768w, https:\/\/www.skarbieclynia.pl\/wp-content\/uploads\/2022\/03\/zdjecie-lynia-booster-oily-skin-cera-tlusta-1-949x1536.jpg 949w, https:\/\/www.skarbieclynia.pl\/wp-content\/uploads\/2022\/03\/zdjecie-lynia-booster-oily-skin-cera-tlusta-1-480x777.jpg 480w, https:\/\/www.skarbieclynia.pl\/wp-content\/uploads\/2022\/03\/zdjecie-lynia-booster-oily-skin-cera-tlusta-1.jpg 1000w\" sizes=\"(max-width: 227px) 100vw, 227px\" \/><\/a><\/figure><\/div>\n\n\n\n<h2>Jakie kosmetyki Lynia wybra\u0107?<\/h2>\n\n\n\n<p>Baz\u0105 dla sk\u00f3ry mieszanej s\u0105 dwa boostery \u2014<strong>&nbsp;pierwszym z nich jest&nbsp;<a href=\"https:\/\/sklep889583.shoparena.pl\/pl\/p\/Lynia-Multi-Hydration-Face-Booster-booster-nawilzajacy\/2212\">Multi Hydration<\/a>, czyli nasz mocno nawil\u017caj\u0105cy, ale te\u017c lekki produkt.<\/strong>&nbsp;Stosuj go rano i wieczorem na policzki oraz skronie, konsystencja pozwala zbudowa\u0107 warstwy bez rolowania si\u0119 na bardzo suchych partiach. Jego dzia\u0142anie wieczorem uzupe\u0142ni<strong>&nbsp;kosmetyk z linii&nbsp;<a href=\"https:\/\/sklep889583.shoparena.pl\/pl\/p\/Oily-Skin-Booster-dla-cery-tlustej%2C-tradzikowej-z-kwasem-szikimowym\/2177\">Oliy Skin<\/a>&nbsp;na stref\u0119 T<\/strong>. Zawarty w nim kwas&nbsp;<a href=\"https:\/\/sklep889583.shoparena.pl\/pl\/p\/Kwas-szikimowy\/2016\">szikimowy<\/a>&nbsp;oraz&nbsp;<a href=\"https:\/\/sklep889583.shoparena.pl\/pl\/p\/Azeloglicyna\/1612\">azeloglicyna<\/a>&nbsp;reguluj\u0105 przet\u0142uszczanie, a tak\u017ce wyg\u0142adzaj\u0105 nask\u00f3rek. Natomiast ekstrakty ro\u015blinne maj\u0105 dzia\u0142anie od\u015bwie\u017caj\u0105ce i antyoksydacyjne.<br><\/p>\n\n\n\n<p><strong>Podstaw\u0105 piel\u0119gnacji sk\u00f3ry mieszanej jest delikatne mycie i codzienny demakija\u017c&nbsp;<\/strong>\u2014 to krok niezb\u0119dny, nawet je\u015bli si\u0119 nie malujesz, a jedynie stosujesz ochron\u0119 przed UV. Dobrym rozwi\u0105zaniem jest&nbsp;<strong>olejek hydrofilowy<\/strong>&nbsp;oraz&nbsp;<strong>nawil\u017caj\u0105ca pianka myj\u0105ca<\/strong>&nbsp;z naturaln\u0105 betain\u0105 i wod\u0105 r\u00f3\u017can\u0105.<\/p>\n\n\n\n<div class=\"wp-block-columns\">\n<div class=\"wp-block-column\">\n<div class=\"wp-block-image\"><figure class=\"alignright size-full is-resized\"><a href=\"https:\/\/lynia.pl\/produkt\/https-e-naturalne-pl-pl-p-olejek-hydrofilowy-2160\/\"><img loading=\"lazy\" src=\"https:\/\/e-naturalne.home.pl\/autoinstalator\/wordpressplugins1\/wp-content\/uploads\/2022\/03\/zdjecie-lynia-olejek-hydrofilowy-2.jpg\" alt=\"olejek-hydrofilowy.jpg\" class=\"wp-image-2881\" width=\"223\" height=\"334\" srcset=\"https:\/\/www.skarbieclynia.pl\/wp-content\/uploads\/2022\/03\/zdjecie-lynia-olejek-hydrofilowy-2.jpg 1000w, https:\/\/www.skarbieclynia.pl\/wp-content\/uploads\/2022\/03\/zdjecie-lynia-olejek-hydrofilowy-2-200x300.jpg 200w, https:\/\/www.skarbieclynia.pl\/wp-content\/uploads\/2022\/03\/zdjecie-lynia-olejek-hydrofilowy-2-683x1024.jpg 683w, https:\/\/www.skarbieclynia.pl\/wp-content\/uploads\/2022\/03\/zdjecie-lynia-olejek-hydrofilowy-2-768x1152.jpg 768w, https:\/\/www.skarbieclynia.pl\/wp-content\/uploads\/2022\/03\/zdjecie-lynia-olejek-hydrofilowy-2-480x720.jpg 480w\" sizes=\"(max-width: 223px) 100vw, 223px\" \/><\/a><\/figure><\/div>\n<\/div>\n\n\n\n<div class=\"wp-block-column\">\n<figure class=\"wp-block-image size-full is-resized\"><a href=\"https:\/\/lynia.pl\/produkt\/nawilzajaca-pianka-myjaca-z-naturalna-betaina-i-woda-rozana\/\"><img loading=\"lazy\" src=\"https:\/\/e-naturalne.home.pl\/autoinstalator\/wordpressplugins1\/wp-content\/uploads\/2022\/03\/zdjecie-lynia-pianka-do-mycia-twarzy-nawilzajaca-2.jpg\" alt=\"pianka.jpg\" class=\"wp-image-2884\" width=\"250\" height=\"375\" srcset=\"https:\/\/www.skarbieclynia.pl\/wp-content\/uploads\/2022\/03\/zdjecie-lynia-pianka-do-mycia-twarzy-nawilzajaca-2.jpg 1000w, https:\/\/www.skarbieclynia.pl\/wp-content\/uploads\/2022\/03\/zdjecie-lynia-pianka-do-mycia-twarzy-nawilzajaca-2-200x300.jpg 200w, https:\/\/www.skarbieclynia.pl\/wp-content\/uploads\/2022\/03\/zdjecie-lynia-pianka-do-mycia-twarzy-nawilzajaca-2-683x1024.jpg 683w, https:\/\/www.skarbieclynia.pl\/wp-content\/uploads\/2022\/03\/zdjecie-lynia-pianka-do-mycia-twarzy-nawilzajaca-2-768x1152.jpg 768w, https:\/\/www.skarbieclynia.pl\/wp-content\/uploads\/2022\/03\/zdjecie-lynia-pianka-do-mycia-twarzy-nawilzajaca-2-480x720.jpg 480w\" sizes=\"(max-width: 250px) 100vw, 250px\" \/><\/a><\/figure>\n<\/div>\n<\/div>\n\n\n\n<p>Wybieraj\u0105c tonik, skup si\u0119 przede wszystkim na budowie nawil\u017cenia bez obci\u0105\u017cania. W tym przypadku warto wybra\u0107<strong>&nbsp;<a href=\"https:\/\/sklep889583.shoparena.pl\/pl\/p\/Tonik-zelowy-nawilzajacy-z-mocznikiem%2C-NMF-oraz-prawoslazem\/1997\">\u017celowy tonik nawil\u017caj\u0105cy<\/a><\/strong>&nbsp;z mocznikiem, NMF oraz prawo\u015blazem. Kosmetyk ten powinien zawiera\u0107 minera\u0142y, antyoksydanty i substancje sprzyjaj\u0105ce gojeniu si\u0119 drobnych zmian, a tak\u017ce regeneracji nask\u00f3rka. Sprawdzi si\u0119<strong>&nbsp;\u015bluz \u015blimaka w mgie\u0142ce z linii Snail<\/strong>.<\/p>\n\n\n\n<div class=\"wp-block-columns\">\n<div class=\"wp-block-column\">\n<div class=\"wp-block-image\"><figure class=\"alignright size-full is-resized\"><a href=\"https:\/\/lynia.pl\/produkt\/tonik-zelowy-nawilzajacy-z-mocznikiem-nmf-oraz-prawoslazem\/\"><img loading=\"lazy\" src=\"https:\/\/e-naturalne.home.pl\/autoinstalator\/wordpressplugins1\/wp-content\/uploads\/2022\/03\/zdjecie-lynia-tonik-zelowy-nawilzajacy-1.jpg\" alt=\"tonik.jpg\" class=\"wp-image-2887\" width=\"251\" height=\"377\" srcset=\"https:\/\/www.skarbieclynia.pl\/wp-content\/uploads\/2022\/03\/zdjecie-lynia-tonik-zelowy-nawilzajacy-1.jpg 1000w, https:\/\/www.skarbieclynia.pl\/wp-content\/uploads\/2022\/03\/zdjecie-lynia-tonik-zelowy-nawilzajacy-1-200x300.jpg 200w, https:\/\/www.skarbieclynia.pl\/wp-content\/uploads\/2022\/03\/zdjecie-lynia-tonik-zelowy-nawilzajacy-1-683x1024.jpg 683w, https:\/\/www.skarbieclynia.pl\/wp-content\/uploads\/2022\/03\/zdjecie-lynia-tonik-zelowy-nawilzajacy-1-768x1152.jpg 768w, https:\/\/www.skarbieclynia.pl\/wp-content\/uploads\/2022\/03\/zdjecie-lynia-tonik-zelowy-nawilzajacy-1-480x720.jpg 480w\" sizes=\"(max-width: 251px) 100vw, 251px\" \/><\/a><\/figure><\/div>\n<\/div>\n\n\n\n<div class=\"wp-block-column\">\n<figure class=\"wp-block-image size-full is-resized\"><a href=\"https:\/\/lynia.pl\/produkt\/mineralizujaca-mgielka-ze-slimakiem\/\"><img loading=\"lazy\" src=\"https:\/\/e-naturalne.home.pl\/autoinstalator\/wordpressplugins1\/wp-content\/uploads\/2022\/03\/zdjecie-lynia-mgielka-snail-slimak-1.jpg\" alt=\"cera-mieszana-mgielka.jpg\" class=\"wp-image-2890\" width=\"232\" height=\"395\" srcset=\"https:\/\/www.skarbieclynia.pl\/wp-content\/uploads\/2022\/03\/zdjecie-lynia-mgielka-snail-slimak-1.jpg 1000w, https:\/\/www.skarbieclynia.pl\/wp-content\/uploads\/2022\/03\/zdjecie-lynia-mgielka-snail-slimak-1-177x300.jpg 177w, https:\/\/www.skarbieclynia.pl\/wp-content\/uploads\/2022\/03\/zdjecie-lynia-mgielka-snail-slimak-1-603x1024.jpg 603w, https:\/\/www.skarbieclynia.pl\/wp-content\/uploads\/2022\/03\/zdjecie-lynia-mgielka-snail-slimak-1-768x1303.jpg 768w, https:\/\/www.skarbieclynia.pl\/wp-content\/uploads\/2022\/03\/zdjecie-lynia-mgielka-snail-slimak-1-905x1536.jpg 905w, https:\/\/www.skarbieclynia.pl\/wp-content\/uploads\/2022\/03\/zdjecie-lynia-mgielka-snail-slimak-1-480x815.jpg 480w\" sizes=\"(max-width: 232px) 100vw, 232px\" \/><\/a><\/figure>\n\n\n<\/div>\n<\/div>\n\n\n\n<p>Chc\u0105c nawodni\u0107 policzki w ch\u0142odne oraz bardziej suche miesi\u0105ce, warto rozwa\u017cy\u0107 u\u017cycie&nbsp;<strong>kremu z migda\u0142em, algami, zielon\u0105 herbat\u0105 i prawo\u015blazem<\/strong>. Je\u015bli natomiast planujesz zabieg od\u017cywczy czy nawil\u017caj\u0105cy zabieg bez wyczuwalnej warstwy, idealnie sprawdzi si\u0119&nbsp;<strong>maska algowa peel-off&nbsp;<\/strong>w wersji&nbsp;<strong>rewitalizuj\u0105ca jagoda, morwa bia\u0142a, czarna porzeczka i owoce acai.<\/strong><\/p>\n\n\n\n<div class=\"wp-block-columns\">\n<div class=\"wp-block-column\">\n<div class=\"wp-block-image\"><figure class=\"alignright size-large is-resized\"><img loading=\"lazy\" src=\"https:\/\/e-naturalne.home.pl\/autoinstalator\/wordpressplugins1\/wp-content\/uploads\/2022\/03\/zdjecie-lynia-krem-nawilzajacy-z-algami-prawoslazem-1-652x1024.jpg\" alt=\"krem-nawilzajacy.jpg\" class=\"wp-image-2893\" width=\"214\" height=\"335\" srcset=\"https:\/\/www.skarbieclynia.pl\/wp-content\/uploads\/2022\/03\/zdjecie-lynia-krem-nawilzajacy-z-algami-prawoslazem-1-652x1024.jpg 652w, https:\/\/www.skarbieclynia.pl\/wp-content\/uploads\/2022\/03\/zdjecie-lynia-krem-nawilzajacy-z-algami-prawoslazem-1-191x300.jpg 191w, https:\/\/www.skarbieclynia.pl\/wp-content\/uploads\/2022\/03\/zdjecie-lynia-krem-nawilzajacy-z-algami-prawoslazem-1-768x1207.jpg 768w, https:\/\/www.skarbieclynia.pl\/wp-content\/uploads\/2022\/03\/zdjecie-lynia-krem-nawilzajacy-z-algami-prawoslazem-1-978x1536.jpg 978w, https:\/\/www.skarbieclynia.pl\/wp-content\/uploads\/2022\/03\/zdjecie-lynia-krem-nawilzajacy-z-algami-prawoslazem-1-480x754.jpg 480w, https:\/\/www.skarbieclynia.pl\/wp-content\/uploads\/2022\/03\/zdjecie-lynia-krem-nawilzajacy-z-algami-prawoslazem-1.jpg 1000w\" sizes=\"(max-width: 214px) 100vw, 214px\" \/><\/figure><\/div>\n<\/div>\n\n\n\n<div class=\"wp-block-column\">\n<div class=\"wp-block-image\"><figure class=\"alignleft size-large is-resized\"><a href=\"https:\/\/lynia.pl\/produkt\/rewitalizujaca-maska-algowa-peel-off-jagoda-morwa-biala-czarna-porzeczka-owoce-acai\/\"><img loading=\"lazy\" src=\"https:\/\/e-naturalne.home.pl\/autoinstalator\/wordpressplugins1\/wp-content\/uploads\/2022\/03\/Lynia-masks-11-1-819x1024.jpg\" alt=\"\" class=\"wp-image-2896\" width=\"276\" height=\"345\" srcset=\"https:\/\/www.skarbieclynia.pl\/wp-content\/uploads\/2022\/03\/Lynia-masks-11-1-819x1024.jpg 819w, https:\/\/www.skarbieclynia.pl\/wp-content\/uploads\/2022\/03\/Lynia-masks-11-1-240x300.jpg 240w, https:\/\/www.skarbieclynia.pl\/wp-content\/uploads\/2022\/03\/Lynia-masks-11-1-768x960.jpg 768w, https:\/\/www.skarbieclynia.pl\/wp-content\/uploads\/2022\/03\/Lynia-masks-11-1-480x600.jpg 480w, https:\/\/www.skarbieclynia.pl\/wp-content\/uploads\/2022\/03\/Lynia-masks-11-1.jpg 1169w\" sizes=\"(max-width: 276px) 100vw, 276px\" \/><\/a><\/figure><\/div>\n<\/div>\n<\/div>\n\n\n\n<p>Produktem z\u0142uszczaj\u0105cym w formie zabiegu mo\u017ce by\u0107<strong>&nbsp;<a href=\"https:\/\/sklep889583.shoparena.pl\/pl\/p\/Peeling-AHA-30\/2170\">peeling kwasowy AHA 30%<\/a><\/strong>&nbsp;na bazie wody pomara\u0144czowej, z kompleksem standaryzowanych kwas\u00f3w owocowych. Trzymaj go na sk\u00f3rze bok\u00f3w twarzy kr\u00f3cej, d\u0142u\u017cej natomiast na znacznie bardziej przet\u0142uszczaj\u0105cych si\u0119 partiach strefy T.<\/p>\n\n\n\n<p><strong>Opr\u00f3cz samego zabiegu warto wprowadzi\u0107 tonik \u017celowy z kwasami AHA i BHA.&nbsp;<\/strong>Korzystaj z niego dwa razy w tygodniu \u2014 to doskona\u0142y element piel\u0119gnacji wieczornej je\u015bli chcesz uzyska\u0107 dobry stan por\u00f3w bez efektu przesuszenia lub nadmiernej stymulacji delikatnych policzk\u00f3w.<\/p>\n\n\n\n<div class=\"wp-block-columns\">\n<div class=\"wp-block-column\">\n<div class=\"wp-block-image\"><figure class=\"alignright size-large is-resized\"><a href=\"https:\/\/lynia.pl\/produkt\/peeling-aha-30\/\"><img loading=\"lazy\" src=\"https:\/\/e-naturalne.home.pl\/autoinstalator\/wordpressplugins1\/wp-content\/uploads\/2022\/03\/zdjecie-lynia-peeling-aha-30-3-780x1024.jpg\" alt=\"cera-mieszana-peeling.jpg\" class=\"wp-image-2899\" width=\"293\" height=\"384\" srcset=\"https:\/\/www.skarbieclynia.pl\/wp-content\/uploads\/2022\/03\/zdjecie-lynia-peeling-aha-30-3-780x1024.jpg 780w, https:\/\/www.skarbieclynia.pl\/wp-content\/uploads\/2022\/03\/zdjecie-lynia-peeling-aha-30-3-229x300.jpg 229w, https:\/\/www.skarbieclynia.pl\/wp-content\/uploads\/2022\/03\/zdjecie-lynia-peeling-aha-30-3-768x1008.jpg 768w, https:\/\/www.skarbieclynia.pl\/wp-content\/uploads\/2022\/03\/zdjecie-lynia-peeling-aha-30-3-480x630.jpg 480w, https:\/\/www.skarbieclynia.pl\/wp-content\/uploads\/2022\/03\/zdjecie-lynia-peeling-aha-30-3.jpg 1000w\" sizes=\"(max-width: 293px) 100vw, 293px\" \/><\/a><\/figure><\/div>\n<\/div>\n\n\n\n<div class=\"wp-block-column\">\n<figure class=\"wp-block-image size-large is-resized\"><a href=\"https:\/\/lynia.pl\/produkt\/tonik-zelowy-z-kwasami-aha-i-bha\/\"><img loading=\"lazy\" src=\"https:\/\/e-naturalne.home.pl\/autoinstalator\/wordpressplugins1\/wp-content\/uploads\/2022\/03\/zdjecie-lynia-tonik-zelowy-aha-bha-z-kwasem-salicylowym-683x1024.jpg\" alt=\"cera-mieszana-tonik-aha.jpg\" class=\"wp-image-2902\" width=\"262\" height=\"392\" srcset=\"https:\/\/www.skarbieclynia.pl\/wp-content\/uploads\/2022\/03\/zdjecie-lynia-tonik-zelowy-aha-bha-z-kwasem-salicylowym-683x1024.jpg 683w, https:\/\/www.skarbieclynia.pl\/wp-content\/uploads\/2022\/03\/zdjecie-lynia-tonik-zelowy-aha-bha-z-kwasem-salicylowym-200x300.jpg 200w, https:\/\/www.skarbieclynia.pl\/wp-content\/uploads\/2022\/03\/zdjecie-lynia-tonik-zelowy-aha-bha-z-kwasem-salicylowym-768x1152.jpg 768w, https:\/\/www.skarbieclynia.pl\/wp-content\/uploads\/2022\/03\/zdjecie-lynia-tonik-zelowy-aha-bha-z-kwasem-salicylowym-480x720.jpg 480w, https:\/\/www.skarbieclynia.pl\/wp-content\/uploads\/2022\/03\/zdjecie-lynia-tonik-zelowy-aha-bha-z-kwasem-salicylowym.jpg 1000w\" sizes=\"(max-width: 262px) 100vw, 262px\" \/><\/a><\/figure>\n<\/div>\n<\/div>\n\n\n\n<p><meta charset=\"utf-8\">W zale\u017cno\u015bci od potrzeb okolicy oczu rekomendujemy&nbsp;<strong>Multi Repair Eye Cream<\/strong>&nbsp;\u2014 jest to intensywnie regeneruj\u0105cy krem z&nbsp; kofein\u0105, ceramidami i kwasem ksymenowym. To doskona\u0142e rozwi\u0105zanie dla wymagaj\u0105cej sk\u00f3ry. Natomiast je\u015bli czujesz, \u017ce Twoja cera potrzebuje lekko\u015bci, najlepszym wyborem b\u0119dzie<strong>&nbsp;krem Multi Hydration Eye Cream&nbsp;<\/strong>z ekstraktem z tary oraz kwasem hialuronowym.<\/p>\n\n\n\n<div class=\"wp-block-columns\">\n<div class=\"wp-block-column\">\n<div class=\"wp-block-image\"><figure class=\"alignright size-large is-resized\"><a href=\"https:\/\/lynia.pl\/produkt\/multi-repair-eye-cream-intensywnie-regenerujacy-krem-pod-oczy-kofeina-ceramidy-kwas-ksymenowy\/\"><img loading=\"lazy\" src=\"https:\/\/e-naturalne.home.pl\/autoinstalator\/wordpressplugins1\/wp-content\/uploads\/2022\/03\/zdjecie-lynia-krem-pod-oczy-multi-repair-1-1-614x1024.jpg\" alt=\"\" class=\"wp-image-2911\" width=\"176\" height=\"292\"\/><\/a><\/figure><\/div>\n<\/div>\n\n\n\n<div class=\"wp-block-column\">\n<figure class=\"wp-block-image size-large is-resized\"><a href=\"https:\/\/lynia.pl\/produkt\/multi-hydration-eye-cream-nawilzajacy-krem-pod-oczy\/\"><img loading=\"lazy\" src=\"https:\/\/e-naturalne.home.pl\/autoinstalator\/wordpressplugins1\/wp-content\/uploads\/2022\/03\/zdjecie-lynia-krem-pod-oczy-multi-hydration-eye-cream-2-614x1024.jpg\" alt=\"\" class=\"wp-image-2914\" width=\"176\" height=\"293\" srcset=\"https:\/\/www.skarbieclynia.pl\/wp-content\/uploads\/2022\/03\/zdjecie-lynia-krem-pod-oczy-multi-hydration-eye-cream-2-614x1024.jpg 614w, https:\/\/www.skarbieclynia.pl\/wp-content\/uploads\/2022\/03\/zdjecie-lynia-krem-pod-oczy-multi-hydration-eye-cream-2-180x300.jpg 180w, https:\/\/www.skarbieclynia.pl\/wp-content\/uploads\/2022\/03\/zdjecie-lynia-krem-pod-oczy-multi-hydration-eye-cream-2-768x1282.jpg 768w, https:\/\/www.skarbieclynia.pl\/wp-content\/uploads\/2022\/03\/zdjecie-lynia-krem-pod-oczy-multi-hydration-eye-cream-2-920x1536.jpg 920w, https:\/\/www.skarbieclynia.pl\/wp-content\/uploads\/2022\/03\/zdjecie-lynia-krem-pod-oczy-multi-hydration-eye-cream-2-480x801.jpg 480w, https:\/\/www.skarbieclynia.pl\/wp-content\/uploads\/2022\/03\/zdjecie-lynia-krem-pod-oczy-multi-hydration-eye-cream-2.jpg 1000w\" sizes=\"(max-width: 176px) 100vw, 176px\" \/><\/a><\/figure>\n<\/div>\n<\/div>\n\n\n\n<h2>Co jeszcze mo\u017cesz zrobi\u0107 dla cery mieszanej?<\/h2>\n\n\n\n<p><strong>Wykraczaj\u0105c poza same zabiegi upi\u0119kszaj\u0105ce, rekomendujemy utrzymywanie wysokich ilo\u015bci kwas\u00f3w omega-3, 6 oraz 9 w diecie.&nbsp;<\/strong>Sprawdzi si\u0119 zar\u00f3wno suplementacja kapsu\u0142kami, jak i forma surowych, t\u0142oczonych na zimno olej\u00f3w, takich jak olej z wiesio\u0142ka, czy te\u017c olej lniany.<\/p>\n\n\n\n<p>W przypadku sk\u00f3ry mieszanej istotny jest te\u017c dob\u00f3r odpowiednich kosmetyk\u00f3w do makija\u017cu.  Ze wzgl\u0119du na specyfik\u0119 cery nie polecamy si\u0119ga\u0107 po pozycje matuj\u0105ce i suche w wyko\u0144czeniu. Lepszym rozwi\u0105zaniem s\u0105&nbsp;<strong>kremowe podk\u0142ady&nbsp;<\/strong>oraz<strong>&nbsp;kremy BB<\/strong>&nbsp;(r\u00f3wnie\u017c&nbsp; te o wi\u0119kszym kryciu).<\/p>\n\n\n\n<p>Warto tak\u017ce zastosowa\u0107 mocniej matuj\u0105ce pudry transparentne (na bazie krzemionki, bambusa czy ry\u017cu), jednak aplikowane puszkiem punktowo, ruchem stempluj\u0105cym. Taka strategia nada policzkom zdrowego blasku, natomiast centrum twarzy b\u0119dzie pod kontrol\u0105.<\/p>\n","protected":false},"excerpt":{"rendered":"<p>Najwi\u0119kszym wyzwaniem w piel\u0119gnacji sk\u00f3ry mieszanej jest znalezienie r\u00f3wnowagi pomi\u0119dzy stref\u0105 wymagaj\u0105c\u0105 mniej nawil\u017cenia a stref\u0105 such\u0105, potrzebuj\u0105c\u0105 ochrony oraz uelastycznienia. Strategia zak\u0142ada delikatn\u0105 baz\u0119, a tak\u017ce mo\u017cliwo\u015b\u0107 warstwowego budowania nawil\u017cenia \u2014 na policzkach wi\u0119cej warstw lub ekstra produkt dla tej strefy (r\u00f3wnie\u017c na szyj\u0119 i dekolt). Istotne s\u0105 te\u017c substancje przeciwzapalne, ograniczaj\u0105ce \u0142ojotok i hamuj\u0105ce sk\u0142onno\u015b\u0107 do pozostawania \u015blad\u00f3w.&nbsp;Warto zadba\u0107 o punktowe, optyczne zw\u0119\u017canie por\u00f3w oraz oczyszczanie ich z utlenionej tre\u015bci. Przyk\u0142adowy schemat piel\u0119gnacji cery mieszanej Piel\u0119gnacja sk\u00f3ry o poranku: umyj twarz&nbsp;piank\u0105 myj\u0105c\u0105, nast\u0119pnie wykorzystaj&nbsp;tonik \u017celowy lub mgie\u0142k\u0119, na\u0142\u00f3\u017c booster \u2014 w zale\u017cno\u015bci od swoich potrzeb, u\u017cyj kremu z<\/p>\n","protected":false},"author":5,"featured_media":2918,"comment_status":"closed","ping_status":"open","sticky":false,"template":"","format":"standard","meta":[],"categories":[16],"tags":[51,52,37,42,54],"acf":[],"yoast_head":"<!-- This site is optimized with the Yoast SEO plugin v17.9 - https:\/\/yoast.com\/wordpress\/plugins\/seo\/ -->\n<title>Skarbiec<\/title>\n<meta name=\"description\" content=\"Cera mieszana jest wyzwaniem w piel\u0119gnacji. Warto zadba\u0107 o punktowe, optyczne zw\u0119\u017canie por\u00f3w oraz oczyszczanie ich z utlenionej tre\u015bci.\" \/>\n<meta name=\"robots\" content=\"index, follow, max-snippet:-1, max-image-preview:large, max-video-preview:-1\" \/>\n<link rel=\"canonical\" href=\"https:\/\/www.skarbieclynia.pl\/index.php\/2017\/09\/16\/cera-mieszana\/\" \/>\n<meta property=\"og:locale\" content=\"pl_PL\" \/>\n<meta property=\"og:type\" content=\"article\" \/>\n<meta property=\"og:title\" content=\"Cera mieszana \u2013 bez tajemnic cz.II - Skarbiec\" \/>\n<meta property=\"og:description\" content=\"Cera mieszana jest wyzwaniem w piel\u0119gnacji. Warto zadba\u0107 o punktowe, optyczne zw\u0119\u017canie por\u00f3w oraz oczyszczanie ich z utlenionej tre\u015bci.\" \/>\n<meta property=\"og:url\" content=\"https:\/\/www.skarbieclynia.pl\/index.php\/2017\/09\/16\/cera-mieszana\/\" \/>\n<meta property=\"og:site_name\" content=\"Skarbiec\" \/>\n<meta property=\"article:published_time\" content=\"2017-09-16T00:00:00+00:00\" \/>\n<meta property=\"article:modified_time\" content=\"2022-03-16T10:00:10+00:00\" \/>\n<meta property=\"og:image\" content=\"https:\/\/www.skarbieclynia.pl\/wp-content\/uploads\/2017\/09\/18.jpg\" \/>\n\t<meta property=\"og:image:width\" content=\"2000\" \/>\n\t<meta property=\"og:image:height\" content=\"1333\" \/>\n\t<meta property=\"og:image:type\" content=\"image\/jpeg\" \/>\n<meta name=\"twitter:card\" content=\"summary_large_image\" \/>\n<meta name=\"twitter:label1\" content=\"Napisane przez\" \/>\n\t<meta name=\"twitter:data1\" content=\"Agata Dobrzycka\" \/>\n\t<meta name=\"twitter:label2\" content=\"Szacowany czas czytania\" \/>\n\t<meta name=\"twitter:data2\" content=\"7 minut\" \/>\n<script type=\"application\/ld+json\" class=\"yoast-schema-graph\">{\"@context\":\"https:\/\/schema.org\",\"@graph\":[{\"@type\":\"WebSite\",\"@id\":\"https:\/\/www.skarbieclynia.pl\/#website\",\"url\":\"https:\/\/www.skarbieclynia.pl\/\",\"name\":\"Skarbiec\",\"description\":\"LYNIA\",\"potentialAction\":[{\"@type\":\"SearchAction\",\"target\":{\"@type\":\"EntryPoint\",\"urlTemplate\":\"https:\/\/www.skarbieclynia.pl\/?s={search_term_string}\"},\"query-input\":\"required name=search_term_string\"}],\"inLanguage\":\"pl-PL\"},{\"@type\":\"ImageObject\",\"@id\":\"https:\/\/www.skarbieclynia.pl\/index.php\/2017\/09\/16\/cera-mieszana\/#primaryimage\",\"inLanguage\":\"pl-PL\",\"url\":\"https:\/\/www.skarbieclynia.pl\/wp-content\/uploads\/2017\/09\/18.jpg\",\"contentUrl\":\"https:\/\/www.skarbieclynia.pl\/wp-content\/uploads\/2017\/09\/18.jpg\",\"width\":2000,\"height\":1333,\"caption\":\"cera-mieszana.jpg\"},{\"@type\":\"WebPage\",\"@id\":\"https:\/\/www.skarbieclynia.pl\/index.php\/2017\/09\/16\/cera-mieszana\/#webpage\",\"url\":\"https:\/\/www.skarbieclynia.pl\/index.php\/2017\/09\/16\/cera-mieszana\/\",\"name\":\"Cera mieszana \\u2013 bez tajemnic cz.II - Skarbiec\",\"isPartOf\":{\"@id\":\"https:\/\/www.skarbieclynia.pl\/#website\"},\"primaryImageOfPage\":{\"@id\":\"https:\/\/www.skarbieclynia.pl\/index.php\/2017\/09\/16\/cera-mieszana\/#primaryimage\"},\"datePublished\":\"2017-09-16T00:00:00+00:00\",\"dateModified\":\"2022-03-16T10:00:10+00:00\",\"author\":{\"@id\":\"https:\/\/www.skarbieclynia.pl\/#\/schema\/person\/0c1074c6b7a0e693c3ae945afb1b6325\"},\"description\":\"Cera mieszana jest wyzwaniem w piel\\u0119gnacji. Warto zadba\\u0107 o punktowe, optyczne zw\\u0119\\u017canie por\\u00f3w oraz oczyszczanie ich z utlenionej tre\\u015bci.\",\"breadcrumb\":{\"@id\":\"https:\/\/www.skarbieclynia.pl\/index.php\/2017\/09\/16\/cera-mieszana\/#breadcrumb\"},\"inLanguage\":\"pl-PL\",\"potentialAction\":[{\"@type\":\"ReadAction\",\"target\":[\"https:\/\/www.skarbieclynia.pl\/index.php\/2017\/09\/16\/cera-mieszana\/\"]}]},{\"@type\":\"BreadcrumbList\",\"@id\":\"https:\/\/www.skarbieclynia.pl\/index.php\/2017\/09\/16\/cera-mieszana\/#breadcrumb\",\"itemListElement\":[{\"@type\":\"ListItem\",\"position\":1,\"name\":\"Strona g\\u0142\\u00f3wna\",\"item\":\"https:\/\/www.skarbieclynia.pl\/\"},{\"@type\":\"ListItem\",\"position\":2,\"name\":\"Cera mieszana \\u2013 bez tajemnic cz.II\"}]},{\"@type\":\"Person\",\"@id\":\"https:\/\/www.skarbieclynia.pl\/#\/schema\/person\/0c1074c6b7a0e693c3ae945afb1b6325\",\"name\":\"Agata Dobrzycka\",\"image\":{\"@type\":\"ImageObject\",\"@id\":\"https:\/\/www.skarbieclynia.pl\/#personlogo\",\"inLanguage\":\"pl-PL\",\"url\":\"https:\/\/secure.gravatar.com\/avatar\/416f82305c48a2816b33191c1e28876d?s=96&d=mm&r=g\",\"contentUrl\":\"https:\/\/secure.gravatar.com\/avatar\/416f82305c48a2816b33191c1e28876d?s=96&d=mm&r=g\",\"caption\":\"Agata Dobrzycka\"},\"url\":\"https:\/\/www.skarbieclynia.pl\/index.php\/author\/agata\/\"}]}<\/script>\n<!-- \/ Yoast SEO plugin. -->","yoast_head_json":{"title":"Skarbiec","description":"Cera mieszana jest wyzwaniem w piel\u0119gnacji. Warto zadba\u0107 o punktowe, optyczne zw\u0119\u017canie por\u00f3w oraz oczyszczanie ich z utlenionej tre\u015bci.","robots":{"index":"index","follow":"follow","max-snippet":"max-snippet:-1","max-image-preview":"max-image-preview:large","max-video-preview":"max-video-preview:-1"},"canonical":"https:\/\/www.skarbieclynia.pl\/index.php\/2017\/09\/16\/cera-mieszana\/","og_locale":"pl_PL","og_type":"article","og_title":"Cera mieszana \u2013 bez tajemnic cz.II - Skarbiec","og_description":"Cera mieszana jest wyzwaniem w piel\u0119gnacji. Warto zadba\u0107 o punktowe, optyczne zw\u0119\u017canie por\u00f3w oraz oczyszczanie ich z utlenionej tre\u015bci.","og_url":"https:\/\/www.skarbieclynia.pl\/index.php\/2017\/09\/16\/cera-mieszana\/","og_site_name":"Skarbiec","article_published_time":"2017-09-16T00:00:00+00:00","article_modified_time":"2022-03-16T10:00:10+00:00","og_image":[{"width":2000,"height":1333,"url":"https:\/\/www.skarbieclynia.pl\/wp-content\/uploads\/2017\/09\/18.jpg","type":"image\/jpeg"}],"twitter_card":"summary_large_image","twitter_misc":{"Napisane przez":"Agata Dobrzycka","Szacowany czas czytania":"7 minut"},"schema":{"@context":"https:\/\/schema.org","@graph":[{"@type":"WebSite","@id":"https:\/\/www.skarbieclynia.pl\/#website","url":"https:\/\/www.skarbieclynia.pl\/","name":"Skarbiec","description":"LYNIA","potentialAction":[{"@type":"SearchAction","target":{"@type":"EntryPoint","urlTemplate":"https:\/\/www.skarbieclynia.pl\/?s={search_term_string}"},"query-input":"required name=search_term_string"}],"inLanguage":"pl-PL"},{"@type":"ImageObject","@id":"https:\/\/www.skarbieclynia.pl\/index.php\/2017\/09\/16\/cera-mieszana\/#primaryimage","inLanguage":"pl-PL","url":"https:\/\/www.skarbieclynia.pl\/wp-content\/uploads\/2017\/09\/18.jpg","contentUrl":"https:\/\/www.skarbieclynia.pl\/wp-content\/uploads\/2017\/09\/18.jpg","width":2000,"height":1333,"caption":"cera-mieszana.jpg"},{"@type":"WebPage","@id":"https:\/\/www.skarbieclynia.pl\/index.php\/2017\/09\/16\/cera-mieszana\/#webpage","url":"https:\/\/www.skarbieclynia.pl\/index.php\/2017\/09\/16\/cera-mieszana\/","name":"Cera mieszana \u2013 bez tajemnic cz.II - Skarbiec","isPartOf":{"@id":"https:\/\/www.skarbieclynia.pl\/#website"},"primaryImageOfPage":{"@id":"https:\/\/www.skarbieclynia.pl\/index.php\/2017\/09\/16\/cera-mieszana\/#primaryimage"},"datePublished":"2017-09-16T00:00:00+00:00","dateModified":"2022-03-16T10:00:10+00:00","author":{"@id":"https:\/\/www.skarbieclynia.pl\/#\/schema\/person\/0c1074c6b7a0e693c3ae945afb1b6325"},"description":"Cera mieszana jest wyzwaniem w piel\u0119gnacji. Warto zadba\u0107 o punktowe, optyczne zw\u0119\u017canie por\u00f3w oraz oczyszczanie ich z utlenionej tre\u015bci.","breadcrumb":{"@id":"https:\/\/www.skarbieclynia.pl\/index.php\/2017\/09\/16\/cera-mieszana\/#breadcrumb"},"inLanguage":"pl-PL","potentialAction":[{"@type":"ReadAction","target":["https:\/\/www.skarbieclynia.pl\/index.php\/2017\/09\/16\/cera-mieszana\/"]}]},{"@type":"BreadcrumbList","@id":"https:\/\/www.skarbieclynia.pl\/index.php\/2017\/09\/16\/cera-mieszana\/#breadcrumb","itemListElement":[{"@type":"ListItem","position":1,"name":"Strona g\u0142\u00f3wna","item":"https:\/\/www.skarbieclynia.pl\/"},{"@type":"ListItem","position":2,"name":"Cera mieszana \u2013 bez tajemnic cz.II"}]},{"@type":"Person","@id":"https:\/\/www.skarbieclynia.pl\/#\/schema\/person\/0c1074c6b7a0e693c3ae945afb1b6325","name":"Agata Dobrzycka","image":{"@type":"ImageObject","@id":"https:\/\/www.skarbieclynia.pl\/#personlogo","inLanguage":"pl-PL","url":"https:\/\/secure.gravatar.com\/avatar\/416f82305c48a2816b33191c1e28876d?s=96&d=mm&r=g","contentUrl":"https:\/\/secure.gravatar.com\/avatar\/416f82305c48a2816b33191c1e28876d?s=96&d=mm&r=g","caption":"Agata Dobrzycka"},"url":"https:\/\/www.skarbieclynia.pl\/index.php\/author\/agata\/"}]}},"_links":{"self":[{"href":"https:\/\/www.skarbieclynia.pl\/index.php\/wp-json\/wp\/v2\/posts\/8"}],"collection":[{"href":"https:\/\/www.skarbieclynia.pl\/index.php\/wp-json\/wp\/v2\/posts"}],"about":[{"href":"https:\/\/www.skarbieclynia.pl\/index.php\/wp-json\/wp\/v2\/types\/post"}],"author":[{"embeddable":true,"href":"https:\/\/www.skarbieclynia.pl\/index.php\/wp-json\/wp\/v2\/users\/5"}],"replies":[{"embeddable":true,"href":"https:\/\/www.skarbieclynia.pl\/index.php\/wp-json\/wp\/v2\/comments?post=8"}],"version-history":[{"count":5,"href":"https:\/\/www.skarbieclynia.pl\/index.php\/wp-json\/wp\/v2\/posts\/8\/revisions"}],"predecessor-version":[{"id":3225,"href":"https:\/\/www.skarbieclynia.pl\/index.php\/wp-json\/wp\/v2\/posts\/8\/revisions\/3225"}],"wp:featuredmedia":[{"embeddable":true,"href":"https:\/\/www.skarbieclynia.pl\/index.php\/wp-json\/wp\/v2\/media\/2918"}],"wp:attachment":[{"href":"https:\/\/www.skarbieclynia.pl\/index.php\/wp-json\/wp\/v2\/media?parent=8"}],"wp:term":[{"taxonomy":"category","embeddable":true,"href":"https:\/\/www.skarbieclynia.pl\/index.php\/wp-json\/wp\/v2\/categories?post=8"},{"taxonomy":"post_tag","embeddable":true,"href":"https:\/\/www.skarbieclynia.pl\/index.php\/wp-json\/wp\/v2\/tags?post=8"}],"curies":[{"name":"wp","href":"https:\/\/api.w.org\/{rel}","templated":true}]}}