{"id":7712,"date":"2024-04-09T12:39:49","date_gmt":"2024-04-09T10:39:49","guid":{"rendered":"https:\/\/www.skarbieclynia.pl\/?p=7712"},"modified":"2024-04-09T12:40:24","modified_gmt":"2024-04-09T10:40:24","slug":"valletta-najmniejsza-stolica-europy","status":"publish","type":"post","link":"https:\/\/www.skarbieclynia.pl\/index.php\/2024\/04\/09\/valletta-najmniejsza-stolica-europy\/","title":{"rendered":"Valletta &#8211; najmniejsza stolica Europy"},"content":{"rendered":"\n<div class=\"wp-block-image\"><figure class=\"alignleft size-large is-resized\"><img loading=\"lazy\" src=\"https:\/\/www.skarbieclynia.pl\/wp-content\/uploads\/2024\/04\/a86b0505-bff6-434c-955b-e9753a4b4462-768x1024.jpg\" alt=\"\" class=\"wp-image-7727\" width=\"384\" height=\"512\" srcset=\"https:\/\/www.skarbieclynia.pl\/wp-content\/uploads\/2024\/04\/a86b0505-bff6-434c-955b-e9753a4b4462-768x1024.jpg 768w, https:\/\/www.skarbieclynia.pl\/wp-content\/uploads\/2024\/04\/a86b0505-bff6-434c-955b-e9753a4b4462-225x300.jpg 225w, https:\/\/www.skarbieclynia.pl\/wp-content\/uploads\/2024\/04\/a86b0505-bff6-434c-955b-e9753a4b4462-1152x1536.jpg 1152w, https:\/\/www.skarbieclynia.pl\/wp-content\/uploads\/2024\/04\/a86b0505-bff6-434c-955b-e9753a4b4462-480x640.jpg 480w, https:\/\/www.skarbieclynia.pl\/wp-content\/uploads\/2024\/04\/a86b0505-bff6-434c-955b-e9753a4b4462.jpg 1200w\" sizes=\"(max-width: 384px) 100vw, 384px\" \/><\/figure><\/div>\n\n\n\n<p class=\"has-drop-cap\">Kiedy zima nie zamierza rozpieszcza\u0107 nas bia\u0142ym puchem. Za oknami ponuro i plucha, a konceptu na wyjazdowy odpoczynek brakuje. Nie ma co narzeka\u0107, tylko mimo wszystko najlepiej spakowa\u0107 walizki i wybra\u0107 si\u0119 na kilkudniowy city-break do jednego z najwspanialszych miast Europy. Valletta to miejsce, gdzie s\u0142o\u0144ce \u015bwieci przez 300 dni w roku. A zabytkowa architektura i arcyciekawa historia skrywaj\u0105 tajemnice z zamierzch\u0142ych czas\u00f3w.<\/p>\n\n\n\n<h2>Valletta &#8211; Stolica Republiki Malta\u0144skiej <\/h2>\n\n\n\n<p>To jedno z najpi\u0119kniejszych miast jakie widzia\u0142y\u015bmy. I cho\u0107 rozmiarem odbiega od wielu metropolii europejskich, to urod\u0105 zachwyca nie mniej ni\u017c te najbardziej znane. W \u015bcis\u0142ym centrum miasta le\u017c\u0105cym na male\u0144kim p\u00f3\u0142wyspie Sciberras znajdziemy a\u017c 320 zabytk\u00f3w! Do\u015b\u0107 powiedzie\u0107, \u017ce Valletta to stolica o najwi\u0119kszym zag\u0119szczeniu obiekt\u00f3w historycznych na \u015bwiecie i jedyna w ca\u0142o\u015bci wpisana na List\u0119 \u015awiatowego Dziedzictwa Unesco. Imponuj\u0105ce pa\u0142ace tajemniczych rycerzy malta\u0144skich, tarasowe ogrody z pi\u0119kn\u0105 panoram\u0105 na fortyfikacje portowe, wysokie kamienice zdobne w koronkowe wykusze o przer\u00f3\u017cnej barwie. To tylko przedsmak tego, co mo\u017cna zobaczy\u0107 w najmniejszej stolicy Europy. Spacer po uliczkach Valletty to jak zwiedzanie niesamowitego muzeum pod go\u0142ym niebem.<\/p>\n\n\n\n<h2>Smaki Malta\u0144skiej stolicy<\/h2>\n\n\n\n<div class=\"wp-block-image\"><figure class=\"alignright size-large is-resized\"><img loading=\"lazy\" src=\"https:\/\/www.skarbieclynia.pl\/wp-content\/uploads\/2024\/04\/57f4b972-7b2b-45e0-b157-7ca2f4042e63-1-1024x768.jpg\" alt=\"\" class=\"wp-image-7724\" width=\"512\" height=\"384\" srcset=\"https:\/\/www.skarbieclynia.pl\/wp-content\/uploads\/2024\/04\/57f4b972-7b2b-45e0-b157-7ca2f4042e63-1-1024x768.jpg 1024w, https:\/\/www.skarbieclynia.pl\/wp-content\/uploads\/2024\/04\/57f4b972-7b2b-45e0-b157-7ca2f4042e63-1-300x225.jpg 300w, https:\/\/www.skarbieclynia.pl\/wp-content\/uploads\/2024\/04\/57f4b972-7b2b-45e0-b157-7ca2f4042e63-1-768x576.jpg 768w, https:\/\/www.skarbieclynia.pl\/wp-content\/uploads\/2024\/04\/57f4b972-7b2b-45e0-b157-7ca2f4042e63-1-1536x1152.jpg 1536w, https:\/\/www.skarbieclynia.pl\/wp-content\/uploads\/2024\/04\/57f4b972-7b2b-45e0-b157-7ca2f4042e63-1-480x360.jpg 480w, https:\/\/www.skarbieclynia.pl\/wp-content\/uploads\/2024\/04\/57f4b972-7b2b-45e0-b157-7ca2f4042e63-1.jpg 1600w\" sizes=\"(max-width: 512px) 100vw, 512px\" \/><\/figure><\/div>\n\n\n\n<p>Dla koneser\u00f3w zabytk\u00f3w i mi\u0142o\u015bnik\u00f3w historii weekend w malta\u0144skiej stolicy b\u0119dzie smakowa\u0142 jak deser w restauracji okraszonej gwiazdkami Michelin. A takowych miejsc w Valletcie r\u00f3wnie\u017c nie brakuje :). Skoro jeste\u015bmy ju\u017c przy jedzeniu to nale\u017cy przyzna\u0107, \u017ce Malta\u0144czycy kochaj\u0105 dobr\u0105 kuchni\u0119, kt\u00f3rej korzenie si\u0119gaj\u0105 tradycji francuskich i w\u0142oskich. Cho\u0107 historia jest jedn\u0105 z najwi\u0119kszych atrakcji Malty, to odkrywanie nowych smak\u00f3w z pewno\u015bci\u0105 b\u0119dzie jedn\u0105 z najprzyjemniejszych. Nie od dzi\u015b wiadomo, \u017ce kuchnia \u015br\u00f3dziemnomorska nale\u017cy do najwspanialszych i najzdrowszych na \u015bwiecie. Restauracje w Valletcie mog\u0105 zaskoczy\u0107 nawet najwybredniejsze gusta i najbardziej wysublimowane kubki smakowe ;).<\/p>\n\n\n\n<p>Pachn\u0105ce zio\u0142a, \u015bwie\u017co wy\u0142owione morskie ma\u0142\u017ce, czerwone krewetki, oceaniczne warzywa, a wszystko to skropione 30-letnim balsamco! Brzmi wspaniale, prawda? To jeszcze nie koniec&#8230; bo kiedy s\u0142o\u0144ce sk\u0142ania rozgrzan\u0105 g\u0142ow\u0119 ku zachodowi, a z\u0142ote \u015bwiat\u0142o rozlewa si\u0119 leniwie nad osza\u0142amiaj\u0105c\u0105 architektur\u0105 star\u00f3wki, do \u017cycia budzi si\u0119 nocna strona miasta. Zdecydowanie nie ma tu miejsca na nud\u0119 ;). Mo\u017cna pos\u0142ucha\u0107 opery pod ugwie\u017cd\u017conym niebem, granej na \u017cywo muzyki jazzowej, czy te\u017c obejrze\u0107 spektakl w jednym z najstarszych teatr\u00f3w na \u015bwiecie. Z pewno\u015bci\u0105 Valletta jest r\u00f3wnie pi\u0119kna w dzie\u0144 jak i w nocy. Tutaj ka\u017cdy zau\u0142ek rozpala wyobra\u017ani\u0119 barwnymi historiami, a ka\u017cdy kamie\u0144 snuje magiczn\u0105 opowie\u015b\u0107 o zamierzch\u0142ych czasach. To miejsce, kt\u00f3re zostawia \u015blad w sercu ka\u017cdego podr\u00f3\u017cnika.<\/p>\n\n\n\n<figure class=\"wp-block-gallery columns-3 is-cropped\"><ul class=\"blocks-gallery-grid\"><li class=\"blocks-gallery-item\"><figure><img loading=\"lazy\" width=\"768\" height=\"1024\" src=\"https:\/\/www.skarbieclynia.pl\/wp-content\/uploads\/2024\/04\/293634ac-95fd-494b-948d-e3e5788c0368-768x1024.jpg\" alt=\"\" data-id=\"7730\" data-full-url=\"https:\/\/www.skarbieclynia.pl\/wp-content\/uploads\/2024\/04\/293634ac-95fd-494b-948d-e3e5788c0368.jpg\" data-link=\"https:\/\/www.skarbieclynia.pl\/?attachment_id=7730\" class=\"wp-image-7730\" srcset=\"https:\/\/www.skarbieclynia.pl\/wp-content\/uploads\/2024\/04\/293634ac-95fd-494b-948d-e3e5788c0368-768x1024.jpg 768w, https:\/\/www.skarbieclynia.pl\/wp-content\/uploads\/2024\/04\/293634ac-95fd-494b-948d-e3e5788c0368-225x300.jpg 225w, https:\/\/www.skarbieclynia.pl\/wp-content\/uploads\/2024\/04\/293634ac-95fd-494b-948d-e3e5788c0368-1152x1536.jpg 1152w, https:\/\/www.skarbieclynia.pl\/wp-content\/uploads\/2024\/04\/293634ac-95fd-494b-948d-e3e5788c0368-480x640.jpg 480w, https:\/\/www.skarbieclynia.pl\/wp-content\/uploads\/2024\/04\/293634ac-95fd-494b-948d-e3e5788c0368.jpg 1200w\" sizes=\"(max-width: 768px) 100vw, 768px\" \/><\/figure><\/li><li class=\"blocks-gallery-item\"><figure><img loading=\"lazy\" width=\"768\" height=\"1024\" src=\"https:\/\/www.skarbieclynia.pl\/wp-content\/uploads\/2024\/04\/4903878d-310d-4729-8c46-ddac8876564a-768x1024.jpg\" alt=\"\" data-id=\"7733\" data-full-url=\"https:\/\/www.skarbieclynia.pl\/wp-content\/uploads\/2024\/04\/4903878d-310d-4729-8c46-ddac8876564a.jpg\" data-link=\"https:\/\/www.skarbieclynia.pl\/?attachment_id=7733\" class=\"wp-image-7733\" srcset=\"https:\/\/www.skarbieclynia.pl\/wp-content\/uploads\/2024\/04\/4903878d-310d-4729-8c46-ddac8876564a-768x1024.jpg 768w, https:\/\/www.skarbieclynia.pl\/wp-content\/uploads\/2024\/04\/4903878d-310d-4729-8c46-ddac8876564a-225x300.jpg 225w, https:\/\/www.skarbieclynia.pl\/wp-content\/uploads\/2024\/04\/4903878d-310d-4729-8c46-ddac8876564a-1152x1536.jpg 1152w, https:\/\/www.skarbieclynia.pl\/wp-content\/uploads\/2024\/04\/4903878d-310d-4729-8c46-ddac8876564a-480x640.jpg 480w, https:\/\/www.skarbieclynia.pl\/wp-content\/uploads\/2024\/04\/4903878d-310d-4729-8c46-ddac8876564a.jpg 1200w\" sizes=\"(max-width: 768px) 100vw, 768px\" \/><\/figure><\/li><li class=\"blocks-gallery-item\"><figure><img loading=\"lazy\" width=\"768\" height=\"1024\" src=\"https:\/\/www.skarbieclynia.pl\/wp-content\/uploads\/2024\/04\/688345ba-4ef6-4ee3-a478-13f7a6267399-768x1024.jpg\" alt=\"\" data-id=\"7736\" data-full-url=\"https:\/\/www.skarbieclynia.pl\/wp-content\/uploads\/2024\/04\/688345ba-4ef6-4ee3-a478-13f7a6267399.jpg\" data-link=\"https:\/\/www.skarbieclynia.pl\/?attachment_id=7736\" class=\"wp-image-7736\" srcset=\"https:\/\/www.skarbieclynia.pl\/wp-content\/uploads\/2024\/04\/688345ba-4ef6-4ee3-a478-13f7a6267399-768x1024.jpg 768w, https:\/\/www.skarbieclynia.pl\/wp-content\/uploads\/2024\/04\/688345ba-4ef6-4ee3-a478-13f7a6267399-225x300.jpg 225w, https:\/\/www.skarbieclynia.pl\/wp-content\/uploads\/2024\/04\/688345ba-4ef6-4ee3-a478-13f7a6267399-1152x1536.jpg 1152w, https:\/\/www.skarbieclynia.pl\/wp-content\/uploads\/2024\/04\/688345ba-4ef6-4ee3-a478-13f7a6267399-480x640.jpg 480w, https:\/\/www.skarbieclynia.pl\/wp-content\/uploads\/2024\/04\/688345ba-4ef6-4ee3-a478-13f7a6267399.jpg 1200w\" sizes=\"(max-width: 768px) 100vw, 768px\" \/><\/figure><\/li><\/ul><\/figure>\n","protected":false},"excerpt":{"rendered":"<p>Kiedy zima nie zamierza rozpieszcza\u0107 nas bia\u0142ym puchem. Za oknami ponuro i plucha, a konceptu na wyjazdowy odpoczynek brakuje. Nie ma co narzeka\u0107, tylko mimo wszystko najlepiej spakowa\u0107 walizki i wybra\u0107 si\u0119 na kilkudniowy city-break do jednego z najwspanialszych miast Europy. Valletta to miejsce, gdzie s\u0142o\u0144ce \u015bwieci przez 300 dni w roku. A zabytkowa architektura i arcyciekawa historia skrywaj\u0105 tajemnice z zamierzch\u0142ych czas\u00f3w. Valletta &#8211; Stolica Republiki Malta\u0144skiej To jedno z najpi\u0119kniejszych miast jakie widzia\u0142y\u015bmy. I cho\u0107 rozmiarem odbiega od wielu metropolii europejskich, to urod\u0105 zachwyca nie mniej ni\u017c te najbardziej znane. W \u015bcis\u0142ym centrum miasta le\u017c\u0105cym na male\u0144kim p\u00f3\u0142wyspie<\/p>\n","protected":false},"author":9,"featured_media":7718,"comment_status":"closed","ping_status":"closed","sticky":false,"template":"","format":"standard","meta":[],"categories":[20],"tags":[830,829,826,831,828,827],"acf":[],"yoast_head":"<!-- This site is optimized with the Yoast SEO plugin v17.9 - https:\/\/yoast.com\/wordpress\/plugins\/seo\/ -->\n<title>Skarbiec<\/title>\n<meta name=\"description\" content=\"Valletta cho\u0107 rozmiarem odbiega od wielu metropolii europejskich, to urod\u0105 zachwyca nie mniej ni\u017c te najbardziej znane.\" \/>\n<meta name=\"robots\" content=\"index, follow, max-snippet:-1, max-image-preview:large, max-video-preview:-1\" \/>\n<link rel=\"canonical\" href=\"https:\/\/www.skarbieclynia.pl\/index.php\/2024\/04\/09\/valletta-najmniejsza-stolica-europy\/\" \/>\n<meta property=\"og:locale\" content=\"pl_PL\" \/>\n<meta property=\"og:type\" content=\"article\" \/>\n<meta property=\"og:title\" content=\"Valletta - najmniejsza stolica Europy - Skarbiec\" \/>\n<meta property=\"og:description\" content=\"Valletta cho\u0107 rozmiarem odbiega od wielu metropolii europejskich, to urod\u0105 zachwyca nie mniej ni\u017c te najbardziej znane.\" \/>\n<meta property=\"og:url\" content=\"https:\/\/www.skarbieclynia.pl\/index.php\/2024\/04\/09\/valletta-najmniejsza-stolica-europy\/\" \/>\n<meta property=\"og:site_name\" content=\"Skarbiec\" \/>\n<meta property=\"article:published_time\" content=\"2024-04-09T10:39:49+00:00\" \/>\n<meta property=\"article:modified_time\" content=\"2024-04-09T10:40:24+00:00\" \/>\n<meta property=\"og:image\" content=\"https:\/\/www.skarbieclynia.pl\/wp-content\/uploads\/2024\/04\/967497fb-94ec-4d79-ad86-b657bcae987c.jpg\" \/>\n\t<meta property=\"og:image:width\" content=\"1200\" \/>\n\t<meta property=\"og:image:height\" content=\"1600\" \/>\n\t<meta property=\"og:image:type\" content=\"image\/jpeg\" \/>\n<meta name=\"twitter:card\" content=\"summary_large_image\" \/>\n<meta name=\"twitter:label1\" content=\"Napisane przez\" \/>\n\t<meta name=\"twitter:data1\" content=\"Follow My Flow Lifestyle\" \/>\n\t<meta name=\"twitter:label2\" content=\"Szacowany czas czytania\" \/>\n\t<meta name=\"twitter:data2\" content=\"4 minuty\" \/>\n<script type=\"application\/ld+json\" class=\"yoast-schema-graph\">{\"@context\":\"https:\/\/schema.org\",\"@graph\":[{\"@type\":\"WebSite\",\"@id\":\"https:\/\/www.skarbieclynia.pl\/#website\",\"url\":\"https:\/\/www.skarbieclynia.pl\/\",\"name\":\"Skarbiec\",\"description\":\"LYNIA\",\"potentialAction\":[{\"@type\":\"SearchAction\",\"target\":{\"@type\":\"EntryPoint\",\"urlTemplate\":\"https:\/\/www.skarbieclynia.pl\/?s={search_term_string}\"},\"query-input\":\"required name=search_term_string\"}],\"inLanguage\":\"pl-PL\"},{\"@type\":\"ImageObject\",\"@id\":\"https:\/\/www.skarbieclynia.pl\/index.php\/2024\/04\/09\/valletta-najmniejsza-stolica-europy\/#primaryimage\",\"inLanguage\":\"pl-PL\",\"url\":\"https:\/\/www.skarbieclynia.pl\/wp-content\/uploads\/2024\/04\/967497fb-94ec-4d79-ad86-b657bcae987c.jpg\",\"contentUrl\":\"https:\/\/www.skarbieclynia.pl\/wp-content\/uploads\/2024\/04\/967497fb-94ec-4d79-ad86-b657bcae987c.jpg\",\"width\":1200,\"height\":1600,\"caption\":\"valletta.jpg\"},{\"@type\":\"WebPage\",\"@id\":\"https:\/\/www.skarbieclynia.pl\/index.php\/2024\/04\/09\/valletta-najmniejsza-stolica-europy\/#webpage\",\"url\":\"https:\/\/www.skarbieclynia.pl\/index.php\/2024\/04\/09\/valletta-najmniejsza-stolica-europy\/\",\"name\":\"Valletta - najmniejsza stolica Europy - Skarbiec\",\"isPartOf\":{\"@id\":\"https:\/\/www.skarbieclynia.pl\/#website\"},\"primaryImageOfPage\":{\"@id\":\"https:\/\/www.skarbieclynia.pl\/index.php\/2024\/04\/09\/valletta-najmniejsza-stolica-europy\/#primaryimage\"},\"datePublished\":\"2024-04-09T10:39:49+00:00\",\"dateModified\":\"2024-04-09T10:40:24+00:00\",\"author\":{\"@id\":\"https:\/\/www.skarbieclynia.pl\/#\/schema\/person\/d5fe6430212a5892b923e9fd2ac03b9b\"},\"description\":\"Valletta cho\\u0107 rozmiarem odbiega od wielu metropolii europejskich, to urod\\u0105 zachwyca nie mniej ni\\u017c te najbardziej znane.\",\"breadcrumb\":{\"@id\":\"https:\/\/www.skarbieclynia.pl\/index.php\/2024\/04\/09\/valletta-najmniejsza-stolica-europy\/#breadcrumb\"},\"inLanguage\":\"pl-PL\",\"potentialAction\":[{\"@type\":\"ReadAction\",\"target\":[\"https:\/\/www.skarbieclynia.pl\/index.php\/2024\/04\/09\/valletta-najmniejsza-stolica-europy\/\"]}]},{\"@type\":\"BreadcrumbList\",\"@id\":\"https:\/\/www.skarbieclynia.pl\/index.php\/2024\/04\/09\/valletta-najmniejsza-stolica-europy\/#breadcrumb\",\"itemListElement\":[{\"@type\":\"ListItem\",\"position\":1,\"name\":\"Strona g\\u0142\\u00f3wna\",\"item\":\"https:\/\/www.skarbieclynia.pl\/\"},{\"@type\":\"ListItem\",\"position\":2,\"name\":\"Valletta &#8211; najmniejsza stolica Europy\"}]},{\"@type\":\"Person\",\"@id\":\"https:\/\/www.skarbieclynia.pl\/#\/schema\/person\/d5fe6430212a5892b923e9fd2ac03b9b\",\"name\":\"Follow My Flow Lifestyle\",\"image\":{\"@type\":\"ImageObject\",\"@id\":\"https:\/\/www.skarbieclynia.pl\/#personlogo\",\"inLanguage\":\"pl-PL\",\"url\":\"https:\/\/secure.gravatar.com\/avatar\/48346770940b52aa4148ba9ff4110786?s=96&d=mm&r=g\",\"contentUrl\":\"https:\/\/secure.gravatar.com\/avatar\/48346770940b52aa4148ba9ff4110786?s=96&d=mm&r=g\",\"caption\":\"Follow My Flow Lifestyle\"},\"description\":\"Cze\\u015b\\u0107, tu Ania Ho\\u0142ubi\\u0144ska &amp; Renia Tobo\\u0142a Jeste\\u015bmy autorkami bloga podr\\u00f3\\u017cniczego Follow My Flow Lifestyle, na kt\\u00f3rym opisujemy nasze dalekie i bliskie podr\\u00f3\\u017ce - zwiedzi\\u0142y\\u015bmy ju\\u017c niemal 50 kraj\\u00f3w na 5 kontynentach. Dzi\\u0119ki autorskim wyprawom w nieznane do\\u015bwiadczy\\u0142y\\u015bmy najpi\\u0119kniejszych, najbardziej inspiruj\\u0105cych i najszcz\\u0119\\u015bliwszych prze\\u017cy\\u0107, kt\\u00f3rymi dzielimy si\\u0119 tak\\u017ce pisz\\u0105c cykl e-book\\u00f3w Podr\\u00f3\\u017ce \\u017cycia. \\u015awiat widziany naszymi oczami jest kolorowy, pe\\u0142en pasji - to \\u015bwiat niezliczonych scenariuszy i r\\u00f3\\u017cnorodno\\u015bci, kt\\u00f3ra nas zachwyca. Mamy nadziej\\u0119, \\u017ce zachwyci tak\\u017ce Ciebie :)\",\"sameAs\":[\"https:\/\/www.instagram.com\/followmyflowlifestyle\/\"],\"url\":\"https:\/\/www.skarbieclynia.pl\/index.php\/author\/follow-my-flow-lifestyle\/\"}]}<\/script>\n<!-- \/ Yoast SEO plugin. -->","yoast_head_json":{"title":"Skarbiec","description":"Valletta cho\u0107 rozmiarem odbiega od wielu metropolii europejskich, to urod\u0105 zachwyca nie mniej ni\u017c te najbardziej znane.","robots":{"index":"index","follow":"follow","max-snippet":"max-snippet:-1","max-image-preview":"max-image-preview:large","max-video-preview":"max-video-preview:-1"},"canonical":"https:\/\/www.skarbieclynia.pl\/index.php\/2024\/04\/09\/valletta-najmniejsza-stolica-europy\/","og_locale":"pl_PL","og_type":"article","og_title":"Valletta - najmniejsza stolica Europy - Skarbiec","og_description":"Valletta cho\u0107 rozmiarem odbiega od wielu metropolii europejskich, to urod\u0105 zachwyca nie mniej ni\u017c te najbardziej znane.","og_url":"https:\/\/www.skarbieclynia.pl\/index.php\/2024\/04\/09\/valletta-najmniejsza-stolica-europy\/","og_site_name":"Skarbiec","article_published_time":"2024-04-09T10:39:49+00:00","article_modified_time":"2024-04-09T10:40:24+00:00","og_image":[{"width":1200,"height":1600,"url":"https:\/\/www.skarbieclynia.pl\/wp-content\/uploads\/2024\/04\/967497fb-94ec-4d79-ad86-b657bcae987c.jpg","type":"image\/jpeg"}],"twitter_card":"summary_large_image","twitter_misc":{"Napisane przez":"Follow My Flow Lifestyle","Szacowany czas czytania":"4 minuty"},"schema":{"@context":"https:\/\/schema.org","@graph":[{"@type":"WebSite","@id":"https:\/\/www.skarbieclynia.pl\/#website","url":"https:\/\/www.skarbieclynia.pl\/","name":"Skarbiec","description":"LYNIA","potentialAction":[{"@type":"SearchAction","target":{"@type":"EntryPoint","urlTemplate":"https:\/\/www.skarbieclynia.pl\/?s={search_term_string}"},"query-input":"required name=search_term_string"}],"inLanguage":"pl-PL"},{"@type":"ImageObject","@id":"https:\/\/www.skarbieclynia.pl\/index.php\/2024\/04\/09\/valletta-najmniejsza-stolica-europy\/#primaryimage","inLanguage":"pl-PL","url":"https:\/\/www.skarbieclynia.pl\/wp-content\/uploads\/2024\/04\/967497fb-94ec-4d79-ad86-b657bcae987c.jpg","contentUrl":"https:\/\/www.skarbieclynia.pl\/wp-content\/uploads\/2024\/04\/967497fb-94ec-4d79-ad86-b657bcae987c.jpg","width":1200,"height":1600,"caption":"valletta.jpg"},{"@type":"WebPage","@id":"https:\/\/www.skarbieclynia.pl\/index.php\/2024\/04\/09\/valletta-najmniejsza-stolica-europy\/#webpage","url":"https:\/\/www.skarbieclynia.pl\/index.php\/2024\/04\/09\/valletta-najmniejsza-stolica-europy\/","name":"Valletta - najmniejsza stolica Europy - Skarbiec","isPartOf":{"@id":"https:\/\/www.skarbieclynia.pl\/#website"},"primaryImageOfPage":{"@id":"https:\/\/www.skarbieclynia.pl\/index.php\/2024\/04\/09\/valletta-najmniejsza-stolica-europy\/#primaryimage"},"datePublished":"2024-04-09T10:39:49+00:00","dateModified":"2024-04-09T10:40:24+00:00","author":{"@id":"https:\/\/www.skarbieclynia.pl\/#\/schema\/person\/d5fe6430212a5892b923e9fd2ac03b9b"},"description":"Valletta cho\u0107 rozmiarem odbiega od wielu metropolii europejskich, to urod\u0105 zachwyca nie mniej ni\u017c te najbardziej znane.","breadcrumb":{"@id":"https:\/\/www.skarbieclynia.pl\/index.php\/2024\/04\/09\/valletta-najmniejsza-stolica-europy\/#breadcrumb"},"inLanguage":"pl-PL","potentialAction":[{"@type":"ReadAction","target":["https:\/\/www.skarbieclynia.pl\/index.php\/2024\/04\/09\/valletta-najmniejsza-stolica-europy\/"]}]},{"@type":"BreadcrumbList","@id":"https:\/\/www.skarbieclynia.pl\/index.php\/2024\/04\/09\/valletta-najmniejsza-stolica-europy\/#breadcrumb","itemListElement":[{"@type":"ListItem","position":1,"name":"Strona g\u0142\u00f3wna","item":"https:\/\/www.skarbieclynia.pl\/"},{"@type":"ListItem","position":2,"name":"Valletta &#8211; najmniejsza stolica Europy"}]},{"@type":"Person","@id":"https:\/\/www.skarbieclynia.pl\/#\/schema\/person\/d5fe6430212a5892b923e9fd2ac03b9b","name":"Follow My Flow Lifestyle","image":{"@type":"ImageObject","@id":"https:\/\/www.skarbieclynia.pl\/#personlogo","inLanguage":"pl-PL","url":"https:\/\/secure.gravatar.com\/avatar\/48346770940b52aa4148ba9ff4110786?s=96&d=mm&r=g","contentUrl":"https:\/\/secure.gravatar.com\/avatar\/48346770940b52aa4148ba9ff4110786?s=96&d=mm&r=g","caption":"Follow My Flow Lifestyle"},"description":"Cze\u015b\u0107, tu Ania Ho\u0142ubi\u0144ska &amp; Renia Tobo\u0142a Jeste\u015bmy autorkami bloga podr\u00f3\u017cniczego Follow My Flow Lifestyle, na kt\u00f3rym opisujemy nasze dalekie i bliskie podr\u00f3\u017ce - zwiedzi\u0142y\u015bmy ju\u017c niemal 50 kraj\u00f3w na 5 kontynentach. Dzi\u0119ki autorskim wyprawom w nieznane do\u015bwiadczy\u0142y\u015bmy najpi\u0119kniejszych, najbardziej inspiruj\u0105cych i najszcz\u0119\u015bliwszych prze\u017cy\u0107, kt\u00f3rymi dzielimy si\u0119 tak\u017ce pisz\u0105c cykl e-book\u00f3w Podr\u00f3\u017ce \u017cycia. \u015awiat widziany naszymi oczami jest kolorowy, pe\u0142en pasji - to \u015bwiat niezliczonych scenariuszy i r\u00f3\u017cnorodno\u015bci, kt\u00f3ra nas zachwyca. Mamy nadziej\u0119, \u017ce zachwyci tak\u017ce Ciebie :)","sameAs":["https:\/\/www.instagram.com\/followmyflowlifestyle\/"],"url":"https:\/\/www.skarbieclynia.pl\/index.php\/author\/follow-my-flow-lifestyle\/"}]}},"_links":{"self":[{"href":"https:\/\/www.skarbieclynia.pl\/index.php\/wp-json\/wp\/v2\/posts\/7712"}],"collection":[{"href":"https:\/\/www.skarbieclynia.pl\/index.php\/wp-json\/wp\/v2\/posts"}],"about":[{"href":"https:\/\/www.skarbieclynia.pl\/index.php\/wp-json\/wp\/v2\/types\/post"}],"author":[{"embeddable":true,"href":"https:\/\/www.skarbieclynia.pl\/index.php\/wp-json\/wp\/v2\/users\/9"}],"replies":[{"embeddable":true,"href":"https:\/\/www.skarbieclynia.pl\/index.php\/wp-json\/wp\/v2\/comments?post=7712"}],"version-history":[{"count":4,"href":"https:\/\/www.skarbieclynia.pl\/index.php\/wp-json\/wp\/v2\/posts\/7712\/revisions"}],"predecessor-version":[{"id":7739,"href":"https:\/\/www.skarbieclynia.pl\/index.php\/wp-json\/wp\/v2\/posts\/7712\/revisions\/7739"}],"wp:featuredmedia":[{"embeddable":true,"href":"https:\/\/www.skarbieclynia.pl\/index.php\/wp-json\/wp\/v2\/media\/7718"}],"wp:attachment":[{"href":"https:\/\/www.skarbieclynia.pl\/index.php\/wp-json\/wp\/v2\/media?parent=7712"}],"wp:term":[{"taxonomy":"category","embeddable":true,"href":"https:\/\/www.skarbieclynia.pl\/index.php\/wp-json\/wp\/v2\/categories?post=7712"},{"taxonomy":"post_tag","embeddable":true,"href":"https:\/\/www.skarbieclynia.pl\/index.php\/wp-json\/wp\/v2\/tags?post=7712"}],"curies":[{"name":"wp","href":"https:\/\/api.w.org\/{rel}","templated":true}]}}