{"id":7557,"date":"2023-11-10T11:03:39","date_gmt":"2023-11-10T10:03:39","guid":{"rendered":"https:\/\/www.skarbieclynia.pl\/?p=7557"},"modified":"2023-11-10T11:03:42","modified_gmt":"2023-11-10T10:03:42","slug":"fanal-czarodziejski-las","status":"publish","type":"post","link":"https:\/\/www.skarbieclynia.pl\/index.php\/2023\/11\/10\/fanal-czarodziejski-las\/","title":{"rendered":"Fanal- czarodziejski las"},"content":{"rendered":"\n<p class=\"has-drop-cap\">Madera to olbrzymi wygas\u0142y wulkan, kt\u00f3rego ostry czubek wystaje ponad powierzchni\u0119 Oceanu Atlantyckiego. Znajdziecie tu skaliste i strome klify, czarne pla\u017ce i wysokie g\u00f3ry. Zwyk\u0142o si\u0119 mawia\u0107, \u017ce na Maderze panuje wieczna wiosna. I rzeczywi\u015bcie co\u015b w tym jest. Na wyspie niemal przez ca\u0142y rok mamy \u0142agodny, ciep\u0142y klimat, dzi\u0119ki czemu bujna ro\u015blinno\u015b\u0107 jest w fazie nieustannego rozkwitu. Dlatego lubimy nazywa\u0107 Mader\u0119 Hawajami Europy.<\/p>\n\n\n\n<p>Ta malutka portugalska wyspa jest pe\u0142na niespodzianek i ukrytych skarb\u00f3w. I nie mamy tu na my\u015bli skrzy\u0144 pe\u0142nych z\u0142ota, zakopanych przez szalonych pirat\u00f3w :). Cho\u0107 kto wie, mo\u017ce i takie tajemnice skrywaj\u0105 skalne zau\u0142ki i ukryte przed wzrokiem turyst\u00f3w dzikie zatoczki. Przecie\u017c legendy o zatopionych statkach i zaginionych na morzu marynarzach s\u0105 wci\u0105\u017c \u017cywe w tym rejonie \u015bwiata. Ale m\u00f3wi\u0105c szczerze, najwi\u0119kszym skarbem Madery jest jej osza\u0142amiaj\u0105ca przyroda, kt\u00f3ra zachwyca podr\u00f3\u017cnik\u00f3w na ka\u017cdym kroku.<\/p>\n\n\n\n<h2>Fanal &#8211; pierwotny las laurowy<\/h2>\n\n\n\n<p>Jednym z najbardziej popularnych i rozpoznawalnych pejza\u017cy wyspy jest na pewno Fanal &#8211; s\u0142ynny, sk\u0105pany we mgle pierwotny las laurowy, po\u0142o\u017cony w p\u00f3\u0142nocno-zachodnim regionie Madery. Lasy wawrzynowe, czyli Laurissilva to jedne z ostatnich las\u00f3w reliktowych na \u015bwiecie &#8211; szacuje si\u0119, \u017ce wyst\u0119powa\u0142y one na ziemi ju\u017c dwadzie\u015bcia milion\u00f3w lat temu. Dzi\u015b mo\u017cna je zobaczy\u0107 jedynie na Wyspach Kanaryjskich oraz na nale\u017c\u0105cych do Portugalii Azorach i na Maderze. W tych pierwotnych lasach znajduj\u0105 si\u0119 liczne trasy trekkingowe poprowadzone wzd\u0142u\u017c lewad &#8211; kana\u0142\u00f3w, kt\u00f3rymi od wiek\u00f3w gromadzono i transportowano wod\u0119 z g\u00f3rskich ciek\u00f3w wodnych. Do Fanal r\u00f3wnie\u017c mo\u017cna doj\u015b\u0107 pieszo szlakiem g\u00f3rskim PR13 &#8211; Vereda do Fanal, albo przyjecha\u0107 samochodem.<\/p>\n\n\n\n<p>Mieszka\u0144cy Madery uwa\u017caj\u0105 las Fanal za miejsce magiczne. Podobno rosn\u0105ce tu wielowiekowe drzewa laurowe maj\u0105 moc spe\u0142niania ludzkich marze\u0144. Ale czy mo\u017cna to podda\u0107 w w\u0105tpliwo\u015b\u0107, skoro pradawne wawrzyny pami\u0119taj\u0105 bardzo odleg\u0142e czasy i tworz\u0105 najstarszy pierwotny las Europy? Nie mo\u017cna, zw\u0142aszcza je\u015bli wierzy\u0107 opowie\u015bciom o tym, \u017ce drzewa maj\u0105 dusz\u0119 i potrafi\u0105 si\u0119 z nami porozumiewa\u0107. Zatopione we mgle wawrzynowe olbrzymy z Fanal zdaj\u0105 si\u0119 by\u0107 \u017cywym dowodem na istnienie odwiecznych, \u017cyczliwych duch\u00f3w. Tak, zdecydowanie Fanal to magiczne miejsce, tak\u017ce ze wzgl\u0119du na otaczaj\u0105ce go krajobrazy.<\/p>\n\n\n\n<p>Co kilkadziesi\u0105t minut las zatapia si\u0119 we wszechogarniaj\u0105cej mgle. I to jest w\u0142a\u015bnie ten moment, kiedy Fanal ods\u0142ania ca\u0142y sw\u00f3j urok i magi\u0119, tworzy sceneri\u0119 wyj\u0119t\u0105 prosto z film\u00f3w fantasy. Grecka wyspa Santorini nosi przydomek kr\u00f3lowej Instagrama, a naszym zdaniem Fanal zdecydowanie zdobywa tytu\u0142 kr\u00f3la :). Kiedy mg\u0142a znika naszym oczom ukazuje si\u0119 przepi\u0119kny widok na okoliczne g\u00f3ry i na ocean, a tak\u017ce na le\u017c\u0105ce dooko\u0142a&#8230; krowie placki. Czy to rzeczywisto\u015b\u0107 tworzy magi\u0119, czy magia kreuje rzeczywisto\u015b\u0107? Czary &#8211; czyli zupe\u0142nie jak w \u017cyciu!<\/p>\n\n\n\n<figure class=\"wp-block-gallery columns-3 is-cropped\"><ul class=\"blocks-gallery-grid\"><li class=\"blocks-gallery-item\"><figure><img loading=\"lazy\" width=\"1024\" height=\"768\" src=\"https:\/\/www.skarbieclynia.pl\/wp-content\/uploads\/2023\/11\/IMG_4617-1024x768.jpg\" alt=\"fanal-las-wzgorze-niebo.jpg\" data-id=\"7564\" data-full-url=\"https:\/\/www.skarbieclynia.pl\/wp-content\/uploads\/2023\/11\/IMG_4617.jpg\" data-link=\"https:\/\/www.skarbieclynia.pl\/?attachment_id=7564\" class=\"wp-image-7564\" srcset=\"https:\/\/www.skarbieclynia.pl\/wp-content\/uploads\/2023\/11\/IMG_4617-1024x768.jpg 1024w, https:\/\/www.skarbieclynia.pl\/wp-content\/uploads\/2023\/11\/IMG_4617-300x225.jpg 300w, https:\/\/www.skarbieclynia.pl\/wp-content\/uploads\/2023\/11\/IMG_4617-768x576.jpg 768w, https:\/\/www.skarbieclynia.pl\/wp-content\/uploads\/2023\/11\/IMG_4617-1536x1152.jpg 1536w, https:\/\/www.skarbieclynia.pl\/wp-content\/uploads\/2023\/11\/IMG_4617-480x360.jpg 480w, https:\/\/www.skarbieclynia.pl\/wp-content\/uploads\/2023\/11\/IMG_4617.jpg 2048w\" sizes=\"(max-width: 1024px) 100vw, 1024px\" \/><\/figure><\/li><li class=\"blocks-gallery-item\"><figure><img loading=\"lazy\" width=\"768\" height=\"1024\" src=\"https:\/\/www.skarbieclynia.pl\/wp-content\/uploads\/2023\/11\/IMG_4654-768x1024.jpg\" alt=\"fanal-drzewo.jpg\" data-id=\"7567\" data-full-url=\"https:\/\/www.skarbieclynia.pl\/wp-content\/uploads\/2023\/11\/IMG_4654.jpg\" data-link=\"https:\/\/www.skarbieclynia.pl\/?attachment_id=7567\" class=\"wp-image-7567\" srcset=\"https:\/\/www.skarbieclynia.pl\/wp-content\/uploads\/2023\/11\/IMG_4654-768x1024.jpg 768w, https:\/\/www.skarbieclynia.pl\/wp-content\/uploads\/2023\/11\/IMG_4654-225x300.jpg 225w, https:\/\/www.skarbieclynia.pl\/wp-content\/uploads\/2023\/11\/IMG_4654-1152x1536.jpg 1152w, https:\/\/www.skarbieclynia.pl\/wp-content\/uploads\/2023\/11\/IMG_4654-480x640.jpg 480w, https:\/\/www.skarbieclynia.pl\/wp-content\/uploads\/2023\/11\/IMG_4654.jpg 1536w\" sizes=\"(max-width: 768px) 100vw, 768px\" \/><\/figure><\/li><li class=\"blocks-gallery-item\"><figure><img loading=\"lazy\" width=\"768\" height=\"1024\" src=\"https:\/\/www.skarbieclynia.pl\/wp-content\/uploads\/2023\/11\/IMG_4662-768x1024.jpg\" alt=\"fanal-las-kobieta-posrod-drzew.jpg\" data-id=\"7571\" data-full-url=\"https:\/\/www.skarbieclynia.pl\/wp-content\/uploads\/2023\/11\/IMG_4662.jpg\" data-link=\"https:\/\/www.skarbieclynia.pl\/?attachment_id=7571\" class=\"wp-image-7571\" srcset=\"https:\/\/www.skarbieclynia.pl\/wp-content\/uploads\/2023\/11\/IMG_4662-768x1024.jpg 768w, https:\/\/www.skarbieclynia.pl\/wp-content\/uploads\/2023\/11\/IMG_4662-225x300.jpg 225w, https:\/\/www.skarbieclynia.pl\/wp-content\/uploads\/2023\/11\/IMG_4662-1152x1536.jpg 1152w, https:\/\/www.skarbieclynia.pl\/wp-content\/uploads\/2023\/11\/IMG_4662-480x640.jpg 480w, https:\/\/www.skarbieclynia.pl\/wp-content\/uploads\/2023\/11\/IMG_4662.jpg 1536w\" sizes=\"(max-width: 768px) 100vw, 768px\" \/><\/figure><\/li><li class=\"blocks-gallery-item\"><figure><img loading=\"lazy\" width=\"1024\" height=\"768\" src=\"https:\/\/www.skarbieclynia.pl\/wp-content\/uploads\/2023\/11\/IMG_4669-1024x768.jpg\" alt=\"fanal-las-mgla.jpg\" data-id=\"7574\" data-full-url=\"https:\/\/www.skarbieclynia.pl\/wp-content\/uploads\/2023\/11\/IMG_4669.jpg\" data-link=\"https:\/\/www.skarbieclynia.pl\/?attachment_id=7574\" class=\"wp-image-7574\" srcset=\"https:\/\/www.skarbieclynia.pl\/wp-content\/uploads\/2023\/11\/IMG_4669-1024x768.jpg 1024w, https:\/\/www.skarbieclynia.pl\/wp-content\/uploads\/2023\/11\/IMG_4669-300x225.jpg 300w, https:\/\/www.skarbieclynia.pl\/wp-content\/uploads\/2023\/11\/IMG_4669-768x576.jpg 768w, https:\/\/www.skarbieclynia.pl\/wp-content\/uploads\/2023\/11\/IMG_4669-1536x1152.jpg 1536w, https:\/\/www.skarbieclynia.pl\/wp-content\/uploads\/2023\/11\/IMG_4669-480x360.jpg 480w, https:\/\/www.skarbieclynia.pl\/wp-content\/uploads\/2023\/11\/IMG_4669.jpg 2048w\" sizes=\"(max-width: 1024px) 100vw, 1024px\" \/><\/figure><\/li><\/ul><\/figure>\n","protected":false},"excerpt":{"rendered":"<p>Madera to olbrzymi wygas\u0142y wulkan, kt\u00f3rego ostry czubek wystaje ponad powierzchni\u0119 Oceanu Atlantyckiego. Znajdziecie tu skaliste i strome klify, czarne pla\u017ce i wysokie g\u00f3ry. Zwyk\u0142o si\u0119 mawia\u0107, \u017ce na Maderze panuje wieczna wiosna. I rzeczywi\u015bcie co\u015b w tym jest. Na wyspie niemal przez ca\u0142y rok mamy \u0142agodny, ciep\u0142y klimat, dzi\u0119ki czemu bujna ro\u015blinno\u015b\u0107 jest w fazie nieustannego rozkwitu. Dlatego lubimy nazywa\u0107 Mader\u0119 Hawajami Europy. Ta malutka portugalska wyspa jest pe\u0142na niespodzianek i ukrytych skarb\u00f3w. I nie mamy tu na my\u015bli skrzy\u0144 pe\u0142nych z\u0142ota, zakopanych przez szalonych pirat\u00f3w :). Cho\u0107 kto wie, mo\u017ce i takie tajemnice skrywaj\u0105 skalne zau\u0142ki i ukryte<\/p>\n","protected":false},"author":9,"featured_media":7559,"comment_status":"closed","ping_status":"closed","sticky":false,"template":"","format":"standard","meta":[],"categories":[20],"tags":[797,794,796,795,311,506,518,641],"acf":[],"yoast_head":"<!-- This site is optimized with the Yoast SEO plugin v17.9 - https:\/\/yoast.com\/wordpress\/plugins\/seo\/ -->\n<title>Skarbiec<\/title>\n<meta name=\"description\" content=\"Fanal to sk\u0105pany we mgle najstarszy pierwotny las laurowy w Europe, po\u0142o\u017cony w p\u00f3\u0142nocno-zachodnim regionie Madery.\" \/>\n<meta name=\"robots\" content=\"index, follow, max-snippet:-1, max-image-preview:large, max-video-preview:-1\" \/>\n<link rel=\"canonical\" href=\"https:\/\/www.skarbieclynia.pl\/index.php\/2023\/11\/10\/fanal-czarodziejski-las\/\" \/>\n<meta property=\"og:locale\" content=\"pl_PL\" \/>\n<meta property=\"og:type\" content=\"article\" \/>\n<meta property=\"og:title\" content=\"Fanal- czarodziejski las - Skarbiec\" \/>\n<meta property=\"og:description\" content=\"Fanal to sk\u0105pany we mgle najstarszy pierwotny las laurowy w Europe, po\u0142o\u017cony w p\u00f3\u0142nocno-zachodnim regionie Madery.\" \/>\n<meta property=\"og:url\" content=\"https:\/\/www.skarbieclynia.pl\/index.php\/2023\/11\/10\/fanal-czarodziejski-las\/\" \/>\n<meta property=\"og:site_name\" content=\"Skarbiec\" \/>\n<meta property=\"article:published_time\" content=\"2023-11-10T10:03:39+00:00\" \/>\n<meta property=\"article:modified_time\" content=\"2023-11-10T10:03:42+00:00\" \/>\n<meta property=\"og:image\" content=\"https:\/\/www.skarbieclynia.pl\/wp-content\/uploads\/2023\/11\/IMG_4681.jpg\" \/>\n\t<meta property=\"og:image:width\" content=\"2048\" \/>\n\t<meta property=\"og:image:height\" content=\"1536\" \/>\n\t<meta property=\"og:image:type\" content=\"image\/jpeg\" \/>\n<meta name=\"twitter:card\" content=\"summary_large_image\" \/>\n<meta name=\"twitter:label1\" content=\"Napisane przez\" \/>\n\t<meta name=\"twitter:data1\" content=\"Follow My Flow Lifestyle\" \/>\n\t<meta name=\"twitter:label2\" content=\"Szacowany czas czytania\" \/>\n\t<meta name=\"twitter:data2\" content=\"4 minuty\" \/>\n<script type=\"application\/ld+json\" class=\"yoast-schema-graph\">{\"@context\":\"https:\/\/schema.org\",\"@graph\":[{\"@type\":\"WebSite\",\"@id\":\"https:\/\/www.skarbieclynia.pl\/#website\",\"url\":\"https:\/\/www.skarbieclynia.pl\/\",\"name\":\"Skarbiec\",\"description\":\"LYNIA\",\"potentialAction\":[{\"@type\":\"SearchAction\",\"target\":{\"@type\":\"EntryPoint\",\"urlTemplate\":\"https:\/\/www.skarbieclynia.pl\/?s={search_term_string}\"},\"query-input\":\"required name=search_term_string\"}],\"inLanguage\":\"pl-PL\"},{\"@type\":\"ImageObject\",\"@id\":\"https:\/\/www.skarbieclynia.pl\/index.php\/2023\/11\/10\/fanal-czarodziejski-las\/#primaryimage\",\"inLanguage\":\"pl-PL\",\"url\":\"https:\/\/www.skarbieclynia.pl\/wp-content\/uploads\/2023\/11\/IMG_4681.jpg\",\"contentUrl\":\"https:\/\/www.skarbieclynia.pl\/wp-content\/uploads\/2023\/11\/IMG_4681.jpg\",\"width\":2048,\"height\":1536,\"caption\":\"fanal-las.jpg\"},{\"@type\":\"WebPage\",\"@id\":\"https:\/\/www.skarbieclynia.pl\/index.php\/2023\/11\/10\/fanal-czarodziejski-las\/#webpage\",\"url\":\"https:\/\/www.skarbieclynia.pl\/index.php\/2023\/11\/10\/fanal-czarodziejski-las\/\",\"name\":\"Fanal- czarodziejski las - Skarbiec\",\"isPartOf\":{\"@id\":\"https:\/\/www.skarbieclynia.pl\/#website\"},\"primaryImageOfPage\":{\"@id\":\"https:\/\/www.skarbieclynia.pl\/index.php\/2023\/11\/10\/fanal-czarodziejski-las\/#primaryimage\"},\"datePublished\":\"2023-11-10T10:03:39+00:00\",\"dateModified\":\"2023-11-10T10:03:42+00:00\",\"author\":{\"@id\":\"https:\/\/www.skarbieclynia.pl\/#\/schema\/person\/d5fe6430212a5892b923e9fd2ac03b9b\"},\"description\":\"Fanal to sk\\u0105pany we mgle najstarszy pierwotny las laurowy w Europe, po\\u0142o\\u017cony w p\\u00f3\\u0142nocno-zachodnim regionie Madery.\",\"breadcrumb\":{\"@id\":\"https:\/\/www.skarbieclynia.pl\/index.php\/2023\/11\/10\/fanal-czarodziejski-las\/#breadcrumb\"},\"inLanguage\":\"pl-PL\",\"potentialAction\":[{\"@type\":\"ReadAction\",\"target\":[\"https:\/\/www.skarbieclynia.pl\/index.php\/2023\/11\/10\/fanal-czarodziejski-las\/\"]}]},{\"@type\":\"BreadcrumbList\",\"@id\":\"https:\/\/www.skarbieclynia.pl\/index.php\/2023\/11\/10\/fanal-czarodziejski-las\/#breadcrumb\",\"itemListElement\":[{\"@type\":\"ListItem\",\"position\":1,\"name\":\"Strona g\\u0142\\u00f3wna\",\"item\":\"https:\/\/www.skarbieclynia.pl\/\"},{\"@type\":\"ListItem\",\"position\":2,\"name\":\"Fanal- czarodziejski las\"}]},{\"@type\":\"Person\",\"@id\":\"https:\/\/www.skarbieclynia.pl\/#\/schema\/person\/d5fe6430212a5892b923e9fd2ac03b9b\",\"name\":\"Follow My Flow Lifestyle\",\"image\":{\"@type\":\"ImageObject\",\"@id\":\"https:\/\/www.skarbieclynia.pl\/#personlogo\",\"inLanguage\":\"pl-PL\",\"url\":\"https:\/\/secure.gravatar.com\/avatar\/48346770940b52aa4148ba9ff4110786?s=96&d=mm&r=g\",\"contentUrl\":\"https:\/\/secure.gravatar.com\/avatar\/48346770940b52aa4148ba9ff4110786?s=96&d=mm&r=g\",\"caption\":\"Follow My Flow Lifestyle\"},\"description\":\"Cze\\u015b\\u0107, tu Ania Ho\\u0142ubi\\u0144ska &amp; Renia Tobo\\u0142a Jeste\\u015bmy autorkami bloga podr\\u00f3\\u017cniczego Follow My Flow Lifestyle, na kt\\u00f3rym opisujemy nasze dalekie i bliskie podr\\u00f3\\u017ce - zwiedzi\\u0142y\\u015bmy ju\\u017c niemal 50 kraj\\u00f3w na 5 kontynentach. Dzi\\u0119ki autorskim wyprawom w nieznane do\\u015bwiadczy\\u0142y\\u015bmy najpi\\u0119kniejszych, najbardziej inspiruj\\u0105cych i najszcz\\u0119\\u015bliwszych prze\\u017cy\\u0107, kt\\u00f3rymi dzielimy si\\u0119 tak\\u017ce pisz\\u0105c cykl e-book\\u00f3w Podr\\u00f3\\u017ce \\u017cycia. \\u015awiat widziany naszymi oczami jest kolorowy, pe\\u0142en pasji - to \\u015bwiat niezliczonych scenariuszy i r\\u00f3\\u017cnorodno\\u015bci, kt\\u00f3ra nas zachwyca. Mamy nadziej\\u0119, \\u017ce zachwyci tak\\u017ce Ciebie :)\",\"sameAs\":[\"https:\/\/www.instagram.com\/followmyflowlifestyle\/\"],\"url\":\"https:\/\/www.skarbieclynia.pl\/index.php\/author\/follow-my-flow-lifestyle\/\"}]}<\/script>\n<!-- \/ Yoast SEO plugin. -->","yoast_head_json":{"title":"Skarbiec","description":"Fanal to sk\u0105pany we mgle najstarszy pierwotny las laurowy w Europe, po\u0142o\u017cony w p\u00f3\u0142nocno-zachodnim regionie Madery.","robots":{"index":"index","follow":"follow","max-snippet":"max-snippet:-1","max-image-preview":"max-image-preview:large","max-video-preview":"max-video-preview:-1"},"canonical":"https:\/\/www.skarbieclynia.pl\/index.php\/2023\/11\/10\/fanal-czarodziejski-las\/","og_locale":"pl_PL","og_type":"article","og_title":"Fanal- czarodziejski las - Skarbiec","og_description":"Fanal to sk\u0105pany we mgle najstarszy pierwotny las laurowy w Europe, po\u0142o\u017cony w p\u00f3\u0142nocno-zachodnim regionie Madery.","og_url":"https:\/\/www.skarbieclynia.pl\/index.php\/2023\/11\/10\/fanal-czarodziejski-las\/","og_site_name":"Skarbiec","article_published_time":"2023-11-10T10:03:39+00:00","article_modified_time":"2023-11-10T10:03:42+00:00","og_image":[{"width":2048,"height":1536,"url":"https:\/\/www.skarbieclynia.pl\/wp-content\/uploads\/2023\/11\/IMG_4681.jpg","type":"image\/jpeg"}],"twitter_card":"summary_large_image","twitter_misc":{"Napisane przez":"Follow My Flow Lifestyle","Szacowany czas czytania":"4 minuty"},"schema":{"@context":"https:\/\/schema.org","@graph":[{"@type":"WebSite","@id":"https:\/\/www.skarbieclynia.pl\/#website","url":"https:\/\/www.skarbieclynia.pl\/","name":"Skarbiec","description":"LYNIA","potentialAction":[{"@type":"SearchAction","target":{"@type":"EntryPoint","urlTemplate":"https:\/\/www.skarbieclynia.pl\/?s={search_term_string}"},"query-input":"required name=search_term_string"}],"inLanguage":"pl-PL"},{"@type":"ImageObject","@id":"https:\/\/www.skarbieclynia.pl\/index.php\/2023\/11\/10\/fanal-czarodziejski-las\/#primaryimage","inLanguage":"pl-PL","url":"https:\/\/www.skarbieclynia.pl\/wp-content\/uploads\/2023\/11\/IMG_4681.jpg","contentUrl":"https:\/\/www.skarbieclynia.pl\/wp-content\/uploads\/2023\/11\/IMG_4681.jpg","width":2048,"height":1536,"caption":"fanal-las.jpg"},{"@type":"WebPage","@id":"https:\/\/www.skarbieclynia.pl\/index.php\/2023\/11\/10\/fanal-czarodziejski-las\/#webpage","url":"https:\/\/www.skarbieclynia.pl\/index.php\/2023\/11\/10\/fanal-czarodziejski-las\/","name":"Fanal- czarodziejski las - Skarbiec","isPartOf":{"@id":"https:\/\/www.skarbieclynia.pl\/#website"},"primaryImageOfPage":{"@id":"https:\/\/www.skarbieclynia.pl\/index.php\/2023\/11\/10\/fanal-czarodziejski-las\/#primaryimage"},"datePublished":"2023-11-10T10:03:39+00:00","dateModified":"2023-11-10T10:03:42+00:00","author":{"@id":"https:\/\/www.skarbieclynia.pl\/#\/schema\/person\/d5fe6430212a5892b923e9fd2ac03b9b"},"description":"Fanal to sk\u0105pany we mgle najstarszy pierwotny las laurowy w Europe, po\u0142o\u017cony w p\u00f3\u0142nocno-zachodnim regionie Madery.","breadcrumb":{"@id":"https:\/\/www.skarbieclynia.pl\/index.php\/2023\/11\/10\/fanal-czarodziejski-las\/#breadcrumb"},"inLanguage":"pl-PL","potentialAction":[{"@type":"ReadAction","target":["https:\/\/www.skarbieclynia.pl\/index.php\/2023\/11\/10\/fanal-czarodziejski-las\/"]}]},{"@type":"BreadcrumbList","@id":"https:\/\/www.skarbieclynia.pl\/index.php\/2023\/11\/10\/fanal-czarodziejski-las\/#breadcrumb","itemListElement":[{"@type":"ListItem","position":1,"name":"Strona g\u0142\u00f3wna","item":"https:\/\/www.skarbieclynia.pl\/"},{"@type":"ListItem","position":2,"name":"Fanal- czarodziejski las"}]},{"@type":"Person","@id":"https:\/\/www.skarbieclynia.pl\/#\/schema\/person\/d5fe6430212a5892b923e9fd2ac03b9b","name":"Follow My Flow Lifestyle","image":{"@type":"ImageObject","@id":"https:\/\/www.skarbieclynia.pl\/#personlogo","inLanguage":"pl-PL","url":"https:\/\/secure.gravatar.com\/avatar\/48346770940b52aa4148ba9ff4110786?s=96&d=mm&r=g","contentUrl":"https:\/\/secure.gravatar.com\/avatar\/48346770940b52aa4148ba9ff4110786?s=96&d=mm&r=g","caption":"Follow My Flow Lifestyle"},"description":"Cze\u015b\u0107, tu Ania Ho\u0142ubi\u0144ska &amp; Renia Tobo\u0142a Jeste\u015bmy autorkami bloga podr\u00f3\u017cniczego Follow My Flow Lifestyle, na kt\u00f3rym opisujemy nasze dalekie i bliskie podr\u00f3\u017ce - zwiedzi\u0142y\u015bmy ju\u017c niemal 50 kraj\u00f3w na 5 kontynentach. Dzi\u0119ki autorskim wyprawom w nieznane do\u015bwiadczy\u0142y\u015bmy najpi\u0119kniejszych, najbardziej inspiruj\u0105cych i najszcz\u0119\u015bliwszych prze\u017cy\u0107, kt\u00f3rymi dzielimy si\u0119 tak\u017ce pisz\u0105c cykl e-book\u00f3w Podr\u00f3\u017ce \u017cycia. \u015awiat widziany naszymi oczami jest kolorowy, pe\u0142en pasji - to \u015bwiat niezliczonych scenariuszy i r\u00f3\u017cnorodno\u015bci, kt\u00f3ra nas zachwyca. Mamy nadziej\u0119, \u017ce zachwyci tak\u017ce Ciebie :)","sameAs":["https:\/\/www.instagram.com\/followmyflowlifestyle\/"],"url":"https:\/\/www.skarbieclynia.pl\/index.php\/author\/follow-my-flow-lifestyle\/"}]}},"_links":{"self":[{"href":"https:\/\/www.skarbieclynia.pl\/index.php\/wp-json\/wp\/v2\/posts\/7557"}],"collection":[{"href":"https:\/\/www.skarbieclynia.pl\/index.php\/wp-json\/wp\/v2\/posts"}],"about":[{"href":"https:\/\/www.skarbieclynia.pl\/index.php\/wp-json\/wp\/v2\/types\/post"}],"author":[{"embeddable":true,"href":"https:\/\/www.skarbieclynia.pl\/index.php\/wp-json\/wp\/v2\/users\/9"}],"replies":[{"embeddable":true,"href":"https:\/\/www.skarbieclynia.pl\/index.php\/wp-json\/wp\/v2\/comments?post=7557"}],"version-history":[{"count":4,"href":"https:\/\/www.skarbieclynia.pl\/index.php\/wp-json\/wp\/v2\/posts\/7557\/revisions"}],"predecessor-version":[{"id":7577,"href":"https:\/\/www.skarbieclynia.pl\/index.php\/wp-json\/wp\/v2\/posts\/7557\/revisions\/7577"}],"wp:featuredmedia":[{"embeddable":true,"href":"https:\/\/www.skarbieclynia.pl\/index.php\/wp-json\/wp\/v2\/media\/7559"}],"wp:attachment":[{"href":"https:\/\/www.skarbieclynia.pl\/index.php\/wp-json\/wp\/v2\/media?parent=7557"}],"wp:term":[{"taxonomy":"category","embeddable":true,"href":"https:\/\/www.skarbieclynia.pl\/index.php\/wp-json\/wp\/v2\/categories?post=7557"},{"taxonomy":"post_tag","embeddable":true,"href":"https:\/\/www.skarbieclynia.pl\/index.php\/wp-json\/wp\/v2\/tags?post=7557"}],"curies":[{"name":"wp","href":"https:\/\/api.w.org\/{rel}","templated":true}]}}