{"id":7322,"date":"2023-05-19T14:53:03","date_gmt":"2023-05-19T12:53:03","guid":{"rendered":"https:\/\/www.skarbieclynia.pl\/?p=7322"},"modified":"2023-05-23T14:13:17","modified_gmt":"2023-05-23T12:13:17","slug":"pielegnacja-szyi-dekoltu-i-innych-miejsc-o-ktorych-zapominamy","status":"publish","type":"post","link":"https:\/\/www.skarbieclynia.pl\/index.php\/2023\/05\/19\/pielegnacja-szyi-dekoltu-i-innych-miejsc-o-ktorych-zapominamy\/","title":{"rendered":"Piel\u0119gnacja szyi, dekoltu i innych miejsc, o kt\u00f3rych zapominamy"},"content":{"rendered":"\n<p class=\"has-drop-cap\">Dbasz o siebie. W szczeg\u00f3lno\u015bci o swoj\u0105 twarz, by nie pojawia\u0142y si\u0119 na niej <strong>nowe zmarszczki<\/strong>, a te dotychczasowe zosta\u0142y sp\u0142ycone. Chcesz, by sk\u00f3ra promienia\u0142a, by\u0142a <strong>j\u0119drna i elastyczna<\/strong>. Bez przebarwie\u0144, widocznych por\u00f3w i niedoskona\u0142o\u015bci. To \u015bwietnie! A co powiesz na to, by twoja codzienna rutyna obejmowa\u0142a r\u00f3wnie\u017c piel\u0119gnacj\u0119 innych cz\u0119\u015bci cia\u0142a? Dzisiaj <strong>zaopiekujemy si\u0119 twoj\u0105 szyj\u0105, dekoltem, stopami, a nawet po\u015bladkami<\/strong>. Przygotuj si\u0119 na nadchodz\u0105cy sezon i odkryj swoje naturalne pi\u0119kno dzi\u0119ki odpowiednio dobranym kosmetykom.&nbsp;<\/p>\n\n\n\n<p><strong>W tym artykule odpowiadamy na pytania:<br><\/strong><a href=\"#pielegnacja\">&#8211; kt\u00f3ry kosmetyk pomo\u017ce ci zadba\u0107 o szyj\u0119 i dekolt?<br><\/a><a href=\"#komorki-macierzyste\">&#8211; jakie w\u0142a\u015bciwo\u015bci ma krem z kom\u00f3rkami macierzystymi?<br><\/a><a href=\"#stopy\">&#8211; jak zatroszczy\u0107 si\u0119 o okolice bikini, stopy i \u0142okcie?<br><\/a><a href=\"#posladki\">&#8211; co polecamy do piel\u0119gnacji ud i po\u015bladk\u00f3w?<\/a><\/p>\n\n\n\n<h2 id=\"pielegnacja\"><strong>Piel\u0119gnacja szyi i dekoltu bez tajemnic<\/strong><\/h2>\n\n\n\n<p>Dojrza\u0142e kobiety cz\u0119sto narzekaj\u0105 na utrat\u0119 elastyczno\u015bci w okolicach szyi i dekoltu. Co ciekawe, nawet medycyna estetyczna nie jest w stanie zapewni\u0107 satysfakcjonuj\u0105cych efekt\u00f3w w tym obszarze. Proponowane zabiegi s\u0105 nie tylko ma\u0142o skuteczne, ale te\u017c silnie <strong>ingeruj\u0105ce w struktur\u0119 sk\u00f3ry.<\/strong> Czy warto si\u0119 na nie zdecydowa\u0107? Naszym zdaniem zdecydowanie lepszym i bezpieczniejszym pomys\u0142em jest <strong>regularna piel\u0119gnacja<\/strong>. Cykliczne u\u017cywanie wysokiej jako\u015bci kosmetyk\u00f3w potrafi na d\u0142u\u017cej zatrzyma\u0107 m\u0142ody wygl\u0105d szyi i dekoltu, co w po\u0142\u0105czeniu z dba\u0142o\u015bci\u0105 o twarz daje zjawiskowe efekty. Przedstawiamy <strong><a href=\"https:\/\/lynia.pl\/produkt\/olejek-z-witamina-c-5-kuracja-regenerujaca-dzika-roza-sliwka\/\">olejek z witamin\u0105 C<\/a><\/strong> &#8211; kuracj\u0119 regeneruj\u0105c\u0105 marki <strong>Lynia<\/strong>. Idealny do codziennego stosowania, nadaj\u0105cy si\u0119 dla os\u00f3b o wra\u017cliwej, suchej i naczynkowej cerze. Wykazuje dzia\u0142anie <strong>\u0142agodz\u0105ce, nawil\u017caj\u0105ce i subtelnie rozja\u015bniaj\u0105ce<\/strong>. \u015awietnie uj\u0119drnia i rewitalizuje sk\u00f3r\u0119 pozytywnie wp\u0142ywaj\u0105c na jej m\u0142ody wygl\u0105d.<\/p>\n\n\n\n<p>Kosmetyk zawiera <strong>stabiln\u0105 olejow\u0105 witamin\u0119 C<\/strong> o w\u0142a\u015bciwo\u015bciach przeciwstarzeniowych i wybielaj\u0105cych. Jest w stanie walczy\u0107 nawet z tak zwanymi plamami starczymi i mocnymi przebarwieniami. Z kolei <strong>olej z pestek \u015bliwki <\/strong>rewelacyjne zmi\u0119kcza sk\u00f3r\u0119 nadaj\u0105c jej g\u0142adko\u015bci i jedwabisto\u015bci. Jego kompan, <strong>olejek z dzikiej r\u00f3\u017cy<\/strong> to prawdziwa bomba witaminowa &#8211; jest bogaty w witaminy A, E i C oraz te z grupy B. Wyg\u0142adza zmarszczki, niewielkie blizny, regeneruje sk\u00f3r\u0119 po tr\u0105dziku i poparzeniach s\u0142onecznych. Olejek jest bogaty w <strong>caprylic<\/strong>, a wi\u0119c mieszank\u0119 kwas\u00f3w t\u0142uszczowych, kt\u00f3re buduj\u0105 barier\u0119 hydrolipidow\u0105 i zatrzymuj\u0105 w sk\u00f3rze optymaln\u0105 ilo\u015b\u0107 wody. W kosmetyku nie zabrak\u0142o <strong><a href=\"https:\/\/www.skarbieclynia.pl\/index.php\/2022\/04\/04\/witamina-e\/\">witaminy E<\/a> <\/strong>hamuj\u0105cej proces starzenia si\u0119 kom\u00f3rek oraz emolientu <strong>SheaLight<\/strong>, dzi\u0119ki kt\u00f3remu olejek Lynia mo\u017ce by\u0107 bezpiecznie stosowany przez osoby o wra\u017cliwej sk\u00f3rze. Twoja szyja i dekolt ci za niego podzi\u0119kuj\u0105 \ud83d\ude42&nbsp;<\/p>\n\n\n\n<h2 id=\"komorki-macierzyste\"><strong>Krem z kom\u00f3rkami macierzystymi Lynia &#8211; jak dzia\u0142a?<\/strong><\/h2>\n\n\n\n<p>Ro\u015blinne<strong> kom\u00f3rki macierzyste<\/strong> to sk\u0142adniki, kt\u00f3re pokocha twoja sk\u00f3ra. R\u00f3wnie\u017c ta delikatna, na szyi i dekolcie. <strong><a href=\"https:\/\/lynia.pl\/produkt\/krem-anti-aging-50-komorki-macierzyste-koenzym-q10-nano-kwas-hialuronowy-centella-asiatica-pszenica\/\">Krem Anti-Aging 50+<\/a><\/strong> marki <strong>Lynia<\/strong> ma ich pod dostatkiem, by skutecznie wspiera\u0142y odbudow\u0119 kom\u00f3rek. Ich zadaniem jest ochrona przed czynnikami zewn\u0119trznymi, w tym przed promieniowaniem UV, kt\u00f3re przyspiesza starzenie si\u0119 sk\u00f3ry. Odm\u0142adzaj\u0105 i regeneruj\u0105 j\u0105, wp\u0142ywaj\u0105 na wzrost<strong> j\u0119drno\u015bci i elastyczno\u015bci<\/strong>. Wyg\u0142adzaj\u0105 i poprawiaj\u0105 koloryt sk\u00f3ry. To wszystko sprawia, \u017ce <strong>szyja i dekolt wygl\u0105daj\u0105 m\u0142odo<\/strong>, a przecie\u017c to g\u0142\u00f3wny pow\u00f3d, dla kt\u00f3rego stosujemy codzienn\u0105 piel\u0119gnacj\u0119. Warto wspomnie\u0107, \u017ce krem otrzymasz w praktycznym opakowaniu airless, wyposa\u017conym w wygodn\u0105 pompk\u0119 dozuj\u0105c\u0105.&nbsp;<\/p>\n\n\n\n<p>Kosmetyk jest bogaty w <strong><a href=\"https:\/\/www.skarbieclynia.pl\/index.php\/2023\/01\/05\/koenzym-magiczny-antyoksydant\/\">koenzym q10<\/a> <\/strong>&#8211; antyoksydant wspomagaj\u0105cy regeneracj\u0119 witaminy E. Tak, tak &#8211; tej, kt\u00f3ra jest uwa\u017cana za eliksir m\u0142odo\u015bci. <strong><a href=\"https:\/\/www.skarbieclynia.pl\/index.php\/2023\/01\/09\/wakrota-azjatycka-czyli-centella-asiatica\/\">Ekstrakt z w\u0105krotki azjatyckiej <\/a><\/strong>dzia\u0142a przeciwzapalnie i stymuluje syntez\u0119 <strong>kwasu hialuronowego<\/strong>, kt\u00f3ry r\u00f3wnie\u017c znajduje si\u0119 w sk\u0142adzie kremu Anti-Aging 50+. Produkt zawiera te\u017c <strong>olej z kie\u0142k\u00f3w pszenicy<\/strong>, wykazuj\u0105cy dzia\u0142anie nawil\u017caj\u0105ce. Ten sk\u0142adnik jest szczeg\u00f3lnie polecany osobom o wra\u017cliwej sk\u00f3rze. Kremu mo\u017cesz oczywi\u015bcie u\u017cywa\u0107 nie tylko na sk\u00f3r\u0119 szyi i dekoltu. Jest rewelacyjny do codziennej piel\u0119gnacji twarzy.<\/p>\n\n\n\n<h2 id=\"stopy\"><strong>Krem z mocznikiem nie tylko do st\u00f3p<\/strong><\/h2>\n\n\n\n<p>O stopy warto dba\u0107 o ka\u017cdej porze roku. Cho\u0107 eksponujemy je zazwyczaj tylko latem, to brak regularnej piel\u0119gnacji mo\u017ce skutkowa\u0107 nieestetyczn\u0105, <strong>zrogowacia\u0142\u0105 sk\u00f3r\u0105<\/strong>, kt\u00f3ra b\u0119dzie ci przeszkadza\u0107 na co dzie\u0144. Podobny dyskomfort mo\u017cesz odczuwa\u0107 r\u00f3wnie\u017c na <strong>\u0142okciach i kolanach<\/strong>. Je\u015bli zapomnisz o stosowaniu odpowiednich kosmetyk\u00f3w, te obszary zaczn\u0105 si\u0119 \u0142uszczy\u0107 i ciemnie\u0107, a ty stracisz pewno\u015b\u0107 siebie podczas noszenia ubra\u0144 odkrywaj\u0105cych r\u0119ce i nogi. Na to te\u017c mamy spos\u00f3b! Jeden <strong><a href=\"https:\/\/lynia.pl\/produkt\/krem-nawilzajaco-zluszczajacy-z-mocznikiem-10-kwasem-salicylowym-2-oraz-kwasem-mlekowym-2-2\/\">krem z mocznikiem, kwasem salicylowym oraz kwasem mlekowym<\/a><\/strong> poradzi sobie nie tylko z wymienionymi problemami, ale pomo\u017ce ci te\u017c zadba\u0107 o okolice bikini po depilacji.&nbsp;<\/p>\n\n\n\n<p>Kosmetyk marki<strong> Lynia <\/strong>dzia\u0142a nawil\u017caj\u0105co i z\u0142uszczaj\u0105co. Bezpieczny, transparentny sk\u0142ad poza kwasami zawiera r\u00f3wnie\u017c naturalny olejek mi\u0119towy o dzia\u0142aniu przeciwzapalnym, przeciwb\u00f3lowym i znieczulaj\u0105cym. Efektywnie <strong>\u0142agodzi podra\u017cnienia i sw\u0119dzenie<\/strong>. Synergia tych naturalnych sk\u0142adnik\u00f3w znacznie wp\u0142ynie na tw\u00f3j codzienny komfort. W\u0142oski nie b\u0119d\u0105 wrasta\u0107 po depilacji, a <strong>zrogowacia\u0142y nask\u00f3rek na stopach, kolanach i \u0142okciach<\/strong> b\u0119dzie nawil\u017cony i z\u0142uszczony. Krem jest polecany nawet jako<strong> wsparcie podczas leczenia egzemy<\/strong>. Warto mie\u0107 go w swojej \u0142azience, a jeszcze lepiej &#8211; w torebce. Por\u0119czne opakowanie jest higieniczne i mo\u017cesz je swobodnie nosi\u0107 ze sob\u0105.<\/p>\n\n\n\n<div class=\"wp-block-image\"><figure class=\"alignright size-large is-resized\"><img loading=\"lazy\" src=\"https:\/\/www.skarbieclynia.pl\/wp-content\/uploads\/2023\/05\/peel-aha-819x1024.jpg\" alt=\"pielegnacja.jpg\" class=\"wp-image-7327\" width=\"410\" height=\"512\" srcset=\"https:\/\/www.skarbieclynia.pl\/wp-content\/uploads\/2023\/05\/peel-aha-819x1024.jpg 819w, https:\/\/www.skarbieclynia.pl\/wp-content\/uploads\/2023\/05\/peel-aha-240x300.jpg 240w, https:\/\/www.skarbieclynia.pl\/wp-content\/uploads\/2023\/05\/peel-aha-768x960.jpg 768w, https:\/\/www.skarbieclynia.pl\/wp-content\/uploads\/2023\/05\/peel-aha-480x600.jpg 480w, https:\/\/www.skarbieclynia.pl\/wp-content\/uploads\/2023\/05\/peel-aha.jpg 1024w\" sizes=\"(max-width: 410px) 100vw, 410px\" \/><\/figure><\/div>\n\n\n\n<h2 id=\"posladki\"><strong>Sk\u00f3ra ud i po\u015bladk\u00f3w pod kontrol\u0105<\/strong><\/h2>\n\n\n\n<p><strong>G\u0142adka sk\u00f3ra ud i po\u015bladk\u00f3w<\/strong> to twoje marzenie? Urzeczywistnijmy je razem \ud83d\ude42 Dzi\u0119ki polecanym kosmetykom marki <strong>Lynia<\/strong> b\u0119dziesz mog\u0142a eksponowa\u0107 te ultrakobiece cz\u0119\u015bci cia\u0142a zar\u00f3wno na pla\u017cy, basenie jak i w domu, by wprawi\u0107 ukochanego w zachwyt \ud83d\ude42 Tutaj nie chodzi o rozmiar &#8211; liczy si\u0119 <strong>mi\u0119kka, j\u0119drna sk\u00f3ra<\/strong>, pozbawiona podra\u017cnie\u0144 i dyskomfortowych niedoskona\u0142o\u015bci. Jakie produkty powinna\u015b stosowa\u0107 podczas piel\u0119gnacji, by cieszy\u0107 si\u0119 pi\u0119knymi udami i po\u015bladkami?<\/p>\n\n\n\n<ul><li><strong><a href=\"https:\/\/lynia.pl\/produkt\/peeling-aha-30\/\">Peeling AHA 30%<\/a>. <\/strong>Bogaty w szereg kwas\u00f3w: migda\u0142owy, winowy, glikolowy, mlekowy i cytrynowy. Do przebadany dermatologicznie, <strong>wega\u0144ski produkt<\/strong> o naturalnym sk\u0142adzie. Jego zadaniem jest oczyszczenie ka\u017cdego rodzaju sk\u00f3ry, a wi\u0119c<strong> intensywne z\u0142uszczenie<\/strong> i przygotowanie do aplikacji substancji od\u017cywczych.&nbsp;&nbsp;<\/li><li><strong><a href=\"https:\/\/lynia.pl\/produkt\/maslo-do-ciala-odzywianie-grejpfrut\/\">Grejpfrutowe mas\u0142o do cia\u0142a<\/a>.<\/strong> U\u017cyte po peelingu zapewnia naprawd\u0119 przyjemne efekty \ud83d\ude42 Mo\u017cesz liczy\u0107 na g\u0142adk\u0105, mi\u0119kk\u0105 sk\u00f3r\u0119 ud i po\u015bladk\u00f3w. Kosmetyk <strong>wspiera walk\u0119 z cellulitem<\/strong> i rewelacyjnie sprawdza si\u0119 podczas masa\u017cu. <strong>Od\u017cywia, uj\u0119drnia i nawil\u017ca <\/strong>pozostawiaj\u0105c na sk\u00f3rze subtelny, owocowy zapach.&nbsp;<\/li><\/ul>\n\n\n\n<p>Te dwa kosmetyki to<strong> po\u0142\u0105czenie si\u0142 natury,<\/strong> kt\u00f3ra najlepiej wie, jak zadba\u0107 o twoj\u0105 sk\u00f3r\u0119.&nbsp; Zreszt\u0105 wszystkie wymienione produkty s\u0105 bezpieczne i nie zawieraj\u0105 chemicznych, szkodliwych substancji. <strong>Lynia <\/strong>dba o to, by twoja codzienna rutyna piel\u0119gnacyjna by\u0142a przyjemnym rytua\u0142em zapewniaj\u0105cym satysfakcjonuj\u0105ce efekty. Przekonaj si\u0119 sama \ud83d\ude42&nbsp;<\/p>\n","protected":false},"excerpt":{"rendered":"<p>Dbasz o siebie. W szczeg\u00f3lno\u015bci o swoj\u0105 twarz, by nie pojawia\u0142y si\u0119 na niej nowe zmarszczki, a te dotychczasowe zosta\u0142y sp\u0142ycone. Chcesz, by sk\u00f3ra promienia\u0142a, by\u0142a j\u0119drna i elastyczna. Bez przebarwie\u0144, widocznych por\u00f3w i niedoskona\u0142o\u015bci. To \u015bwietnie! A co powiesz na to, by twoja codzienna rutyna obejmowa\u0142a r\u00f3wnie\u017c piel\u0119gnacj\u0119 innych cz\u0119\u015bci cia\u0142a? Dzisiaj zaopiekujemy si\u0119 twoj\u0105 szyj\u0105, dekoltem, stopami, a nawet po\u015bladkami. Przygotuj si\u0119 na nadchodz\u0105cy sezon i odkryj swoje naturalne pi\u0119kno dzi\u0119ki odpowiednio dobranym kosmetykom.&nbsp; W tym artykule odpowiadamy na pytania:&#8211; kt\u00f3ry kosmetyk pomo\u017ce ci zadba\u0107 o szyj\u0119 i dekolt?&#8211; jakie w\u0142a\u015bciwo\u015bci ma krem z kom\u00f3rkami macierzystymi?&#8211; jak zatroszczy\u0107<\/p>\n","protected":false},"author":5,"featured_media":7323,"comment_status":"closed","ping_status":"open","sticky":false,"template":"","format":"standard","meta":[],"categories":[16],"tags":[118,731,735,116,496,98,471,733,117,302,207,730,286,113],"acf":[],"yoast_head":"<!-- This site is optimized with the Yoast SEO plugin v17.9 - https:\/\/yoast.com\/wordpress\/plugins\/seo\/ -->\n<title>Skarbiec<\/title>\n<meta name=\"description\" content=\"Twoje domowe zabiegi kosmetyczne skupiaj\u0105 si\u0119 przede wszystkim na twarzy? Dowiedz si\u0119 dlaczego piel\u0119gnacja szyi jest tak wa\u017cna\" \/>\n<meta name=\"robots\" content=\"index, follow, max-snippet:-1, max-image-preview:large, max-video-preview:-1\" \/>\n<link rel=\"canonical\" href=\"https:\/\/www.skarbieclynia.pl\/index.php\/2023\/05\/19\/pielegnacja-szyi-dekoltu-i-innych-miejsc-o-ktorych-zapominamy\/\" \/>\n<meta property=\"og:locale\" content=\"pl_PL\" \/>\n<meta property=\"og:type\" content=\"article\" \/>\n<meta property=\"og:title\" content=\"Piel\u0119gnacja szyi, dekoltu i innych miejsc, o kt\u00f3rych zapominamy - Skarbiec\" \/>\n<meta property=\"og:description\" content=\"Twoje domowe zabiegi kosmetyczne skupiaj\u0105 si\u0119 przede wszystkim na twarzy? Dowiedz si\u0119 dlaczego piel\u0119gnacja szyi jest tak wa\u017cna\" \/>\n<meta property=\"og:url\" content=\"https:\/\/www.skarbieclynia.pl\/index.php\/2023\/05\/19\/pielegnacja-szyi-dekoltu-i-innych-miejsc-o-ktorych-zapominamy\/\" \/>\n<meta property=\"og:site_name\" content=\"Skarbiec\" \/>\n<meta property=\"article:published_time\" content=\"2023-05-19T12:53:03+00:00\" \/>\n<meta property=\"article:modified_time\" content=\"2023-05-23T12:13:17+00:00\" \/>\n<meta property=\"og:image\" content=\"https:\/\/www.skarbieclynia.pl\/wp-content\/uploads\/2023\/05\/shutterstock_1106624027.jpg\" \/>\n\t<meta property=\"og:image:width\" content=\"1000\" \/>\n\t<meta property=\"og:image:height\" content=\"667\" \/>\n\t<meta property=\"og:image:type\" content=\"image\/jpeg\" \/>\n<meta name=\"twitter:card\" content=\"summary_large_image\" \/>\n<meta name=\"twitter:label1\" content=\"Napisane przez\" \/>\n\t<meta name=\"twitter:data1\" content=\"Agata Dobrzycka\" \/>\n\t<meta name=\"twitter:label2\" content=\"Szacowany czas czytania\" \/>\n\t<meta name=\"twitter:data2\" content=\"6 minut\" \/>\n<script type=\"application\/ld+json\" class=\"yoast-schema-graph\">{\"@context\":\"https:\/\/schema.org\",\"@graph\":[{\"@type\":\"WebSite\",\"@id\":\"https:\/\/www.skarbieclynia.pl\/#website\",\"url\":\"https:\/\/www.skarbieclynia.pl\/\",\"name\":\"Skarbiec\",\"description\":\"LYNIA\",\"potentialAction\":[{\"@type\":\"SearchAction\",\"target\":{\"@type\":\"EntryPoint\",\"urlTemplate\":\"https:\/\/www.skarbieclynia.pl\/?s={search_term_string}\"},\"query-input\":\"required name=search_term_string\"}],\"inLanguage\":\"pl-PL\"},{\"@type\":\"ImageObject\",\"@id\":\"https:\/\/www.skarbieclynia.pl\/index.php\/2023\/05\/19\/pielegnacja-szyi-dekoltu-i-innych-miejsc-o-ktorych-zapominamy\/#primaryimage\",\"inLanguage\":\"pl-PL\",\"url\":\"https:\/\/www.skarbieclynia.pl\/wp-content\/uploads\/2023\/05\/shutterstock_1106624027.jpg\",\"contentUrl\":\"https:\/\/www.skarbieclynia.pl\/wp-content\/uploads\/2023\/05\/shutterstock_1106624027.jpg\",\"width\":1000,\"height\":667,\"caption\":\"pielegnacja-szyi.jpg\"},{\"@type\":\"WebPage\",\"@id\":\"https:\/\/www.skarbieclynia.pl\/index.php\/2023\/05\/19\/pielegnacja-szyi-dekoltu-i-innych-miejsc-o-ktorych-zapominamy\/#webpage\",\"url\":\"https:\/\/www.skarbieclynia.pl\/index.php\/2023\/05\/19\/pielegnacja-szyi-dekoltu-i-innych-miejsc-o-ktorych-zapominamy\/\",\"name\":\"Piel\\u0119gnacja szyi, dekoltu i innych miejsc, o kt\\u00f3rych zapominamy - Skarbiec\",\"isPartOf\":{\"@id\":\"https:\/\/www.skarbieclynia.pl\/#website\"},\"primaryImageOfPage\":{\"@id\":\"https:\/\/www.skarbieclynia.pl\/index.php\/2023\/05\/19\/pielegnacja-szyi-dekoltu-i-innych-miejsc-o-ktorych-zapominamy\/#primaryimage\"},\"datePublished\":\"2023-05-19T12:53:03+00:00\",\"dateModified\":\"2023-05-23T12:13:17+00:00\",\"author\":{\"@id\":\"https:\/\/www.skarbieclynia.pl\/#\/schema\/person\/0c1074c6b7a0e693c3ae945afb1b6325\"},\"description\":\"Twoje domowe zabiegi kosmetyczne skupiaj\\u0105 si\\u0119 przede wszystkim na twarzy? Dowiedz si\\u0119 dlaczego piel\\u0119gnacja szyi jest tak wa\\u017cna\",\"breadcrumb\":{\"@id\":\"https:\/\/www.skarbieclynia.pl\/index.php\/2023\/05\/19\/pielegnacja-szyi-dekoltu-i-innych-miejsc-o-ktorych-zapominamy\/#breadcrumb\"},\"inLanguage\":\"pl-PL\",\"potentialAction\":[{\"@type\":\"ReadAction\",\"target\":[\"https:\/\/www.skarbieclynia.pl\/index.php\/2023\/05\/19\/pielegnacja-szyi-dekoltu-i-innych-miejsc-o-ktorych-zapominamy\/\"]}]},{\"@type\":\"BreadcrumbList\",\"@id\":\"https:\/\/www.skarbieclynia.pl\/index.php\/2023\/05\/19\/pielegnacja-szyi-dekoltu-i-innych-miejsc-o-ktorych-zapominamy\/#breadcrumb\",\"itemListElement\":[{\"@type\":\"ListItem\",\"position\":1,\"name\":\"Strona g\\u0142\\u00f3wna\",\"item\":\"https:\/\/www.skarbieclynia.pl\/\"},{\"@type\":\"ListItem\",\"position\":2,\"name\":\"Piel\\u0119gnacja szyi, dekoltu i innych miejsc, o kt\\u00f3rych zapominamy\"}]},{\"@type\":\"Person\",\"@id\":\"https:\/\/www.skarbieclynia.pl\/#\/schema\/person\/0c1074c6b7a0e693c3ae945afb1b6325\",\"name\":\"Agata Dobrzycka\",\"image\":{\"@type\":\"ImageObject\",\"@id\":\"https:\/\/www.skarbieclynia.pl\/#personlogo\",\"inLanguage\":\"pl-PL\",\"url\":\"https:\/\/secure.gravatar.com\/avatar\/416f82305c48a2816b33191c1e28876d?s=96&d=mm&r=g\",\"contentUrl\":\"https:\/\/secure.gravatar.com\/avatar\/416f82305c48a2816b33191c1e28876d?s=96&d=mm&r=g\",\"caption\":\"Agata Dobrzycka\"},\"url\":\"https:\/\/www.skarbieclynia.pl\/index.php\/author\/agata\/\"}]}<\/script>\n<!-- \/ Yoast SEO plugin. -->","yoast_head_json":{"title":"Skarbiec","description":"Twoje domowe zabiegi kosmetyczne skupiaj\u0105 si\u0119 przede wszystkim na twarzy? Dowiedz si\u0119 dlaczego piel\u0119gnacja szyi jest tak wa\u017cna","robots":{"index":"index","follow":"follow","max-snippet":"max-snippet:-1","max-image-preview":"max-image-preview:large","max-video-preview":"max-video-preview:-1"},"canonical":"https:\/\/www.skarbieclynia.pl\/index.php\/2023\/05\/19\/pielegnacja-szyi-dekoltu-i-innych-miejsc-o-ktorych-zapominamy\/","og_locale":"pl_PL","og_type":"article","og_title":"Piel\u0119gnacja szyi, dekoltu i innych miejsc, o kt\u00f3rych zapominamy - Skarbiec","og_description":"Twoje domowe zabiegi kosmetyczne skupiaj\u0105 si\u0119 przede wszystkim na twarzy? Dowiedz si\u0119 dlaczego piel\u0119gnacja szyi jest tak wa\u017cna","og_url":"https:\/\/www.skarbieclynia.pl\/index.php\/2023\/05\/19\/pielegnacja-szyi-dekoltu-i-innych-miejsc-o-ktorych-zapominamy\/","og_site_name":"Skarbiec","article_published_time":"2023-05-19T12:53:03+00:00","article_modified_time":"2023-05-23T12:13:17+00:00","og_image":[{"width":1000,"height":667,"url":"https:\/\/www.skarbieclynia.pl\/wp-content\/uploads\/2023\/05\/shutterstock_1106624027.jpg","type":"image\/jpeg"}],"twitter_card":"summary_large_image","twitter_misc":{"Napisane przez":"Agata Dobrzycka","Szacowany czas czytania":"6 minut"},"schema":{"@context":"https:\/\/schema.org","@graph":[{"@type":"WebSite","@id":"https:\/\/www.skarbieclynia.pl\/#website","url":"https:\/\/www.skarbieclynia.pl\/","name":"Skarbiec","description":"LYNIA","potentialAction":[{"@type":"SearchAction","target":{"@type":"EntryPoint","urlTemplate":"https:\/\/www.skarbieclynia.pl\/?s={search_term_string}"},"query-input":"required name=search_term_string"}],"inLanguage":"pl-PL"},{"@type":"ImageObject","@id":"https:\/\/www.skarbieclynia.pl\/index.php\/2023\/05\/19\/pielegnacja-szyi-dekoltu-i-innych-miejsc-o-ktorych-zapominamy\/#primaryimage","inLanguage":"pl-PL","url":"https:\/\/www.skarbieclynia.pl\/wp-content\/uploads\/2023\/05\/shutterstock_1106624027.jpg","contentUrl":"https:\/\/www.skarbieclynia.pl\/wp-content\/uploads\/2023\/05\/shutterstock_1106624027.jpg","width":1000,"height":667,"caption":"pielegnacja-szyi.jpg"},{"@type":"WebPage","@id":"https:\/\/www.skarbieclynia.pl\/index.php\/2023\/05\/19\/pielegnacja-szyi-dekoltu-i-innych-miejsc-o-ktorych-zapominamy\/#webpage","url":"https:\/\/www.skarbieclynia.pl\/index.php\/2023\/05\/19\/pielegnacja-szyi-dekoltu-i-innych-miejsc-o-ktorych-zapominamy\/","name":"Piel\u0119gnacja szyi, dekoltu i innych miejsc, o kt\u00f3rych zapominamy - Skarbiec","isPartOf":{"@id":"https:\/\/www.skarbieclynia.pl\/#website"},"primaryImageOfPage":{"@id":"https:\/\/www.skarbieclynia.pl\/index.php\/2023\/05\/19\/pielegnacja-szyi-dekoltu-i-innych-miejsc-o-ktorych-zapominamy\/#primaryimage"},"datePublished":"2023-05-19T12:53:03+00:00","dateModified":"2023-05-23T12:13:17+00:00","author":{"@id":"https:\/\/www.skarbieclynia.pl\/#\/schema\/person\/0c1074c6b7a0e693c3ae945afb1b6325"},"description":"Twoje domowe zabiegi kosmetyczne skupiaj\u0105 si\u0119 przede wszystkim na twarzy? Dowiedz si\u0119 dlaczego piel\u0119gnacja szyi jest tak wa\u017cna","breadcrumb":{"@id":"https:\/\/www.skarbieclynia.pl\/index.php\/2023\/05\/19\/pielegnacja-szyi-dekoltu-i-innych-miejsc-o-ktorych-zapominamy\/#breadcrumb"},"inLanguage":"pl-PL","potentialAction":[{"@type":"ReadAction","target":["https:\/\/www.skarbieclynia.pl\/index.php\/2023\/05\/19\/pielegnacja-szyi-dekoltu-i-innych-miejsc-o-ktorych-zapominamy\/"]}]},{"@type":"BreadcrumbList","@id":"https:\/\/www.skarbieclynia.pl\/index.php\/2023\/05\/19\/pielegnacja-szyi-dekoltu-i-innych-miejsc-o-ktorych-zapominamy\/#breadcrumb","itemListElement":[{"@type":"ListItem","position":1,"name":"Strona g\u0142\u00f3wna","item":"https:\/\/www.skarbieclynia.pl\/"},{"@type":"ListItem","position":2,"name":"Piel\u0119gnacja szyi, dekoltu i innych miejsc, o kt\u00f3rych zapominamy"}]},{"@type":"Person","@id":"https:\/\/www.skarbieclynia.pl\/#\/schema\/person\/0c1074c6b7a0e693c3ae945afb1b6325","name":"Agata Dobrzycka","image":{"@type":"ImageObject","@id":"https:\/\/www.skarbieclynia.pl\/#personlogo","inLanguage":"pl-PL","url":"https:\/\/secure.gravatar.com\/avatar\/416f82305c48a2816b33191c1e28876d?s=96&d=mm&r=g","contentUrl":"https:\/\/secure.gravatar.com\/avatar\/416f82305c48a2816b33191c1e28876d?s=96&d=mm&r=g","caption":"Agata Dobrzycka"},"url":"https:\/\/www.skarbieclynia.pl\/index.php\/author\/agata\/"}]}},"_links":{"self":[{"href":"https:\/\/www.skarbieclynia.pl\/index.php\/wp-json\/wp\/v2\/posts\/7322"}],"collection":[{"href":"https:\/\/www.skarbieclynia.pl\/index.php\/wp-json\/wp\/v2\/posts"}],"about":[{"href":"https:\/\/www.skarbieclynia.pl\/index.php\/wp-json\/wp\/v2\/types\/post"}],"author":[{"embeddable":true,"href":"https:\/\/www.skarbieclynia.pl\/index.php\/wp-json\/wp\/v2\/users\/5"}],"replies":[{"embeddable":true,"href":"https:\/\/www.skarbieclynia.pl\/index.php\/wp-json\/wp\/v2\/comments?post=7322"}],"version-history":[{"count":6,"href":"https:\/\/www.skarbieclynia.pl\/index.php\/wp-json\/wp\/v2\/posts\/7322\/revisions"}],"predecessor-version":[{"id":7337,"href":"https:\/\/www.skarbieclynia.pl\/index.php\/wp-json\/wp\/v2\/posts\/7322\/revisions\/7337"}],"wp:featuredmedia":[{"embeddable":true,"href":"https:\/\/www.skarbieclynia.pl\/index.php\/wp-json\/wp\/v2\/media\/7323"}],"wp:attachment":[{"href":"https:\/\/www.skarbieclynia.pl\/index.php\/wp-json\/wp\/v2\/media?parent=7322"}],"wp:term":[{"taxonomy":"category","embeddable":true,"href":"https:\/\/www.skarbieclynia.pl\/index.php\/wp-json\/wp\/v2\/categories?post=7322"},{"taxonomy":"post_tag","embeddable":true,"href":"https:\/\/www.skarbieclynia.pl\/index.php\/wp-json\/wp\/v2\/tags?post=7322"}],"curies":[{"name":"wp","href":"https:\/\/api.w.org\/{rel}","templated":true}]}}