{"id":7196,"date":"2023-05-19T10:42:49","date_gmt":"2023-05-19T08:42:49","guid":{"rendered":"https:\/\/www.skarbieclynia.pl\/?p=7196"},"modified":"2023-09-14T10:29:04","modified_gmt":"2023-09-14T08:29:04","slug":"wypadanie-wlosow-przyczyny-i-skuteczna-pomoc","status":"publish","type":"post","link":"https:\/\/www.skarbieclynia.pl\/index.php\/2023\/05\/19\/wypadanie-wlosow-przyczyny-i-skuteczna-pomoc\/","title":{"rendered":"Wypadanie w\u0142os\u00f3w &#8211; przyczyny i skuteczna pomoc"},"content":{"rendered":"\n<p class=\"has-drop-cap\"><strong>Wypadanie w\u0142os\u00f3w<\/strong> dotyczy zar\u00f3wno m\u0119\u017cczyzn, jak i kobiet. Na t\u0119 dolegliwo\u015b\u0107 cierpi\u0105 ludzie w r\u00f3\u017cnym wieku, r\u00f3wnie\u017c te, kt\u00f3re prowadz\u0105 zdrowy tryb \u017cycia. Dzisiaj poznasz przyczyny tego niekomfortowego zjawiska i dowiesz si\u0119, jak nale\u017cy sobie z nim radzi\u0107. <strong>Regularna piel\u0119gnacja<\/strong> zak\u0142adaj\u0105ca stosowanie kosmetyk\u00f3w z dobrze dobranym sk\u0142adem rozprawia si\u0119 z tym problemem sprawiaj\u0105c, \u017ce pewno\u015b\u0107 siebie wzrasta. A to przecie\u017c klucz do sukcesu w ka\u017cdej dziedzinie \u017cycia.<\/p>\n\n\n\n<p><strong>W tym artykule odpowiadamy na pytania:<br><\/strong><a href=\"#nadmierne\">&#8211; jakie s\u0105 przyczyny wypadania w\u0142os\u00f3w u kobiet i m\u0119\u017cczyzn?<br><\/a><a href=\"#WYPADANIE\">&#8211; jakie substancje efektywnie walcz\u0105 z wypadaniem w\u0142os\u00f3w?<br><\/a><a href=\"#porost\">&#8211; kt\u00f3re kosmetyki na wypadanie w\u0142os\u00f3w s\u0105 skuteczne?<\/a><\/p>\n\n\n\n<h2 id=\"nadmierne\"><strong>Nadmierne wypadanie w\u0142os\u00f3w &#8211; poznaj przyczyny<\/strong><\/h2>\n\n\n\n<p>Zdrowy cz\u0142owiek traci <strong>dziennie oko\u0142o 100 w\u0142os\u00f3w<\/strong>. Cho\u0107 na pierwszy rzut oka ta liczba wydaje si\u0119 du\u017ca, to nie ma w niej niczego alarmuj\u0105cego. Taka ilo\u015b\u0107 jest standardowa i nie powinna wzbudza\u0107 niepokoju. Jednak zdarza si\u0119, \u017ce kobiety i m\u0119\u017cczy\u017ani podczas codziennej piel\u0119gnacji i stylizacji zauwa\u017caj\u0105 znacznie wi\u0119ksze straty i <strong>wypadanie w\u0142os\u00f3w staje si\u0119 realnym problemem<\/strong>. Jakie s\u0105 przyczyny? By je dok\u0142adnie ustali\u0107, warto wybra\u0107 si\u0119 do specjalisty &#8211; trycholog przeprowadzi badania i na ich podstawie ustali powody wypadania w\u0142os\u00f3w. Przybli\u017cymy ci jednak najcz\u0119stsze czynniki sprawcze tego zagadnienia.<\/p>\n\n\n\n<h4><strong>Stres, brak snu, niedo\u017cywienie, z\u0142a dieta i palenie<\/strong><\/h4>\n\n\n\n<p>Je\u015bli zauwa\u017cysz u siebie niepokoj\u0105ce objawy, przyjrzyj si\u0119 swojemu dotychczasowemu \u017cyciu. Je\u017celi w ostatnim czasie pojawi\u0142o si\u0119 w nim du\u017co stresogennych bod\u017ac\u00f3w, prawdopodobnie one s\u0105 powodem problem\u00f3w. Pomy\u015bl te\u017c nad wdro\u017ceniem zmian w diecie i odrzuceniem u\u017cywek.<\/p>\n\n\n\n<h4><strong>Wahania hormonalne zwi\u0105zane z ci\u0105\u017c\u0105 i odstawieniem antykoncepcji<\/strong><\/h4>\n\n\n\n<p>Przyczyny wypadania w\u0142os\u00f3w u kobiet s\u0105 powi\u0105zane z estrogenem, kt\u00f3rego poziom wzrasta lub maleje w zale\u017cno\u015bci od tego, co aktualnie dzieje si\u0119 z organizmem.<\/p>\n\n\n\n<h4><strong>Efekt uboczny lek\u00f3w<\/strong><\/h4>\n\n\n\n<p>Niekt\u00f3re z nich mog\u0105 powodowa\u0107 wypadanie w\u0142os\u00f3w. Nale\u017cy to zg\u0142osi\u0107 lekarzowi, kt\u00f3ry mo\u017ce zmieni\u0107 medykamenty lub ich dawkowanie.<\/p>\n\n\n\n<h4><strong>\u0141ysienie plackowate<\/strong><\/h4>\n\n\n\n<p>To choroba autoimmunologiczna, kt\u00f3rej przyczyny nie do ko\u0144ca s\u0105 znane. Uci\u0105\u017cliwe schorzenie mo\u017ce dokucza\u0107 stale lub epizodycznie. Istniej\u0105 cztery odmiany tego rodzaju \u0142ysienia:<br>&#8211; gdy w\u0142osy wypadaj\u0105 w okolicy uszu i szyi (Alopecia Ophiasis),<br>&#8211; w sytuacji, gdy w\u0142osy wypadaj\u0105 w du\u017cych \u0142atach (Alopecia Areata),<br>&#8211; wypadanie wszystkich w\u0142os\u00f3w na g\u0142owie (Alopecia Totalis),<br>&#8211; wypadanie w\u0142os\u00f3w na ca\u0142ym ciele(Alopecia Universalis).<br>Istniej\u0105 te\u017c inne choroby skutkuj\u0105ce wypadaniem w\u0142os\u00f3w. W\u015br\u00f3d nich mi\u0119dzy innymi \u0142uszczyca, \u0142upie\u017c czy atopowe zapalenie sk\u00f3ry.<\/p>\n\n\n\n<h4><strong>Menopauza<\/strong><\/h4>\n\n\n\n<p>Genetyczne wypadanie w\u0142os\u00f3w u kobiet spowodowane wstrzymanie wzrostu estrogenu i rozwojem testosteronu.<\/p>\n\n\n\n<h4><strong>\u0141ysienie androgenowe u m\u0119\u017cczyzn<\/strong><\/h4>\n\n\n\n<p>R\u00f3wnie\u017c uwarunkowane genetycznie, b\u0119d\u0105ce nast\u0119pstwem przekszta\u0142cenia testosteronu w jego aktywn\u0105 form\u0119.<\/p>\n\n\n\n<p>Jak widzisz, <strong>przyczyny wypadania w\u0142os\u00f3w<\/strong> s\u0105 r\u00f3\u017cne i nie zawsze zale\u017cne od nas. To uci\u0105\u017cliwa przypad\u0142o\u015b\u0107 powoduj\u0105ca dyskomfort. Czasami tak du\u017cy, \u017ce prowadzi do wycofania spo\u0142ecznego. Dlatego tak wa\u017cna jest \u015bwiadomo\u015b\u0107 nie tylko istnienia tego problemu, ale r\u00f3wnie\u017c wiedza o tym, jak sobie z nim radzi\u0107. I w\u0142a\u015bnie j\u0105 chcemy ci przekaza\u0107.<\/p>\n\n\n\n<div class=\"wp-block-image\"><figure class=\"alignright size-full is-resized\"><img loading=\"lazy\" src=\"https:\/\/www.skarbieclynia.pl\/wp-content\/uploads\/2023\/05\/shutterstock_1509154868-1.jpg\" alt=\"wypadanie.jpg\" class=\"wp-image-7206\" width=\"500\" height=\"334\" srcset=\"https:\/\/www.skarbieclynia.pl\/wp-content\/uploads\/2023\/05\/shutterstock_1509154868-1.jpg 1000w, https:\/\/www.skarbieclynia.pl\/wp-content\/uploads\/2023\/05\/shutterstock_1509154868-1-300x200.jpg 300w, https:\/\/www.skarbieclynia.pl\/wp-content\/uploads\/2023\/05\/shutterstock_1509154868-1-768x512.jpg 768w, https:\/\/www.skarbieclynia.pl\/wp-content\/uploads\/2023\/05\/shutterstock_1509154868-1-720x480.jpg 720w, https:\/\/www.skarbieclynia.pl\/wp-content\/uploads\/2023\/05\/shutterstock_1509154868-1-480x320.jpg 480w\" sizes=\"(max-width: 500px) 100vw, 500px\" \/><\/figure><\/div>\n\n\n\n<h2 id=\"WYPADANIE\"><strong>Jakie substancje efektywnie walcz\u0105 z wypadaniem w\u0142os\u00f3w?<\/strong><\/h2>\n\n\n\n<p>Nie trzeba szuka\u0107 daleko, by znale\u017a\u0107 produkty o w\u0142a\u015bciwo\u015bciach skutecznie rozprawiaj\u0105cych si\u0119 z \u0142ysieniem androgenicznym. Jednym z nich jest <a href=\"https:\/\/e-naturalne.pl\/pl\/p\/Ekstrakt-z-korzenia-bazylii-stymulacja-porostu-wlosow-\/1908\"><strong>ekstrakt z korzenia bazylii<\/strong><\/a>, kt\u00f3ry przeciwdzia\u0142a wypadaniu w\u0142os\u00f3w, zag\u0119szcza je, stymuluje kom\u00f3rki mieszk\u00f3w w\u0142osowych i odm\u0142adza sk\u00f3r\u0119 g\u0142owy. Dlaczego tak si\u0119 dzieje? To substancja, dzi\u0119ki kt\u00f3rej aktywno\u015b\u0107 enzymu 5\u03b1 reduktazy II zostaje istotnie zmniejszona. A to w\u0142a\u015bnie ten enzym jest odpowiedzialny za <strong>\u0142ysienie androgeniczne<\/strong>. Ekstrakt z korzenia bazylii przyczynia si\u0119 do mno\u017cenia si\u0119 kom\u00f3rek brodawek sk\u00f3rnych i znacz\u0105co op\u00f3\u017ania utrat\u0119 w\u0142os\u00f3w. Okazuje si\u0119, \u017ce bazyli\u0119 warto polubi\u0107 nie tylko za wyj\u0105tkowy smak i aromat wzbogacaj\u0105cy potrawy \ud83d\ude42&nbsp;<\/p>\n\n\n\n<p>Kolejna substancja to <a href=\"https:\/\/e-naturalne.pl\/pl\/p\/Kwas-azelainowy\/2233\"><strong>kwas azelainowy<\/strong><\/a>, a wi\u0119c zwi\u0105zek organiczny wykazuj\u0105cy dzia\u0142anie przeciwbakteryjne, przeciwzapalne i delikatnie z\u0142uszczaj\u0105ce. Udowodniono mu w\u0142a\u015bciwo\u015bci, dzi\u0119ki kt\u00f3rym efektywnie <strong>walczy z atopowym zapaleniem sk\u00f3ry<\/strong>, przebarwieniami czy r\u00f3\u017cnymi odmianami tr\u0105dziku. Jest polecany r\u00f3wnie\u017c w kuracji zapalenia mieszk\u00f3w w\u0142osowych i skuteczny w walce z wypadaniem w\u0142os\u00f3w. Wykazuje w\u0142a\u015bciwo\u015bci podobne do pozyskiwanej syntetycznie antraliny, a wi\u0119c jednego z najefektywniejszych lek\u00f3w przeciw\u0142uszczycowych. <strong>Kupisz go <\/strong><a href=\"https:\/\/e-naturalne.pl\/pl\/p\/Kwas-azelainowy\/2233\"><strong>TUTAJ<\/strong><\/a> w atrakcyjnej cenie.<\/p>\n\n\n\n<h2 id=\"porost\"><strong>Substancje aktywne na porost w\u0142os\u00f3w w kosmetykach<\/strong><\/h2>\n\n\n\n<p>M\u00f3wi\u0105c o kosmetykach walcz\u0105cych z problemem wypadania w\u0142os\u00f3w my\u015blimy najcz\u0119\u015bciej o <strong>szamponach i od\u017cywkach<\/strong>. I s\u0142usznie \ud83d\ude42 To mi\u0119dzy innymi one pomagaj\u0105 sprawnie pozby\u0107 si\u0119 dolegliwo\u015bci, od\u017cywiaj\u0105 i regeneruj\u0105 sk\u00f3r\u0119 g\u0142owy. Do skomponowania tego typu kosmetyk\u00f3w idealnie nadaje si\u0119 <a href=\"https:\/\/e-naturalne.pl\/pl\/p\/Ekstrakt-z-korzenia-bazylii-stymulacja-porostu-wlosow-\/1908\"><strong>ekstrakt z korzenia bazylii<\/strong><\/a>. Szampon na wypadanie w\u0142os\u00f3w i od\u017cywka to jednak nie jedyne preparaty, jakie mo\u017cna stworzy\u0107 z wykorzystaniem tej substancji. To r\u00f3wnie\u017c mgie\u0142ki i maski, zar\u00f3wno do w\u0142os\u00f3w, jak i sk\u00f3ry g\u0142owy. Z kolei <a href=\"https:\/\/e-naturalne.pl\/pl\/p\/Kwas-azelainowy\/2233\"><strong>kwas azaleinowy<\/strong> <\/a>to substancja aktywna polecana mi\u0119dzy innymi do takich preparat\u00f3w jak toniki, kremy, \u017cele i emulsje.&nbsp;<\/p>\n\n\n\n<p><strong>Wypadanie w\u0142os\u00f3w<\/strong> to cz\u0119ste schorzenie, z kt\u00f3rym \u015bwietnie radz\u0105 sobie naturalne kosmetyki. W ich sk\u0142adzie nie musz\u0105 znajdowa\u0107 si\u0119 chemiczne substraty, by szampon czy mgie\u0142ka by\u0142y efektywne. Udowodnione <strong>dzia\u0142anie ekstraktu z korzenia bazylii i kwasu azaleinowego<\/strong> warto wykorzysta\u0107 ju\u017c teraz, by skutecznie rozprawi\u0107 si\u0119 z niekomfortowymi dolegliwo\u015bciami. To bezpieczny ratunek dla w\u0142os\u00f3w i sk\u00f3ry g\u0142owy.<\/p>\n","protected":false},"excerpt":{"rendered":"<p>Wypadanie w\u0142os\u00f3w dotyczy zar\u00f3wno m\u0119\u017cczyzn, jak i kobiet. Na t\u0119 dolegliwo\u015b\u0107 cierpi\u0105 ludzie w r\u00f3\u017cnym wieku, r\u00f3wnie\u017c te, kt\u00f3re prowadz\u0105 zdrowy tryb \u017cycia. Dzisiaj poznasz przyczyny tego niekomfortowego zjawiska i dowiesz si\u0119, jak nale\u017cy sobie z nim radzi\u0107. Regularna piel\u0119gnacja zak\u0142adaj\u0105ca stosowanie kosmetyk\u00f3w z dobrze dobranym sk\u0142adem rozprawia si\u0119 z tym problemem sprawiaj\u0105c, \u017ce pewno\u015b\u0107 siebie wzrasta. A to przecie\u017c klucz do sukcesu w ka\u017cdej dziedzinie \u017cycia. W tym artykule odpowiadamy na pytania:&#8211; jakie s\u0105 przyczyny wypadania w\u0142os\u00f3w u kobiet i m\u0119\u017cczyzn?&#8211; jakie substancje efektywnie walcz\u0105 z wypadaniem w\u0142os\u00f3w?&#8211; kt\u00f3re kosmetyki na wypadanie w\u0142os\u00f3w s\u0105 skuteczne? Nadmierne wypadanie w\u0142os\u00f3w &#8211;<\/p>\n","protected":false},"author":5,"featured_media":7203,"comment_status":"closed","ping_status":"open","sticky":false,"template":"","format":"standard","meta":[],"categories":[788],"tags":[696,697,405,693,701,698,699,700,411,694,695],"acf":[],"yoast_head":"<!-- This site is optimized with the Yoast SEO plugin v17.9 - https:\/\/yoast.com\/wordpress\/plugins\/seo\/ -->\n<title>Skarbiec<\/title>\n<meta name=\"description\" content=\"Wypadanie w\u0142os\u00f3w to problem, z kt\u00f3rym poradz\u0105 sobie konkretne substancje wspieraj\u0105ce porost.\" \/>\n<meta name=\"robots\" content=\"index, follow, max-snippet:-1, max-image-preview:large, max-video-preview:-1\" \/>\n<link rel=\"canonical\" href=\"https:\/\/www.skarbieclynia.pl\/index.php\/2023\/05\/19\/wypadanie-wlosow-przyczyny-i-skuteczna-pomoc\/\" \/>\n<meta property=\"og:locale\" content=\"pl_PL\" \/>\n<meta property=\"og:type\" content=\"article\" \/>\n<meta property=\"og:title\" content=\"Wypadanie w\u0142os\u00f3w - przyczyny i skuteczna pomoc - Skarbiec\" \/>\n<meta property=\"og:description\" content=\"Wypadanie w\u0142os\u00f3w to problem, z kt\u00f3rym poradz\u0105 sobie konkretne substancje wspieraj\u0105ce porost.\" \/>\n<meta property=\"og:url\" content=\"https:\/\/www.skarbieclynia.pl\/index.php\/2023\/05\/19\/wypadanie-wlosow-przyczyny-i-skuteczna-pomoc\/\" \/>\n<meta property=\"og:site_name\" content=\"Skarbiec\" \/>\n<meta property=\"article:published_time\" content=\"2023-05-19T08:42:49+00:00\" \/>\n<meta property=\"article:modified_time\" content=\"2023-09-14T08:29:04+00:00\" \/>\n<meta property=\"og:image\" content=\"https:\/\/www.skarbieclynia.pl\/wp-content\/uploads\/2023\/05\/shutterstock_1709464186.jpg\" \/>\n\t<meta property=\"og:image:width\" content=\"1000\" \/>\n\t<meta property=\"og:image:height\" content=\"667\" \/>\n\t<meta property=\"og:image:type\" content=\"image\/jpeg\" \/>\n<meta name=\"twitter:card\" content=\"summary_large_image\" \/>\n<meta name=\"twitter:label1\" content=\"Napisane przez\" \/>\n\t<meta name=\"twitter:data1\" content=\"Agata Dobrzycka\" \/>\n\t<meta name=\"twitter:label2\" content=\"Szacowany czas czytania\" \/>\n\t<meta name=\"twitter:data2\" content=\"5 minut\" \/>\n<script type=\"application\/ld+json\" class=\"yoast-schema-graph\">{\"@context\":\"https:\/\/schema.org\",\"@graph\":[{\"@type\":\"WebSite\",\"@id\":\"https:\/\/www.skarbieclynia.pl\/#website\",\"url\":\"https:\/\/www.skarbieclynia.pl\/\",\"name\":\"Skarbiec\",\"description\":\"LYNIA\",\"potentialAction\":[{\"@type\":\"SearchAction\",\"target\":{\"@type\":\"EntryPoint\",\"urlTemplate\":\"https:\/\/www.skarbieclynia.pl\/?s={search_term_string}\"},\"query-input\":\"required name=search_term_string\"}],\"inLanguage\":\"pl-PL\"},{\"@type\":\"ImageObject\",\"@id\":\"https:\/\/www.skarbieclynia.pl\/index.php\/2023\/05\/19\/wypadanie-wlosow-przyczyny-i-skuteczna-pomoc\/#primaryimage\",\"inLanguage\":\"pl-PL\",\"url\":\"https:\/\/www.skarbieclynia.pl\/wp-content\/uploads\/2023\/05\/shutterstock_1709464186.jpg\",\"contentUrl\":\"https:\/\/www.skarbieclynia.pl\/wp-content\/uploads\/2023\/05\/shutterstock_1709464186.jpg\",\"width\":1000,\"height\":667,\"caption\":\"wypadanie-wlosow.jpg\"},{\"@type\":\"WebPage\",\"@id\":\"https:\/\/www.skarbieclynia.pl\/index.php\/2023\/05\/19\/wypadanie-wlosow-przyczyny-i-skuteczna-pomoc\/#webpage\",\"url\":\"https:\/\/www.skarbieclynia.pl\/index.php\/2023\/05\/19\/wypadanie-wlosow-przyczyny-i-skuteczna-pomoc\/\",\"name\":\"Wypadanie w\\u0142os\\u00f3w - przyczyny i skuteczna pomoc - Skarbiec\",\"isPartOf\":{\"@id\":\"https:\/\/www.skarbieclynia.pl\/#website\"},\"primaryImageOfPage\":{\"@id\":\"https:\/\/www.skarbieclynia.pl\/index.php\/2023\/05\/19\/wypadanie-wlosow-przyczyny-i-skuteczna-pomoc\/#primaryimage\"},\"datePublished\":\"2023-05-19T08:42:49+00:00\",\"dateModified\":\"2023-09-14T08:29:04+00:00\",\"author\":{\"@id\":\"https:\/\/www.skarbieclynia.pl\/#\/schema\/person\/0c1074c6b7a0e693c3ae945afb1b6325\"},\"description\":\"Wypadanie w\\u0142os\\u00f3w to problem, z kt\\u00f3rym poradz\\u0105 sobie konkretne substancje wspieraj\\u0105ce porost.\",\"breadcrumb\":{\"@id\":\"https:\/\/www.skarbieclynia.pl\/index.php\/2023\/05\/19\/wypadanie-wlosow-przyczyny-i-skuteczna-pomoc\/#breadcrumb\"},\"inLanguage\":\"pl-PL\",\"potentialAction\":[{\"@type\":\"ReadAction\",\"target\":[\"https:\/\/www.skarbieclynia.pl\/index.php\/2023\/05\/19\/wypadanie-wlosow-przyczyny-i-skuteczna-pomoc\/\"]}]},{\"@type\":\"BreadcrumbList\",\"@id\":\"https:\/\/www.skarbieclynia.pl\/index.php\/2023\/05\/19\/wypadanie-wlosow-przyczyny-i-skuteczna-pomoc\/#breadcrumb\",\"itemListElement\":[{\"@type\":\"ListItem\",\"position\":1,\"name\":\"Strona g\\u0142\\u00f3wna\",\"item\":\"https:\/\/www.skarbieclynia.pl\/\"},{\"@type\":\"ListItem\",\"position\":2,\"name\":\"Wypadanie w\\u0142os\\u00f3w &#8211; przyczyny i skuteczna pomoc\"}]},{\"@type\":\"Person\",\"@id\":\"https:\/\/www.skarbieclynia.pl\/#\/schema\/person\/0c1074c6b7a0e693c3ae945afb1b6325\",\"name\":\"Agata Dobrzycka\",\"image\":{\"@type\":\"ImageObject\",\"@id\":\"https:\/\/www.skarbieclynia.pl\/#personlogo\",\"inLanguage\":\"pl-PL\",\"url\":\"https:\/\/secure.gravatar.com\/avatar\/416f82305c48a2816b33191c1e28876d?s=96&d=mm&r=g\",\"contentUrl\":\"https:\/\/secure.gravatar.com\/avatar\/416f82305c48a2816b33191c1e28876d?s=96&d=mm&r=g\",\"caption\":\"Agata Dobrzycka\"},\"url\":\"https:\/\/www.skarbieclynia.pl\/index.php\/author\/agata\/\"}]}<\/script>\n<!-- \/ Yoast SEO plugin. -->","yoast_head_json":{"title":"Skarbiec","description":"Wypadanie w\u0142os\u00f3w to problem, z kt\u00f3rym poradz\u0105 sobie konkretne substancje wspieraj\u0105ce porost.","robots":{"index":"index","follow":"follow","max-snippet":"max-snippet:-1","max-image-preview":"max-image-preview:large","max-video-preview":"max-video-preview:-1"},"canonical":"https:\/\/www.skarbieclynia.pl\/index.php\/2023\/05\/19\/wypadanie-wlosow-przyczyny-i-skuteczna-pomoc\/","og_locale":"pl_PL","og_type":"article","og_title":"Wypadanie w\u0142os\u00f3w - przyczyny i skuteczna pomoc - Skarbiec","og_description":"Wypadanie w\u0142os\u00f3w to problem, z kt\u00f3rym poradz\u0105 sobie konkretne substancje wspieraj\u0105ce porost.","og_url":"https:\/\/www.skarbieclynia.pl\/index.php\/2023\/05\/19\/wypadanie-wlosow-przyczyny-i-skuteczna-pomoc\/","og_site_name":"Skarbiec","article_published_time":"2023-05-19T08:42:49+00:00","article_modified_time":"2023-09-14T08:29:04+00:00","og_image":[{"width":1000,"height":667,"url":"https:\/\/www.skarbieclynia.pl\/wp-content\/uploads\/2023\/05\/shutterstock_1709464186.jpg","type":"image\/jpeg"}],"twitter_card":"summary_large_image","twitter_misc":{"Napisane przez":"Agata Dobrzycka","Szacowany czas czytania":"5 minut"},"schema":{"@context":"https:\/\/schema.org","@graph":[{"@type":"WebSite","@id":"https:\/\/www.skarbieclynia.pl\/#website","url":"https:\/\/www.skarbieclynia.pl\/","name":"Skarbiec","description":"LYNIA","potentialAction":[{"@type":"SearchAction","target":{"@type":"EntryPoint","urlTemplate":"https:\/\/www.skarbieclynia.pl\/?s={search_term_string}"},"query-input":"required name=search_term_string"}],"inLanguage":"pl-PL"},{"@type":"ImageObject","@id":"https:\/\/www.skarbieclynia.pl\/index.php\/2023\/05\/19\/wypadanie-wlosow-przyczyny-i-skuteczna-pomoc\/#primaryimage","inLanguage":"pl-PL","url":"https:\/\/www.skarbieclynia.pl\/wp-content\/uploads\/2023\/05\/shutterstock_1709464186.jpg","contentUrl":"https:\/\/www.skarbieclynia.pl\/wp-content\/uploads\/2023\/05\/shutterstock_1709464186.jpg","width":1000,"height":667,"caption":"wypadanie-wlosow.jpg"},{"@type":"WebPage","@id":"https:\/\/www.skarbieclynia.pl\/index.php\/2023\/05\/19\/wypadanie-wlosow-przyczyny-i-skuteczna-pomoc\/#webpage","url":"https:\/\/www.skarbieclynia.pl\/index.php\/2023\/05\/19\/wypadanie-wlosow-przyczyny-i-skuteczna-pomoc\/","name":"Wypadanie w\u0142os\u00f3w - przyczyny i skuteczna pomoc - Skarbiec","isPartOf":{"@id":"https:\/\/www.skarbieclynia.pl\/#website"},"primaryImageOfPage":{"@id":"https:\/\/www.skarbieclynia.pl\/index.php\/2023\/05\/19\/wypadanie-wlosow-przyczyny-i-skuteczna-pomoc\/#primaryimage"},"datePublished":"2023-05-19T08:42:49+00:00","dateModified":"2023-09-14T08:29:04+00:00","author":{"@id":"https:\/\/www.skarbieclynia.pl\/#\/schema\/person\/0c1074c6b7a0e693c3ae945afb1b6325"},"description":"Wypadanie w\u0142os\u00f3w to problem, z kt\u00f3rym poradz\u0105 sobie konkretne substancje wspieraj\u0105ce porost.","breadcrumb":{"@id":"https:\/\/www.skarbieclynia.pl\/index.php\/2023\/05\/19\/wypadanie-wlosow-przyczyny-i-skuteczna-pomoc\/#breadcrumb"},"inLanguage":"pl-PL","potentialAction":[{"@type":"ReadAction","target":["https:\/\/www.skarbieclynia.pl\/index.php\/2023\/05\/19\/wypadanie-wlosow-przyczyny-i-skuteczna-pomoc\/"]}]},{"@type":"BreadcrumbList","@id":"https:\/\/www.skarbieclynia.pl\/index.php\/2023\/05\/19\/wypadanie-wlosow-przyczyny-i-skuteczna-pomoc\/#breadcrumb","itemListElement":[{"@type":"ListItem","position":1,"name":"Strona g\u0142\u00f3wna","item":"https:\/\/www.skarbieclynia.pl\/"},{"@type":"ListItem","position":2,"name":"Wypadanie w\u0142os\u00f3w &#8211; przyczyny i skuteczna pomoc"}]},{"@type":"Person","@id":"https:\/\/www.skarbieclynia.pl\/#\/schema\/person\/0c1074c6b7a0e693c3ae945afb1b6325","name":"Agata Dobrzycka","image":{"@type":"ImageObject","@id":"https:\/\/www.skarbieclynia.pl\/#personlogo","inLanguage":"pl-PL","url":"https:\/\/secure.gravatar.com\/avatar\/416f82305c48a2816b33191c1e28876d?s=96&d=mm&r=g","contentUrl":"https:\/\/secure.gravatar.com\/avatar\/416f82305c48a2816b33191c1e28876d?s=96&d=mm&r=g","caption":"Agata Dobrzycka"},"url":"https:\/\/www.skarbieclynia.pl\/index.php\/author\/agata\/"}]}},"_links":{"self":[{"href":"https:\/\/www.skarbieclynia.pl\/index.php\/wp-json\/wp\/v2\/posts\/7196"}],"collection":[{"href":"https:\/\/www.skarbieclynia.pl\/index.php\/wp-json\/wp\/v2\/posts"}],"about":[{"href":"https:\/\/www.skarbieclynia.pl\/index.php\/wp-json\/wp\/v2\/types\/post"}],"author":[{"embeddable":true,"href":"https:\/\/www.skarbieclynia.pl\/index.php\/wp-json\/wp\/v2\/users\/5"}],"replies":[{"embeddable":true,"href":"https:\/\/www.skarbieclynia.pl\/index.php\/wp-json\/wp\/v2\/comments?post=7196"}],"version-history":[{"count":4,"href":"https:\/\/www.skarbieclynia.pl\/index.php\/wp-json\/wp\/v2\/posts\/7196\/revisions"}],"predecessor-version":[{"id":7209,"href":"https:\/\/www.skarbieclynia.pl\/index.php\/wp-json\/wp\/v2\/posts\/7196\/revisions\/7209"}],"wp:featuredmedia":[{"embeddable":true,"href":"https:\/\/www.skarbieclynia.pl\/index.php\/wp-json\/wp\/v2\/media\/7203"}],"wp:attachment":[{"href":"https:\/\/www.skarbieclynia.pl\/index.php\/wp-json\/wp\/v2\/media?parent=7196"}],"wp:term":[{"taxonomy":"category","embeddable":true,"href":"https:\/\/www.skarbieclynia.pl\/index.php\/wp-json\/wp\/v2\/categories?post=7196"},{"taxonomy":"post_tag","embeddable":true,"href":"https:\/\/www.skarbieclynia.pl\/index.php\/wp-json\/wp\/v2\/tags?post=7196"}],"curies":[{"name":"wp","href":"https:\/\/api.w.org\/{rel}","templated":true}]}}