{"id":6892,"date":"2023-02-03T15:14:28","date_gmt":"2023-02-03T14:14:28","guid":{"rendered":"https:\/\/www.skarbieclynia.pl\/?p=6892"},"modified":"2023-04-19T15:17:17","modified_gmt":"2023-04-19T13:17:17","slug":"niacynamid-w-walce-z-cera-tlusta-regulacja-wydzielania-sebum-i-inne-wlasciwosci","status":"publish","type":"post","link":"https:\/\/www.skarbieclynia.pl\/index.php\/2023\/02\/03\/niacynamid-w-walce-z-cera-tlusta-regulacja-wydzielania-sebum-i-inne-wlasciwosci\/","title":{"rendered":"Niacynamid w walce z cer\u0105 t\u0142ust\u0105 \u2013 regulacja wydzielania sebum i inne w\u0142a\u015bciwo\u015bci"},"content":{"rendered":"\n<p class=\"has-drop-cap\">Codzienna piel\u0119gnacja cery t\u0142ustej wymaga stosowania preparat\u00f3w o szerokim spektrum dzia\u0142ania. Ich receptury musz\u0105 zapewnia\u0107 r\u00f3wnowag\u0119 wydzielania sebum, chroni\u0107 przed rozwojem mikroorganizm\u00f3w patogennych, a tak\u017ce zapewnia\u0107 wsparcie prawid\u0142owych funkcji sk\u00f3ry. Dla najcz\u0119\u015bciej przet\u0142uszczaj\u0105cej si\u0119 strefy T oraz jej okolic <strong>\u2013<\/strong> dobrym rozwi\u0105zaniem s\u0105 regularnie stosowane <strong>kosmetyki z niacynamidem<\/strong>. W jaki spos\u00f3b wykorzystywa\u0107 witamin\u0119 B3 w domowej piel\u0119gnacji?<\/p>\n\n\n\n<ul><li><a href=\"#skora-problemowa\">Jak dba\u0107 o sk\u00f3re z problemami?<\/a><\/li><li><a href=\"#niacynamid\">Witamina B3 dla sk\u00f3ry t\u0142ustej<\/a><\/li><li><a href=\"#cera-tlusta\">Niacynamid  w kosmetykach<\/a><\/li><\/ul>\n\n\n\n<h2 id=\"skora-problemowa\"><strong>Specyficzne wymagania cery t\u0142ustej \u2013 jak dba\u0107 o sk\u00f3r\u0119 z problemami?<\/strong><\/h2>\n\n\n\n<p>Przebadany dermatologicznie niacynamid, dzi\u0119ki swoim w\u0142a\u015bciwo\u015bciom, zapewnia dzia\u0142anie przeciwzapalne, \u0142agodz\u0105ce oraz stymuluje produkcj\u0119 kolagenu i elastyny. Bierze udzia\u0142 w procesach zapobiegania odwodnieniu sk\u00f3ry twarzy. W charakterystyce tej substancji wskazuje si\u0119 r\u00f3wnie\u017c na zdolno\u015b\u0107 zachowania r\u00f3wnowagi pomi\u0119dzy wydzielaniem, a usuwaniem nadmiaru sebum. Zmniejszenia podra\u017cnie\u0144, tudzie\u017c ograniczenia rozwoju ognisk zapalnych. Cechy te sprawiaj\u0105, \u017ce warto rozwa\u017cy\u0107 <strong>kosmetyki z dodatkiem niacynamidu<\/strong>. W trosce o zdrowie i dobr\u0105 kondycj\u0119 problematycznej, przet\u0142uszczaj\u0105cej si\u0119 sk\u00f3ry. Zar\u00f3wno u kobiet, jak i m\u0119\u017cczyzn.<\/p>\n\n\n\n<p>Higiena i <strong>piel\u0119gnacja cery t\u0142ustej<\/strong>, poszarza\u0142ej, b\u0142yszcz\u0105cej, nara\u017conej na powik\u0142ania tr\u0105dzikowe. A tak\u017ce bardzo wra\u017cliwej na kontakt ze \u017ale dobranymi kosmetykami wymaga stosowania jedynie sprawdzonych sk\u0142adnik\u00f3w bioaktywnych. \u0141atwo przyswajalny niacynamid, nazywany inaczej <a href=\"https:\/\/www.skarbieclynia.pl\/index.php\/2022\/04\/04\/witamina-b3-niacynamid\/\">witamin\u0105 B3 lub PP<\/a>, aktywnie wspiera normalizacj\u0119 funkcji p\u0142aszcza hydrolipidowego oraz reguluje prac\u0119 gruczo\u0142\u00f3w \u0142ojowych. To sprawia, \u017ce kosmetyki z jego dodatkiem, np. lekki<a href=\"https:\/\/lynia.pl\/produkt\/booster-z-niacynamidem\/\"> booster Lynia z niacynamidem 5%<\/a>.  Oraz propozycje o wy\u017cszych st\u0119\u017ceniach, polecane s\u0105 do domowych rytua\u0142\u00f3w oczyszczaj\u0105co-regeneruj\u0105cych.<\/p>\n\n\n\n<div class=\"wp-block-image\"><figure class=\"alignleft size-large is-resized\"><a href=\"https:\/\/lynia.pl\/produkt\/booster-z-niacynamidem\/\"><img loading=\"lazy\" src=\"https:\/\/www.skarbieclynia.pl\/wp-content\/uploads\/2023\/02\/booster-niacynamid-681x1024.jpg\" alt=\"booster-z-niacynamidem.jpg\" class=\"wp-image-6897\" width=\"406\" height=\"610\" srcset=\"https:\/\/www.skarbieclynia.pl\/wp-content\/uploads\/2023\/02\/booster-niacynamid-681x1024.jpg 681w, https:\/\/www.skarbieclynia.pl\/wp-content\/uploads\/2023\/02\/booster-niacynamid-200x300.jpg 200w, https:\/\/www.skarbieclynia.pl\/wp-content\/uploads\/2023\/02\/booster-niacynamid-768x1154.jpg 768w, https:\/\/www.skarbieclynia.pl\/wp-content\/uploads\/2023\/02\/booster-niacynamid-1022x1536.jpg 1022w, https:\/\/www.skarbieclynia.pl\/wp-content\/uploads\/2023\/02\/booster-niacynamid-1363x2048.jpg 1363w, https:\/\/www.skarbieclynia.pl\/wp-content\/uploads\/2023\/02\/booster-niacynamid-480x721.jpg 480w, https:\/\/www.skarbieclynia.pl\/wp-content\/uploads\/2023\/02\/booster-niacynamid-scaled.jpg 1703w\" sizes=\"(max-width: 406px) 100vw, 406px\" \/><\/a><\/figure><\/div>\n\n\n\n<h2 id=\"niacynamid\"><strong>Niacynamid, czyli cenna witamina B3 na b\u0142yszczenie i niedoskona\u0142o\u015bci<\/strong><\/h2>\n\n\n\n<p>Nadmiar \u0142oju, zbieraj\u0105cy si\u0119 na powierzchni sk\u00f3ry u os\u00f3b z cer\u0105 t\u0142ust\u0105, wymaga umiej\u0119tnego usuwania. Jego nieustanna, agresywna eliminacja to b\u0142\u0105d. Du\u017co lepszym rozwi\u0105zaniem dla zapewnienia bezpiecze\u0144stwa ci\u0105g\u0142o\u015bci struktur tkankowych, minimalizacji efektu wyst\u0119powania zmian tr\u0105dzikowych i stan\u00f3w zapalnych oraz zachowania naturalnej flory bakteryjnej <strong>\u2013 <\/strong>jest stosowanie \u0142agodnych preparat\u00f3w o okre\u015blonym dzia\u0142aniu. Takich jak <strong>kosmetyki seboreguluj\u0105ce<\/strong>.<\/p>\n\n\n\n<p>Regularna<strong> piel\u0119gnacja cery t\u0142ustej<\/strong> preparatami z niacynamidem, m.in. tymi z <a href=\"https:\/\/lynia.pl\/kategoria-produktu\/oily-skin\/\">serii Oily Skin Lynia<\/a>, ma znaczenie nie tylko profilaktyczne, lecz tak\u017ce zdrowotne. Widoczne pory i zask\u00f3rniki, a tak\u017ce pozostaj\u0105ce po nich przebarwienia <strong>\u2013<\/strong> zmieniaj\u0105 wygl\u0105d cery, odbieraj\u0105 jej \u015bwie\u017co\u015b\u0107 i naturalny blask. Stosowanie preparat\u00f3w opartych na sk\u0142adnikach przeciwzapalnych i antybakteryjnych jest wi\u0119c wskazane w okresie wzmo\u017conej aktywno\u015bci gruczo\u0142\u00f3w strefy T. Kt\u00f3rej skutkiem jest <strong>nadprodukcja sebum<\/strong>. <strong>Niacynamid w kosmetykach<\/strong> wykorzystywany jest r\u00f3wnie\u017c w celu regulowania pracy melanocyt\u00f3w, a co za tym idzie <strong>\u2013<\/strong> ujednolicenia kolorytu sk\u00f3ry.<\/p>\n\n\n\n<p>Bez odpowiedniego wsparcia terapeutycznego i profilaktyki piel\u0119gnacyjnej, nawracaj\u0105ce, wielopunktowe stany zapalne &#8211; potrafi\u0105 prowadzi\u0107 do wyst\u0119powania blizn potr\u0105dzikowych. Niacynamid, nazywany te\u017c niacyn\u0105, wykazuje silne dzia\u0142anie regeneruj\u0105ce, kt\u00f3re stymuluje procesy ich szybszego gojenia. <strong>Kosmetyki seboreguluj\u0105ce z niacynamidem<\/strong>, uzupe\u0142nione ro\u015blinnymi surowcami pochodzenia naturalnego, olejami i kompleksem witamin, to dla poszarza\u0142ej, zm\u0119czonej cery t\u0142ustej <strong>\u2013 <\/strong>pewnego rodzaju panaceum. Indywidualnie dobrane i umiej\u0119tnie stosowane pozwalaj\u0105 na poprawienie kondycji sk\u00f3ry w nied\u0142ugim czasie i to w domowych warunkach.<\/p>\n\n\n\n<h2 id=\"cera-tlusta\"><strong>Cera t\u0142usta w lepszej kondycji na co dzie\u0144 \u2013 niacynamid w kosmetykach piel\u0119gnacyjnych<\/strong><\/h2>\n\n\n\n<p>Podstaw\u0119 higieny ka\u017cdego typu cery stanowi dok\u0142adnie mycie i oczyszczanie z zabrudze\u0144 oraz z\u0142og\u00f3w podsk\u00f3rnych. Wa\u017cnym etapem piel\u0119gnacji sk\u00f3ry o nadmiernej aktywno\u015bci gruczo\u0142\u00f3w \u0142ojowych &#8211; jest te\u017c jej regularna tonizacja. Podobnie jak w przypadku cery mieszanej, kolejno\u015b\u0107 dalszych dzia\u0142a\u0144 jest okre\u015blona: po wst\u0119pnej higienizacji pora na intensywne od\u017cywianie i zdrowe nawil\u017canie. G\u0142\u00f3wn\u0105 rol\u0119 pe\u0142ni\u0105 tu skoncentrowane<strong> kosmetyki z niacynamidem<\/strong>, bogate w sk\u0142adniki aktywnie wzmacniaj\u0105ce i regeneruj\u0105ce.<\/p>\n\n\n\n<p>Preparaty o wy\u017cszym st\u0119\u017ceniu substancji czynnej, jak np. <a href=\"https:\/\/lynia.pl\/produkt\/booster-z-niacynamidem-10\/\">booster Lynia z niacynamidem 10%<\/a>, sprawdz\u0105 si\u0119 u os\u00f3b z wyra\u017anie widocznymi przebarwieniami na twarzy, z dotkliwie nawracaj\u0105cym \u0142ojotokiem oraz powa\u017cnymi zmianami tr\u0105dzikowymi. Dzi\u0119ki swoim sk\u0142adnikom, to swoiste bomby witaminowo-mineralne docieraj\u0105ce w g\u0142\u0105b warstw sk\u00f3rnych i pobudzaj\u0105ce po\u017c\u0105dane procesy samoodnowy. <strong>Boostery z dodatkiem niacynamidu<\/strong> o indywidualnie dopasowanym st\u0119\u017ceniu, stanowi\u0105 doskona\u0142\u0105 form\u0119 uzupe\u0142nienia codziennej piel\u0119gnacji.<\/p>\n\n\n\n<p>Stworzenie problematycznej sk\u00f3rze optymalnych warunk\u00f3w do regeneracji, prawid\u0142owe jej wzmocnienie oraz utrzymanie homeostazy z pomoc\u0105 dobrze przebadanych i naturalnych sk\u0142adnik\u00f3w, warte jest zachodu. Tym bardziej \u017ce, w wyniku regularnej, zindywidualizowanej piel\u0119gnacji, efekty wida\u0107 jak na d\u0142oni. Zar\u00f3wno w specyficznych okresach zaburzonej aktywno\u015bci, jak i na co dzie\u0144.<\/p>\n\n\n\n<div class=\"wp-block-image\"><figure class=\"aligncenter size-full is-resized\"><a href=\"https:\/\/lynia.pl\/kategoria-produktu\/oily-skin\/\"><img loading=\"lazy\" src=\"https:\/\/www.skarbieclynia.pl\/wp-content\/uploads\/2023\/02\/IMG_8647.jpg\" alt=\"oily-skin.jpg\n\" class=\"wp-image-6900\" width=\"750\" height=\"603\" srcset=\"https:\/\/www.skarbieclynia.pl\/wp-content\/uploads\/2023\/02\/IMG_8647.jpg 1000w, https:\/\/www.skarbieclynia.pl\/wp-content\/uploads\/2023\/02\/IMG_8647-300x241.jpg 300w, https:\/\/www.skarbieclynia.pl\/wp-content\/uploads\/2023\/02\/IMG_8647-768x617.jpg 768w, https:\/\/www.skarbieclynia.pl\/wp-content\/uploads\/2023\/02\/IMG_8647-480x386.jpg 480w\" sizes=\"(max-width: 750px) 100vw, 750px\" \/><\/a><\/figure><\/div>\n\n\n","protected":false},"excerpt":{"rendered":"<p>Codzienna piel\u0119gnacja cery t\u0142ustej wymaga stosowania preparat\u00f3w o szerokim spektrum dzia\u0142ania. Ich receptury musz\u0105 zapewnia\u0107 r\u00f3wnowag\u0119 wydzielania sebum, chroni\u0107 przed rozwojem mikroorganizm\u00f3w patogennych, a tak\u017ce zapewnia\u0107 wsparcie prawid\u0142owych funkcji sk\u00f3ry. Dla najcz\u0119\u015bciej przet\u0142uszczaj\u0105cej si\u0119 strefy T oraz jej okolic \u2013 dobrym rozwi\u0105zaniem s\u0105 regularnie stosowane kosmetyki z niacynamidem. W jaki spos\u00f3b wykorzystywa\u0107 witamin\u0119 B3 w domowej piel\u0119gnacji? Jak dba\u0107 o sk\u00f3re z problemami? Witamina B3 dla sk\u00f3ry t\u0142ustej Niacynamid w kosmetykach Specyficzne wymagania cery t\u0142ustej \u2013 jak dba\u0107 o sk\u00f3r\u0119 z problemami? Przebadany dermatologicznie niacynamid, dzi\u0119ki swoim w\u0142a\u015bciwo\u015bciom, zapewnia dzia\u0142anie przeciwzapalne, \u0142agodz\u0105ce oraz stymuluje produkcj\u0119 kolagenu i elastyny. Bierze udzia\u0142<\/p>\n","protected":false},"author":5,"featured_media":6894,"comment_status":"closed","ping_status":"open","sticky":false,"template":"","format":"standard","meta":[],"categories":[19],"tags":[161,215,477,394,292,187,221,182,619,90,79,180,188,402,177,219],"acf":[],"yoast_head":"<!-- This site is optimized with the Yoast SEO plugin v17.9 - https:\/\/yoast.com\/wordpress\/plugins\/seo\/ -->\n<title>Skarbiec<\/title>\n<meta name=\"description\" content=\"Niacynamid dzi\u0119ki swoim w\u0142a\u015bciwo\u015bciom, zapewnia dzia\u0142anie przeciwzapalne, \u0142agodz\u0105ce oraz stymuluje produkcj\u0119 kolagenu i elastyny.\" \/>\n<meta name=\"robots\" content=\"index, follow, max-snippet:-1, max-image-preview:large, max-video-preview:-1\" \/>\n<link rel=\"canonical\" href=\"https:\/\/www.skarbieclynia.pl\/index.php\/2023\/02\/03\/niacynamid-w-walce-z-cera-tlusta-regulacja-wydzielania-sebum-i-inne-wlasciwosci\/\" \/>\n<meta property=\"og:locale\" content=\"pl_PL\" \/>\n<meta property=\"og:type\" content=\"article\" \/>\n<meta property=\"og:title\" content=\"Niacynamid w walce z cer\u0105 t\u0142ust\u0105 \u2013 regulacja wydzielania sebum i inne w\u0142a\u015bciwo\u015bci\" \/>\n<meta property=\"og:description\" content=\"Niacynamid dzi\u0119ki swoim w\u0142a\u015bciwo\u015bciom, zapewnia dzia\u0142anie przeciwzapalne, \u0142agodz\u0105ce oraz stymuluje produkcj\u0119 kolagenu i elastyny.\" \/>\n<meta property=\"og:url\" content=\"https:\/\/www.skarbieclynia.pl\/index.php\/2023\/02\/03\/niacynamid-w-walce-z-cera-tlusta-regulacja-wydzielania-sebum-i-inne-wlasciwosci\/\" \/>\n<meta property=\"og:site_name\" content=\"Skarbiec\" \/>\n<meta property=\"article:published_time\" content=\"2023-02-03T14:14:28+00:00\" \/>\n<meta property=\"article:modified_time\" content=\"2023-04-19T13:17:17+00:00\" \/>\n<meta property=\"og:image\" content=\"https:\/\/www.skarbieclynia.pl\/wp-content\/uploads\/2023\/02\/booster-niacynamid10-scaled.jpg\" \/>\n\t<meta property=\"og:image:width\" content=\"2560\" \/>\n\t<meta property=\"og:image:height\" content=\"1703\" \/>\n\t<meta property=\"og:image:type\" content=\"image\/jpeg\" \/>\n<meta name=\"twitter:card\" content=\"summary_large_image\" \/>\n<meta name=\"twitter:label1\" content=\"Napisane przez\" \/>\n\t<meta name=\"twitter:data1\" content=\"Agata Dobrzycka\" \/>\n\t<meta name=\"twitter:label2\" content=\"Szacowany czas czytania\" \/>\n\t<meta name=\"twitter:data2\" content=\"5 minut\" \/>\n<script type=\"application\/ld+json\" class=\"yoast-schema-graph\">{\"@context\":\"https:\/\/schema.org\",\"@graph\":[{\"@type\":\"WebSite\",\"@id\":\"https:\/\/www.skarbieclynia.pl\/#website\",\"url\":\"https:\/\/www.skarbieclynia.pl\/\",\"name\":\"Skarbiec\",\"description\":\"LYNIA\",\"potentialAction\":[{\"@type\":\"SearchAction\",\"target\":{\"@type\":\"EntryPoint\",\"urlTemplate\":\"https:\/\/www.skarbieclynia.pl\/?s={search_term_string}\"},\"query-input\":\"required name=search_term_string\"}],\"inLanguage\":\"pl-PL\"},{\"@type\":\"ImageObject\",\"@id\":\"https:\/\/www.skarbieclynia.pl\/index.php\/2023\/02\/03\/niacynamid-w-walce-z-cera-tlusta-regulacja-wydzielania-sebum-i-inne-wlasciwosci\/#primaryimage\",\"inLanguage\":\"pl-PL\",\"url\":\"https:\/\/www.skarbieclynia.pl\/wp-content\/uploads\/2023\/02\/booster-niacynamid10-scaled.jpg\",\"contentUrl\":\"https:\/\/www.skarbieclynia.pl\/wp-content\/uploads\/2023\/02\/booster-niacynamid10-scaled.jpg\",\"width\":2560,\"height\":1703,\"caption\":\"niacynamid.jpg\"},{\"@type\":\"WebPage\",\"@id\":\"https:\/\/www.skarbieclynia.pl\/index.php\/2023\/02\/03\/niacynamid-w-walce-z-cera-tlusta-regulacja-wydzielania-sebum-i-inne-wlasciwosci\/#webpage\",\"url\":\"https:\/\/www.skarbieclynia.pl\/index.php\/2023\/02\/03\/niacynamid-w-walce-z-cera-tlusta-regulacja-wydzielania-sebum-i-inne-wlasciwosci\/\",\"name\":\"Niacynamid w walce z cer\\u0105 t\\u0142ust\\u0105 \\u2013 regulacja wydzielania sebum i inne w\\u0142a\\u015bciwo\\u015bci\",\"isPartOf\":{\"@id\":\"https:\/\/www.skarbieclynia.pl\/#website\"},\"primaryImageOfPage\":{\"@id\":\"https:\/\/www.skarbieclynia.pl\/index.php\/2023\/02\/03\/niacynamid-w-walce-z-cera-tlusta-regulacja-wydzielania-sebum-i-inne-wlasciwosci\/#primaryimage\"},\"datePublished\":\"2023-02-03T14:14:28+00:00\",\"dateModified\":\"2023-04-19T13:17:17+00:00\",\"author\":{\"@id\":\"https:\/\/www.skarbieclynia.pl\/#\/schema\/person\/0c1074c6b7a0e693c3ae945afb1b6325\"},\"description\":\"Niacynamid dzi\\u0119ki swoim w\\u0142a\\u015bciwo\\u015bciom, zapewnia dzia\\u0142anie przeciwzapalne, \\u0142agodz\\u0105ce oraz stymuluje produkcj\\u0119 kolagenu i elastyny.\",\"breadcrumb\":{\"@id\":\"https:\/\/www.skarbieclynia.pl\/index.php\/2023\/02\/03\/niacynamid-w-walce-z-cera-tlusta-regulacja-wydzielania-sebum-i-inne-wlasciwosci\/#breadcrumb\"},\"inLanguage\":\"pl-PL\",\"potentialAction\":[{\"@type\":\"ReadAction\",\"target\":[\"https:\/\/www.skarbieclynia.pl\/index.php\/2023\/02\/03\/niacynamid-w-walce-z-cera-tlusta-regulacja-wydzielania-sebum-i-inne-wlasciwosci\/\"]}]},{\"@type\":\"BreadcrumbList\",\"@id\":\"https:\/\/www.skarbieclynia.pl\/index.php\/2023\/02\/03\/niacynamid-w-walce-z-cera-tlusta-regulacja-wydzielania-sebum-i-inne-wlasciwosci\/#breadcrumb\",\"itemListElement\":[{\"@type\":\"ListItem\",\"position\":1,\"name\":\"Strona g\\u0142\\u00f3wna\",\"item\":\"https:\/\/www.skarbieclynia.pl\/\"},{\"@type\":\"ListItem\",\"position\":2,\"name\":\"Niacynamid w walce z cer\\u0105 t\\u0142ust\\u0105 \\u2013 regulacja wydzielania sebum i inne w\\u0142a\\u015bciwo\\u015bci\"}]},{\"@type\":\"Person\",\"@id\":\"https:\/\/www.skarbieclynia.pl\/#\/schema\/person\/0c1074c6b7a0e693c3ae945afb1b6325\",\"name\":\"Agata Dobrzycka\",\"image\":{\"@type\":\"ImageObject\",\"@id\":\"https:\/\/www.skarbieclynia.pl\/#personlogo\",\"inLanguage\":\"pl-PL\",\"url\":\"https:\/\/secure.gravatar.com\/avatar\/416f82305c48a2816b33191c1e28876d?s=96&d=mm&r=g\",\"contentUrl\":\"https:\/\/secure.gravatar.com\/avatar\/416f82305c48a2816b33191c1e28876d?s=96&d=mm&r=g\",\"caption\":\"Agata Dobrzycka\"},\"url\":\"https:\/\/www.skarbieclynia.pl\/index.php\/author\/agata\/\"}]}<\/script>\n<!-- \/ Yoast SEO plugin. -->","yoast_head_json":{"title":"Skarbiec","description":"Niacynamid dzi\u0119ki swoim w\u0142a\u015bciwo\u015bciom, zapewnia dzia\u0142anie przeciwzapalne, \u0142agodz\u0105ce oraz stymuluje produkcj\u0119 kolagenu i elastyny.","robots":{"index":"index","follow":"follow","max-snippet":"max-snippet:-1","max-image-preview":"max-image-preview:large","max-video-preview":"max-video-preview:-1"},"canonical":"https:\/\/www.skarbieclynia.pl\/index.php\/2023\/02\/03\/niacynamid-w-walce-z-cera-tlusta-regulacja-wydzielania-sebum-i-inne-wlasciwosci\/","og_locale":"pl_PL","og_type":"article","og_title":"Niacynamid w walce z cer\u0105 t\u0142ust\u0105 \u2013 regulacja wydzielania sebum i inne w\u0142a\u015bciwo\u015bci","og_description":"Niacynamid dzi\u0119ki swoim w\u0142a\u015bciwo\u015bciom, zapewnia dzia\u0142anie przeciwzapalne, \u0142agodz\u0105ce oraz stymuluje produkcj\u0119 kolagenu i elastyny.","og_url":"https:\/\/www.skarbieclynia.pl\/index.php\/2023\/02\/03\/niacynamid-w-walce-z-cera-tlusta-regulacja-wydzielania-sebum-i-inne-wlasciwosci\/","og_site_name":"Skarbiec","article_published_time":"2023-02-03T14:14:28+00:00","article_modified_time":"2023-04-19T13:17:17+00:00","og_image":[{"width":2560,"height":1703,"url":"https:\/\/www.skarbieclynia.pl\/wp-content\/uploads\/2023\/02\/booster-niacynamid10-scaled.jpg","type":"image\/jpeg"}],"twitter_card":"summary_large_image","twitter_misc":{"Napisane przez":"Agata Dobrzycka","Szacowany czas czytania":"5 minut"},"schema":{"@context":"https:\/\/schema.org","@graph":[{"@type":"WebSite","@id":"https:\/\/www.skarbieclynia.pl\/#website","url":"https:\/\/www.skarbieclynia.pl\/","name":"Skarbiec","description":"LYNIA","potentialAction":[{"@type":"SearchAction","target":{"@type":"EntryPoint","urlTemplate":"https:\/\/www.skarbieclynia.pl\/?s={search_term_string}"},"query-input":"required name=search_term_string"}],"inLanguage":"pl-PL"},{"@type":"ImageObject","@id":"https:\/\/www.skarbieclynia.pl\/index.php\/2023\/02\/03\/niacynamid-w-walce-z-cera-tlusta-regulacja-wydzielania-sebum-i-inne-wlasciwosci\/#primaryimage","inLanguage":"pl-PL","url":"https:\/\/www.skarbieclynia.pl\/wp-content\/uploads\/2023\/02\/booster-niacynamid10-scaled.jpg","contentUrl":"https:\/\/www.skarbieclynia.pl\/wp-content\/uploads\/2023\/02\/booster-niacynamid10-scaled.jpg","width":2560,"height":1703,"caption":"niacynamid.jpg"},{"@type":"WebPage","@id":"https:\/\/www.skarbieclynia.pl\/index.php\/2023\/02\/03\/niacynamid-w-walce-z-cera-tlusta-regulacja-wydzielania-sebum-i-inne-wlasciwosci\/#webpage","url":"https:\/\/www.skarbieclynia.pl\/index.php\/2023\/02\/03\/niacynamid-w-walce-z-cera-tlusta-regulacja-wydzielania-sebum-i-inne-wlasciwosci\/","name":"Niacynamid w walce z cer\u0105 t\u0142ust\u0105 \u2013 regulacja wydzielania sebum i inne w\u0142a\u015bciwo\u015bci","isPartOf":{"@id":"https:\/\/www.skarbieclynia.pl\/#website"},"primaryImageOfPage":{"@id":"https:\/\/www.skarbieclynia.pl\/index.php\/2023\/02\/03\/niacynamid-w-walce-z-cera-tlusta-regulacja-wydzielania-sebum-i-inne-wlasciwosci\/#primaryimage"},"datePublished":"2023-02-03T14:14:28+00:00","dateModified":"2023-04-19T13:17:17+00:00","author":{"@id":"https:\/\/www.skarbieclynia.pl\/#\/schema\/person\/0c1074c6b7a0e693c3ae945afb1b6325"},"description":"Niacynamid dzi\u0119ki swoim w\u0142a\u015bciwo\u015bciom, zapewnia dzia\u0142anie przeciwzapalne, \u0142agodz\u0105ce oraz stymuluje produkcj\u0119 kolagenu i elastyny.","breadcrumb":{"@id":"https:\/\/www.skarbieclynia.pl\/index.php\/2023\/02\/03\/niacynamid-w-walce-z-cera-tlusta-regulacja-wydzielania-sebum-i-inne-wlasciwosci\/#breadcrumb"},"inLanguage":"pl-PL","potentialAction":[{"@type":"ReadAction","target":["https:\/\/www.skarbieclynia.pl\/index.php\/2023\/02\/03\/niacynamid-w-walce-z-cera-tlusta-regulacja-wydzielania-sebum-i-inne-wlasciwosci\/"]}]},{"@type":"BreadcrumbList","@id":"https:\/\/www.skarbieclynia.pl\/index.php\/2023\/02\/03\/niacynamid-w-walce-z-cera-tlusta-regulacja-wydzielania-sebum-i-inne-wlasciwosci\/#breadcrumb","itemListElement":[{"@type":"ListItem","position":1,"name":"Strona g\u0142\u00f3wna","item":"https:\/\/www.skarbieclynia.pl\/"},{"@type":"ListItem","position":2,"name":"Niacynamid w walce z cer\u0105 t\u0142ust\u0105 \u2013 regulacja wydzielania sebum i inne w\u0142a\u015bciwo\u015bci"}]},{"@type":"Person","@id":"https:\/\/www.skarbieclynia.pl\/#\/schema\/person\/0c1074c6b7a0e693c3ae945afb1b6325","name":"Agata Dobrzycka","image":{"@type":"ImageObject","@id":"https:\/\/www.skarbieclynia.pl\/#personlogo","inLanguage":"pl-PL","url":"https:\/\/secure.gravatar.com\/avatar\/416f82305c48a2816b33191c1e28876d?s=96&d=mm&r=g","contentUrl":"https:\/\/secure.gravatar.com\/avatar\/416f82305c48a2816b33191c1e28876d?s=96&d=mm&r=g","caption":"Agata Dobrzycka"},"url":"https:\/\/www.skarbieclynia.pl\/index.php\/author\/agata\/"}]}},"_links":{"self":[{"href":"https:\/\/www.skarbieclynia.pl\/index.php\/wp-json\/wp\/v2\/posts\/6892"}],"collection":[{"href":"https:\/\/www.skarbieclynia.pl\/index.php\/wp-json\/wp\/v2\/posts"}],"about":[{"href":"https:\/\/www.skarbieclynia.pl\/index.php\/wp-json\/wp\/v2\/types\/post"}],"author":[{"embeddable":true,"href":"https:\/\/www.skarbieclynia.pl\/index.php\/wp-json\/wp\/v2\/users\/5"}],"replies":[{"embeddable":true,"href":"https:\/\/www.skarbieclynia.pl\/index.php\/wp-json\/wp\/v2\/comments?post=6892"}],"version-history":[{"count":6,"href":"https:\/\/www.skarbieclynia.pl\/index.php\/wp-json\/wp\/v2\/posts\/6892\/revisions"}],"predecessor-version":[{"id":7078,"href":"https:\/\/www.skarbieclynia.pl\/index.php\/wp-json\/wp\/v2\/posts\/6892\/revisions\/7078"}],"wp:featuredmedia":[{"embeddable":true,"href":"https:\/\/www.skarbieclynia.pl\/index.php\/wp-json\/wp\/v2\/media\/6894"}],"wp:attachment":[{"href":"https:\/\/www.skarbieclynia.pl\/index.php\/wp-json\/wp\/v2\/media?parent=6892"}],"wp:term":[{"taxonomy":"category","embeddable":true,"href":"https:\/\/www.skarbieclynia.pl\/index.php\/wp-json\/wp\/v2\/categories?post=6892"},{"taxonomy":"post_tag","embeddable":true,"href":"https:\/\/www.skarbieclynia.pl\/index.php\/wp-json\/wp\/v2\/tags?post=6892"}],"curies":[{"name":"wp","href":"https:\/\/api.w.org\/{rel}","templated":true}]}}