{"id":6807,"date":"2023-01-09T15:19:00","date_gmt":"2023-01-09T14:19:00","guid":{"rendered":"https:\/\/www.skarbieclynia.pl\/?p=6807"},"modified":"2023-04-20T09:17:20","modified_gmt":"2023-04-20T07:17:20","slug":"wakrota-azjatycka-czyli-centella-asiatica","status":"publish","type":"post","link":"https:\/\/www.skarbieclynia.pl\/index.php\/2023\/01\/09\/wakrota-azjatycka-czyli-centella-asiatica\/","title":{"rendered":"W\u0105krota azjatycka, czyli centella asiatica"},"content":{"rendered":"\n<p class=\"has-drop-cap\">Jest wiele naturalnych surowc\u00f3w kosmetycznych, kt\u00f3re na co dzie\u0144 wykorzystuje si\u0119 w piel\u0119gnacji twarzy, w\u0142os\u00f3w i cia\u0142a. Stanowi\u0105 doskona\u0142\u0105 baz\u0119 lub uzupe\u0142nienie produkt\u00f3w zawieraj\u0105cych rozmaite sk\u0142adniki aktywne, wspomagaj\u0105 ich dzia\u0142anie, a niejednokrotnie same maj\u0105 bardzo silne, konkretne w\u0142a\u015bciwo\u015bci. W\u015br\u00f3d pe\u0142nych mocy substancji ro\u015blinnych mo\u017cna wskaza\u0107 <strong>w\u0105krot\u0119 azjatyck\u0105<\/strong>, czyli <strong><a href=\"https:\/\/www.skarbieclynia.pl\/index.php\/2022\/03\/18\/ekologiczny-ekstrakt-z-centella-asiatica\/\">centella asiatica<\/a><\/strong>, zwan\u0105 r\u00f3wnie\u017c <em>gotu kola<\/em>. Jakie s\u0105 jej zalety? W jaki spos\u00f3b oddzia\u0142uje na cer\u0119 i dlaczego warto j\u0105 stosowa\u0107?<\/p>\n\n\n\n<ul><li><a href=\"#wlasciwosci\">Jakie w\u0142a\u015bciwo\u015bci ma centella asiatica?<\/a><\/li><li><a href=\"#cera\">W\u0105krotka azjatycka -dla jakiej cery?<\/a><\/li><li><a href=\"#dobrana-pielegnacja\">Jak odpowiednio dobra\u0107 piel\u0119gnacje?<\/a><\/li><li><a href=\"#nawilzanie\">Jak skutecznie nawil\u017cy\u0107 i od\u017cywi\u0107 sk\u00f3r\u0119?<\/a><\/li><li><a href=\"#gladka-skora\">W trosce o g\u0142adk\u0105 sk\u00f3r\u0119<\/a><\/li><li><a href=\"#tonik\">Kosmetyki do tonizacji sk\u00f3ry<\/a><\/li><li><a href=\"#odmladzanie\">Czy centella asiatica dzia\u0142a odm\u0142adzaj\u0105co?<\/a><\/li><\/ul>\n\n\n\n<h2 id=\"wlasciwosci\"><strong>Centella asiatica \u2014&nbsp;niezwyk\u0142e w\u0142a\u015bciwo\u015bci<\/strong><\/h2>\n\n\n\n<p>Aromatyczny zapach i przyjemny dla oka wygl\u0105d centella asiatica to cechy, kt\u00f3re od razu przykuwaj\u0105 uwag\u0119. O dobroczynnym wp\u0142ywie tej ro\u015bliny na zdrowie oraz wygl\u0105d sk\u00f3ry doskonale wiadomo ju\u017c z pradawnego systemu ajurwedyjskiego, czyli tradycyjnej medycyny indyjskiej. W\u0105krota wykazuje <strong>dzia\u0142anie obkurczaj\u0105ce<\/strong>, przyspiesza zatem gojenie ran oraz wspomaga ich zabli\u017anianie si\u0119. Po\u0142\u0105czenie tych cech z w\u0142a\u015bciwo\u015bciami antybakteryjnymi, oczyszczaj\u0105cymi i tonizuj\u0105cymi, kt\u00f3re gotu kola zawdzi\u0119cza obecno\u015bci licznych saponin w swoich w\u0142\u00f3knach. Czyni j\u0105 te\u017c doskona\u0142ym remedium na zmiany tr\u0105dzikowe. Mo\u017ce by\u0107 r\u00f3wnie\u017c pomocna w eliminowaniu obrz\u0119k\u00f3w, cellulitu, a tak\u017ce rozst\u0119p\u00f3w. To prawdziwie wielofunkcyjna ro\u015blina, a ekstrakt z niej warto mie\u0107 w swoich zasobach kosmetycznych.<\/p>\n\n\n\n<h2 id=\"cera\"><strong>Organiczny ekstrakt z w\u0105kroty azjatyckiej \u2014&nbsp;u kogo si\u0119 sprawdzi?<\/strong><\/h2>\n\n\n\n<p>Maj\u0105c na uwadze potwierdzone wieloletni\u0105 tradycj\u0105 oraz badaniami niezwyk\u0142e w\u0142a\u015bciwo\u015bci piel\u0119gnacyjne w\u0105kroty azjatyckiej, mo\u017cna poleci\u0107 j\u0105 do r\u00f3\u017cnych typ\u00f3w cery oraz jako \u015brodek pomocny w walce z licznymi schorzeniami. <strong>Stymulacja syntezy kolagenu w sk\u00f3rze <\/strong>z pewno\u015bci\u0105 przyda si\u0119 osobie dojrza\u0142ej. Dzi\u0119ki temu poprawia si\u0119 owal twarzy, zmniejszaj\u0105 obrz\u0119ki oraz cienie, a tak\u017ce delikatnie redukuj\u0105 si\u0119 drobne zmarszczki mimiczne. Dzia\u0142anie obkurczaj\u0105ce i wzmacniaj\u0105ce \u015bcianki naczy\u0144 krwiono\u015bnych doskonale sprawdzi si\u0119 w przypadku cery naczynkowej z tendencj\u0105 do tzw. paj\u0105czk\u00f3w. Ta ro\u015blina radzi sobie zar\u00f3wno z ju\u017c wyst\u0119puj\u0105cymi problemami, jak i w roli \u015brodka prewencyjnego. Zatem&nbsp;z pewno\u015bci\u0105 nie zaszkodzi tak\u017ce idealnie g\u0142adkiej sk\u00f3rze.<\/p>\n\n\n\n<h2 id=\"dobrana-pielegnacja\"><strong>Dobrze dobrana piel\u0119gnacja jako klucz do pi\u0119knej cery<\/strong><\/h2>\n\n\n\n<p>Nie od dzi\u015b wiadomo, \u017ce aby uzyska\u0107 jak najlepsze efekty, niezb\u0119dne jest holistyczne dzia\u0142anie. <strong>Ekstrakt z centella asiatica <\/strong>to \u015bwietny dodatek do rozmaitych domowych receptur kosmetycznych. Stymuluje on mechanizm fibroblast\u00f3w, a jednocze\u015bnie przyjemnie \u0142agodzi cer\u0119 i wspomaga jej regeneracj\u0119. Dzi\u0119ki czemu b\u0119dzie doskona\u0142ym uzupe\u0142nieniem kosmetyk\u00f3w do u\u017cytku po goleniu czy te\u017c masek stosowanych po silnych zabiegach piel\u0119gnacyjnych (na przyk\u0142ad z zastosowaniem kwas\u00f3w czy retinolu).&nbsp;<\/p>\n\n\n\n<div class=\"wp-block-image\"><figure class=\"alignleft size-large is-resized\"><a href=\"https:\/\/lynia.pl\/produkt\/krem-z-ceramidami-i-peptydami\/\"><img loading=\"lazy\" src=\"https:\/\/www.skarbieclynia.pl\/wp-content\/uploads\/2023\/01\/DSC_3138-2000-1024x681.jpg\" alt=\"\" class=\"wp-image-6798\" width=\"512\" height=\"341\" srcset=\"https:\/\/www.skarbieclynia.pl\/wp-content\/uploads\/2023\/01\/DSC_3138-2000-1024x681.jpg 1024w, https:\/\/www.skarbieclynia.pl\/wp-content\/uploads\/2023\/01\/DSC_3138-2000-300x200.jpg 300w, https:\/\/www.skarbieclynia.pl\/wp-content\/uploads\/2023\/01\/DSC_3138-2000-768x511.jpg 768w, https:\/\/www.skarbieclynia.pl\/wp-content\/uploads\/2023\/01\/DSC_3138-2000-1536x1022.jpg 1536w, https:\/\/www.skarbieclynia.pl\/wp-content\/uploads\/2023\/01\/DSC_3138-2000-720x480.jpg 720w, https:\/\/www.skarbieclynia.pl\/wp-content\/uploads\/2023\/01\/DSC_3138-2000-480x319.jpg 480w, https:\/\/www.skarbieclynia.pl\/wp-content\/uploads\/2023\/01\/DSC_3138-2000.jpg 2000w\" sizes=\"(max-width: 512px) 100vw, 512px\" \/><\/a><\/figure><\/div>\n\n\n\n<h2 id=\"nawilzanie\"><strong>Nawil\u017cenie i od\u017cywienie sk\u00f3ry \u2014&nbsp;podstawa udanej piel\u0119gnacji<\/strong><\/h2>\n\n\n\n<p>Na rynku dost\u0119pne s\u0105 gotowe preparaty do kompleksowego wsparcia codziennych zmaga\u0144 o pi\u0119kn\u0105 cer\u0119. <strong><a href=\"https:\/\/lynia.pl\/produkt\/krem-z-ceramidami-i-peptydami\/\">Krem<\/a> <a href=\"https:\/\/lynia.pl\/produkt\/krem-z-ceramidami-i-peptydami\/\">Lynia z ceramidami i peptydami<\/a> <\/strong>to doskona\u0142a baza dla sk\u00f3ry suchej, odwodnionej i wra\u017cliwej. A tak\u017ce dojrza\u0142ej i zmagaj\u0105cej si\u0119 z problemem widocznych naczynek. Pr\u00f3cz wzmacniaj\u0105cej i \u0142agodz\u0105cej w\u0105kroty azjatyckiej zawiera w sk\u0142adzie tak\u017ce kompleks substancji nawil\u017caj\u0105cych ze skwalanem i trehaloz\u0105 oraz peptydy. Kt\u00f3re pomagaj\u0105 w spowalnianiu starzenia si\u0119 cery. Wype\u0142niaj\u0105ce ceramidy i emolient w postaci oleju morelowego domykaj\u0105 sk\u0142adniki wewn\u0105trz sk\u00f3ry, pozwalaj\u0105c im przenika\u0107 kolejne warstwy i aktywnie dzia\u0142a\u0107.<\/p>\n\n\n\n<h2 id=\"gladka-skora\"><strong>Piel\u0119gnacja specjalna w trosce o g\u0142adk\u0105 sk\u00f3r\u0119<\/strong><\/h2>\n\n\n\n<p><strong><a href=\"https:\/\/lynia.pl\/produkt\/serum-ze-sluzem-slimaka\/\">Serum Lynia ze \u015bluzem \u015blimaka <\/a><\/strong>to prawdziwa bomba od\u017cywcza dla cery. Wci\u0105\u017c znaczn\u0105 popularno\u015bci\u0105 cieszy si\u0119 teoria, \u017ce sk\u00f3ra osoby zmagaj\u0105cej si\u0119 z problemem zmian tr\u0105dzikowych oraz nadmiernego przet\u0142uszczania nie powinna by\u0107 przesadnie nawil\u017cona. Tymczasem takie podej\u015bcie mo\u017ce wygenerowa\u0107 tzw. b\u0142\u0119dne ko\u0142o. Brak dost\u0119pu do wody i substancji od\u017cywczych stymuluje dodatkow\u0105 produkcj\u0119 sebum, sprawiaj\u0105c, \u017ce powstaje wi\u0119cej nowych zanieczyszcze\u0144.&nbsp;<\/p>\n\n\n\n<h2 id=\"tonik\"><strong>Tonik \u2014&nbsp;kosmetyk nie tylko tonizuj\u0105cy<\/strong><\/h2>\n\n\n\n<p>Kosmetyki tonizuj\u0105ce wsp\u00f3\u0142cze\u015bnie pe\u0142ni\u0105 te\u017c szereg innych funkcji \u2014&nbsp;na przyk\u0142ad <strong><a href=\"https:\/\/lynia.pl\/produkt\/tonik-zelowy-anti-aging-z-ekstraktem-z-centella-asiatica\/\">tonik<\/a> <a href=\"https:\/\/lynia.pl\/produkt\/tonik-zelowy-anti-aging-z-ekstraktem-z-centella-asiatica\/\">\u017celowy Lynia Anti-Aging<\/a> <\/strong>to produkt z pogranicza toniku oraz serum. Za spraw\u0105 obecno\u015bci <strong>centella asiatica<\/strong><em> <\/em>ma dzia\u0142anie antyoksydacyjne oraz regeneruj\u0105ce. Co w po\u0142\u0105czeniu z \u0142agodz\u0105cym pantenolem oraz substancjami nawil\u017caj\u0105cymi zapewnia sk\u00f3rze komfort i stosowne nawodnienie. Dodatek niacynamidu pomaga regulowa\u0107 prac\u0119 gruczo\u0142\u00f3w \u0142ojowych.<\/p>\n\n\n\n<h2 id=\"odmladzanie\"><strong>W\u0142a\u015bciwo\u015bci odm\u0142adzaj\u0105ce centella asiatica \u2014&nbsp;jak wykorzysta\u0107 je w pe\u0142ni?<\/strong><\/h2>\n\n\n\n<p>Szukaj\u0105c najlepszych rozwi\u0105za\u0144, warto si\u0119ga\u0107 po sprawdzone i kompletne \u015brodki, takie jak <strong><a href=\"https:\/\/lynia.pl\/produkt\/krem-anti-aging-50-komorki-macierzyste-koenzym-q10-nano-kwas-hialuronowy-centella-asiatica-pszenica\/\">krem z kom\u00f3rkami macierzystymi Lynia<\/a><\/strong>. <strong>W\u0105krota azjatycka <\/strong>stymuluje syntez\u0119 kwasu hialuronowego, wp\u0142ywa na sk\u00f3r\u0119 wyg\u0142adzaj\u0105co i przeciwobrz\u0119kowo.  Wspomaga tak\u017ce redukcj\u0119 przebarwie\u0144, tak cz\u0119stych w przypadku cery dojrza\u0142ej. W po\u0142\u0105czeniu z <strong>kom\u00f3rkami macierzystymi <\/strong>dzia\u0142a ona jak naturalny lifting, wyg\u0142adzaj\u0105c sk\u00f3r\u0119 i uelastyczniaj\u0105c j\u0105.<\/p>\n\n\n\n<p>Obecno\u015b\u0107 <strong>centella asiatica <\/strong>w sk\u0142adzie jest bardzo po\u017c\u0105dana i doceni\u0105 j\u0105 osoby z cer\u0105 such\u0105, wra\u017cliw\u0105, naczynkow\u0105, tr\u0105dzikow\u0105, a tak\u017ce dojrza\u0142\u0105. Warto skorzysta\u0107 z szeregu dobroczynnych w\u0142a\u015bciwo\u015bci, jakie oferuje ta niepozorna ro\u015blina.<\/p>\n","protected":false},"excerpt":{"rendered":"<p>Jest wiele naturalnych surowc\u00f3w kosmetycznych, kt\u00f3re na co dzie\u0144 wykorzystuje si\u0119 w piel\u0119gnacji twarzy, w\u0142os\u00f3w i cia\u0142a. Stanowi\u0105 doskona\u0142\u0105 baz\u0119 lub uzupe\u0142nienie produkt\u00f3w zawieraj\u0105cych rozmaite sk\u0142adniki aktywne, wspomagaj\u0105 ich dzia\u0142anie, a niejednokrotnie same maj\u0105 bardzo silne, konkretne w\u0142a\u015bciwo\u015bci. W\u015br\u00f3d pe\u0142nych mocy substancji ro\u015blinnych mo\u017cna wskaza\u0107 w\u0105krot\u0119 azjatyck\u0105, czyli centella asiatica, zwan\u0105 r\u00f3wnie\u017c gotu kola. Jakie s\u0105 jej zalety? W jaki spos\u00f3b oddzia\u0142uje na cer\u0119 i dlaczego warto j\u0105 stosowa\u0107? Jakie w\u0142a\u015bciwo\u015bci ma centella asiatica? W\u0105krotka azjatycka -dla jakiej cery? Jak odpowiednio dobra\u0107 piel\u0119gnacje? Jak skutecznie nawil\u017cy\u0107 i od\u017cywi\u0107 sk\u00f3r\u0119? W trosce o g\u0142adk\u0105 sk\u00f3r\u0119 Kosmetyki do tonizacji sk\u00f3ry Czy centella<\/p>\n","protected":false},"author":5,"featured_media":6810,"comment_status":"closed","ping_status":"open","sticky":false,"template":"","format":"standard","meta":[],"categories":[19],"tags":[609,610,118,110,161,571,406,335,162,272,273,116,608,292,207,163,79,180,166,188,402,404,177,219],"acf":[],"yoast_head":"<!-- This site is optimized with the Yoast SEO plugin v17.9 - https:\/\/yoast.com\/wordpress\/plugins\/seo\/ -->\n<title>Skarbiec<\/title>\n<meta name=\"description\" content=\"centella asiatica ma dzia\u0142anie obkurczaj\u0105ce, przyspiesza zatem gojenie ran, jest pomocna w eliminowaniu obrz\u0119k\u00f3w, cellulitu, a tak\u017ce rozst\u0119p\u00f3w\" \/>\n<meta name=\"robots\" content=\"index, follow, max-snippet:-1, max-image-preview:large, max-video-preview:-1\" \/>\n<link rel=\"canonical\" href=\"https:\/\/www.skarbieclynia.pl\/index.php\/2023\/01\/09\/wakrota-azjatycka-czyli-centella-asiatica\/\" \/>\n<meta property=\"og:locale\" content=\"pl_PL\" \/>\n<meta property=\"og:type\" content=\"article\" \/>\n<meta property=\"og:title\" content=\"W\u0105krota azjatycka, czyli centella asiatica - Skarbiec\" \/>\n<meta property=\"og:description\" content=\"centella asiatica ma dzia\u0142anie obkurczaj\u0105ce, przyspiesza zatem gojenie ran, jest pomocna w eliminowaniu obrz\u0119k\u00f3w, cellulitu, a tak\u017ce rozst\u0119p\u00f3w\" \/>\n<meta property=\"og:url\" content=\"https:\/\/www.skarbieclynia.pl\/index.php\/2023\/01\/09\/wakrota-azjatycka-czyli-centella-asiatica\/\" \/>\n<meta property=\"og:site_name\" content=\"Skarbiec\" \/>\n<meta property=\"article:published_time\" content=\"2023-01-09T14:19:00+00:00\" \/>\n<meta property=\"article:modified_time\" content=\"2023-04-20T07:17:20+00:00\" \/>\n<meta property=\"og:image\" content=\"https:\/\/www.skarbieclynia.pl\/wp-content\/uploads\/2023\/01\/shutterstock_1624005514.jpg\" \/>\n\t<meta property=\"og:image:width\" content=\"1000\" \/>\n\t<meta property=\"og:image:height\" content=\"667\" \/>\n\t<meta property=\"og:image:type\" content=\"image\/jpeg\" \/>\n<meta name=\"twitter:card\" content=\"summary_large_image\" \/>\n<meta name=\"twitter:label1\" content=\"Napisane przez\" \/>\n\t<meta name=\"twitter:data1\" content=\"Agata Dobrzycka\" \/>\n\t<meta name=\"twitter:label2\" content=\"Szacowany czas czytania\" \/>\n\t<meta name=\"twitter:data2\" content=\"5 minut\" \/>\n<script type=\"application\/ld+json\" class=\"yoast-schema-graph\">{\"@context\":\"https:\/\/schema.org\",\"@graph\":[{\"@type\":\"WebSite\",\"@id\":\"https:\/\/www.skarbieclynia.pl\/#website\",\"url\":\"https:\/\/www.skarbieclynia.pl\/\",\"name\":\"Skarbiec\",\"description\":\"LYNIA\",\"potentialAction\":[{\"@type\":\"SearchAction\",\"target\":{\"@type\":\"EntryPoint\",\"urlTemplate\":\"https:\/\/www.skarbieclynia.pl\/?s={search_term_string}\"},\"query-input\":\"required name=search_term_string\"}],\"inLanguage\":\"pl-PL\"},{\"@type\":\"ImageObject\",\"@id\":\"https:\/\/www.skarbieclynia.pl\/index.php\/2023\/01\/09\/wakrota-azjatycka-czyli-centella-asiatica\/#primaryimage\",\"inLanguage\":\"pl-PL\",\"url\":\"https:\/\/www.skarbieclynia.pl\/wp-content\/uploads\/2023\/01\/shutterstock_1624005514.jpg\",\"contentUrl\":\"https:\/\/www.skarbieclynia.pl\/wp-content\/uploads\/2023\/01\/shutterstock_1624005514.jpg\",\"width\":1000,\"height\":667,\"caption\":\"centella-asiatica.jpg\"},{\"@type\":\"WebPage\",\"@id\":\"https:\/\/www.skarbieclynia.pl\/index.php\/2023\/01\/09\/wakrota-azjatycka-czyli-centella-asiatica\/#webpage\",\"url\":\"https:\/\/www.skarbieclynia.pl\/index.php\/2023\/01\/09\/wakrota-azjatycka-czyli-centella-asiatica\/\",\"name\":\"W\\u0105krota azjatycka, czyli centella asiatica - Skarbiec\",\"isPartOf\":{\"@id\":\"https:\/\/www.skarbieclynia.pl\/#website\"},\"primaryImageOfPage\":{\"@id\":\"https:\/\/www.skarbieclynia.pl\/index.php\/2023\/01\/09\/wakrota-azjatycka-czyli-centella-asiatica\/#primaryimage\"},\"datePublished\":\"2023-01-09T14:19:00+00:00\",\"dateModified\":\"2023-04-20T07:17:20+00:00\",\"author\":{\"@id\":\"https:\/\/www.skarbieclynia.pl\/#\/schema\/person\/0c1074c6b7a0e693c3ae945afb1b6325\"},\"description\":\"centella asiatica ma dzia\\u0142anie obkurczaj\\u0105ce, przyspiesza zatem gojenie ran, jest pomocna w eliminowaniu obrz\\u0119k\\u00f3w, cellulitu, a tak\\u017ce rozst\\u0119p\\u00f3w\",\"breadcrumb\":{\"@id\":\"https:\/\/www.skarbieclynia.pl\/index.php\/2023\/01\/09\/wakrota-azjatycka-czyli-centella-asiatica\/#breadcrumb\"},\"inLanguage\":\"pl-PL\",\"potentialAction\":[{\"@type\":\"ReadAction\",\"target\":[\"https:\/\/www.skarbieclynia.pl\/index.php\/2023\/01\/09\/wakrota-azjatycka-czyli-centella-asiatica\/\"]}]},{\"@type\":\"BreadcrumbList\",\"@id\":\"https:\/\/www.skarbieclynia.pl\/index.php\/2023\/01\/09\/wakrota-azjatycka-czyli-centella-asiatica\/#breadcrumb\",\"itemListElement\":[{\"@type\":\"ListItem\",\"position\":1,\"name\":\"Strona g\\u0142\\u00f3wna\",\"item\":\"https:\/\/www.skarbieclynia.pl\/\"},{\"@type\":\"ListItem\",\"position\":2,\"name\":\"W\\u0105krota azjatycka, czyli centella asiatica\"}]},{\"@type\":\"Person\",\"@id\":\"https:\/\/www.skarbieclynia.pl\/#\/schema\/person\/0c1074c6b7a0e693c3ae945afb1b6325\",\"name\":\"Agata Dobrzycka\",\"image\":{\"@type\":\"ImageObject\",\"@id\":\"https:\/\/www.skarbieclynia.pl\/#personlogo\",\"inLanguage\":\"pl-PL\",\"url\":\"https:\/\/secure.gravatar.com\/avatar\/416f82305c48a2816b33191c1e28876d?s=96&d=mm&r=g\",\"contentUrl\":\"https:\/\/secure.gravatar.com\/avatar\/416f82305c48a2816b33191c1e28876d?s=96&d=mm&r=g\",\"caption\":\"Agata Dobrzycka\"},\"url\":\"https:\/\/www.skarbieclynia.pl\/index.php\/author\/agata\/\"}]}<\/script>\n<!-- \/ Yoast SEO plugin. -->","yoast_head_json":{"title":"Skarbiec","description":"centella asiatica ma dzia\u0142anie obkurczaj\u0105ce, przyspiesza zatem gojenie ran, jest pomocna w eliminowaniu obrz\u0119k\u00f3w, cellulitu, a tak\u017ce rozst\u0119p\u00f3w","robots":{"index":"index","follow":"follow","max-snippet":"max-snippet:-1","max-image-preview":"max-image-preview:large","max-video-preview":"max-video-preview:-1"},"canonical":"https:\/\/www.skarbieclynia.pl\/index.php\/2023\/01\/09\/wakrota-azjatycka-czyli-centella-asiatica\/","og_locale":"pl_PL","og_type":"article","og_title":"W\u0105krota azjatycka, czyli centella asiatica - Skarbiec","og_description":"centella asiatica ma dzia\u0142anie obkurczaj\u0105ce, przyspiesza zatem gojenie ran, jest pomocna w eliminowaniu obrz\u0119k\u00f3w, cellulitu, a tak\u017ce rozst\u0119p\u00f3w","og_url":"https:\/\/www.skarbieclynia.pl\/index.php\/2023\/01\/09\/wakrota-azjatycka-czyli-centella-asiatica\/","og_site_name":"Skarbiec","article_published_time":"2023-01-09T14:19:00+00:00","article_modified_time":"2023-04-20T07:17:20+00:00","og_image":[{"width":1000,"height":667,"url":"https:\/\/www.skarbieclynia.pl\/wp-content\/uploads\/2023\/01\/shutterstock_1624005514.jpg","type":"image\/jpeg"}],"twitter_card":"summary_large_image","twitter_misc":{"Napisane przez":"Agata Dobrzycka","Szacowany czas czytania":"5 minut"},"schema":{"@context":"https:\/\/schema.org","@graph":[{"@type":"WebSite","@id":"https:\/\/www.skarbieclynia.pl\/#website","url":"https:\/\/www.skarbieclynia.pl\/","name":"Skarbiec","description":"LYNIA","potentialAction":[{"@type":"SearchAction","target":{"@type":"EntryPoint","urlTemplate":"https:\/\/www.skarbieclynia.pl\/?s={search_term_string}"},"query-input":"required name=search_term_string"}],"inLanguage":"pl-PL"},{"@type":"ImageObject","@id":"https:\/\/www.skarbieclynia.pl\/index.php\/2023\/01\/09\/wakrota-azjatycka-czyli-centella-asiatica\/#primaryimage","inLanguage":"pl-PL","url":"https:\/\/www.skarbieclynia.pl\/wp-content\/uploads\/2023\/01\/shutterstock_1624005514.jpg","contentUrl":"https:\/\/www.skarbieclynia.pl\/wp-content\/uploads\/2023\/01\/shutterstock_1624005514.jpg","width":1000,"height":667,"caption":"centella-asiatica.jpg"},{"@type":"WebPage","@id":"https:\/\/www.skarbieclynia.pl\/index.php\/2023\/01\/09\/wakrota-azjatycka-czyli-centella-asiatica\/#webpage","url":"https:\/\/www.skarbieclynia.pl\/index.php\/2023\/01\/09\/wakrota-azjatycka-czyli-centella-asiatica\/","name":"W\u0105krota azjatycka, czyli centella asiatica - Skarbiec","isPartOf":{"@id":"https:\/\/www.skarbieclynia.pl\/#website"},"primaryImageOfPage":{"@id":"https:\/\/www.skarbieclynia.pl\/index.php\/2023\/01\/09\/wakrota-azjatycka-czyli-centella-asiatica\/#primaryimage"},"datePublished":"2023-01-09T14:19:00+00:00","dateModified":"2023-04-20T07:17:20+00:00","author":{"@id":"https:\/\/www.skarbieclynia.pl\/#\/schema\/person\/0c1074c6b7a0e693c3ae945afb1b6325"},"description":"centella asiatica ma dzia\u0142anie obkurczaj\u0105ce, przyspiesza zatem gojenie ran, jest pomocna w eliminowaniu obrz\u0119k\u00f3w, cellulitu, a tak\u017ce rozst\u0119p\u00f3w","breadcrumb":{"@id":"https:\/\/www.skarbieclynia.pl\/index.php\/2023\/01\/09\/wakrota-azjatycka-czyli-centella-asiatica\/#breadcrumb"},"inLanguage":"pl-PL","potentialAction":[{"@type":"ReadAction","target":["https:\/\/www.skarbieclynia.pl\/index.php\/2023\/01\/09\/wakrota-azjatycka-czyli-centella-asiatica\/"]}]},{"@type":"BreadcrumbList","@id":"https:\/\/www.skarbieclynia.pl\/index.php\/2023\/01\/09\/wakrota-azjatycka-czyli-centella-asiatica\/#breadcrumb","itemListElement":[{"@type":"ListItem","position":1,"name":"Strona g\u0142\u00f3wna","item":"https:\/\/www.skarbieclynia.pl\/"},{"@type":"ListItem","position":2,"name":"W\u0105krota azjatycka, czyli centella asiatica"}]},{"@type":"Person","@id":"https:\/\/www.skarbieclynia.pl\/#\/schema\/person\/0c1074c6b7a0e693c3ae945afb1b6325","name":"Agata Dobrzycka","image":{"@type":"ImageObject","@id":"https:\/\/www.skarbieclynia.pl\/#personlogo","inLanguage":"pl-PL","url":"https:\/\/secure.gravatar.com\/avatar\/416f82305c48a2816b33191c1e28876d?s=96&d=mm&r=g","contentUrl":"https:\/\/secure.gravatar.com\/avatar\/416f82305c48a2816b33191c1e28876d?s=96&d=mm&r=g","caption":"Agata Dobrzycka"},"url":"https:\/\/www.skarbieclynia.pl\/index.php\/author\/agata\/"}]}},"_links":{"self":[{"href":"https:\/\/www.skarbieclynia.pl\/index.php\/wp-json\/wp\/v2\/posts\/6807"}],"collection":[{"href":"https:\/\/www.skarbieclynia.pl\/index.php\/wp-json\/wp\/v2\/posts"}],"about":[{"href":"https:\/\/www.skarbieclynia.pl\/index.php\/wp-json\/wp\/v2\/types\/post"}],"author":[{"embeddable":true,"href":"https:\/\/www.skarbieclynia.pl\/index.php\/wp-json\/wp\/v2\/users\/5"}],"replies":[{"embeddable":true,"href":"https:\/\/www.skarbieclynia.pl\/index.php\/wp-json\/wp\/v2\/comments?post=6807"}],"version-history":[{"count":7,"href":"https:\/\/www.skarbieclynia.pl\/index.php\/wp-json\/wp\/v2\/posts\/6807\/revisions"}],"predecessor-version":[{"id":7095,"href":"https:\/\/www.skarbieclynia.pl\/index.php\/wp-json\/wp\/v2\/posts\/6807\/revisions\/7095"}],"wp:featuredmedia":[{"embeddable":true,"href":"https:\/\/www.skarbieclynia.pl\/index.php\/wp-json\/wp\/v2\/media\/6810"}],"wp:attachment":[{"href":"https:\/\/www.skarbieclynia.pl\/index.php\/wp-json\/wp\/v2\/media?parent=6807"}],"wp:term":[{"taxonomy":"category","embeddable":true,"href":"https:\/\/www.skarbieclynia.pl\/index.php\/wp-json\/wp\/v2\/categories?post=6807"},{"taxonomy":"post_tag","embeddable":true,"href":"https:\/\/www.skarbieclynia.pl\/index.php\/wp-json\/wp\/v2\/tags?post=6807"}],"curies":[{"name":"wp","href":"https:\/\/api.w.org\/{rel}","templated":true}]}}