{"id":6472,"date":"2022-10-11T09:29:45","date_gmt":"2022-10-11T07:29:45","guid":{"rendered":"https:\/\/www.skarbieclynia.pl\/?p=6472"},"modified":"2023-04-20T14:24:07","modified_gmt":"2023-04-20T12:24:07","slug":"tradzik-mlodzienczy-przyczyny-objawy-pielegnacja","status":"publish","type":"post","link":"https:\/\/www.skarbieclynia.pl\/index.php\/2022\/10\/11\/tradzik-mlodzienczy-przyczyny-objawy-pielegnacja\/","title":{"rendered":"Tr\u0105dzik m\u0142odzie\u0144czy \u2013 przyczyny, objawy, piel\u0119gnacja"},"content":{"rendered":"\n<p class=\"has-drop-cap\"><strong>Tr\u0105dzik m\u0142odzie\u0144czy<\/strong>, inaczej zwany pospolitym, wyst\u0119puje u os\u00f3b w wieku dojrzewania. Ta zmora nastolatk\u00f3w wymaga odpowiedniego leczenia, piel\u0119gnacji oraz zmiany diety, poniewa\u017c nieleczona prowadzi do sta\u0142ych zmian widocznych na sk\u00f3rze. Jakie sk\u0142adniki aktywne wspieraj\u0105 walk\u0119 z tego rodzaju niedoskona\u0142o\u015bciami? Kt\u00f3re kosmetyki s\u0105 warte uwagi?<\/p>\n\n\n\n<ul><li><a href=\"#co-to\">Czym jest tr\u0105dzik m\u0142odzie\u0144czy?<\/a><\/li><li><a href=\"#objawy\">Objawy tr\u0105dziku<\/a><\/li><li><a href=\"#przyczyny\">Przyczyny tr\u0105dziku m\u0142odzie\u0144czego<\/a><\/li><li><a href=\"#pielegnacja\">Piel\u0119gnacja cery tr\u0105dzikowej<\/a><\/li><\/ul>\n\n\n\n<h2 id=\"co-to\"><strong>Co to jest tr\u0105dzik m\u0142odzie\u0144czy?<\/strong><\/h2>\n\n\n\n<p>Tr\u0105dzik m\u0142odzie\u0144czy to <strong>choroba sk\u00f3ry<\/strong> wyst\u0119puj\u0105ca u m\u0142odych ludzi mi\u0119dzy 11 a 18 rokiem \u017cycia. G\u0142\u00f3wnym winowajc\u0105 s\u0105 <strong>zmiany hormonalne<\/strong> towarzysz\u0105ce nastolatkom w <strong>wieku dojrzewania<\/strong>. Tego rodzaju zaburzenia w funkcjonowaniu organizmu powoduj\u0105 pobudzenie pracy gruczo\u0142\u00f3w \u0142ojowych. Nadmierne wytwarzanie \u0142oju w po\u0142\u0105czeniu z rogowaceniem sk\u00f3ry doprowadza do zamkni\u0119cia uj\u015bcia gruczo\u0142\u00f3w \u0142ojowych, co sprawia, \u017ce tworzy si\u0119 tzw. <strong>zask\u00f3rnik<\/strong>. Gdy skolonizuj\u0105 go bakterie, powstaje stan zapalny w postaci czerwonych i bolesnych krost.&nbsp;<\/p>\n\n\n\n<h2 id=\"objawy\"><strong>Objawy tr\u0105dziku m\u0142odzie\u0144czego<\/strong><\/h2>\n\n\n\n<p>Pierwszym symptomem tr\u0105dziku m\u0142odzie\u0144czego s\u0105 zask\u00f3rniki na twarzy (g\u0142\u00f3wnie w okolicy nosa) i plecach. Kt\u00f3re w wyniku tocz\u0105cego si\u0119 na sk\u00f3rze stanu zapalnego rozprzestrzeniaj\u0105 si\u0119 na pozosta\u0142e cz\u0119\u015bci cia\u0142a, np. ramiona. Sk\u00f3ra jest wtedy bolesna oraz zaczerwieniona. Tr\u0105dzik m\u0142odzie\u0144czy mo\u017ce przybra\u0107 tak\u017ce form\u0119 wykwit\u00f3w zapalnych, a wi\u0119c grudek b\u0105d\u017a krotek zlokalizowanych przede wszystkim na twarzy, ale r\u00f3wnie\u017c na plecach i klatce piersiowej. Ka\u017cda zmiana wymaga natychmiastowego leczenia oraz piel\u0119gnacji, np. specjalnymi kosmetykami do piel\u0119gnacji cery tr\u0105dzikowej.<\/p>\n\n\n\n<h2 id=\"przyczyny\"><strong>Przyczyny tr\u0105dziku m\u0142odzie\u0144czego&nbsp;<\/strong><\/h2>\n\n\n\n<div class=\"wp-block-image\"><figure class=\"alignright size-large is-resized\"><a href=\"https:\/\/lynia.pl\/produkt\/nawilzajaca-pianka-myjaca-z-naturalna-betaina-i-woda-rozana\/\"><img loading=\"lazy\" src=\"https:\/\/www.skarbieclynia.pl\/wp-content\/uploads\/2022\/03\/zdjecie-lynia-pianka-do-mycia-twarzy-nawilzajaca-4-683x1024.jpg\" alt=\"pianka-do-mycia-twarzy-nawilzajaca.jpg\" class=\"wp-image-3632\" width=\"342\" height=\"512\" srcset=\"https:\/\/www.skarbieclynia.pl\/wp-content\/uploads\/2022\/03\/zdjecie-lynia-pianka-do-mycia-twarzy-nawilzajaca-4-683x1024.jpg 683w, https:\/\/www.skarbieclynia.pl\/wp-content\/uploads\/2022\/03\/zdjecie-lynia-pianka-do-mycia-twarzy-nawilzajaca-4-200x300.jpg 200w, https:\/\/www.skarbieclynia.pl\/wp-content\/uploads\/2022\/03\/zdjecie-lynia-pianka-do-mycia-twarzy-nawilzajaca-4-768x1152.jpg 768w, https:\/\/www.skarbieclynia.pl\/wp-content\/uploads\/2022\/03\/zdjecie-lynia-pianka-do-mycia-twarzy-nawilzajaca-4-480x720.jpg 480w, https:\/\/www.skarbieclynia.pl\/wp-content\/uploads\/2022\/03\/zdjecie-lynia-pianka-do-mycia-twarzy-nawilzajaca-4.jpg 1000w\" sizes=\"(max-width: 342px) 100vw, 342px\" \/><\/a><\/figure><\/div>\n\n\n\n<p>G\u0142\u00f3wn\u0105 przyczyn\u0105 tr\u0105dziku u m\u0142odych os\u00f3b jest burza hormon\u00f3w. U ch\u0142opc\u00f3w za niedoskona\u0142o\u015bci na sk\u00f3rze odpowiedzialne s\u0105 androgeny, a u dziewcz\u0105t \u2014 estrogeny. U nastolatek spadek tego hormonu przed miesi\u0105czk\u0105 nasila objawy. W\u00f3wczas sk\u00f3ra pokrywa si\u0119 wi\u0119ksz\u0105 ilo\u015bci\u0105 niechcianych krost. Innymi czynnikami powoduj\u0105cymi tr\u0105dzik s\u0105: z\u0142a <strong>dieta<\/strong>, <strong>stres<\/strong>, <strong>alergie pokarmowe<\/strong>, \u017ale dobrany <strong>sk\u0142ad preparat\u00f3w<\/strong> do piel\u0119gnacji sk\u00f3ry oraz niepoprawny spos\u00f3b jej oczyszczania.<\/p>\n\n\n\n<h2 id=\"pielegnacja\"><strong>Piel\u0119gnacja cery tr\u0105dzikowej<\/strong><\/h2>\n\n\n\n<p>Diagnoza tr\u0105dziku m\u0142odzie\u0144czego zawsze powinna by\u0107 postawiona przez dermatologa. A spos\u00f3b leczenia dobrany w zale\u017cno\u015bci od przyczyny, wynik\u00f3w bada\u0144, rodzaju zmian sk\u00f3rnych oraz ich nasilenia. Jest jednak kilka og\u00f3lnych zasad, kt\u00f3rych powinny przestrzega\u0107 osoby zmagaj\u0105ce si\u0119 z wykwitami.<\/p>\n\n\n\n<h4>Oczyszczanie<\/h4>\n\n\n\n<p>Przede wszystkim trzeba regularnie wykonywa\u0107 <strong>oczyszczanie sk\u00f3ry<\/strong>. Wa\u017cne, by kosmetyk do tego przeznaczony nie zawiera\u0142 alkoholu i SLS, gdy\u017c oba te sk\u0142adniki mog\u0105 powodowa\u0107 podra\u017cnienie b\u0142on \u015bluzowych, wysusza\u0107, a nawet wywo\u0142ywa\u0107 alergie oraz AZS. Formu\u0142y stworzone na bazie <strong>produkt\u00f3w pochodzenia naturalnego <\/strong>zregeneruj\u0105 i od\u017cywi\u0105 sk\u00f3r\u0119 w bezpieczny spos\u00f3b. Dlatego idealne do mycia cery s\u0105 m.in. delikatne <a href=\"https:\/\/lynia.pl\/produkt\/nawilzajaca-pianka-myjaca-z-naturalna-betaina-i-woda-rozana\/\">pianki<\/a>, w kt\u00f3rych wyst\u0119puj\u0105 np. <strong>betaina<\/strong> oraz <strong>aloes<\/strong> \u0142agodz\u0105ce dzia\u0142anie detergent\u00f3w oraz nawil\u017caj\u0105ca <strong>woda r\u00f3\u017cana<\/strong> zapewniaj\u0105ca sk\u00f3rze odpowiedni poziom pH.<\/p>\n\n\n\n<div class=\"wp-block-image\"><figure class=\"alignleft size-medium\"><a href=\"https:\/\/lynia.pl\/produkt\/lynia-blend-krem-red-fruits-nawilzanie\/\"><img loading=\"lazy\" width=\"300\" height=\"300\" src=\"https:\/\/www.skarbieclynia.pl\/wp-content\/uploads\/2022\/10\/Lynia-18-08-009-300x300.jpg\" alt=\"red-fruits-krem.jpg\" class=\"wp-image-6482\" srcset=\"https:\/\/www.skarbieclynia.pl\/wp-content\/uploads\/2022\/10\/Lynia-18-08-009-300x300.jpg 300w, https:\/\/www.skarbieclynia.pl\/wp-content\/uploads\/2022\/10\/Lynia-18-08-009-1024x1024.jpg 1024w, https:\/\/www.skarbieclynia.pl\/wp-content\/uploads\/2022\/10\/Lynia-18-08-009-150x150.jpg 150w, https:\/\/www.skarbieclynia.pl\/wp-content\/uploads\/2022\/10\/Lynia-18-08-009-768x768.jpg 768w, https:\/\/www.skarbieclynia.pl\/wp-content\/uploads\/2022\/10\/Lynia-18-08-009-1536x1536.jpg 1536w, https:\/\/www.skarbieclynia.pl\/wp-content\/uploads\/2022\/10\/Lynia-18-08-009-2048x2048.jpg 2048w, https:\/\/www.skarbieclynia.pl\/wp-content\/uploads\/2022\/10\/Lynia-18-08-009-480x480.jpg 480w\" sizes=\"(max-width: 300px) 100vw, 300px\" \/><\/a><\/figure><\/div>\n\n\n\n<h4>Nawil\u017canie<\/h4>\n\n\n\n<p>Niemniej wa\u017cne jest <strong>nawil\u017canie<\/strong>. W tym celu idealnie sprawdz\u0105 si\u0119 kremy i balsamy na bazie owoc\u00f3w niezawieraj\u0105ce alergen\u00f3w, np. krem <a href=\"https:\/\/lynia.pl\/produkt\/lynia-blend-krem-red-fruits-nawilzanie\/\">Lynia Red Fruits<\/a> o lekkiej konsystencji. Zawarte w nim wyci\u0105gi z truskawki, maliny i je\u017cyny oraz substancje od\u017cywcze, takie jak <strong>olej z pigwy<\/strong>, winogron, s\u0142odkich migda\u0142\u00f3w, <strong>witamina E<\/strong>, <strong>D-pantenol<\/strong> i <strong>mas\u0142o shea <\/strong>g\u0142\u0119boko nawodni\u0105 sk\u00f3r\u0119.<\/p>\n\n\n\n<h4>Demakija\u017c<\/h4>\n\n\n\n<div class=\"wp-block-image\"><figure class=\"alignright size-large is-resized\"><a href=\"https:\/\/lynia.pl\/produkt\/booster-dla-cery-tlustej-tradzikowej-z-kwasem-szikimowym-oily-skin\/\"><img loading=\"lazy\" src=\"https:\/\/www.skarbieclynia.pl\/wp-content\/uploads\/2022\/03\/zdjecie-lynia-booster-oily-skin-cera-tlusta-3-632x1024.jpg\" alt=\"booster-oily-skin-cera-tlusta.jpg\" class=\"wp-image-3530\" width=\"316\" height=\"512\" srcset=\"https:\/\/www.skarbieclynia.pl\/wp-content\/uploads\/2022\/03\/zdjecie-lynia-booster-oily-skin-cera-tlusta-3-632x1024.jpg 632w, https:\/\/www.skarbieclynia.pl\/wp-content\/uploads\/2022\/03\/zdjecie-lynia-booster-oily-skin-cera-tlusta-3-185x300.jpg 185w, https:\/\/www.skarbieclynia.pl\/wp-content\/uploads\/2022\/03\/zdjecie-lynia-booster-oily-skin-cera-tlusta-3-768x1243.jpg 768w, https:\/\/www.skarbieclynia.pl\/wp-content\/uploads\/2022\/03\/zdjecie-lynia-booster-oily-skin-cera-tlusta-3-949x1536.jpg 949w, https:\/\/www.skarbieclynia.pl\/wp-content\/uploads\/2022\/03\/zdjecie-lynia-booster-oily-skin-cera-tlusta-3-480x777.jpg 480w, https:\/\/www.skarbieclynia.pl\/wp-content\/uploads\/2022\/03\/zdjecie-lynia-booster-oily-skin-cera-tlusta-3.jpg 1000w\" sizes=\"(max-width: 316px) 100vw, 316px\" \/><\/a><\/figure><\/div>\n\n\n\n<p>W piel\u0119gnacji sk\u00f3ry tr\u0105dzikowej istotny jest te\u017c <strong>demakija\u017c<\/strong>. Przeznaczone do niego kosmetyki nie tylko oczyszczaj\u0105 cer\u0119, lecz tak\u017ce j\u0105 nawil\u017caj\u0105, od\u017cywiaj\u0105 i regeneruj\u0105. Dobrym wyborem b\u0119dzie wi\u0119c np. <a href=\"https:\/\/lynia.pl\/produkt\/olejek-hydrofilowy-2160\/\">olejek hydrofilowy Lynia<\/a>. Zawarty w nim <strong>skwalan<\/strong> dzia\u0142a nawil\u017caj\u0105co oraz \u0142agodz\u0105co, <strong>olej ze s\u0142odkich migda\u0142\u00f3w<\/strong> od\u017cywia i pozwala utrzyma\u0107 r\u00f3wnowag\u0119 lipidow\u0105 sk\u00f3ry. <strong>Witamina E<\/strong> chroni warstw\u0119 lipidow\u0105 nask\u00f3rka, zwi\u0119kszaj\u0105c jego elastyczno\u015b\u0107 oraz mi\u0119kko\u015b\u0107.<\/p>\n\n\n\n<h4>Z\u0142uszczanie<\/h4>\n\n\n\n<p>Maj\u0105c cer\u0119 tr\u0105dzikow\u0105, warto po\u015bwi\u0119ci\u0107 czas na <strong>z\u0142uszczanie sk\u00f3ry<\/strong>, gdy\u017c martwe kom\u00f3rki nask\u00f3rka utrudniaj\u0105 wydalanie \u0142oju, doprowadzaj\u0105c do tworzenia si\u0119 zask\u00f3rnik\u00f3w. W tym celu idealnie sprawdzi si\u0119 m.in. <a href=\"https:\/\/e-naturalne.pl\/pl\/p\/Tonik-zelowy-z-kwasem-migdalowym-5-oraz-glukonolaktonem-4\/1994?utm_source=newsletter&amp;utm_medium=email&amp;utm_campaign=co_dla_nastolatka&amp;utm_term=2022-09-07\">tonik \u017celowy<\/a>, kt\u00f3ry ma w swoim sk\u0142adzie <strong>kwas migda\u0142owy<\/strong>, zmniejszaj\u0105cy grubo\u015b\u0107 warstwy rogowej sk\u00f3ry. A tak\u017ce <strong>glukonolakton<\/strong>, czyli naturalny antyoksydant przy\u015bpieszaj\u0105cy regeneracj\u0119 nask\u00f3rka. Zawarty w nim <strong>kwas hialuronowy<\/strong> nadaje cerze j\u0119drno\u015b\u0107, <strong>D-pantenol <\/strong>\u0142agodzi podra\u017cnienia, a <strong>niacynamid <\/strong>reguluje produkcj\u0119 sebum.&nbsp;<\/p>\n\n\n\n<div class=\"wp-block-image\"><figure class=\"alignleft size-full is-resized\"><a href=\"https:\/\/lynia.pl\/produkt\/maska-z-kwasem-salicylowym-2\/\"><img loading=\"lazy\" src=\"https:\/\/www.skarbieclynia.pl\/wp-content\/uploads\/2022\/03\/zdjecie-lynia-maska-kwasem-salicylowym.jpg\" alt=\"maska-z-kwasem-salicylowym.jpg\" class=\"wp-image-2687\" width=\"250\" height=\"192\" srcset=\"https:\/\/www.skarbieclynia.pl\/wp-content\/uploads\/2022\/03\/zdjecie-lynia-maska-kwasem-salicylowym.jpg 1000w, https:\/\/www.skarbieclynia.pl\/wp-content\/uploads\/2022\/03\/zdjecie-lynia-maska-kwasem-salicylowym-300x230.jpg 300w, https:\/\/www.skarbieclynia.pl\/wp-content\/uploads\/2022\/03\/zdjecie-lynia-maska-kwasem-salicylowym-768x588.jpg 768w, https:\/\/www.skarbieclynia.pl\/wp-content\/uploads\/2022\/03\/zdjecie-lynia-maska-kwasem-salicylowym-480x368.jpg 480w\" sizes=\"(max-width: 250px) 100vw, 250px\" \/><\/a><\/figure><\/div>\n\n\n\n<p>Nale\u017cy pami\u0119ta\u0107 te\u017c o stosowaniu kosmetyk\u00f3w antybakteryjnych, kt\u00f3re opr\u00f3cz witaminy B i E, glukonolaktonu, niacynamidu oraz \u0142agodz\u0105cych i roz\u015bwietlaj\u0105cych olejk\u00f3w, powinny mie\u0107 w swoim sk\u0142adzie sk\u0142adniki oczyszczaj\u0105ce, dzia\u0142aj\u0105ce przeciwtr\u0105dzikowo, zmniejszaj\u0105ce ilo\u015b\u0107 zask\u00f3rnik\u00f3w, np. <strong>kwas szikimowy<\/strong>, <strong>azeloglicyna<\/strong>, <strong>olej z tamanu <\/strong>i wi\u015bni czy <strong>ekstrakt z sza\u0142wii<\/strong> oraz mi\u0119ty. Mo\u017cna je znale\u017a\u0107 m.in. w <a href=\"https:\/\/lynia.pl\/produkt\/booster-dla-cery-tlustej-tradzikowej-z-kwasem-szikimowym-oily-skin\/\">boosterze Oily\/Acne Skin<\/a>. W walce z tr\u0105dzikiem pomaga r\u00f3wnie\u017c <a href=\"https:\/\/lynia.pl\/produkt\/maska-z-kwasem-salicylowym-2\/\">maska z kwasem salicylowym 2%<\/a>, maj\u0105cym zdolno\u015b\u0107 przenikania w g\u0142\u0105b mieszk\u00f3w w\u0142osowych, a wi\u0119c zapobiegania zask\u00f3rnikom.<\/p>\n\n\n\n<p>Walka z tr\u0105dzikiem jest trudna, \u017cmudna i pe\u0142na wyrzecze\u0144. Zmiana stylu \u017cycia oraz systematyczna piel\u0119gnacja odpowiednio dobranymi preparatami sprawi, \u017ce sk\u00f3ra b\u0119dzie dobrze wspierana w odzyskaniu blasku oraz g\u0142adko\u015bci.<\/p>\n\n\n","protected":false},"excerpt":{"rendered":"<p>Tr\u0105dzik m\u0142odzie\u0144czy, inaczej zwany pospolitym, wyst\u0119puje u os\u00f3b w wieku dojrzewania. Ta zmora nastolatk\u00f3w wymaga odpowiedniego leczenia, piel\u0119gnacji oraz zmiany diety, poniewa\u017c nieleczona prowadzi do sta\u0142ych zmian widocznych na sk\u00f3rze. Jakie sk\u0142adniki aktywne wspieraj\u0105 walk\u0119 z tego rodzaju niedoskona\u0142o\u015bciami? Kt\u00f3re kosmetyki s\u0105 warte uwagi? Czym jest tr\u0105dzik m\u0142odzie\u0144czy? Objawy tr\u0105dziku Przyczyny tr\u0105dziku m\u0142odzie\u0144czego Piel\u0119gnacja cery tr\u0105dzikowej Co to jest tr\u0105dzik m\u0142odzie\u0144czy? Tr\u0105dzik m\u0142odzie\u0144czy to choroba sk\u00f3ry wyst\u0119puj\u0105ca u m\u0142odych ludzi mi\u0119dzy 11 a 18 rokiem \u017cycia. G\u0142\u00f3wnym winowajc\u0105 s\u0105 zmiany hormonalne towarzysz\u0105ce nastolatkom w wieku dojrzewania. Tego rodzaju zaburzenia w funkcjonowaniu organizmu powoduj\u0105 pobudzenie pracy gruczo\u0142\u00f3w \u0142ojowych. Nadmierne wytwarzanie \u0142oju<\/p>\n","protected":false},"author":5,"featured_media":6474,"comment_status":"closed","ping_status":"open","sticky":false,"template":"","format":"standard","meta":[],"categories":[16],"tags":[176,78,161,190,299,406,405,157,179,334,335,162,272,273,116,181,501,194,193,292,504,182,90,79,180,240,188,402,404,177,241,375,378,219],"acf":[],"yoast_head":"<!-- This site is optimized with the Yoast SEO plugin v17.9 - https:\/\/yoast.com\/wordpress\/plugins\/seo\/ -->\n<title>Skarbiec<\/title>\n<meta name=\"description\" content=\"Tr\u0105dzik m\u0142odzie\u0144czy- wymaga odpowiedniego leczenia, piel\u0119gnacji oraz zmiany diety. Nieleczony prowadzi do sta\u0142ych zmian widocznych na sk\u00f3rze.\" \/>\n<meta name=\"robots\" content=\"index, follow, max-snippet:-1, max-image-preview:large, max-video-preview:-1\" \/>\n<link rel=\"canonical\" href=\"https:\/\/www.skarbieclynia.pl\/index.php\/2022\/10\/11\/tradzik-mlodzienczy-przyczyny-objawy-pielegnacja\/\" \/>\n<meta property=\"og:locale\" content=\"pl_PL\" \/>\n<meta property=\"og:type\" content=\"article\" \/>\n<meta property=\"og:title\" content=\"Tr\u0105dzik m\u0142odzie\u0144czy \u2013 przyczyny, objawy, piel\u0119gnacja - Skarbiec\" \/>\n<meta property=\"og:description\" content=\"Tr\u0105dzik m\u0142odzie\u0144czy- wymaga odpowiedniego leczenia, piel\u0119gnacji oraz zmiany diety. Nieleczony prowadzi do sta\u0142ych zmian widocznych na sk\u00f3rze.\" \/>\n<meta property=\"og:url\" content=\"https:\/\/www.skarbieclynia.pl\/index.php\/2022\/10\/11\/tradzik-mlodzienczy-przyczyny-objawy-pielegnacja\/\" \/>\n<meta property=\"og:site_name\" content=\"Skarbiec\" \/>\n<meta property=\"article:published_time\" content=\"2022-10-11T07:29:45+00:00\" \/>\n<meta property=\"article:modified_time\" content=\"2023-04-20T12:24:07+00:00\" \/>\n<meta property=\"og:image\" content=\"https:\/\/www.skarbieclynia.pl\/wp-content\/uploads\/2022\/09\/shutterstock_761301001.jpg\" \/>\n\t<meta property=\"og:image:width\" content=\"1000\" \/>\n\t<meta property=\"og:image:height\" content=\"667\" \/>\n\t<meta property=\"og:image:type\" content=\"image\/jpeg\" \/>\n<meta name=\"twitter:card\" content=\"summary_large_image\" \/>\n<meta name=\"twitter:label1\" content=\"Napisane przez\" \/>\n\t<meta name=\"twitter:data1\" content=\"Agata Dobrzycka\" \/>\n\t<meta name=\"twitter:label2\" content=\"Szacowany czas czytania\" \/>\n\t<meta name=\"twitter:data2\" content=\"5 minut\" \/>\n<script type=\"application\/ld+json\" class=\"yoast-schema-graph\">{\"@context\":\"https:\/\/schema.org\",\"@graph\":[{\"@type\":\"WebSite\",\"@id\":\"https:\/\/www.skarbieclynia.pl\/#website\",\"url\":\"https:\/\/www.skarbieclynia.pl\/\",\"name\":\"Skarbiec\",\"description\":\"LYNIA\",\"potentialAction\":[{\"@type\":\"SearchAction\",\"target\":{\"@type\":\"EntryPoint\",\"urlTemplate\":\"https:\/\/www.skarbieclynia.pl\/?s={search_term_string}\"},\"query-input\":\"required name=search_term_string\"}],\"inLanguage\":\"pl-PL\"},{\"@type\":\"ImageObject\",\"@id\":\"https:\/\/www.skarbieclynia.pl\/index.php\/2022\/10\/11\/tradzik-mlodzienczy-przyczyny-objawy-pielegnacja\/#primaryimage\",\"inLanguage\":\"pl-PL\",\"url\":\"https:\/\/www.skarbieclynia.pl\/wp-content\/uploads\/2022\/09\/shutterstock_761301001.jpg\",\"contentUrl\":\"https:\/\/www.skarbieclynia.pl\/wp-content\/uploads\/2022\/09\/shutterstock_761301001.jpg\",\"width\":1000,\"height\":667,\"caption\":\"tradzik-mlodzienczy.jpg\"},{\"@type\":\"WebPage\",\"@id\":\"https:\/\/www.skarbieclynia.pl\/index.php\/2022\/10\/11\/tradzik-mlodzienczy-przyczyny-objawy-pielegnacja\/#webpage\",\"url\":\"https:\/\/www.skarbieclynia.pl\/index.php\/2022\/10\/11\/tradzik-mlodzienczy-przyczyny-objawy-pielegnacja\/\",\"name\":\"Tr\\u0105dzik m\\u0142odzie\\u0144czy \\u2013 przyczyny, objawy, piel\\u0119gnacja - Skarbiec\",\"isPartOf\":{\"@id\":\"https:\/\/www.skarbieclynia.pl\/#website\"},\"primaryImageOfPage\":{\"@id\":\"https:\/\/www.skarbieclynia.pl\/index.php\/2022\/10\/11\/tradzik-mlodzienczy-przyczyny-objawy-pielegnacja\/#primaryimage\"},\"datePublished\":\"2022-10-11T07:29:45+00:00\",\"dateModified\":\"2023-04-20T12:24:07+00:00\",\"author\":{\"@id\":\"https:\/\/www.skarbieclynia.pl\/#\/schema\/person\/0c1074c6b7a0e693c3ae945afb1b6325\"},\"description\":\"Tr\\u0105dzik m\\u0142odzie\\u0144czy- wymaga odpowiedniego leczenia, piel\\u0119gnacji oraz zmiany diety. Nieleczony prowadzi do sta\\u0142ych zmian widocznych na sk\\u00f3rze.\",\"breadcrumb\":{\"@id\":\"https:\/\/www.skarbieclynia.pl\/index.php\/2022\/10\/11\/tradzik-mlodzienczy-przyczyny-objawy-pielegnacja\/#breadcrumb\"},\"inLanguage\":\"pl-PL\",\"potentialAction\":[{\"@type\":\"ReadAction\",\"target\":[\"https:\/\/www.skarbieclynia.pl\/index.php\/2022\/10\/11\/tradzik-mlodzienczy-przyczyny-objawy-pielegnacja\/\"]}]},{\"@type\":\"BreadcrumbList\",\"@id\":\"https:\/\/www.skarbieclynia.pl\/index.php\/2022\/10\/11\/tradzik-mlodzienczy-przyczyny-objawy-pielegnacja\/#breadcrumb\",\"itemListElement\":[{\"@type\":\"ListItem\",\"position\":1,\"name\":\"Strona g\\u0142\\u00f3wna\",\"item\":\"https:\/\/www.skarbieclynia.pl\/\"},{\"@type\":\"ListItem\",\"position\":2,\"name\":\"Tr\\u0105dzik m\\u0142odzie\\u0144czy \\u2013 przyczyny, objawy, piel\\u0119gnacja\"}]},{\"@type\":\"Person\",\"@id\":\"https:\/\/www.skarbieclynia.pl\/#\/schema\/person\/0c1074c6b7a0e693c3ae945afb1b6325\",\"name\":\"Agata Dobrzycka\",\"image\":{\"@type\":\"ImageObject\",\"@id\":\"https:\/\/www.skarbieclynia.pl\/#personlogo\",\"inLanguage\":\"pl-PL\",\"url\":\"https:\/\/secure.gravatar.com\/avatar\/416f82305c48a2816b33191c1e28876d?s=96&d=mm&r=g\",\"contentUrl\":\"https:\/\/secure.gravatar.com\/avatar\/416f82305c48a2816b33191c1e28876d?s=96&d=mm&r=g\",\"caption\":\"Agata Dobrzycka\"},\"url\":\"https:\/\/www.skarbieclynia.pl\/index.php\/author\/agata\/\"}]}<\/script>\n<!-- \/ Yoast SEO plugin. -->","yoast_head_json":{"title":"Skarbiec","description":"Tr\u0105dzik m\u0142odzie\u0144czy- wymaga odpowiedniego leczenia, piel\u0119gnacji oraz zmiany diety. Nieleczony prowadzi do sta\u0142ych zmian widocznych na sk\u00f3rze.","robots":{"index":"index","follow":"follow","max-snippet":"max-snippet:-1","max-image-preview":"max-image-preview:large","max-video-preview":"max-video-preview:-1"},"canonical":"https:\/\/www.skarbieclynia.pl\/index.php\/2022\/10\/11\/tradzik-mlodzienczy-przyczyny-objawy-pielegnacja\/","og_locale":"pl_PL","og_type":"article","og_title":"Tr\u0105dzik m\u0142odzie\u0144czy \u2013 przyczyny, objawy, piel\u0119gnacja - Skarbiec","og_description":"Tr\u0105dzik m\u0142odzie\u0144czy- wymaga odpowiedniego leczenia, piel\u0119gnacji oraz zmiany diety. Nieleczony prowadzi do sta\u0142ych zmian widocznych na sk\u00f3rze.","og_url":"https:\/\/www.skarbieclynia.pl\/index.php\/2022\/10\/11\/tradzik-mlodzienczy-przyczyny-objawy-pielegnacja\/","og_site_name":"Skarbiec","article_published_time":"2022-10-11T07:29:45+00:00","article_modified_time":"2023-04-20T12:24:07+00:00","og_image":[{"width":1000,"height":667,"url":"https:\/\/www.skarbieclynia.pl\/wp-content\/uploads\/2022\/09\/shutterstock_761301001.jpg","type":"image\/jpeg"}],"twitter_card":"summary_large_image","twitter_misc":{"Napisane przez":"Agata Dobrzycka","Szacowany czas czytania":"5 minut"},"schema":{"@context":"https:\/\/schema.org","@graph":[{"@type":"WebSite","@id":"https:\/\/www.skarbieclynia.pl\/#website","url":"https:\/\/www.skarbieclynia.pl\/","name":"Skarbiec","description":"LYNIA","potentialAction":[{"@type":"SearchAction","target":{"@type":"EntryPoint","urlTemplate":"https:\/\/www.skarbieclynia.pl\/?s={search_term_string}"},"query-input":"required name=search_term_string"}],"inLanguage":"pl-PL"},{"@type":"ImageObject","@id":"https:\/\/www.skarbieclynia.pl\/index.php\/2022\/10\/11\/tradzik-mlodzienczy-przyczyny-objawy-pielegnacja\/#primaryimage","inLanguage":"pl-PL","url":"https:\/\/www.skarbieclynia.pl\/wp-content\/uploads\/2022\/09\/shutterstock_761301001.jpg","contentUrl":"https:\/\/www.skarbieclynia.pl\/wp-content\/uploads\/2022\/09\/shutterstock_761301001.jpg","width":1000,"height":667,"caption":"tradzik-mlodzienczy.jpg"},{"@type":"WebPage","@id":"https:\/\/www.skarbieclynia.pl\/index.php\/2022\/10\/11\/tradzik-mlodzienczy-przyczyny-objawy-pielegnacja\/#webpage","url":"https:\/\/www.skarbieclynia.pl\/index.php\/2022\/10\/11\/tradzik-mlodzienczy-przyczyny-objawy-pielegnacja\/","name":"Tr\u0105dzik m\u0142odzie\u0144czy \u2013 przyczyny, objawy, piel\u0119gnacja - Skarbiec","isPartOf":{"@id":"https:\/\/www.skarbieclynia.pl\/#website"},"primaryImageOfPage":{"@id":"https:\/\/www.skarbieclynia.pl\/index.php\/2022\/10\/11\/tradzik-mlodzienczy-przyczyny-objawy-pielegnacja\/#primaryimage"},"datePublished":"2022-10-11T07:29:45+00:00","dateModified":"2023-04-20T12:24:07+00:00","author":{"@id":"https:\/\/www.skarbieclynia.pl\/#\/schema\/person\/0c1074c6b7a0e693c3ae945afb1b6325"},"description":"Tr\u0105dzik m\u0142odzie\u0144czy- wymaga odpowiedniego leczenia, piel\u0119gnacji oraz zmiany diety. Nieleczony prowadzi do sta\u0142ych zmian widocznych na sk\u00f3rze.","breadcrumb":{"@id":"https:\/\/www.skarbieclynia.pl\/index.php\/2022\/10\/11\/tradzik-mlodzienczy-przyczyny-objawy-pielegnacja\/#breadcrumb"},"inLanguage":"pl-PL","potentialAction":[{"@type":"ReadAction","target":["https:\/\/www.skarbieclynia.pl\/index.php\/2022\/10\/11\/tradzik-mlodzienczy-przyczyny-objawy-pielegnacja\/"]}]},{"@type":"BreadcrumbList","@id":"https:\/\/www.skarbieclynia.pl\/index.php\/2022\/10\/11\/tradzik-mlodzienczy-przyczyny-objawy-pielegnacja\/#breadcrumb","itemListElement":[{"@type":"ListItem","position":1,"name":"Strona g\u0142\u00f3wna","item":"https:\/\/www.skarbieclynia.pl\/"},{"@type":"ListItem","position":2,"name":"Tr\u0105dzik m\u0142odzie\u0144czy \u2013 przyczyny, objawy, piel\u0119gnacja"}]},{"@type":"Person","@id":"https:\/\/www.skarbieclynia.pl\/#\/schema\/person\/0c1074c6b7a0e693c3ae945afb1b6325","name":"Agata Dobrzycka","image":{"@type":"ImageObject","@id":"https:\/\/www.skarbieclynia.pl\/#personlogo","inLanguage":"pl-PL","url":"https:\/\/secure.gravatar.com\/avatar\/416f82305c48a2816b33191c1e28876d?s=96&d=mm&r=g","contentUrl":"https:\/\/secure.gravatar.com\/avatar\/416f82305c48a2816b33191c1e28876d?s=96&d=mm&r=g","caption":"Agata Dobrzycka"},"url":"https:\/\/www.skarbieclynia.pl\/index.php\/author\/agata\/"}]}},"_links":{"self":[{"href":"https:\/\/www.skarbieclynia.pl\/index.php\/wp-json\/wp\/v2\/posts\/6472"}],"collection":[{"href":"https:\/\/www.skarbieclynia.pl\/index.php\/wp-json\/wp\/v2\/posts"}],"about":[{"href":"https:\/\/www.skarbieclynia.pl\/index.php\/wp-json\/wp\/v2\/types\/post"}],"author":[{"embeddable":true,"href":"https:\/\/www.skarbieclynia.pl\/index.php\/wp-json\/wp\/v2\/users\/5"}],"replies":[{"embeddable":true,"href":"https:\/\/www.skarbieclynia.pl\/index.php\/wp-json\/wp\/v2\/comments?post=6472"}],"version-history":[{"count":14,"href":"https:\/\/www.skarbieclynia.pl\/index.php\/wp-json\/wp\/v2\/posts\/6472\/revisions"}],"predecessor-version":[{"id":7122,"href":"https:\/\/www.skarbieclynia.pl\/index.php\/wp-json\/wp\/v2\/posts\/6472\/revisions\/7122"}],"wp:featuredmedia":[{"embeddable":true,"href":"https:\/\/www.skarbieclynia.pl\/index.php\/wp-json\/wp\/v2\/media\/6474"}],"wp:attachment":[{"href":"https:\/\/www.skarbieclynia.pl\/index.php\/wp-json\/wp\/v2\/media?parent=6472"}],"wp:term":[{"taxonomy":"category","embeddable":true,"href":"https:\/\/www.skarbieclynia.pl\/index.php\/wp-json\/wp\/v2\/categories?post=6472"},{"taxonomy":"post_tag","embeddable":true,"href":"https:\/\/www.skarbieclynia.pl\/index.php\/wp-json\/wp\/v2\/tags?post=6472"}],"curies":[{"name":"wp","href":"https:\/\/api.w.org\/{rel}","templated":true}]}}