{"id":6312,"date":"2022-07-19T11:27:34","date_gmt":"2022-07-19T09:27:34","guid":{"rendered":"https:\/\/www.skarbieclynia.pl\/?p=6312"},"modified":"2023-04-21T08:20:19","modified_gmt":"2023-04-21T06:20:19","slug":"jakie-kwasy-na-lato-wybrac","status":"publish","type":"post","link":"https:\/\/www.skarbieclynia.pl\/index.php\/2022\/07\/19\/jakie-kwasy-na-lato-wybrac\/","title":{"rendered":"Jakie kwasy na lato wybra\u0107?"},"content":{"rendered":"\n<p class=\"has-drop-cap\"><strong>Piel\u0119gnacja z kwasami <\/strong>cieszy si\u0119 du\u017c\u0105 popularno\u015bci\u0105 ju\u017c nie tylko w salonach kosmetycznych. \u00a0Bezpieczne stosowanie tych produkt\u00f3w w domowych warunkach jest jak najbardziej mo\u017cliwe, lecz trzeba wiedzie\u0107, na kt\u00f3ry produkt warto si\u0119 zdecydowa\u0107. Latem dodatkowo nale\u017cy mie\u0107 na uwadze kwesti\u0119 <strong>fotowra\u017cliwo\u015bci<\/strong> (silnej reaktywno\u015bci na promieniowanie s\u0142oneczne) wywo\u0142ywanej przez niekt\u00f3re substancje. Zatem <strong>jakie kwasy na lato wybra\u0107<\/strong>, aby m\u00f3c je bezpiecznie stosowa\u0107 i nie martwi\u0107 si\u0119 stanem cery? O czym trzeba pami\u0119ta\u0107, by stworzy\u0107 doskona\u0142y plan piel\u0119gnacyjny na ciep\u0142e miesi\u0105ce?<\/p>\n\n\n\n<ul><li><a href=\"#bezpieczna-skuteczna\">Bezpieczna i skuteczna piel\u0119gnacja latem<\/a><\/li><li><a href=\"#migdalowy\">Kwas kosmetyczny bezpieczny do stosowania przez ca\u0142y rok<\/a><\/li><li><a href=\"#salicylowy-zaskorniki\">Jaki kwas sprawdzi si\u0119 w walce z zask\u00f3rnikami?<\/a><\/li><li><a href=\"#laktobionowy-wrazliwa\">Bezpieczny kwas dla cery wra\u017cliwej<\/a><\/li><li><a href=\"#glukonolakton-tradzik\">Glukonolakton &#8211; \u0142agodny spos\u00f3b na tr\u0105dzik<\/a><\/li><li><a href=\"#kwasy-lato\">Kompleksowa piel\u0119gnacja kwasami na lato<\/a><\/li><\/ul>\n\n\n\n<h2 id=\"bezpieczna-skuteczna\"><strong>Bezpieczna i skuteczna piel\u0119gnacja latem<\/strong><\/h2>\n\n\n\n<p>Jedn\u0105 z podstawowych zasad, kt\u00f3rej bezwzgl\u0119dnie nale\u017cy si\u0119 trzyma\u0107 podczas kuracji kwasami, jest <strong><a href=\"https:\/\/www.skarbieclynia.pl\/index.php\/2022\/05\/30\/skora-w-promieniach-slonca\/\">stosowanie<\/a> <a href=\"https:\/\/www.skarbieclynia.pl\/index.php\/2022\/05\/30\/skora-w-promieniach-slonca\/\">filtr\u00f3w przeciws\u0142onecznych<\/a><\/strong>. Kremy oraz emulsje z SPF to nieodzowne produkty u\u017cywane po zastosowaniu peeling\u00f3w, masek i tonik\u00f3w zawieraj\u0105cych silne substancje z\u0142uszczaj\u0105ce. Kosmetolodzy zalecaj\u0105 nak\u0142adanie filtr\u00f3w na twarz przez ca\u0142y rok, a w szczeg\u00f3lno\u015bci, gdy u\u017cywa si\u0119 kwas\u00f3w podczas lata, gdy\u017c cera wymaga wtedy dodatkowej ochrony. Niezb\u0119dny b\u0119dzie nie tylko wysoki faktor, lecz tak\u017ce reaplikacja w ci\u0105gu dnia i unikanie ekspozycji na bezpo\u015brednie promieniowanie.&nbsp;<\/p>\n\n\n\n<h2 id=\"migdalowy\"><strong>Kwas migda\u0142owy \u2013 doskona\u0142y na ca\u0142y rok<\/strong><\/h2>\n\n\n\n<p>Jako pierwszy bezpieczny produkt do letniej piel\u0119gnacji mo\u017cna wskaza\u0107 <strong><a href=\"https:\/\/www.skarbieclynia.pl\/index.php\/2018\/11\/11\/kwas-migdalowy\/\">kwas migda\u0142owy<\/a><\/strong>. W przeciwie\u0144stwie do niekt\u00f3rych produkt\u00f3w nie wzmaga fotowra\u017cliwo\u015bci (co jednak nie oznacza, \u017ce wskazana jest rezygnacja z krem\u00f3w z filtrami). Nale\u017cy on do grupy kwas\u00f3w alfa-hydroksylowych (AHA) oraz wykazuje <strong>dzia\u0142anie z\u0142uszczaj\u0105ce<\/strong>, <strong>antybakteryjne i przeciwstarzeniowe<\/strong>. Pozyskuje si\u0119 go przez odpowiedni\u0105 preparacj\u0119 gorzkich migda\u0142\u00f3w. <strong>Peeling z kwasem migda\u0142owym <\/strong>to doskona\u0142y wyb\u00f3r na lato \u2013 \u015bwietnie sprawdza si\u0119 w leczeniu zmian potr\u0105dzikowych, rozja\u015bnia i wyg\u0142adza cer\u0119 oraz gwarantuje natychmiastowe efekty. Warto na niego postawi\u0107, je\u015bli chce si\u0119 rozpocz\u0105\u0107 kuracj\u0119 kwasami. Jego u\u017cytkowanie b\u0119dzie dobr\u0105 rozgrzewk\u0105 dla sk\u00f3ry przed aplikacj\u0105 mocniejszych substancji.<\/p>\n\n\n\n<h2 id=\"salicylowy-zaskorniki\"><strong>Kwas salicylowy jako spos\u00f3b na walk\u0119 z zask\u00f3rnikami<\/strong><\/h2>\n\n\n\n<p><strong><a href=\"https:\/\/www.skarbieclynia.pl\/index.php\/2022\/03\/17\/kwas-salicylowy\/\">Kwas salicylowy<\/a><\/strong> nale\u017cy do grupy kwas\u00f3w beta-hydroksylowych (BHA) i cechuje si\u0119 nieco silniejszym dzia\u0142aniem, jednak wci\u0105\u017c mo\u017cna zaliczy\u0107 go do bardzo \u0142agodnych produkt\u00f3w. Wykazuje <strong>w\u0142a\u015bciwo\u015bci bakteriob\u00f3jcze<\/strong>,<strong> bakteriostatyczne i przeciwgrzybicze<\/strong>. Sprawdza si\u0119 jako remedium na zask\u00f3rniki \u2013 pomaga likwidowa\u0107 ju\u017c istniej\u0105ce oraz zapobiega powstawaniu nowych. Jest doskona\u0142y do oczyszczania cery tr\u0105dzikowej, mieszanej, a tak\u017ce strefy T u os\u00f3b ze sk\u00f3r\u0105 such\u0105. Ponadto przyspiesza gojenie ognisk zapalnych, zmniejsza widoczno\u015b\u0107 przebarwie\u0144 i blizn oraz zapobiega wrastaniu w\u0142os\u00f3w po depilacji.<\/p>\n\n\n\n<h2 id=\"laktobionowy-wrazliwa\"><strong>Kwas laktobionowy \u2013 idealny do cery wra\u017cliwej<\/strong><\/h2>\n\n\n\n<div class=\"wp-block-image\"><figure class=\"alignright size-large is-resized\"><img loading=\"lazy\" src=\"https:\/\/www.skarbieclynia.pl\/wp-content\/uploads\/2022\/07\/DSC_7810-1024x681.jpg\" alt=\"kwasy-na-lato.jpg\" class=\"wp-image-6321\" width=\"512\" height=\"341\" srcset=\"https:\/\/www.skarbieclynia.pl\/wp-content\/uploads\/2022\/07\/DSC_7810-1024x681.jpg 1024w, https:\/\/www.skarbieclynia.pl\/wp-content\/uploads\/2022\/07\/DSC_7810-300x200.jpg 300w, https:\/\/www.skarbieclynia.pl\/wp-content\/uploads\/2022\/07\/DSC_7810-768x511.jpg 768w, https:\/\/www.skarbieclynia.pl\/wp-content\/uploads\/2022\/07\/DSC_7810-1536x1022.jpg 1536w, https:\/\/www.skarbieclynia.pl\/wp-content\/uploads\/2022\/07\/DSC_7810-2048x1363.jpg 2048w, https:\/\/www.skarbieclynia.pl\/wp-content\/uploads\/2022\/07\/DSC_7810-720x480.jpg 720w, https:\/\/www.skarbieclynia.pl\/wp-content\/uploads\/2022\/07\/DSC_7810-480x319.jpg 480w\" sizes=\"(max-width: 512px) 100vw, 512px\" \/><\/figure><\/div>\n\n\n\n<p>Jak sugeruj\u0105 specjali\u015bci i specjalistki kosmetologii, <strong><a href=\"https:\/\/www.skarbieclynia.pl\/index.php\/2022\/03\/17\/kwas-laktobionowy\/\">kwas laktobionowy<\/a><\/strong>, ze wzgl\u0119du na swoj\u0105 szczeg\u00f3ln\u0105 form\u0119, mo\u017ce by\u0107 stosowany nawet przez osoby o wra\u017cliwej cerze. To kwas polihydroksylowy (PHA) otrzymywany w wyniku utleniania laktozy. Wykazuje <strong>dzia\u0142anie \u0142agodnie z\u0142uszczaj\u0105ce, wyg\u0142adzaj\u0105ce, wzmacniaj\u0105ce i przeciwzapalne<\/strong>. Wp\u0142ywa koj\u0105co na cer\u0119, hamuj\u0105c utrat\u0119 wody oraz pobudzaj\u0105c syntez\u0119 kolagenu. Tym samym przyczynia si\u0119 do procesu odnowy kom\u00f3rkowej, a tak\u017ce wykazuje silne w\u0142a\u015bciwo\u015bci przeciwrodnikowe. Mog\u0105 go u\u017cywa\u0107 osoby ze sk\u00f3r\u0105 wra\u017cliw\u0105, such\u0105 i naczyniow\u0105, ze sk\u0142onno\u015bci\u0105 do podra\u017cnie\u0144 oraz rozmaitych schorze\u0144 sk\u00f3rnych, takich jak egzema czy \u0142uszczyca (pod kontrol\u0105 dermatologa). Pomaga w leczeniu tr\u0105dziku r\u00f3\u017cowatego, zmniejsza te\u017c widoczno\u015b\u0107 rozszerzonych naczynek.<\/p>\n\n\n\n<h2 id=\"glukonolakton-tradzik\"><strong>Glukonolakton \u2013 \u0142agodny spos\u00f3b na tr\u0105dzik<\/strong><\/h2>\n\n\n\n<p>Osoby, kt\u00f3re zim\u0105 wybieraj\u0105 siln\u0105 piel\u0119gnacj\u0119, np. z u\u017cyciem retinolu, latem mog\u0105 zdecydowa\u0107 si\u0119 na <strong>glukonolakton<\/strong>, czyli wytw\u00f3r powstaj\u0105cy w procesie fermentacji kukurydzy. Wyj\u015bciowo wykazuje odczyn oboj\u0119tny, jednak w kontakcie z wod\u0105 zmienia swoje w\u0142a\u015bciwo\u015bci, hydrolizuj\u0105c si\u0119 do <strong><a href=\"https:\/\/lynia.pl\/produkt\/lynia-pure-tonik-zelowy-z-glukonolaktonem-15\/\">kwasu glukonowego<\/a> <\/strong>z grupy PHA. Jest to <strong>naturalny oksydant<\/strong>, <strong>dzia\u0142aj\u0105cy ochronnie na sk\u00f3r\u0119<\/strong>, <strong>przyspieszaj\u0105c regeneracj\u0119 kom\u00f3rek i niweluj\u0105c podra\u017cnienia<\/strong>. Zastosowanie go w piel\u0119gnacji przyczynia si\u0119 do wyg\u0142adzenia sk\u00f3ry, uj\u0119drnienia oraz uelastycznienia jej. W st\u0119\u017ceniu 5% sprawdza si\u0119 doskonale do cery wra\u017cliwej i alergicznej, a przy 15% w sk\u0142adzie staje si\u0119 lekkim peelingiem. Nadaje si\u0119 r\u00f3wnie\u017c do piel\u0119gnacji sk\u00f3ry pod oczami.<\/p>\n\n\n\n<h2 id=\"kwasy-lato\"><strong>Kompleksowa piel\u0119gnacja z kwasami na lato<\/strong><\/h2>\n\n\n\n<p><strong>Delikatne kwasy <\/strong>to substancje bezpieczne do u\u017cytkowania w domowych recepturach. Dost\u0119pne s\u0105 tak\u017ce gotowe produkty, kt\u00f3re z powodzeniem mog\u0105 by\u0107 stosowane w letnie miesi\u0105ce. <a href=\"https:\/\/lynia.pl\/produkt\/krem-z-kwasami-aha-5\/\"><strong>Krem z kwasami AHA Lynia<\/strong> <\/a>b\u0119dzie doskona\u0142y do wieczornej piel\u0119gnacji. Stosowany raz w tygodniu ca\u0142oroczny <strong><a href=\"https:\/\/lynia.pl\/produkt\/peeling-z-kwasem-migdalowym-20\/\">peeling z kwasem migda\u0142owym<\/a><\/strong> poradzi sobie z przesuszeniem i przebarwieniami pos\u0142onecznymi, a <strong><a href=\"https:\/\/lynia.pl\/produkt\/lynia-pure-tonik-zelowy-z-glukonolaktonem-15\/\">tonik \u017celowy z glukonolaktonem<\/a><\/strong> wyg\u0142adzi cer\u0119 oraz ukoi podra\u017cnienia. Z kolei do cery naczynkowej dobrze sprawdzi si\u0119 <strong><a href=\"https:\/\/lynia.pl\/produkt\/krem-dla-cery-naczynkowej-z-kwasem-laktobionowym\/\">krem z kwasem laktobionowym<\/a><\/strong> o dzia\u0142aniu regeneruj\u0105cym.<\/p>\n\n\n\n<p><strong><a href=\"https:\/\/www.skarbieclynia.pl\/index.php\/2018\/07\/15\/kwasy-kosmetyczne\/\">Produkty z kwasami<\/a> <\/strong>to element rytua\u0142u piel\u0119gnacyjnego, kt\u00f3ry warto wprowadzi\u0107 tak\u017ce u siebie. Lato wcale nie jest czasem, kiedy nale\u017cy z nich rezygnowa\u0107. Wystarczy wiedzie\u0107, jakie produkty b\u0119d\u0105 bezpieczne i zastosowa\u0107 ochron\u0119 przeciws\u0142oneczn\u0105.<\/p>\n","protected":false},"excerpt":{"rendered":"<p>Piel\u0119gnacja z kwasami cieszy si\u0119 du\u017c\u0105 popularno\u015bci\u0105 ju\u017c nie tylko w salonach kosmetycznych. \u00a0Bezpieczne stosowanie tych produkt\u00f3w w domowych warunkach jest jak najbardziej mo\u017cliwe, lecz trzeba wiedzie\u0107, na kt\u00f3ry produkt warto si\u0119 zdecydowa\u0107. Latem dodatkowo nale\u017cy mie\u0107 na uwadze kwesti\u0119 fotowra\u017cliwo\u015bci (silnej reaktywno\u015bci na promieniowanie s\u0142oneczne) wywo\u0142ywanej przez niekt\u00f3re substancje. Zatem jakie kwasy na lato wybra\u0107, aby m\u00f3c je bezpiecznie stosowa\u0107 i nie martwi\u0107 si\u0119 stanem cery? O czym trzeba pami\u0119ta\u0107, by stworzy\u0107 doskona\u0142y plan piel\u0119gnacyjny na ciep\u0142e miesi\u0105ce? Bezpieczna i skuteczna piel\u0119gnacja latem Kwas kosmetyczny bezpieczny do stosowania przez ca\u0142y rok Jaki kwas sprawdzi si\u0119 w walce z zask\u00f3rnikami?<\/p>\n","protected":false},"author":5,"featured_media":6318,"comment_status":"closed","ping_status":"open","sticky":false,"template":"","format":"standard","meta":[],"categories":[16],"tags":[118,110,161,453,287,368,363,370,178,102,157,107,233,377,452,116,346,104,106,105,454,98,451,156,117,166,353,361,142,188,169,232],"acf":[],"yoast_head":"<!-- This site is optimized with the Yoast SEO plugin v17.9 - https:\/\/yoast.com\/wordpress\/plugins\/seo\/ -->\n<title>Skarbiec<\/title>\n<meta name=\"description\" content=\"jakie kwasy na lato wybra\u0107, aby m\u00f3c je bezpiecznie stosowa\u0107 i nie martwi\u0107 si\u0119 stanem cery? Jak stworzy\u0107 doskona\u0142y plan piel\u0119gnacyjny?\" \/>\n<meta name=\"robots\" content=\"index, follow, max-snippet:-1, max-image-preview:large, max-video-preview:-1\" \/>\n<link rel=\"canonical\" href=\"https:\/\/www.skarbieclynia.pl\/index.php\/2022\/07\/19\/jakie-kwasy-na-lato-wybrac\/\" \/>\n<meta property=\"og:locale\" content=\"pl_PL\" \/>\n<meta property=\"og:type\" content=\"article\" \/>\n<meta property=\"og:title\" content=\"Jakie kwasy na lato wybra\u0107? - Skarbiec\" \/>\n<meta property=\"og:description\" content=\"jakie kwasy na lato wybra\u0107, aby m\u00f3c je bezpiecznie stosowa\u0107 i nie martwi\u0107 si\u0119 stanem cery? Jak stworzy\u0107 doskona\u0142y plan piel\u0119gnacyjny?\" \/>\n<meta property=\"og:url\" content=\"https:\/\/www.skarbieclynia.pl\/index.php\/2022\/07\/19\/jakie-kwasy-na-lato-wybrac\/\" \/>\n<meta property=\"og:site_name\" content=\"Skarbiec\" \/>\n<meta property=\"article:published_time\" content=\"2022-07-19T09:27:34+00:00\" \/>\n<meta property=\"article:modified_time\" content=\"2023-04-21T06:20:19+00:00\" \/>\n<meta property=\"og:image\" content=\"https:\/\/www.skarbieclynia.pl\/wp-content\/uploads\/2022\/07\/shutterstock_559870432-1.jpg\" \/>\n\t<meta property=\"og:image:width\" content=\"1000\" \/>\n\t<meta property=\"og:image:height\" content=\"667\" \/>\n\t<meta property=\"og:image:type\" content=\"image\/jpeg\" \/>\n<meta name=\"twitter:card\" content=\"summary_large_image\" \/>\n<meta name=\"twitter:label1\" content=\"Napisane przez\" \/>\n\t<meta name=\"twitter:data1\" content=\"Agata Dobrzycka\" \/>\n\t<meta name=\"twitter:label2\" content=\"Szacowany czas czytania\" \/>\n\t<meta name=\"twitter:data2\" content=\"5 minut\" \/>\n<script type=\"application\/ld+json\" class=\"yoast-schema-graph\">{\"@context\":\"https:\/\/schema.org\",\"@graph\":[{\"@type\":\"WebSite\",\"@id\":\"https:\/\/www.skarbieclynia.pl\/#website\",\"url\":\"https:\/\/www.skarbieclynia.pl\/\",\"name\":\"Skarbiec\",\"description\":\"LYNIA\",\"potentialAction\":[{\"@type\":\"SearchAction\",\"target\":{\"@type\":\"EntryPoint\",\"urlTemplate\":\"https:\/\/www.skarbieclynia.pl\/?s={search_term_string}\"},\"query-input\":\"required name=search_term_string\"}],\"inLanguage\":\"pl-PL\"},{\"@type\":\"ImageObject\",\"@id\":\"https:\/\/www.skarbieclynia.pl\/index.php\/2022\/07\/19\/jakie-kwasy-na-lato-wybrac\/#primaryimage\",\"inLanguage\":\"pl-PL\",\"url\":\"https:\/\/www.skarbieclynia.pl\/wp-content\/uploads\/2022\/07\/shutterstock_559870432-1.jpg\",\"contentUrl\":\"https:\/\/www.skarbieclynia.pl\/wp-content\/uploads\/2022\/07\/shutterstock_559870432-1.jpg\",\"width\":1000,\"height\":667,\"caption\":\"kwasy-na-lato.jpg\"},{\"@type\":\"WebPage\",\"@id\":\"https:\/\/www.skarbieclynia.pl\/index.php\/2022\/07\/19\/jakie-kwasy-na-lato-wybrac\/#webpage\",\"url\":\"https:\/\/www.skarbieclynia.pl\/index.php\/2022\/07\/19\/jakie-kwasy-na-lato-wybrac\/\",\"name\":\"Jakie kwasy na lato wybra\\u0107? - Skarbiec\",\"isPartOf\":{\"@id\":\"https:\/\/www.skarbieclynia.pl\/#website\"},\"primaryImageOfPage\":{\"@id\":\"https:\/\/www.skarbieclynia.pl\/index.php\/2022\/07\/19\/jakie-kwasy-na-lato-wybrac\/#primaryimage\"},\"datePublished\":\"2022-07-19T09:27:34+00:00\",\"dateModified\":\"2023-04-21T06:20:19+00:00\",\"author\":{\"@id\":\"https:\/\/www.skarbieclynia.pl\/#\/schema\/person\/0c1074c6b7a0e693c3ae945afb1b6325\"},\"description\":\"jakie kwasy na lato wybra\\u0107, aby m\\u00f3c je bezpiecznie stosowa\\u0107 i nie martwi\\u0107 si\\u0119 stanem cery? Jak stworzy\\u0107 doskona\\u0142y plan piel\\u0119gnacyjny?\",\"breadcrumb\":{\"@id\":\"https:\/\/www.skarbieclynia.pl\/index.php\/2022\/07\/19\/jakie-kwasy-na-lato-wybrac\/#breadcrumb\"},\"inLanguage\":\"pl-PL\",\"potentialAction\":[{\"@type\":\"ReadAction\",\"target\":[\"https:\/\/www.skarbieclynia.pl\/index.php\/2022\/07\/19\/jakie-kwasy-na-lato-wybrac\/\"]}]},{\"@type\":\"BreadcrumbList\",\"@id\":\"https:\/\/www.skarbieclynia.pl\/index.php\/2022\/07\/19\/jakie-kwasy-na-lato-wybrac\/#breadcrumb\",\"itemListElement\":[{\"@type\":\"ListItem\",\"position\":1,\"name\":\"Strona g\\u0142\\u00f3wna\",\"item\":\"https:\/\/www.skarbieclynia.pl\/\"},{\"@type\":\"ListItem\",\"position\":2,\"name\":\"Jakie kwasy na lato wybra\\u0107?\"}]},{\"@type\":\"Person\",\"@id\":\"https:\/\/www.skarbieclynia.pl\/#\/schema\/person\/0c1074c6b7a0e693c3ae945afb1b6325\",\"name\":\"Agata Dobrzycka\",\"image\":{\"@type\":\"ImageObject\",\"@id\":\"https:\/\/www.skarbieclynia.pl\/#personlogo\",\"inLanguage\":\"pl-PL\",\"url\":\"https:\/\/secure.gravatar.com\/avatar\/416f82305c48a2816b33191c1e28876d?s=96&d=mm&r=g\",\"contentUrl\":\"https:\/\/secure.gravatar.com\/avatar\/416f82305c48a2816b33191c1e28876d?s=96&d=mm&r=g\",\"caption\":\"Agata Dobrzycka\"},\"url\":\"https:\/\/www.skarbieclynia.pl\/index.php\/author\/agata\/\"}]}<\/script>\n<!-- \/ Yoast SEO plugin. -->","yoast_head_json":{"title":"Skarbiec","description":"jakie kwasy na lato wybra\u0107, aby m\u00f3c je bezpiecznie stosowa\u0107 i nie martwi\u0107 si\u0119 stanem cery? Jak stworzy\u0107 doskona\u0142y plan piel\u0119gnacyjny?","robots":{"index":"index","follow":"follow","max-snippet":"max-snippet:-1","max-image-preview":"max-image-preview:large","max-video-preview":"max-video-preview:-1"},"canonical":"https:\/\/www.skarbieclynia.pl\/index.php\/2022\/07\/19\/jakie-kwasy-na-lato-wybrac\/","og_locale":"pl_PL","og_type":"article","og_title":"Jakie kwasy na lato wybra\u0107? - Skarbiec","og_description":"jakie kwasy na lato wybra\u0107, aby m\u00f3c je bezpiecznie stosowa\u0107 i nie martwi\u0107 si\u0119 stanem cery? Jak stworzy\u0107 doskona\u0142y plan piel\u0119gnacyjny?","og_url":"https:\/\/www.skarbieclynia.pl\/index.php\/2022\/07\/19\/jakie-kwasy-na-lato-wybrac\/","og_site_name":"Skarbiec","article_published_time":"2022-07-19T09:27:34+00:00","article_modified_time":"2023-04-21T06:20:19+00:00","og_image":[{"width":1000,"height":667,"url":"https:\/\/www.skarbieclynia.pl\/wp-content\/uploads\/2022\/07\/shutterstock_559870432-1.jpg","type":"image\/jpeg"}],"twitter_card":"summary_large_image","twitter_misc":{"Napisane przez":"Agata Dobrzycka","Szacowany czas czytania":"5 minut"},"schema":{"@context":"https:\/\/schema.org","@graph":[{"@type":"WebSite","@id":"https:\/\/www.skarbieclynia.pl\/#website","url":"https:\/\/www.skarbieclynia.pl\/","name":"Skarbiec","description":"LYNIA","potentialAction":[{"@type":"SearchAction","target":{"@type":"EntryPoint","urlTemplate":"https:\/\/www.skarbieclynia.pl\/?s={search_term_string}"},"query-input":"required name=search_term_string"}],"inLanguage":"pl-PL"},{"@type":"ImageObject","@id":"https:\/\/www.skarbieclynia.pl\/index.php\/2022\/07\/19\/jakie-kwasy-na-lato-wybrac\/#primaryimage","inLanguage":"pl-PL","url":"https:\/\/www.skarbieclynia.pl\/wp-content\/uploads\/2022\/07\/shutterstock_559870432-1.jpg","contentUrl":"https:\/\/www.skarbieclynia.pl\/wp-content\/uploads\/2022\/07\/shutterstock_559870432-1.jpg","width":1000,"height":667,"caption":"kwasy-na-lato.jpg"},{"@type":"WebPage","@id":"https:\/\/www.skarbieclynia.pl\/index.php\/2022\/07\/19\/jakie-kwasy-na-lato-wybrac\/#webpage","url":"https:\/\/www.skarbieclynia.pl\/index.php\/2022\/07\/19\/jakie-kwasy-na-lato-wybrac\/","name":"Jakie kwasy na lato wybra\u0107? - Skarbiec","isPartOf":{"@id":"https:\/\/www.skarbieclynia.pl\/#website"},"primaryImageOfPage":{"@id":"https:\/\/www.skarbieclynia.pl\/index.php\/2022\/07\/19\/jakie-kwasy-na-lato-wybrac\/#primaryimage"},"datePublished":"2022-07-19T09:27:34+00:00","dateModified":"2023-04-21T06:20:19+00:00","author":{"@id":"https:\/\/www.skarbieclynia.pl\/#\/schema\/person\/0c1074c6b7a0e693c3ae945afb1b6325"},"description":"jakie kwasy na lato wybra\u0107, aby m\u00f3c je bezpiecznie stosowa\u0107 i nie martwi\u0107 si\u0119 stanem cery? Jak stworzy\u0107 doskona\u0142y plan piel\u0119gnacyjny?","breadcrumb":{"@id":"https:\/\/www.skarbieclynia.pl\/index.php\/2022\/07\/19\/jakie-kwasy-na-lato-wybrac\/#breadcrumb"},"inLanguage":"pl-PL","potentialAction":[{"@type":"ReadAction","target":["https:\/\/www.skarbieclynia.pl\/index.php\/2022\/07\/19\/jakie-kwasy-na-lato-wybrac\/"]}]},{"@type":"BreadcrumbList","@id":"https:\/\/www.skarbieclynia.pl\/index.php\/2022\/07\/19\/jakie-kwasy-na-lato-wybrac\/#breadcrumb","itemListElement":[{"@type":"ListItem","position":1,"name":"Strona g\u0142\u00f3wna","item":"https:\/\/www.skarbieclynia.pl\/"},{"@type":"ListItem","position":2,"name":"Jakie kwasy na lato wybra\u0107?"}]},{"@type":"Person","@id":"https:\/\/www.skarbieclynia.pl\/#\/schema\/person\/0c1074c6b7a0e693c3ae945afb1b6325","name":"Agata Dobrzycka","image":{"@type":"ImageObject","@id":"https:\/\/www.skarbieclynia.pl\/#personlogo","inLanguage":"pl-PL","url":"https:\/\/secure.gravatar.com\/avatar\/416f82305c48a2816b33191c1e28876d?s=96&d=mm&r=g","contentUrl":"https:\/\/secure.gravatar.com\/avatar\/416f82305c48a2816b33191c1e28876d?s=96&d=mm&r=g","caption":"Agata Dobrzycka"},"url":"https:\/\/www.skarbieclynia.pl\/index.php\/author\/agata\/"}]}},"_links":{"self":[{"href":"https:\/\/www.skarbieclynia.pl\/index.php\/wp-json\/wp\/v2\/posts\/6312"}],"collection":[{"href":"https:\/\/www.skarbieclynia.pl\/index.php\/wp-json\/wp\/v2\/posts"}],"about":[{"href":"https:\/\/www.skarbieclynia.pl\/index.php\/wp-json\/wp\/v2\/types\/post"}],"author":[{"embeddable":true,"href":"https:\/\/www.skarbieclynia.pl\/index.php\/wp-json\/wp\/v2\/users\/5"}],"replies":[{"embeddable":true,"href":"https:\/\/www.skarbieclynia.pl\/index.php\/wp-json\/wp\/v2\/comments?post=6312"}],"version-history":[{"count":7,"href":"https:\/\/www.skarbieclynia.pl\/index.php\/wp-json\/wp\/v2\/posts\/6312\/revisions"}],"predecessor-version":[{"id":7128,"href":"https:\/\/www.skarbieclynia.pl\/index.php\/wp-json\/wp\/v2\/posts\/6312\/revisions\/7128"}],"wp:featuredmedia":[{"embeddable":true,"href":"https:\/\/www.skarbieclynia.pl\/index.php\/wp-json\/wp\/v2\/media\/6318"}],"wp:attachment":[{"href":"https:\/\/www.skarbieclynia.pl\/index.php\/wp-json\/wp\/v2\/media?parent=6312"}],"wp:term":[{"taxonomy":"category","embeddable":true,"href":"https:\/\/www.skarbieclynia.pl\/index.php\/wp-json\/wp\/v2\/categories?post=6312"},{"taxonomy":"post_tag","embeddable":true,"href":"https:\/\/www.skarbieclynia.pl\/index.php\/wp-json\/wp\/v2\/tags?post=6312"}],"curies":[{"name":"wp","href":"https:\/\/api.w.org\/{rel}","templated":true}]}}