{"id":6162,"date":"2022-06-27T14:27:43","date_gmt":"2022-06-27T12:27:43","guid":{"rendered":"https:\/\/www.skarbieclynia.pl\/?p=6162"},"modified":"2023-04-21T08:34:37","modified_gmt":"2023-04-21T06:34:37","slug":"skora-tradzikowa-bez-tajemnic","status":"publish","type":"post","link":"https:\/\/www.skarbieclynia.pl\/index.php\/2022\/06\/27\/skora-tradzikowa-bez-tajemnic\/","title":{"rendered":"Sk\u00f3ra tr\u0105dzikowa &#8211; bez tajemnic!"},"content":{"rendered":"\n<p class=\"has-drop-cap\">Co sprawia, \u017ce cera jest klasyfikowana jako <strong>sk\u00f3ra tr\u0105dzikowa<\/strong>? Ostatnia dekada intensywnych obserwacji i bada\u0144 doprowadzi\u0142a \u015bwiat <em>beauty<\/em> do konkretnego wniosku: tr\u0105dzik sta\u0142 si\u0119 chorob\u0105 cywilizacyjn\u0105. Dotychczas najcz\u0119\u015bciej kojarzony by\u0142 on z problemem os\u00f3b w okresie dojrzewania. Zwykle miejscem jego wyst\u0119powania jest <strong>strefa T<\/strong>, towarzyszy mu \u0142ojotok, a leczenie polega na delikatnej piel\u0119gnacji, czasami r\u00f3wnie\u017c wdra\u017caniu antybiotyk\u00f3w lub ukierunkowanego leczenia dermatologicznego. Za ich spraw\u0105 mija bezpowrotnie, czasami pozostawiaj\u0105c blizny. Nie jest to jednak jedyna odmiana tr\u0105dziku.<\/p>\n\n\n\n<ul><li><a href=\"#tradzik-doroslych\">Charakterystyka tr\u0105dziku doros\u0142ych<\/a><\/li><li><a href=\"#skladniki\">Sk\u0142adniki pomocne w piel\u0119gnacji sk\u00f3ry tr\u0105dzikowej<\/a><\/li><li><a href=\"#schemat-pielegnacji\">Schemat piel\u0119gnacji sk\u00f3ry tr\u0105dzikowej<\/a><\/li><li><a href=\"#kosmetyki\">Kosmetyki odpowiednie do piel\u0119gnacji sk\u00f3ry tr\u0105dzikowej<\/a><\/li><li><a href=\"#co-jeszcze\">Cera tr\u0105dzikowa- co jeszcze mo\u017cna zrobi\u0107?<\/a><\/li><\/ul>\n\n\n\n<div class=\"wp-block-image\"><figure class=\"alignright size-full is-resized\"><img loading=\"lazy\" src=\"https:\/\/www.skarbieclynia.pl\/wp-content\/uploads\/2022\/03\/shutterstock_761301001.jpg\" alt=\"skora-tradzikowa.jpg\" class=\"wp-image-3089\" width=\"471\" height=\"314\" srcset=\"https:\/\/www.skarbieclynia.pl\/wp-content\/uploads\/2022\/03\/shutterstock_761301001.jpg 1000w, https:\/\/www.skarbieclynia.pl\/wp-content\/uploads\/2022\/03\/shutterstock_761301001-300x200.jpg 300w, https:\/\/www.skarbieclynia.pl\/wp-content\/uploads\/2022\/03\/shutterstock_761301001-768x512.jpg 768w, https:\/\/www.skarbieclynia.pl\/wp-content\/uploads\/2022\/03\/shutterstock_761301001-720x480.jpg 720w, https:\/\/www.skarbieclynia.pl\/wp-content\/uploads\/2022\/03\/shutterstock_761301001-480x320.jpg 480w\" sizes=\"(max-width: 471px) 100vw, 471px\" \/><\/figure><\/div>\n\n\n\n<h2 id=\"tradzik-doroslych\"><strong>Tr\u0105dzik doros\u0142ych \u2013&nbsp;czym si\u0119 charakteryzuje?<\/strong><\/h2>\n\n\n\n<p>Aktualnie coraz bardziej powszechnie obserwuje si\u0119 tak zwane zjawisko <strong>acne tarda<\/strong>, czyli tr\u0105dziku wieku doros\u0142ego. Jego wyst\u0119powanie jest powi\u0105zane mi\u0119dzy innymi z gospodark\u0105 hormonaln\u0105, diet\u0105 bogat\u0105 w cukry proste, zanieczyszczeniem \u015brodowiska. A tak\u017ce wysokim poziomem stresu. <strong>Jak wygl\u0105da acne tarda<\/strong>? Zazwyczaj przyjmuje posta\u0107 bolesnych stan\u00f3w zapalnych umiejscowionych po bokach twarzy, d\u0142ugo goj\u0105cych si\u0119 i pozostawiaj\u0105cych po sobie g\u0142\u0119bokie blizny. Dodatkowo cer\u0119 os\u00f3b, kt\u00f3re dotyka ta przypad\u0142o\u015b\u0107, charakteryzuj\u0105 zanieczyszczone pory, a niejednokrotnie te\u017c podwy\u017cszona wra\u017cliwo\u015b\u0107, dotkliwe odwodnienie oraz sucho\u015b\u0107 nask\u00f3rka.<\/p>\n\n\n\n<p>Warta uwagi jest tak\u017ce odmiana o pod\u0142o\u017cu naczyniowym. Do wy\u017cej wymienionych wyzwa\u0144 do\u0142\u0105czaj\u0105 <strong>kruche naczynia krwiono\u015bne <\/strong>o wysokiej reaktywno\u015bci. Taka kombinacja dodatkowo utrudnia domow\u0105 piel\u0119gnacj\u0119 oraz leczenie pod okiem specjalisty. R\u00f3wnie\u017c dlatego warto zadba\u0107 o dob\u00f3r odpowiednich preparat\u00f3w kosmetycznych, kt\u00f3re jak najlepiej poradz\u0105 sobie z postawionymi zadaniami.<\/p>\n\n\n\n<p>Opracowanie skupia si\u0119 na \u0142agodnej postaci acne tarda. Mo\u017cna pozna\u0107 odpowied\u017a na pytanie, <strong>jaka piel\u0119gnacja przy tr\u0105dziku <\/strong>sprawdzi si\u0119 najlepiej i dopasowa\u0107 domowe rytua\u0142y do swoich potrzeb. Ze wzgl\u0119du na obszerno\u015b\u0107 zagadnienia, zalecamy zajrze\u0107 r\u00f3wnie\u017c do innych materia\u0142\u00f3w Lynia i wykorzysta\u0107 zawarte tam wskaz\u00f3wki. \u0141\u0105cz\u0105c je z poni\u017cszymi zaleceniami w wypadku:<\/p>\n\n\n\n<ul><li>tr\u0105dziku o pod\u0142o\u017cu naczyniowym do <strong><a href=\"https:\/\/www.skarbieclynia.pl\/index.php\/2022\/04\/20\/bez-tajemnic-cera-plytko-unaczyniona-i-reaktywna\/\">sk\u00f3ra p\u0142ytko unaczyniona i reaktywna bez tajemnic!<\/a><\/strong><\/li><li>mocnej sk\u0142onno\u015bci do przebarwie\u0144 o r\u00f3\u017cnej g\u0142\u0119boko\u015bci i pochodzeniu do <strong><a href=\"https:\/\/www.skarbieclynia.pl\/index.php\/2022\/04\/22\/nadmierna-pigmentacja-bez-tajemnic\/\">nadmierna pigmentacja bez tajemnic!<\/a><\/strong><\/li><li>sk\u0142onno\u015bci do przet\u0142uszczania si\u0119 do <strong><a href=\"https:\/\/www.skarbieclynia.pl\/index.php\/2012\/03\/05\/skora-tlusta\/\">sk\u00f3ra t\u0142usta &#8211; bez tajemnic!<\/a><\/strong><\/li><li>braku r\u00f3wnowagi pomi\u0119dzy stref\u0105 wymagaj\u0105c\u0105 mniej nawil\u017cenia, stref\u0105 such\u0105, a przet\u0142uszczaj\u0105c\u0105 si\u0119 stref\u0105 T do <strong><a href=\"https:\/\/www.skarbieclynia.pl\/index.php\/2018\/05\/18\/skora-mieszana\/\">sk\u00f3ra mieszana- bez tajemnic!<\/a><\/strong><\/li><\/ul>\n\n\n\n<h2><strong>\u0141agodny tr\u0105dzik m\u0142odzie\u0144czy \u2013&nbsp;jak dba\u0107 o sk\u00f3r\u0119?<\/strong><\/h2>\n\n\n\n<p><strong>Jakie kosmetyki wybra\u0107 <\/strong>w przypadku m\u0142odzie\u0144czej cery z tr\u0105dzikiem? Kluczem jest dok\u0142adny demakija\u017c, delikatne oczyszczanie, nawil\u017canie oraz z\u0142uszczanie. Idealnie w tej roli sprawdz\u0105 si\u0119:<\/p>\n\n\n\n<ul><li>przeciwzapalna mgie\u0142ka na bazie hydrolatu r\u00f3\u017canego lub ze \u015bluzem \u015blimaka,<\/li><li>lekki produkt nawil\u017caj\u0105cy i \u017celowy krem z filtrem,<\/li><li>peeling enzymatyczny i maska z kwasem salicylowym 2% do stosowania 1-2 razy w tygodniu.<\/li><\/ul>\n\n\n\n<h2><strong>Tr\u0105dzik wieku dojrza\u0142ego \u2013&nbsp;czego szuka\u0107 w piel\u0119gnacji?<\/strong><\/h2>\n\n\n\n<p>Wyzwaniem jest konieczno\u015b\u0107 po\u0142\u0105czenia prostej, \u0142agodnej bazy ze skutecznymi sk\u0142adnikami. <strong>Jakie jest zadanie substancji aktywnych<\/strong>?Warto wskaza\u0107 mi\u0119dzy innymi przeciwdzia\u0142anie zask\u00f3rnikom, zw\u0119\u017canie por\u00f3w, kojenie cery, przyspieszanie gojenia stan\u00f3w zapalnych, wzmacnianie naczynek, a tak\u017ce rozja\u015bnianie przebarwie\u0144. Dodatkowym aspektem jest, istotna szczeg\u00f3lnie w przypadku cery dojrza\u0142ej, <strong>prewencja przeciwstarzeniowa<\/strong>.<\/p>\n\n\n\n<h2 id=\"skladniki\"><strong>Acne tarda \u2013&nbsp;sk\u0142adniki pomocne w piel\u0119gnacji<\/strong><\/h2>\n\n\n\n<p>Surowce kosmetyczne, kt\u00f3re znajduj\u0105 si\u0119 w poszczeg\u00f3lnych produktach, mog\u0105 mie\u0107 zbawienny wp\u0142yw na stan cery. Jakie <strong>substancje aktywne <\/strong>najlepiej sprawdz\u0105 si\u0119 w przypadku acne tarda?<\/p>\n\n\n\n<ul><li><a href=\"https:\/\/www.skarbieclynia.pl\/index.php\/2022\/03\/18\/ekologiczny-ekstrakt-z-centella-asiatica\/\">w\u0105krota azjatycka<\/a>,<\/li><li><a href=\"https:\/\/www.skarbieclynia.pl\/index.php\/2018\/06\/18\/niacynamid\/\">niacynamid<\/a><\/li><li><a href=\"https:\/\/www.skarbieclynia.pl\/index.php\/2022\/03\/16\/naturalna-betaina\/\">betaina<\/a>,<\/li><li><a href=\"https:\/\/www.skarbieclynia.pl\/index.php\/2022\/03\/21\/alga-aktiv-czysta-skora\/\">algi<\/a>,<\/li><li><a href=\"https:\/\/www.skarbieclynia.pl\/index.php\/2022\/03\/30\/skwalan\/\">skwalan<\/a>,<\/li><li><a href=\"https:\/\/www.skarbieclynia.pl\/index.php\/2022\/06\/28\/peptydy-w-pielegnacji-skory\/\">peptydy<\/a>,<\/li><li><a href=\"https:\/\/www.skarbieclynia.pl\/index.php\/2022\/03\/30\/roslinne-komorki-macierzyste\/\">kom\u00f3rki macierzyste,<\/a><\/li><li><a href=\"https:\/\/www.skarbieclynia.pl\/index.php\/2022\/03\/21\/sluz-slimaka-100-wyciag-filtrowany\/\">\u015bluz \u015blimaka,<\/a><\/li><li><a href=\"https:\/\/www.skarbieclynia.pl\/index.php\/2022\/03\/21\/azeloglicyna\/\">azeloglicyna<\/a>,<\/li><li><a href=\"https:\/\/www.skarbieclynia.pl\/index.php\/2022\/03\/14\/azelainowy\/\">kwas azelainowy,<\/a><\/li><li><a href=\"https:\/\/www.skarbieclynia.pl\/index.php\/2018\/07\/15\/kwasy-kosmetyczne\/\">kwasy AHA i BHA,<\/a><\/li><li><a href=\"https:\/\/www.skarbieclynia.pl\/index.php\/2022\/03\/17\/kwas-hialuronowy\/\">kwas hialuronowy,<\/a><\/li><li><a href=\"https:\/\/www.skarbieclynia.pl\/index.php\/2022\/03\/21\/retinol-witamina-a\/\">retinol<\/a>.<\/li><\/ul>\n\n\n\n<p>Ka\u017cda z powy\u017cszych substancji pe\u0142ni okre\u015blone zadanie w preparatach. Warto zwraca\u0107 uwag\u0119 na produkty zawieraj\u0105ce ich dodatek w sk\u0142adzie.<\/p>\n\n\n\n<h2 id=\"schemat-pielegnacji\"><strong>Schemat piel\u0119gnacyjny cery tr\u0105dzikowej \u2013&nbsp;jak go u\u0142o\u017cy\u0107?<\/strong><\/h2>\n\n\n\n<p><strong>Domowa rutyna <\/strong>kosmetycznama du\u017ce znaczenie.&nbsp;Dzi\u0119ki ustaleniu konkretnego planu \u0142atwiej jest obserwowa\u0107 wp\u0142yw substancji na stan cery, ewentualne zmiany oraz popraw\u0119. <strong>Jak u\u0142o\u017cy\u0107 plan piel\u0119gnacji twarzy<\/strong>? Jakich produkt\u00f3w kolejno u\u017cywa\u0107?<\/p>\n\n\n\n<p><strong>Poranek<\/strong>:<\/p>\n\n\n\n<ul><li>pianka myj\u0105ca,<\/li><li>mgie\u0142ka lub tonik nawil\u017caj\u0105cy,<\/li><li>booster z antyoksydantami, peptydami i kom\u00f3rkami macierzystymi, zamiennie z boosterem z niacynamidem,<\/li><li>krem z filtrem,<\/li><li>krem pod oczy.<\/li><\/ul>\n\n\n\n<p><strong>Wiecz\u00f3r:<\/strong><\/p>\n\n\n\n<ul><li>olejek do demakija\u017cu,<\/li><li>pianka myj\u0105ca,<\/li><li>tonik \u017celowy (opcjonalnie, w dni bez toniku kwasowego).<\/li><\/ul>\n\n\n\n<p><strong>Warstwy aktywne:<\/strong><\/p>\n\n\n\n<ul><li>tonik \u017celowy z antyoksydantami, przeciwzapalny, w rotacji z produktem z kwasem azelainowym lub azeloglicyn\u0105 (w postaci kremu 7% lub toniku \u017celowego) + w wersji rozszerzonej z retinolem i jego pochodnymi,<\/li><li>krem z peptydami,<\/li><li>krem pod oczy,<\/li><li>raz w tygodniu: delikatny <strong>peeling enzymatyczny<\/strong> lub 3-minutowy zabieg z kwasem migda\u0142owym 20% (na partie bez aktywnych, zaognionych stan\u00f3w zapalnych),<\/li><li>raz\/dwa razy w tygodniu: nawil\u017caj\u0105ca lub koj\u0105ca maseczka oraz maska z kwasem salicylowym 2%, na przestrzenie z rozszerzonymi porami i zask\u00f3rnikami.<\/li><\/ul>\n\n\n\n<div class=\"wp-block-image\"><figure class=\"alignleft size-full is-resized\"><img loading=\"lazy\" src=\"https:\/\/www.skarbieclynia.pl\/wp-content\/uploads\/2022\/06\/IMG_8653.jpg\" alt=\"pianka-olejek-hydrofilowy-skora-tradzikowa.jpg\" class=\"wp-image-6163\" width=\"389\" height=\"518\" srcset=\"https:\/\/www.skarbieclynia.pl\/wp-content\/uploads\/2022\/06\/IMG_8653.jpg 750w, https:\/\/www.skarbieclynia.pl\/wp-content\/uploads\/2022\/06\/IMG_8653-225x300.jpg 225w, https:\/\/www.skarbieclynia.pl\/wp-content\/uploads\/2022\/06\/IMG_8653-480x640.jpg 480w\" sizes=\"(max-width: 389px) 100vw, 389px\" \/><\/figure><\/div>\n\n\n\n<h2 id=\"kosmetyki\"><strong>Sk\u00f3ra tr\u0105dzikowa- jakie kosmetyki Lynia wybra\u0107?<\/strong><\/h2>\n\n\n\n<p>Elementy bazowe to delikatny kosmetyk do demakija\u017cu, do u\u017cytku wieczorem \u2013 <strong>lekki <a href=\"https:\/\/lynia.pl\/produkt\/olejek-hydrofilowy-2160\/\">olejek hydrofilowy<\/a> <\/strong>. Oraz subtelna, <strong>nawil\u017caj\u0105ca <\/strong><a href=\"https:\/\/lynia.pl\/produkt\/nawilzajaca-pianka-myjaca-z-naturalna-betaina-i-woda-rozana\/\"><strong>pianka myj\u0105ca<\/strong> <\/a>z naturaln\u0105 betain\u0105 i wod\u0105 r\u00f3\u017can\u0105. Oczyszczaj\u0105cy produkt mo\u017cna stosowa\u0107 jako drugi etap wieczornego oczyszczania, ale te\u017c rano, gdy sk\u00f3ra po nocy pokryta jest warstw\u0105 sebum. Je\u017celi jednak po przebudzeniu cera ma such\u0105 powierzchni\u0119, mo\u017cna pomin\u0105\u0107 ten krok i spryska\u0107 twarz wod\u0105 oraz osuszy\u0107 r\u0119cznikiem.<\/p>\n\n\n\n<p>W roli podstawowych tonik\u00f3w rekomendowany jest<strong> <a href=\"https:\/\/lynia.pl\/produkt\/tonik-zelowy-nawilzajacy-z-mocznikiem-nmf-oraz-prawoslazem-kopia\/\">tonik \u017celowy<\/a><\/strong>, nawil\u017caj\u0105cy z mocznikiem, NMF oraz prawo\u015blazem. Mo\u017cna go wklepywa\u0107 bezpo\u015brednio palcami, a waciki s\u0105 ca\u0142kowicie zb\u0119dne. Opcj\u0119, kt\u00f3ra nie wymaga kontaktu d\u0142oni z cer\u0105, stanowi mineralizuj\u0105ca mgie\u0142ka ze \u015bluzem \u015blimaka, z dodatkiem przyspieszaj\u0105cej gojenie zmian mucyny.<\/p>\n\n\n\n<p>Konsystencj\u0105 szczeg\u00f3lnie przyjemn\u0105 do stosowania rano w zestawie z kremem z filtrem jest <strong>booster Lynia<\/strong>. Mo\u017cna wybra\u0107 wersj\u0119 <strong><a href=\"https:\/\/lynia.pl\/produkt\/multi-brightening-face-booster-rozjasnianie-depigmentacja\/\">Multi Brightening Face Booster<\/a><\/strong> z antyoksydantami, kt\u00f3re maj\u0105 wp\u0142yw rozja\u015bniaj\u0105cy i zwalczaj\u0105cy depigmentacj\u0119, lub <strong><a href=\"https:\/\/lynia.pl\/produkt\/booster-z-niacynamidem\/\">Booster z niacynamidem<\/a><\/strong>, kt\u00f3ry redukuje zask\u00f3rniki oraz produkcj\u0119 sebum. W zale\u017cno\u015bci od stopnia wra\u017cliwo\u015bci i poziomu przet\u0142uszczania cery do wyboru jest opcja z 5% lub 10% zawarto\u015bci\u0105 sk\u0142adnika.<\/p>\n\n\n\n<div class=\"wp-block-columns\">\n<div class=\"wp-block-column\">\n<figure class=\"wp-block-image size-large is-resized\"><img loading=\"lazy\" src=\"https:\/\/www.skarbieclynia.pl\/wp-content\/uploads\/2022\/03\/zdjecie-lynia-booster-niacynamid-5-1-779x1024.jpg\" alt=\"booster-z-niacynamidem-5.jpg\" class=\"wp-image-3392\" width=\"224\" height=\"294\" srcset=\"https:\/\/www.skarbieclynia.pl\/wp-content\/uploads\/2022\/03\/zdjecie-lynia-booster-niacynamid-5-1-779x1024.jpg 779w, https:\/\/www.skarbieclynia.pl\/wp-content\/uploads\/2022\/03\/zdjecie-lynia-booster-niacynamid-5-1-228x300.jpg 228w, https:\/\/www.skarbieclynia.pl\/wp-content\/uploads\/2022\/03\/zdjecie-lynia-booster-niacynamid-5-1-768x1009.jpg 768w, https:\/\/www.skarbieclynia.pl\/wp-content\/uploads\/2022\/03\/zdjecie-lynia-booster-niacynamid-5-1-480x631.jpg 480w, https:\/\/www.skarbieclynia.pl\/wp-content\/uploads\/2022\/03\/zdjecie-lynia-booster-niacynamid-5-1.jpg 1000w\" sizes=\"(max-width: 224px) 100vw, 224px\" \/><\/figure>\n<\/div>\n\n\n\n<div class=\"wp-block-column\">\n<figure class=\"wp-block-image size-large is-resized\"><img loading=\"lazy\" src=\"https:\/\/www.skarbieclynia.pl\/wp-content\/uploads\/2022\/03\/zdjecie-lynia-booster-rozjasniajacy-multi-brightening-3-632x1024.jpg\" alt=\"multi-brightening-face-booster.jpg\" class=\"wp-image-3542\" width=\"178\" height=\"289\" srcset=\"https:\/\/www.skarbieclynia.pl\/wp-content\/uploads\/2022\/03\/zdjecie-lynia-booster-rozjasniajacy-multi-brightening-3-632x1024.jpg 632w, https:\/\/www.skarbieclynia.pl\/wp-content\/uploads\/2022\/03\/zdjecie-lynia-booster-rozjasniajacy-multi-brightening-3-185x300.jpg 185w, https:\/\/www.skarbieclynia.pl\/wp-content\/uploads\/2022\/03\/zdjecie-lynia-booster-rozjasniajacy-multi-brightening-3-768x1243.jpg 768w, https:\/\/www.skarbieclynia.pl\/wp-content\/uploads\/2022\/03\/zdjecie-lynia-booster-rozjasniajacy-multi-brightening-3-949x1536.jpg 949w, https:\/\/www.skarbieclynia.pl\/wp-content\/uploads\/2022\/03\/zdjecie-lynia-booster-rozjasniajacy-multi-brightening-3-480x777.jpg 480w, https:\/\/www.skarbieclynia.pl\/wp-content\/uploads\/2022\/03\/zdjecie-lynia-booster-rozjasniajacy-multi-brightening-3.jpg 1000w\" sizes=\"(max-width: 178px) 100vw, 178px\" \/><\/figure>\n<\/div>\n\n\n\n<div class=\"wp-block-column\">\n<figure class=\"wp-block-image size-large\"><img loading=\"lazy\" width=\"683\" height=\"1024\" src=\"https:\/\/www.skarbieclynia.pl\/wp-content\/uploads\/2022\/03\/zdjecie-lynia-tonik-zelowy-z-azeloglicyna-anti-acne-3-683x1024.jpg\" alt=\"lynia-tonik-zelowy-skora-tradzikowa.jpg\" class=\"wp-image-3668\" srcset=\"https:\/\/www.skarbieclynia.pl\/wp-content\/uploads\/2022\/03\/zdjecie-lynia-tonik-zelowy-z-azeloglicyna-anti-acne-3-683x1024.jpg 683w, https:\/\/www.skarbieclynia.pl\/wp-content\/uploads\/2022\/03\/zdjecie-lynia-tonik-zelowy-z-azeloglicyna-anti-acne-3-200x300.jpg 200w, https:\/\/www.skarbieclynia.pl\/wp-content\/uploads\/2022\/03\/zdjecie-lynia-tonik-zelowy-z-azeloglicyna-anti-acne-3-768x1152.jpg 768w, https:\/\/www.skarbieclynia.pl\/wp-content\/uploads\/2022\/03\/zdjecie-lynia-tonik-zelowy-z-azeloglicyna-anti-acne-3-480x720.jpg 480w, https:\/\/www.skarbieclynia.pl\/wp-content\/uploads\/2022\/03\/zdjecie-lynia-tonik-zelowy-z-azeloglicyna-anti-acne-3.jpg 1000w\" sizes=\"(max-width: 683px) 100vw, 683px\" \/><\/figure>\n<\/div>\n\n\n\n<div class=\"wp-block-column\">\n<figure class=\"wp-block-image size-large\"><img loading=\"lazy\" width=\"683\" height=\"1024\" src=\"https:\/\/www.skarbieclynia.pl\/wp-content\/uploads\/2022\/03\/zdjecie-lynia-tonik-zelowy-z-zcentella-asiatica-683x1024.jpg\" alt=\"tonik-zelowy-z-zcentella-asiatica.jpg\" class=\"wp-image-3674\" srcset=\"https:\/\/www.skarbieclynia.pl\/wp-content\/uploads\/2022\/03\/zdjecie-lynia-tonik-zelowy-z-zcentella-asiatica-683x1024.jpg 683w, https:\/\/www.skarbieclynia.pl\/wp-content\/uploads\/2022\/03\/zdjecie-lynia-tonik-zelowy-z-zcentella-asiatica-200x300.jpg 200w, https:\/\/www.skarbieclynia.pl\/wp-content\/uploads\/2022\/03\/zdjecie-lynia-tonik-zelowy-z-zcentella-asiatica-768x1152.jpg 768w, https:\/\/www.skarbieclynia.pl\/wp-content\/uploads\/2022\/03\/zdjecie-lynia-tonik-zelowy-z-zcentella-asiatica-480x720.jpg 480w, https:\/\/www.skarbieclynia.pl\/wp-content\/uploads\/2022\/03\/zdjecie-lynia-tonik-zelowy-z-zcentella-asiatica.jpg 1000w\" sizes=\"(max-width: 683px) 100vw, 683px\" \/><\/figure>\n<\/div>\n<\/div>\n\n\n\n<h4>Sk\u0142adniki aktywne mo\u017cemy przemyci\u0107 w piel\u0119gnacji r\u00f3wnie\u017c w postaci tonik\u00f3w.<\/h4>\n\n\n\n<p>Dobrym wyborem jest <strong><a href=\"https:\/\/lynia.pl\/produkt\/tonik-zelowy-z-azeloglicyna-dla-cery-tradzikowej\/\">tonik \u017celowy z azeloglicyn\u0105 (2%) dla cery tr\u0105dzikowej<\/a><\/strong> lub <strong><a href=\"https:\/\/lynia.pl\/produkt\/tonik-zelowy-anti-aging-z-ekstraktem-z-centella-asiatica-2\/\">tonik \u017celowy anti-aging z ekstraktem z Centella Asiatica<\/a><\/strong>, czyli w\u0105krot\u0105 azjatyck\u0105. Wykazuje ona dzia\u0142anie przeciwzapalne oraz wzmacniaj\u0105ce.<\/p>\n\n\n\n<p>Przy z\u0142o\u017conej, wielokierunkowej piel\u0119gnacji rekomenduje si\u0119 rozpocz\u0119cie od wdro\u017cenia azeloglicyny. Gdy pojawi si\u0119 potrzeba rozbudowania i wzmocnienia sekcji aktywnej w codziennej rutynie, mo\u017cna j\u0105 zamieni\u0107 na <strong><a href=\"https:\/\/lynia.pl\/produkt\/krem-z-kwasem-azelainowym-7\/\">kwas azelainowy<\/a><\/strong> w postaci kremu 7%. Docelowo warto wprowadzi\u0107 r\u00f3wnie\u017c pochodne witaminy A. Szczeg\u00f3lnie \u0142agodn\u0105, uwodornion\u0105 jej posta\u0107, zawart\u0105 w <a href=\"https:\/\/lynia.pl\/produkt\/eliksir-z-retinolem-03-oraz-olejkiem-ze-skorki-pomaranczy\/\">eliksirze z retinolem (0,3%)<\/a> oraz olejkiem ze sk\u00f3rki pomara\u0144czy. Dostarczy on maksimum efektu przy minimalnym ryzyku podra\u017cnie\u0144.<\/p>\n\n\n\n<div class=\"wp-block-image\"><figure class=\"alignleft size-large is-resized\"><img loading=\"lazy\" src=\"https:\/\/www.skarbieclynia.pl\/wp-content\/uploads\/2022\/03\/zdjecie-lynia-krem-z-kwasem-azelainowym-7-3-702x1024.jpg\" alt=\"krem-z-kwasem-azelainowym-7-skora-tradzikowa.jpg\" class=\"wp-image-3434\" width=\"220\" height=\"320\" srcset=\"https:\/\/www.skarbieclynia.pl\/wp-content\/uploads\/2022\/03\/zdjecie-lynia-krem-z-kwasem-azelainowym-7-3-702x1024.jpg 702w, https:\/\/www.skarbieclynia.pl\/wp-content\/uploads\/2022\/03\/zdjecie-lynia-krem-z-kwasem-azelainowym-7-3-206x300.jpg 206w, https:\/\/www.skarbieclynia.pl\/wp-content\/uploads\/2022\/03\/zdjecie-lynia-krem-z-kwasem-azelainowym-7-3-768x1120.jpg 768w, https:\/\/www.skarbieclynia.pl\/wp-content\/uploads\/2022\/03\/zdjecie-lynia-krem-z-kwasem-azelainowym-7-3-480x700.jpg 480w, https:\/\/www.skarbieclynia.pl\/wp-content\/uploads\/2022\/03\/zdjecie-lynia-krem-z-kwasem-azelainowym-7-3.jpg 1000w\" sizes=\"(max-width: 220px) 100vw, 220px\" \/><\/figure><\/div>\n\n\n\n<div class=\"wp-block-image\"><figure class=\"alignright size-large is-resized\"><img loading=\"lazy\" src=\"https:\/\/www.skarbieclynia.pl\/wp-content\/uploads\/2022\/03\/zdjecie-lynia-serum-eliksir-z-retinolem-4-693x1024.jpg\" alt=\"eliksir-z-retinolem.jpg\" class=\"wp-image-3647\" width=\"173\" height=\"256\" srcset=\"https:\/\/www.skarbieclynia.pl\/wp-content\/uploads\/2022\/03\/zdjecie-lynia-serum-eliksir-z-retinolem-4-693x1024.jpg 693w, https:\/\/www.skarbieclynia.pl\/wp-content\/uploads\/2022\/03\/zdjecie-lynia-serum-eliksir-z-retinolem-4-203x300.jpg 203w, https:\/\/www.skarbieclynia.pl\/wp-content\/uploads\/2022\/03\/zdjecie-lynia-serum-eliksir-z-retinolem-4-768x1134.jpg 768w, https:\/\/www.skarbieclynia.pl\/wp-content\/uploads\/2022\/03\/zdjecie-lynia-serum-eliksir-z-retinolem-4-480x709.jpg 480w, https:\/\/www.skarbieclynia.pl\/wp-content\/uploads\/2022\/03\/zdjecie-lynia-serum-eliksir-z-retinolem-4.jpg 1000w\" sizes=\"(max-width: 173px) 100vw, 173px\" \/><\/figure><\/div>\n\n\n\n<p>Cienka i wymagaj\u0105ca okolica wok\u00f3\u0142 oka mimowolnie poddawana jest dzia\u0142aniu substancji aktywnych. Kt\u00f3re naturalnie migruj\u0105 do tej strefy z innych partii twarzy. Konieczne jest zadbanie o odpowiednie nawil\u017cenie, a z pomoc\u0105 przychodzi <strong><a href=\"https:\/\/lynia.pl\/produkt\/multi-hydration-eye-cream-nawilzajacy-krem-pod-oczy\/\">Multi Hydration Eye Cream<\/a><\/strong>. Czyli krem pod oczy z du\u017c\u0105 zawarto\u015bci\u0105 kwasu hialuronowego. Jako podstawowy kosmetyk do wieczornej piel\u0119gnacji sugerowany jest te\u017c <strong>krem z linii <a href=\"https:\/\/lynia.pl\/produkt\/renew-rose-face-cream\/\">Renew Rose<\/a><\/strong>. O nieobci\u0105\u017caj\u0105cej, lecz bogatej w kom\u00f3rki macierzyste oraz peptydy konsystencji.<\/p>\n\n\n\n<p>Do z\u0142uszczania martwego nask\u00f3rka przyda si\u0119 <strong><a href=\"https:\/\/lynia.pl\/produkt\/peeling-z-kwasem-migdalowym-20\/\">peeling z kwasem migda\u0142owym 20% P U R E<\/a><\/strong> o wyj\u0105tkowo prostym, minimalistycznym sk\u0142adzie. Co ogranicza potencja\u0142 podra\u017cniaj\u0105cy. Jego moc jest regulowana poprzez zakres czasu wykonywania zabiegu: mo\u017ce on waha\u0107 si\u0119 od 3 do 10 minut. \u0141agodniejsz\u0105 alternatyw\u0119 stanowi\u0105 enzymy owocowe, jakie zawiera <strong>peeling enzymatyczny \u2013 ananas i papaja<\/strong>.<\/p>\n\n\n\n<figure class=\"wp-block-gallery aligncenter columns-5 is-cropped\"><ul class=\"blocks-gallery-grid\"><li class=\"blocks-gallery-item\"><figure><img loading=\"lazy\" width=\"820\" height=\"1024\" src=\"https:\/\/www.skarbieclynia.pl\/wp-content\/uploads\/2022\/06\/Lynia-masks-9-1-820x1024.jpg\" alt=\"\" data-id=\"6174\" data-full-url=\"https:\/\/www.skarbieclynia.pl\/wp-content\/uploads\/2022\/06\/Lynia-masks-9-1.jpg\" data-link=\"https:\/\/www.skarbieclynia.pl\/index.php\/2022\/06\/27\/skora-tradzikowa-bez-tajemnic\/lynia-masks-9-1\/\" class=\"wp-image-6174\" srcset=\"https:\/\/www.skarbieclynia.pl\/wp-content\/uploads\/2022\/06\/Lynia-masks-9-1-820x1024.jpg 820w, https:\/\/www.skarbieclynia.pl\/wp-content\/uploads\/2022\/06\/Lynia-masks-9-1-240x300.jpg 240w, https:\/\/www.skarbieclynia.pl\/wp-content\/uploads\/2022\/06\/Lynia-masks-9-1-768x959.jpg 768w, https:\/\/www.skarbieclynia.pl\/wp-content\/uploads\/2022\/06\/Lynia-masks-9-1-480x600.jpg 480w, https:\/\/www.skarbieclynia.pl\/wp-content\/uploads\/2022\/06\/Lynia-masks-9-1.jpg 1168w\" sizes=\"(max-width: 820px) 100vw, 820px\" \/><\/figure><\/li><li class=\"blocks-gallery-item\"><figure><img loading=\"lazy\" width=\"819\" height=\"1024\" src=\"https:\/\/www.skarbieclynia.pl\/wp-content\/uploads\/2022\/06\/Lynia-masks-4-819x1024.jpg\" alt=\"peeling-enzymatyczne-\" data-id=\"6167\" data-full-url=\"https:\/\/www.skarbieclynia.pl\/wp-content\/uploads\/2022\/06\/Lynia-masks-4.jpg\" data-link=\"https:\/\/www.skarbieclynia.pl\/index.php\/2022\/06\/27\/skora-tradzikowa-bez-tajemnic\/lynia-masks-4-2\/\" class=\"wp-image-6167\" srcset=\"https:\/\/www.skarbieclynia.pl\/wp-content\/uploads\/2022\/06\/Lynia-masks-4-819x1024.jpg 819w, https:\/\/www.skarbieclynia.pl\/wp-content\/uploads\/2022\/06\/Lynia-masks-4-240x300.jpg 240w, https:\/\/www.skarbieclynia.pl\/wp-content\/uploads\/2022\/06\/Lynia-masks-4-768x960.jpg 768w, https:\/\/www.skarbieclynia.pl\/wp-content\/uploads\/2022\/06\/Lynia-masks-4-480x600.jpg 480w, https:\/\/www.skarbieclynia.pl\/wp-content\/uploads\/2022\/06\/Lynia-masks-4.jpg 881w\" sizes=\"(max-width: 819px) 100vw, 819px\" \/><\/figure><\/li><li class=\"blocks-gallery-item\"><figure><img loading=\"lazy\" width=\"185\" height=\"300\" src=\"https:\/\/www.skarbieclynia.pl\/wp-content\/uploads\/2022\/03\/zdjecie-lynia-krem-renew-rose-rozany-185x300.jpg\" alt=\"renew-rose-face-cream.jpg\" data-id=\"3422\" data-full-url=\"https:\/\/www.skarbieclynia.pl\/wp-content\/uploads\/2022\/03\/zdjecie-lynia-krem-renew-rose-rozany.jpg\" data-link=\"https:\/\/www.skarbieclynia.pl\/index.php\/2022\/03\/17\/krem-ujedrniajaco-odzywczy\/zdjecie-lynia-krem-renew-rose-rozany\/\" class=\"wp-image-3422\" srcset=\"https:\/\/www.skarbieclynia.pl\/wp-content\/uploads\/2022\/03\/zdjecie-lynia-krem-renew-rose-rozany-185x300.jpg 185w, https:\/\/www.skarbieclynia.pl\/wp-content\/uploads\/2022\/03\/zdjecie-lynia-krem-renew-rose-rozany-480x778.jpg 480w, https:\/\/www.skarbieclynia.pl\/wp-content\/uploads\/2022\/03\/zdjecie-lynia-krem-renew-rose-rozany.jpg 617w\" sizes=\"(max-width: 185px) 100vw, 185px\" \/><\/figure><\/li><li class=\"blocks-gallery-item\"><figure><img loading=\"lazy\" width=\"779\" height=\"1024\" src=\"https:\/\/www.skarbieclynia.pl\/wp-content\/uploads\/2022\/03\/zdjecie-lynia-peeling-pure-z-kwasem-migdalowym-20-5-779x1024.jpg\" alt=\"peeling-pure-z-kwasem-migdalowym-20.jpg\" data-id=\"3479\" data-full-url=\"https:\/\/www.skarbieclynia.pl\/wp-content\/uploads\/2022\/03\/zdjecie-lynia-peeling-pure-z-kwasem-migdalowym-20-5.jpg\" data-link=\"https:\/\/www.skarbieclynia.pl\/index.php\/2022\/03\/17\/krem-ujedrniajaco-odzywczy\/zdjecie-lynia-peeling-pure-z-kwasem-migdalowym-20-5\/\" class=\"wp-image-3479\" srcset=\"https:\/\/www.skarbieclynia.pl\/wp-content\/uploads\/2022\/03\/zdjecie-lynia-peeling-pure-z-kwasem-migdalowym-20-5-779x1024.jpg 779w, https:\/\/www.skarbieclynia.pl\/wp-content\/uploads\/2022\/03\/zdjecie-lynia-peeling-pure-z-kwasem-migdalowym-20-5-228x300.jpg 228w, https:\/\/www.skarbieclynia.pl\/wp-content\/uploads\/2022\/03\/zdjecie-lynia-peeling-pure-z-kwasem-migdalowym-20-5-768x1009.jpg 768w, https:\/\/www.skarbieclynia.pl\/wp-content\/uploads\/2022\/03\/zdjecie-lynia-peeling-pure-z-kwasem-migdalowym-20-5-480x631.jpg 480w, https:\/\/www.skarbieclynia.pl\/wp-content\/uploads\/2022\/03\/zdjecie-lynia-peeling-pure-z-kwasem-migdalowym-20-5.jpg 1000w\" sizes=\"(max-width: 779px) 100vw, 779px\" \/><\/figure><\/li><li class=\"blocks-gallery-item\"><figure><img loading=\"lazy\" width=\"614\" height=\"1024\" src=\"https:\/\/www.skarbieclynia.pl\/wp-content\/uploads\/2022\/03\/zdjecie-lynia-krem-pod-oczy-multi-hydration-eye-cream-3-614x1024.jpg\" alt=\"multi-hydration-eye-cream.jpg\" data-id=\"3416\" data-full-url=\"https:\/\/www.skarbieclynia.pl\/wp-content\/uploads\/2022\/03\/zdjecie-lynia-krem-pod-oczy-multi-hydration-eye-cream-3.jpg\" data-link=\"https:\/\/www.skarbieclynia.pl\/index.php\/2022\/03\/17\/krem-ujedrniajaco-odzywczy\/zdjecie-lynia-krem-pod-oczy-multi-hydration-eye-cream-3\/\" class=\"wp-image-3416\" srcset=\"https:\/\/www.skarbieclynia.pl\/wp-content\/uploads\/2022\/03\/zdjecie-lynia-krem-pod-oczy-multi-hydration-eye-cream-3-614x1024.jpg 614w, https:\/\/www.skarbieclynia.pl\/wp-content\/uploads\/2022\/03\/zdjecie-lynia-krem-pod-oczy-multi-hydration-eye-cream-3-180x300.jpg 180w, https:\/\/www.skarbieclynia.pl\/wp-content\/uploads\/2022\/03\/zdjecie-lynia-krem-pod-oczy-multi-hydration-eye-cream-3-768x1282.jpg 768w, https:\/\/www.skarbieclynia.pl\/wp-content\/uploads\/2022\/03\/zdjecie-lynia-krem-pod-oczy-multi-hydration-eye-cream-3-920x1536.jpg 920w, https:\/\/www.skarbieclynia.pl\/wp-content\/uploads\/2022\/03\/zdjecie-lynia-krem-pod-oczy-multi-hydration-eye-cream-3-480x801.jpg 480w, https:\/\/www.skarbieclynia.pl\/wp-content\/uploads\/2022\/03\/zdjecie-lynia-krem-pod-oczy-multi-hydration-eye-cream-3.jpg 1000w\" sizes=\"(max-width: 614px) 100vw, 614px\" \/><\/figure><\/li><\/ul><\/figure>\n\n\n\n<div class=\"wp-block-image\"><figure class=\"alignleft size-full is-resized\"><img loading=\"lazy\" src=\"https:\/\/www.skarbieclynia.pl\/wp-content\/uploads\/2022\/03\/zdjecie-lynia-maska-kwasem-salicylowym.jpg\" alt=\"maska-z-kwasem-salicylowym-skora-tradzikowa.jpg\" class=\"wp-image-2687\" width=\"358\" height=\"274\" srcset=\"https:\/\/www.skarbieclynia.pl\/wp-content\/uploads\/2022\/03\/zdjecie-lynia-maska-kwasem-salicylowym.jpg 1000w, https:\/\/www.skarbieclynia.pl\/wp-content\/uploads\/2022\/03\/zdjecie-lynia-maska-kwasem-salicylowym-300x230.jpg 300w, https:\/\/www.skarbieclynia.pl\/wp-content\/uploads\/2022\/03\/zdjecie-lynia-maska-kwasem-salicylowym-768x588.jpg 768w, https:\/\/www.skarbieclynia.pl\/wp-content\/uploads\/2022\/03\/zdjecie-lynia-maska-kwasem-salicylowym-480x368.jpg 480w\" sizes=\"(max-width: 358px) 100vw, 358px\" \/><\/figure><\/div>\n\n\n\n<p><meta charset=\"utf-8\">Rozszerzaj\u0105c podstawow\u0105 piel\u0119gnacj\u0119 warto si\u0119gn\u0105\u0107 po takie produkty jak <strong>uj\u0119drniaj\u0105co-rozja\u015bniaj\u0105ca maska algowa peel-off<\/strong> z ekstraktami z marchwi, poziomki, opuncji figowej oraz dodatkiem beta-karotenu (produkt do samodzielnego rozmieszania). Sprawdzi si\u0119 tak\u017ce <strong>maska z kwasem salicylowym 2%<\/strong> o kremowej, koj\u0105cej bazie, nakierowana precyzyjnie na korygowanie wygl\u0105du por\u00f3w.<\/p>\n\n\n\n<h2 id=\"co-jeszcze\"><strong>Cera tr\u0105dzikowa \u2013&nbsp;co jeszcze mo\u017cna zrobi\u0107?<\/strong><\/h2>\n\n\n\n<p>W wypadku sk\u00f3ry borykaj\u0105cej si\u0119 z r\u00f3\u017cnymi formami tr\u0105dziku kluczowe jest zaakceptowanie faktu, \u017ce osi\u0105gniecie spektakularnych efekt\u00f3w by\u0107 mo\u017ce nie nale\u017cy do zada\u0144 najprostszych, lecz jak najbardziej mo\u017cliwych. Skuteczne b\u0119dzie wprowadzenie do piel\u0119gnacji <strong>sk\u0142adnik\u00f3w aktywnych <\/strong>oraz w razie potrzeby <strong>wsparcie farmakologiczne <\/strong>b\u0105d\u017a kosmetologiczne.<\/p>\n\n\n\n<p>Spore wyzwanie stanowi <strong>utrzymanie efekt\u00f3w<\/strong>, szczeg\u00f3lnie w obliczu prawdopodobie\u0144stwa nawrot\u00f3w objaw\u00f3w. Najwa\u017cniejsza jest <strong>regularno\u015b\u0107 zabieg\u00f3w<\/strong> oraz \u015bwiadomo\u015b\u0107, jaki wp\u0142yw na stan cery maj\u0105 tak\u017ce dzia\u0142ania inne ni\u017c kosmetyczne. Przy d\u0142ugotrwa\u0142ych, przewlek\u0142ych wyzwaniach zwi\u0105zanych z acne rekomenduje si\u0119 tak\u017ce kontrol\u0119 gospodarki hormonalnej. Zatem pr\u00f3cz wizyty u dermatologa warto uda\u0107 si\u0119 r\u00f3wnie\u017c po konsultacje do endokrynologa, ginekologa, a czasami te\u017c dietetyka. Przetworzona \u017cywno\u015b\u0107 bogata w cukry proste i t\u0142uszcze nasycone to jedne z element\u00f3w, kt\u00f3rych wykluczenie zalecane jest w diecie maj\u0105cej wspom\u00f3c zmagania z problematyczn\u0105 sk\u00f3r\u0105.<\/p>\n\n\n\n<p>W przypadku intensywnego \u0142ojotoku mo\u017cna pomy\u015ble\u0107 o wykorzystaniu adaptogen\u00f3w (wierzbownica lub palma sabalowa), pod okiem specjalisty. Przy szczeg\u00f3lnie uci\u0105\u017cliwych zask\u00f3rnikach warto skorzysta\u0107 z dora\u017anej pomocy kosmetologa i precyzyjnego oczyszczania manualnego, po\u0142\u0105czonego z kawitacj\u0105. Dobrym nawykiem jest te\u017c pilnowanie odpowiedniego poziomu nawodnienia, poniewa\u017c niedoborowa poda\u017c p\u0142yn\u00f3w negatywnie wp\u0142ywa na gromadz\u0105ce si\u0119 w porach sebum.<\/p>\n\n\n","protected":false},"excerpt":{"rendered":"<p>Co sprawia, \u017ce cera jest klasyfikowana jako sk\u00f3ra tr\u0105dzikowa? Ostatnia dekada intensywnych obserwacji i bada\u0144 doprowadzi\u0142a \u015bwiat beauty do konkretnego wniosku: tr\u0105dzik sta\u0142 si\u0119 chorob\u0105 cywilizacyjn\u0105. Dotychczas najcz\u0119\u015bciej kojarzony by\u0142 on z problemem os\u00f3b w okresie dojrzewania. Zwykle miejscem jego wyst\u0119powania jest strefa T, towarzyszy mu \u0142ojotok, a leczenie polega na delikatnej piel\u0119gnacji, czasami r\u00f3wnie\u017c wdra\u017caniu antybiotyk\u00f3w lub ukierunkowanego leczenia dermatologicznego. Za ich spraw\u0105 mija bezpowrotnie, czasami pozostawiaj\u0105c blizny. Nie jest to jednak jedyna odmiana tr\u0105dziku. Charakterystyka tr\u0105dziku doros\u0142ych Sk\u0142adniki pomocne w piel\u0119gnacji sk\u00f3ry tr\u0105dzikowej Schemat piel\u0119gnacji sk\u00f3ry tr\u0105dzikowej Kosmetyki odpowiednie do piel\u0119gnacji sk\u00f3ry tr\u0105dzikowej Cera tr\u0105dzikowa- co jeszcze mo\u017cna<\/p>\n","protected":false},"author":5,"featured_media":6181,"comment_status":"closed","ping_status":"open","sticky":false,"template":"","format":"standard","meta":[],"categories":[16],"tags":[400,403,291,118,161,167,406,405,157,407,116,84,92,259,292,282,79,180,188,402,404,177,241,219],"acf":[],"yoast_head":"<!-- This site is optimized with the Yoast SEO plugin v17.9 - https:\/\/yoast.com\/wordpress\/plugins\/seo\/ -->\n<title>Skarbiec<\/title>\n<meta name=\"description\" content=\"Sk\u00f3ra tr\u0105dzikowa charakteryzuje si\u0119 zanieczyszczonymi porami, a niejednokrotnie te\u017c podwy\u017cszona wra\u017cliwo\u015bci\u0105 i dotkliwym odwodnieniem\" \/>\n<meta name=\"robots\" content=\"index, follow, max-snippet:-1, max-image-preview:large, max-video-preview:-1\" \/>\n<link rel=\"canonical\" href=\"https:\/\/www.skarbieclynia.pl\/index.php\/2022\/06\/27\/skora-tradzikowa-bez-tajemnic\/\" \/>\n<meta property=\"og:locale\" content=\"pl_PL\" \/>\n<meta property=\"og:type\" content=\"article\" \/>\n<meta property=\"og:title\" content=\"Sk\u00f3ra tr\u0105dzikowa - bez tajemnic! - Skarbiec\" \/>\n<meta property=\"og:description\" content=\"Sk\u00f3ra tr\u0105dzikowa charakteryzuje si\u0119 zanieczyszczonymi porami, a niejednokrotnie te\u017c podwy\u017cszona wra\u017cliwo\u015bci\u0105 i dotkliwym odwodnieniem\" \/>\n<meta property=\"og:url\" content=\"https:\/\/www.skarbieclynia.pl\/index.php\/2022\/06\/27\/skora-tradzikowa-bez-tajemnic\/\" \/>\n<meta property=\"og:site_name\" content=\"Skarbiec\" \/>\n<meta property=\"article:published_time\" content=\"2022-06-27T12:27:43+00:00\" \/>\n<meta property=\"article:modified_time\" content=\"2023-04-21T06:34:37+00:00\" \/>\n<meta property=\"og:image\" content=\"https:\/\/www.skarbieclynia.pl\/wp-content\/uploads\/2022\/06\/shutterstock_795877609.jpg\" \/>\n\t<meta property=\"og:image:width\" content=\"1000\" \/>\n\t<meta property=\"og:image:height\" content=\"667\" \/>\n\t<meta property=\"og:image:type\" content=\"image\/jpeg\" \/>\n<meta name=\"twitter:card\" content=\"summary_large_image\" \/>\n<meta name=\"twitter:label1\" content=\"Napisane przez\" \/>\n\t<meta name=\"twitter:data1\" content=\"Agata Dobrzycka\" \/>\n\t<meta name=\"twitter:label2\" content=\"Szacowany czas czytania\" \/>\n\t<meta name=\"twitter:data2\" content=\"11 minut\" \/>\n<script type=\"application\/ld+json\" class=\"yoast-schema-graph\">{\"@context\":\"https:\/\/schema.org\",\"@graph\":[{\"@type\":\"WebSite\",\"@id\":\"https:\/\/www.skarbieclynia.pl\/#website\",\"url\":\"https:\/\/www.skarbieclynia.pl\/\",\"name\":\"Skarbiec\",\"description\":\"LYNIA\",\"potentialAction\":[{\"@type\":\"SearchAction\",\"target\":{\"@type\":\"EntryPoint\",\"urlTemplate\":\"https:\/\/www.skarbieclynia.pl\/?s={search_term_string}\"},\"query-input\":\"required name=search_term_string\"}],\"inLanguage\":\"pl-PL\"},{\"@type\":\"ImageObject\",\"@id\":\"https:\/\/www.skarbieclynia.pl\/index.php\/2022\/06\/27\/skora-tradzikowa-bez-tajemnic\/#primaryimage\",\"inLanguage\":\"pl-PL\",\"url\":\"https:\/\/www.skarbieclynia.pl\/wp-content\/uploads\/2022\/06\/shutterstock_795877609.jpg\",\"contentUrl\":\"https:\/\/www.skarbieclynia.pl\/wp-content\/uploads\/2022\/06\/shutterstock_795877609.jpg\",\"width\":1000,\"height\":667},{\"@type\":\"WebPage\",\"@id\":\"https:\/\/www.skarbieclynia.pl\/index.php\/2022\/06\/27\/skora-tradzikowa-bez-tajemnic\/#webpage\",\"url\":\"https:\/\/www.skarbieclynia.pl\/index.php\/2022\/06\/27\/skora-tradzikowa-bez-tajemnic\/\",\"name\":\"Sk\\u00f3ra tr\\u0105dzikowa - bez tajemnic! - Skarbiec\",\"isPartOf\":{\"@id\":\"https:\/\/www.skarbieclynia.pl\/#website\"},\"primaryImageOfPage\":{\"@id\":\"https:\/\/www.skarbieclynia.pl\/index.php\/2022\/06\/27\/skora-tradzikowa-bez-tajemnic\/#primaryimage\"},\"datePublished\":\"2022-06-27T12:27:43+00:00\",\"dateModified\":\"2023-04-21T06:34:37+00:00\",\"author\":{\"@id\":\"https:\/\/www.skarbieclynia.pl\/#\/schema\/person\/0c1074c6b7a0e693c3ae945afb1b6325\"},\"description\":\"Sk\\u00f3ra tr\\u0105dzikowa charakteryzuje si\\u0119 zanieczyszczonymi porami, a niejednokrotnie te\\u017c podwy\\u017cszona wra\\u017cliwo\\u015bci\\u0105 i dotkliwym odwodnieniem\",\"breadcrumb\":{\"@id\":\"https:\/\/www.skarbieclynia.pl\/index.php\/2022\/06\/27\/skora-tradzikowa-bez-tajemnic\/#breadcrumb\"},\"inLanguage\":\"pl-PL\",\"potentialAction\":[{\"@type\":\"ReadAction\",\"target\":[\"https:\/\/www.skarbieclynia.pl\/index.php\/2022\/06\/27\/skora-tradzikowa-bez-tajemnic\/\"]}]},{\"@type\":\"BreadcrumbList\",\"@id\":\"https:\/\/www.skarbieclynia.pl\/index.php\/2022\/06\/27\/skora-tradzikowa-bez-tajemnic\/#breadcrumb\",\"itemListElement\":[{\"@type\":\"ListItem\",\"position\":1,\"name\":\"Strona g\\u0142\\u00f3wna\",\"item\":\"https:\/\/www.skarbieclynia.pl\/\"},{\"@type\":\"ListItem\",\"position\":2,\"name\":\"Sk\\u00f3ra tr\\u0105dzikowa &#8211; bez tajemnic!\"}]},{\"@type\":\"Person\",\"@id\":\"https:\/\/www.skarbieclynia.pl\/#\/schema\/person\/0c1074c6b7a0e693c3ae945afb1b6325\",\"name\":\"Agata Dobrzycka\",\"image\":{\"@type\":\"ImageObject\",\"@id\":\"https:\/\/www.skarbieclynia.pl\/#personlogo\",\"inLanguage\":\"pl-PL\",\"url\":\"https:\/\/secure.gravatar.com\/avatar\/416f82305c48a2816b33191c1e28876d?s=96&d=mm&r=g\",\"contentUrl\":\"https:\/\/secure.gravatar.com\/avatar\/416f82305c48a2816b33191c1e28876d?s=96&d=mm&r=g\",\"caption\":\"Agata Dobrzycka\"},\"url\":\"https:\/\/www.skarbieclynia.pl\/index.php\/author\/agata\/\"}]}<\/script>\n<!-- \/ Yoast SEO plugin. -->","yoast_head_json":{"title":"Skarbiec","description":"Sk\u00f3ra tr\u0105dzikowa charakteryzuje si\u0119 zanieczyszczonymi porami, a niejednokrotnie te\u017c podwy\u017cszona wra\u017cliwo\u015bci\u0105 i dotkliwym odwodnieniem","robots":{"index":"index","follow":"follow","max-snippet":"max-snippet:-1","max-image-preview":"max-image-preview:large","max-video-preview":"max-video-preview:-1"},"canonical":"https:\/\/www.skarbieclynia.pl\/index.php\/2022\/06\/27\/skora-tradzikowa-bez-tajemnic\/","og_locale":"pl_PL","og_type":"article","og_title":"Sk\u00f3ra tr\u0105dzikowa - bez tajemnic! - Skarbiec","og_description":"Sk\u00f3ra tr\u0105dzikowa charakteryzuje si\u0119 zanieczyszczonymi porami, a niejednokrotnie te\u017c podwy\u017cszona wra\u017cliwo\u015bci\u0105 i dotkliwym odwodnieniem","og_url":"https:\/\/www.skarbieclynia.pl\/index.php\/2022\/06\/27\/skora-tradzikowa-bez-tajemnic\/","og_site_name":"Skarbiec","article_published_time":"2022-06-27T12:27:43+00:00","article_modified_time":"2023-04-21T06:34:37+00:00","og_image":[{"width":1000,"height":667,"url":"https:\/\/www.skarbieclynia.pl\/wp-content\/uploads\/2022\/06\/shutterstock_795877609.jpg","type":"image\/jpeg"}],"twitter_card":"summary_large_image","twitter_misc":{"Napisane przez":"Agata Dobrzycka","Szacowany czas czytania":"11 minut"},"schema":{"@context":"https:\/\/schema.org","@graph":[{"@type":"WebSite","@id":"https:\/\/www.skarbieclynia.pl\/#website","url":"https:\/\/www.skarbieclynia.pl\/","name":"Skarbiec","description":"LYNIA","potentialAction":[{"@type":"SearchAction","target":{"@type":"EntryPoint","urlTemplate":"https:\/\/www.skarbieclynia.pl\/?s={search_term_string}"},"query-input":"required name=search_term_string"}],"inLanguage":"pl-PL"},{"@type":"ImageObject","@id":"https:\/\/www.skarbieclynia.pl\/index.php\/2022\/06\/27\/skora-tradzikowa-bez-tajemnic\/#primaryimage","inLanguage":"pl-PL","url":"https:\/\/www.skarbieclynia.pl\/wp-content\/uploads\/2022\/06\/shutterstock_795877609.jpg","contentUrl":"https:\/\/www.skarbieclynia.pl\/wp-content\/uploads\/2022\/06\/shutterstock_795877609.jpg","width":1000,"height":667},{"@type":"WebPage","@id":"https:\/\/www.skarbieclynia.pl\/index.php\/2022\/06\/27\/skora-tradzikowa-bez-tajemnic\/#webpage","url":"https:\/\/www.skarbieclynia.pl\/index.php\/2022\/06\/27\/skora-tradzikowa-bez-tajemnic\/","name":"Sk\u00f3ra tr\u0105dzikowa - bez tajemnic! - Skarbiec","isPartOf":{"@id":"https:\/\/www.skarbieclynia.pl\/#website"},"primaryImageOfPage":{"@id":"https:\/\/www.skarbieclynia.pl\/index.php\/2022\/06\/27\/skora-tradzikowa-bez-tajemnic\/#primaryimage"},"datePublished":"2022-06-27T12:27:43+00:00","dateModified":"2023-04-21T06:34:37+00:00","author":{"@id":"https:\/\/www.skarbieclynia.pl\/#\/schema\/person\/0c1074c6b7a0e693c3ae945afb1b6325"},"description":"Sk\u00f3ra tr\u0105dzikowa charakteryzuje si\u0119 zanieczyszczonymi porami, a niejednokrotnie te\u017c podwy\u017cszona wra\u017cliwo\u015bci\u0105 i dotkliwym odwodnieniem","breadcrumb":{"@id":"https:\/\/www.skarbieclynia.pl\/index.php\/2022\/06\/27\/skora-tradzikowa-bez-tajemnic\/#breadcrumb"},"inLanguage":"pl-PL","potentialAction":[{"@type":"ReadAction","target":["https:\/\/www.skarbieclynia.pl\/index.php\/2022\/06\/27\/skora-tradzikowa-bez-tajemnic\/"]}]},{"@type":"BreadcrumbList","@id":"https:\/\/www.skarbieclynia.pl\/index.php\/2022\/06\/27\/skora-tradzikowa-bez-tajemnic\/#breadcrumb","itemListElement":[{"@type":"ListItem","position":1,"name":"Strona g\u0142\u00f3wna","item":"https:\/\/www.skarbieclynia.pl\/"},{"@type":"ListItem","position":2,"name":"Sk\u00f3ra tr\u0105dzikowa &#8211; bez tajemnic!"}]},{"@type":"Person","@id":"https:\/\/www.skarbieclynia.pl\/#\/schema\/person\/0c1074c6b7a0e693c3ae945afb1b6325","name":"Agata Dobrzycka","image":{"@type":"ImageObject","@id":"https:\/\/www.skarbieclynia.pl\/#personlogo","inLanguage":"pl-PL","url":"https:\/\/secure.gravatar.com\/avatar\/416f82305c48a2816b33191c1e28876d?s=96&d=mm&r=g","contentUrl":"https:\/\/secure.gravatar.com\/avatar\/416f82305c48a2816b33191c1e28876d?s=96&d=mm&r=g","caption":"Agata Dobrzycka"},"url":"https:\/\/www.skarbieclynia.pl\/index.php\/author\/agata\/"}]}},"_links":{"self":[{"href":"https:\/\/www.skarbieclynia.pl\/index.php\/wp-json\/wp\/v2\/posts\/6162"}],"collection":[{"href":"https:\/\/www.skarbieclynia.pl\/index.php\/wp-json\/wp\/v2\/posts"}],"about":[{"href":"https:\/\/www.skarbieclynia.pl\/index.php\/wp-json\/wp\/v2\/types\/post"}],"author":[{"embeddable":true,"href":"https:\/\/www.skarbieclynia.pl\/index.php\/wp-json\/wp\/v2\/users\/5"}],"replies":[{"embeddable":true,"href":"https:\/\/www.skarbieclynia.pl\/index.php\/wp-json\/wp\/v2\/comments?post=6162"}],"version-history":[{"count":18,"href":"https:\/\/www.skarbieclynia.pl\/index.php\/wp-json\/wp\/v2\/posts\/6162\/revisions"}],"predecessor-version":[{"id":7133,"href":"https:\/\/www.skarbieclynia.pl\/index.php\/wp-json\/wp\/v2\/posts\/6162\/revisions\/7133"}],"wp:featuredmedia":[{"embeddable":true,"href":"https:\/\/www.skarbieclynia.pl\/index.php\/wp-json\/wp\/v2\/media\/6181"}],"wp:attachment":[{"href":"https:\/\/www.skarbieclynia.pl\/index.php\/wp-json\/wp\/v2\/media?parent=6162"}],"wp:term":[{"taxonomy":"category","embeddable":true,"href":"https:\/\/www.skarbieclynia.pl\/index.php\/wp-json\/wp\/v2\/categories?post=6162"},{"taxonomy":"post_tag","embeddable":true,"href":"https:\/\/www.skarbieclynia.pl\/index.php\/wp-json\/wp\/v2\/tags?post=6162"}],"curies":[{"name":"wp","href":"https:\/\/api.w.org\/{rel}","templated":true}]}}