{"id":6062,"date":"2022-05-30T15:44:38","date_gmt":"2022-05-30T13:44:38","guid":{"rendered":"https:\/\/www.skarbieclynia.pl\/?p=6062"},"modified":"2023-04-21T11:56:47","modified_gmt":"2023-04-21T09:56:47","slug":"skora-w-promieniach-slonca","status":"publish","type":"post","link":"https:\/\/www.skarbieclynia.pl\/index.php\/2022\/05\/30\/skora-w-promieniach-slonca\/","title":{"rendered":"Sk\u00f3ra w promieniach s\u0142o\u0144ca"},"content":{"rendered":"\n<p class=\"has-drop-cap\">Nim dowiesz si\u0119, czym jest krem ochronny <strong><a href=\"https:\/\/lynia.pl\/produkt\/sunshield-spf-50\/\">Lynia SunShield SPF 50+<\/a><\/strong> oraz jak dzia\u0142a, warto na pocz\u0105tku przedstawi\u0107 ca\u0142e spektrum promieniowania s\u0142onecznego oraz jego oddzia\u0142ywanie na sk\u00f3r\u0119.<\/p>\n\n\n\n<p>W tym artykule dowiesz si\u0119 czym s\u0105 promieniowania:<\/p>\n\n\n\n<ul><li><a href=\"#UVA\">UVA<\/a><\/li><li><a href=\"#uvb\">UVB<\/a><\/li><li><a href=\"#uvc\">UVC<\/a><\/li><li><a href=\"#hev\">HEV<\/a><\/li><li><a href=\"#ir\">IR<\/a><\/li><\/ul>\n\n\n\n<p>Oraz:<\/p>\n\n\n\n<ul><li><a href=\"#zrodla\">Jakie s\u0105 \u017ar\u00f3d\u0142a promieniowania?<\/a><\/li><li><a href=\"#ochorna\">Jak szerokie jest spektrum dzia\u0142ania krem\u00f3w SPF<\/a><\/li><li><a href=\"#stres\">Czym jest stres oksydacyjny?<\/a><\/li><li><a href=\"#fotostabilne\">Jak dzia\u0142aj\u0105 nowoczesne filtry fotostabilmne<\/a><\/li><li><a href=\"#antyoksydanty\">Czym s\u0105 antyoksydanty?<\/a><\/li><li><a href=\"#nawilza\">Jakie substancje nawil\u017caj\u0105ce i \u0142agodz\u0105ce zawarte s\u0105 w kultowym kremie Lynia SunShield SPF 50+?<\/a><\/li><\/ul>\n\n\n\n<div class=\"wp-block-image\"><figure class=\"alignright size-large is-resized\"><a href=\"https:\/\/lynia.pl\/produkt\/sunshield-spf-50\/\"><img loading=\"lazy\" src=\"https:\/\/www.skarbieclynia.pl\/wp-content\/uploads\/2022\/06\/DSC_3042-681x1024.jpg\" alt=\"\" class=\"wp-image-6240\" width=\"341\" height=\"512\" srcset=\"https:\/\/www.skarbieclynia.pl\/wp-content\/uploads\/2022\/06\/DSC_3042-681x1024.jpg 681w, https:\/\/www.skarbieclynia.pl\/wp-content\/uploads\/2022\/06\/DSC_3042-200x300.jpg 200w, https:\/\/www.skarbieclynia.pl\/wp-content\/uploads\/2022\/06\/DSC_3042-768x1154.jpg 768w, https:\/\/www.skarbieclynia.pl\/wp-content\/uploads\/2022\/06\/DSC_3042-1022x1536.jpg 1022w, https:\/\/www.skarbieclynia.pl\/wp-content\/uploads\/2022\/06\/DSC_3042-1363x2048.jpg 1363w, https:\/\/www.skarbieclynia.pl\/wp-content\/uploads\/2022\/06\/DSC_3042-480x721.jpg 480w, https:\/\/www.skarbieclynia.pl\/wp-content\/uploads\/2022\/06\/DSC_3042-scaled.jpg 1703w\" sizes=\"(max-width: 341px) 100vw, 341px\" \/><\/a><\/figure><\/div>\n\n\n\n<h2 id=\"UVA\"><strong>Promieniowanie UVA<\/strong><\/h2>\n\n\n\n<p>Ze wszystkich rodzaj\u00f3w ultrafioletu, kt\u00f3ry dociera na powierzchni\u0119 ziemi, prawie 95% stanowi\u0105 promienie UVA. Jest to promieniowanie o najwi\u0119kszej spo\u015br\u00f3d fal ultrafioletowych d\u0142ugo\u015bci fali (320-400 nm). Co za tym idzie, jego teoretyczna cz\u0119stotliwo\u015b\u0107 jest mniejsza, jednak z uwagi na nat\u0119\u017cenie i tak stanowi zagro\u017cenie, o kt\u00f3rym warto pami\u0119ta\u0107.<\/p>\n\n\n\n<p>Cz\u0142owiek nara\u017cony jest na promieniowanie UVA przez ca\u0142y rok. W kontakcie ze sk\u00f3r\u0105 powoduje ono natychmiastow\u0105 opalenizn\u0119, kt\u00f3ra widoczna jest ju\u017c po kr\u00f3tkim czasie od zaistnienia. Jednak utrzymuje si\u0119 tylko kilka godzin. Promienie UVA nie wywo\u0142uj\u0105 oparze\u0144 s\u0142onecznych, przez co pozornie wydawa\u0107 si\u0119 mog\u0105 mniej gro\u017ane. Potrafi\u0105 jednak uszkodzi\u0107 w\u0142\u00f3kna kolagenowe zawarte w sk\u00f3rze cz\u0142owieka, czym powoduj\u0105 jej przedwczesne starzenie si\u0119.<\/p>\n\n\n\n<p>Innymi efektami ubocznymi nadmiernej ekspozycji na UVA mog\u0105 by\u0107:<\/p>\n\n\n\n<ul><li>stres oksydacyjny<br>&nbsp;&nbsp;&nbsp;&nbsp;&nbsp;&nbsp;&nbsp;&nbsp;&nbsp;&nbsp;<\/li><li>uszkodzenia naczy\u0144 w\u0142osowatych<br>&nbsp;&nbsp;&nbsp;&nbsp;&nbsp;&nbsp;&nbsp;&nbsp;&nbsp;&nbsp;<\/li><li>zaburzenia bariery ochronnej sk\u00f3ry<br>&nbsp;&nbsp;&nbsp;&nbsp;&nbsp;&nbsp;&nbsp;&nbsp;&nbsp;&nbsp;<\/li><li>uszkodzenia w\u0142\u00f3kien kolagenowych i elastynowych<\/li><\/ul>\n\n\n\n<h2 id=\"uvb\"><strong>Promieniowanie UVB<\/strong><\/h2>\n\n\n\n<p>Kolejny rodzaj \u015bwiat\u0142a ultrafioletowego to promienie UVB. Zakres d\u0142ugo\u015bci ich fali waha si\u0119 od 280 do 320 nm. Stanowi\u0105 zaledwie oko\u0142o 5% docieraj\u0105cego na ziemi\u0119 promieniowania UV (reszt\u0119 zatrzymuje warstwa ozonowa w atmosferze), s\u0105 one jednak bardziej agresywne w oddzia\u0142ywaniu na organizm cz\u0142owieka.<\/p>\n\n\n\n<p>To w\u0142a\u015bnie to promieniowanie jest \u017ar\u00f3d\u0142em opalenizny. Pobudza obecne w sk\u00f3rze melanocyty do produkcji melaniny, substancji, kt\u00f3ra absorbuje cz\u0119\u015b\u0107 promieni s\u0142onecznych i przy okazji nadaje sk\u00f3rze ciemniejszy odcie\u0144. Niestety, pr\u00f3cz tego UVB jest tak\u017ce odpowiedzialne za powstawanie rumienia \u2013 czyli zaczerwienienia zwi\u0105zanego z rozszerzaniem naczy\u0144 krwiono\u015bnych \u2013 a tak\u017ce oparze\u0144. Jego oddzia\u0142ywanie najsilniejsze jest w lecie, pomi\u0119dzy g. 10 a 15.<\/p>\n\n\n\n<h2 id=\"uvc\"><strong>Promieniowanie UVC<\/strong><\/h2>\n\n\n\n<p>Te promienie charakteryzuj\u0105 si\u0119 najkr\u00f3tsz\u0105 fal\u0105 (200-280 nm), a tak\u017ce najwi\u0119ksz\u0105 moc\u0105. Nie przenikaj\u0105 jednak do powierzchni ziemi, poniewa\u017c prawie w ca\u0142o\u015bci poch\u0142ania je warstwa ozonowa.<\/p>\n\n\n\n<h2 id=\"hev\"><strong>Promieniowanie HEV<\/strong><\/h2>\n\n\n\n<p>Promieniowanie to, zwane \u015bwiat\u0142em niebieskim, obejmuje zakres \u015bwiat\u0142a widzialnego o wysokiej energii i d\u0142ugo\u015bci fali 435-500 nm. Emituj\u0105 je np. ekrany urz\u0105dze\u0144 elektronicznych.<\/p>\n\n\n\n<p>Promieniowanie HEV wnika do sk\u00f3ry g\u0142\u0119biej ni\u017c UV, generuje por\u00f3wnywaln\u0105 ilo\u015b\u0107 wolnych rodnik\u00f3w co po\u0142\u0105czone promieniowanie UVA i UVB, a jego wp\u0142yw na sk\u00f3r\u0119 obserwowalny b\u0119dzie w przysz\u0142o\u015bci. Dlaczego?<strong> Wolne rodniki tlenowe generuj\u0105 szereg niekorzystnych dla kom\u00f3rek sk\u00f3ry reakcji, m.in. degradacj\u0119 lipid\u00f3w, protein, aktywacj\u0119 metaloproteinaz<\/strong>.<\/p>\n\n\n\n<p><strong>Niszcz\u0105 one w\u0142\u00f3kna kolagenowe i elastynowe, kt\u00f3re odpowiadaj\u0105 za w\u0142a\u015bciwe napi\u0119cie i j\u0119drno\u015b\u0107 sk\u00f3ry<\/strong>. Proces ich degradacji skutkuje zniekszta\u0142ceniem owalu twarzy oraz jej wiotczeniem. Mo\u017ce to tak\u017ce wywo\u0142ywa\u0107 uszkodzenia DNA czy przebarwienia sk\u00f3rne.<\/p>\n\n\n\n<h2 id=\"ir\"><strong>Promieniowanie IR<\/strong><\/h2>\n\n\n\n<p>Promienie IR (\u015bwiat\u0142o podczerwone), o d\u0142ugo\u015bci fali 750-1500 nm, s\u0105 stosunkowo mniej szkodliwe dla sk\u00f3ry, jednak pod warunkiem odpowiedniej jej ochrony.<\/p>\n\n\n\n<p>Grup\u0105 szczeg\u00f3lnie podatn\u0105 na ten typ promieniowania s\u0105 osoby z cer\u0105 naczynkow\u0105, kt\u00f3re powinny u\u017cywa\u0107 krem\u00f3w ochronnych z filtrami IR. Ze wzgl\u0119du na rozpowszechnienie si\u0119 problem\u00f3w sk\u00f3rnych, problem ten dotyka coraz wi\u0119kszej ilo\u015bci os\u00f3b. <strong>Obecnie prowadzimy badania kremu SunShield pod k\u0105tem ochrony przed promieniowaniem IR.<\/strong><\/p>\n\n\n\n<figure class=\"wp-block-image size-full\"><img loading=\"lazy\" width=\"850\" height=\"567\" src=\"https:\/\/www.skarbieclynia.pl\/wp-content\/uploads\/2022\/05\/SPEKTRUM-1.jpg\" alt=\"promieniowanie.jpg\" class=\"wp-image-6077\" srcset=\"https:\/\/www.skarbieclynia.pl\/wp-content\/uploads\/2022\/05\/SPEKTRUM-1.jpg 850w, https:\/\/www.skarbieclynia.pl\/wp-content\/uploads\/2022\/05\/SPEKTRUM-1-300x200.jpg 300w, https:\/\/www.skarbieclynia.pl\/wp-content\/uploads\/2022\/05\/SPEKTRUM-1-768x512.jpg 768w, https:\/\/www.skarbieclynia.pl\/wp-content\/uploads\/2022\/05\/SPEKTRUM-1-720x480.jpg 720w, https:\/\/www.skarbieclynia.pl\/wp-content\/uploads\/2022\/05\/SPEKTRUM-1-480x320.jpg 480w\" sizes=\"(max-width: 850px) 100vw, 850px\" \/><\/figure>\n\n\n\n<h2 id=\"zrodla\"><strong>\u0179r\u00f3d\u0142a promieniowania<\/strong><\/h2>\n\n\n\n<p>G\u0142\u00f3wnym \u017ar\u00f3d\u0142em naturalnego promieniowania UV jest s\u0142o\u0144ce. Spo\u015br\u00f3d tych sztucznych nale\u017cy wymieni\u0107 solarium, kwarc\u00f3wki, lampy stosowane w utwardzaniu polimer\u00f3w, lampy bakteriob\u00f3jcze i rt\u0119ciowe, \u015bwiat\u0142a halogenowe, a tak\u017ce niekt\u00f3re typy laser\u00f3w.<\/p>\n\n\n\n<p>Promieniowanie HEV tak\u017ce ma dwa typy ze wzgl\u0119du na genez\u0119. Naturalne, kt\u00f3rego \u017ar\u00f3d\u0142em jest s\u0142o\u0144ce, oraz sztuczne, emitowane przez urz\u0105dzenia elektroniczne, takie jak<strong> monitory, tablety czy smartfony.<\/strong><\/p>\n\n\n\n<h2 id=\"ochorna\"><strong>Ochrona SPF \u2013 szerokie spektrum<\/strong><\/h2>\n\n\n\n<p>Szczeg\u00f3lnie w sezonie letnim, p\u00f3\u0142ki sklepowe uginaj\u0105 si\u0119 pod ci\u0119\u017carem produkt\u00f3w maj\u0105cych chroni\u0107 nasze cia\u0142o przed promieniowaniem. Jednak nie wszystkie dost\u0119pne na rynku kosmetyki gwarantuj\u0105 d\u0142ugotrwa\u0142e i skuteczne dzia\u0142anie. Wykorzystane w nich filtry nie zawsze maj\u0105 spektrum chroni\u0105ce zar\u00f3wno przed promieniowaniem UVA jak i UVB czy HEV.<\/p>\n\n\n\n<p>Wa\u017cne zatem, by przy wybieraniu odpowiedniego kremu ochronnego zwr\u00f3ci\u0107 uwag\u0119 na wsp\u00f3\u0142czynnik SPF (np. 20, 30, 50 czy 50+), a tak\u017ce na d\u0142ugo\u015b\u0107 fali, przed kt\u00f3r\u0105 kosmetyk ma chroni\u0107 oraz na substancje aktywne, wspomagaj\u0105ce jego dzia\u0142anie.<\/p>\n\n\n\n<p>Takimi substancjami s\u0105 m.in <strong>antyoksydanty<\/strong>, kt\u00f3re niweluj\u0105 skutki ekspozycji sk\u00f3ry na promienie s\u0142oneczne i inne \u017ar\u00f3d\u0142a promieniowania oraz przed\u0142u\u017caj\u0105 ochronne dzia\u0142anie filtr\u00f3w. Dodatkowym zabezpieczeniem przed niekorzystnym dzia\u0142aniem promieniowania b\u0119dzie tak\u017ce <strong>odzie\u017c z filtrem UPF oraz wysokiej jako\u015bci okulary przeciws\u0142oneczne, chroni\u0105ce tak przed promieniowaniem UV, jak i \u015bwiat\u0142em niebieskim.<\/strong> Te ostatnie szczeg\u00f3lnie zalecane s\u0105 osobom sp\u0119dzaj\u0105cym du\u017co czasu przed ekranem monitora.<\/p>\n\n\n\n<h2 id=\"stres\"><strong>Wolne rodniki, stres oksydacyjny i antyoksydanty<\/strong><\/h2>\n\n\n\n<p><strong>Stres oksydacyjny <\/strong>to zjawisko polegaj\u0105ce na zaburzeniu r\u00f3wnowagi pomi\u0119dzy produkcj\u0105 wolnych rodnik\u00f3w a zdolno\u015bciami antyoksydacyjnymi (przeciwutleniaj\u0105cymi) organizmu. Aktywne formy tlenu powstaj\u0105 podczas ka\u017cdego zaczerpni\u0119tego przez cz\u0142owieka oddechu. Wyr\u00f3\u017cniaj\u0105 si\u0119 nieparzyst\u0105 liczb\u0105 elektron\u00f3w, co skutkuje tym, \u017ce pr\u00f3buj\u0105 pozyska\u0107 brakuj\u0105cy elektron z innych kom\u00f3rek ludzkiego organizmu \u2013 niszcz\u0105c je w ten spos\u00f3b. Natomiast wolne rodniki mog\u0105 powodowa\u0107 uszkodzenie cz\u0105steczek bia\u0142ek, t\u0142uszcz\u00f3w i DNA, co prowadzi do mutacji kom\u00f3rki lub jej \u015bmierci.<\/p>\n\n\n\n<p>Przeciwutleniacze (antyoksydanty) maj\u0105 dodatkowy elektron, kt\u00f3ry oddaj\u0105 wolnym rodnikom. Dzi\u0119ki temu usuwaj\u0105 ich nadmiar i przywracaj\u0105 tym samym r\u00f3wnowag\u0119 w organizmie. Stres oksydacyjny powstaje w wyniku braku przeciwutleniaczy lub ich bierno\u015bci. Efektem jest w\u00f3wczas nadmiar rodnik\u00f3w, kt\u00f3re destabilizuj\u0105 kom\u00f3rki i zaburzaj\u0105 prac\u0119 organizmu. Jedn\u0105 z przyczyn tego zjawiska jest ekspozycja na promieniowanie, kt\u00f3re dociera w g\u0142\u0105b naszej sk\u00f3ry.<\/p>\n\n\n\n<p>Warto zatem, aby ochrona sk\u00f3ry nara\u017conej na promieniowanie UV oraz HEV oparta by\u0142a r\u00f3wnie\u017c o substancje o efektywnym dzia\u0142aniu antyoksydacyjnym. <strong><a href=\"https:\/\/www.skarbieclynia.pl\/index.php\/2022\/03\/21\/koenzym-q10\/\">Koenzym Q10<\/a>, <a href=\"https:\/\/www.skarbieclynia.pl\/index.php\/2022\/04\/11\/witamina-c-w-kosmetyce-jak-mozna-ja-wykorzystac\/\">witaminy C <\/a>i <a href=\"https:\/\/www.skarbieclynia.pl\/index.php\/2022\/04\/04\/witamina-e\/\">E<\/a> oraz <a href=\"https:\/\/www.skarbieclynia.pl\/index.php\/2022\/03\/18\/ekstrakt-z-zielonej-herbaty\/\">ekstrakt z zielonej herbaty<\/a> <\/strong>to najskuteczniejsze substancje wspomagaj\u0105ce nie tylko dzia\u0142anie filtr\u00f3w, ale tak\u017ce spowalniaj\u0105ce reakcje utleniania w organizmie. <strong>Bior\u0105 one udzia\u0142 w obronie organizmu przed bakteriami czy wirusami oraz przeciwdzia\u0142aj\u0105 namna\u017caniu wolnych rodnik\u00f3w.<\/strong><\/p>\n\n\n\n<p>Wybieraj\u0105c krem z filtrem warto zwr\u00f3ci\u0107 uwag\u0119 nie tylko na wsp\u00f3\u0142czynnik ochrony spf, ale tak\u017ce na zastosowany rodzaj filtr\u00f3w, spektrum ochrony oraz substancje wspomagaj\u0105ce tj. antyoksydanty. Krem Lynia Sunshield \u0142\u0105czy wszystkie te cechy. Jego formu\u0142a zosta\u0142a stworzona w celu szerokiej ochrony oraz niwelowania skutk\u00f3w ekspozycji sk\u00f3ry na s\u0142o\u0144ce.&nbsp;<\/p>\n\n\n\n<figure class=\"wp-block-image size-full\"><img loading=\"lazy\" width=\"850\" height=\"283\" src=\"https:\/\/www.skarbieclynia.pl\/wp-content\/uploads\/2022\/05\/SPEKTRUM-ssl.jpg\" alt=\"\" class=\"wp-image-6074\" srcset=\"https:\/\/www.skarbieclynia.pl\/wp-content\/uploads\/2022\/05\/SPEKTRUM-ssl.jpg 850w, https:\/\/www.skarbieclynia.pl\/wp-content\/uploads\/2022\/05\/SPEKTRUM-ssl-300x100.jpg 300w, https:\/\/www.skarbieclynia.pl\/wp-content\/uploads\/2022\/05\/SPEKTRUM-ssl-768x256.jpg 768w, https:\/\/www.skarbieclynia.pl\/wp-content\/uploads\/2022\/05\/SPEKTRUM-ssl-480x160.jpg 480w\" sizes=\"(max-width: 850px) 100vw, 850px\" \/><\/figure>\n\n\n\n<h2 id=\"fotostabilne\"><strong>Fotostabilne filtry nowej generacji<\/strong><\/h2>\n\n\n\n<p><strong>Methylene Bis-Benzotriazolyl Tetramethylbutylphenol (nano)<\/strong>. Niezwykle fotostabilny filtr organiczny (chemiczny) nowej generacji, o bardzo szerokim zakresie dzia\u0142ania. To po\u0142\u0105czenie cech filtr\u00f3w chemicznych i mineralnych. Ze wzgl\u0119du na posta\u0107 mikronizowanego filtru chemicznego, jego dzia\u0142anie jest podw\u00f3jne: rozprasza i odbija promienie s\u0142oneczne (jak filtr mineralny) oraz poch\u0142ania energi\u0119 \u015bwiat\u0142a s\u0142onecznego (jak filtr chemiczny).<\/p>\n\n\n\n<p><strong>Tris-Biphenyl Triazine (nano)<\/strong> to substancja, kt\u00f3ra poch\u0142ania promieniowanie UV z cz\u0105stek sta\u0142ych. Jej w\u0142a\u015bciwo\u015bci absorpcyjne i fotostabilno\u015b\u0107 sprawiaj\u0105, \u017ce jest idealnym protektorem&nbsp; w produktach przeciws\u0142onecznych o wysokim SPF. Ten typ filtru chroni przed promieniowaniem UVA, UVB i HEV.<\/p>\n\n\n\n<p><strong>Bis-Ethylhexyloxyphenol Methoxyphenyl Triazine<\/strong> jest filtrem organicznym o szerokim spektrum ochrony. Efektywnie stabilizuje niestabilne filtry UV. Warto te\u017c doda\u0107, \u017ce zapobiega d\u0142ugotrwa\u0142ym uszkodzeniom sk\u00f3ry oraz ma wysok\u0105 wydajno\u015b\u0107 przy jednoczesnym niskim st\u0119\u017ceniu. Zapobiega negatywnym skutkom nadmiernej ekspozycji na promieniowania UVA oraz UVB.<\/p>\n\n\n\n<p><strong>Ethylhexyl Triazone<\/strong> to niezwykle skuteczny filtr organiczny (chemiczny) UVB o wyj\u0105tkowo wysokiej absorpcji. Ze wzgl\u0119du na bardzo wysok\u0105 ch\u0142onno\u015b\u0107 specyfiku, w preparatach ochronnych wymagane s\u0105 jedynie niewielkie jego st\u0119\u017cenia, aby osi\u0105gn\u0105\u0107 po\u017c\u0105dan\u0105 warto\u015b\u0107 SPF. Polarny charakter cz\u0105steczek zapewnia dobry stosunek do keratyny w sk\u00f3rze, dzi\u0119ki czemu preparaty, w kt\u00f3rych Ethylhexel Triazone zosta\u0142 zastosowany, s\u0105 wyj\u0105tkowo wodoodporne. Ta w\u0142a\u015bciwo\u015b\u0107 wzmocniona zosta\u0142a ca\u0142kowit\u0105 nierozpuszczalno\u015bci\u0105 w wodzie. Filtr UVB nie ulega zmianie nawet w warunkach nadmiernej ekspozycji na \u015bwiat\u0142o.<\/p>\n\n\n\n<h2 id=\"antyoksydanty\">Antyoksydanty <\/h2>\n\n\n\n<p><strong>Ekologiczny <a href=\"https:\/\/www.skarbieclynia.pl\/index.php\/2022\/03\/18\/ekstrakt-z-zielonej-herbaty\/\">ekstrakt z zielonej herbaty<\/a>. <\/strong>Korzystnymi sk\u0142adnikami w ekstrakcie s\u0105 przede wszystkim polifenole (17-30%), kt\u00f3re dzia\u0142aj\u0105 przeciwutleniaj\u0105co, przeciwzapalnie i fotoochronnie. Przeciwdzia\u0142aj\u0105 szkodliwej ekspozycji na promienie s\u0142onecznym i redukuj\u0105 ryzyko wyst\u0105pienia rumienia. Ponadto blokuj\u0105 one syntez\u0119 enzym\u00f3w (metaloproteinaz\u00f3w) odpowiedzialnych za zmniejszania ilo\u015bci kolagenu w sk\u00f3rze w\u0142a\u015bciwej, tym samym hamuj\u0105c proces starzenia. Natomiast wchodz\u0105ce w sk\u0142ad produktu metyloksantyny odpowiedzialne s\u0105 za redukcj\u0119 rozszerzaj\u0105cych si\u0119 naczynek krwiono\u015bnych. W znacznym stopniu wp\u0142ywaj\u0105 na metabolizm t\u0142uszcz\u00f3w. Ekologiczny ekstrakt z zielonej herbaty jest zdolny do ca\u0142kowitego zatrzymania degradacji kolagenu. Co ma korzystny wp\u0142yw na zachowanie elastycznej sk\u00f3ry i zdrowego wygl\u0105du.<\/p>\n\n\n\n<p><a href=\"https:\/\/www.skarbieclynia.pl\/index.php\/2022\/04\/04\/witamina-e\/\"><strong>Witamina E<\/strong> <\/a>powszechnie uznawana jest za \u201eeliksir m\u0142odo\u015bci\u201d. Trudno nie zgodzi\u0107 si\u0119 z tym stwierdzeniem bior\u0105c pod uwag\u0119, \u017ce przyczynia si\u0119 ona do hamowania proces\u00f3w starzenia si\u0119 kom\u00f3rek. A tak\u017ce bierze udzia\u0142 w zaopatrywaniu organizmu w tlen. Ponadto przyspiesza leczenie oparze\u0144, wyg\u0142adza i uelastycznia blizny na sk\u00f3rze. Zatrzymuje dop\u0142yw promieniowania s\u0142onecznego, chroni\u0105c przed nim warstw\u0119 ochronn\u0105 nask\u00f3rka, oraz wp\u0142ywa na wzrost jego mi\u0119kko\u015bci i elastyczno\u015bci.<\/p>\n\n\n\n<h2 id=\"nawilza\">Substancje nawil\u017caj\u0105ce<\/h2>\n\n\n\n<p><a href=\"https:\/\/www.skarbieclynia.pl\/index.php\/2022\/03\/21\/hydromax-multi-nawilzenie\/\"><strong>HydrofenceTM<\/strong> <\/a>to naturalny, aktywny sk\u0142adnik, nawil\u017caj\u0105cy i wzmacniaj\u0105cy barier\u0119 sk\u00f3ry. Oparty zosta\u0142 na nowej, hydrokoloidalnej matrycy z amylopektyny z ry\u017cu, zawieraj\u0105cej bogat\u0105 w wap\u0144 frakcj\u0119 ekstrahowan\u0105 z algi Lithothamnium Calcareum. Kompleks ten nie tylko nawil\u017ca nask\u00f3rek, ale tak\u017ce zapobiega nadmiernej utracie wody przez organizm. Stymuluje procesy sk\u00f3ry ukierunkowane na utrzymania wysokiego poziomu nawil\u017cenia nawet do 120 godzin po aplikacji. Wzmacnia barier\u0119 sk\u00f3rn\u0105, przywraca jej zdolno\u015b\u0107 produkcji w\u0142asnych ceramid\u00f3w.<\/p>\n\n\n\n<div class=\"wp-block-image\"><figure class=\"alignleft size-large is-resized\"><img loading=\"lazy\" src=\"https:\/\/www.skarbieclynia.pl\/wp-content\/uploads\/2022\/06\/IMG_8147-576x1024.jpg\" alt=\"\" class=\"wp-image-6248\" width=\"288\" height=\"512\" srcset=\"https:\/\/www.skarbieclynia.pl\/wp-content\/uploads\/2022\/06\/IMG_8147-576x1024.jpg 576w, https:\/\/www.skarbieclynia.pl\/wp-content\/uploads\/2022\/06\/IMG_8147-169x300.jpg 169w, https:\/\/www.skarbieclynia.pl\/wp-content\/uploads\/2022\/06\/IMG_8147-768x1366.jpg 768w, https:\/\/www.skarbieclynia.pl\/wp-content\/uploads\/2022\/06\/IMG_8147-864x1536.jpg 864w, https:\/\/www.skarbieclynia.pl\/wp-content\/uploads\/2022\/06\/IMG_8147-1152x2048.jpg 1152w, https:\/\/www.skarbieclynia.pl\/wp-content\/uploads\/2022\/06\/IMG_8147-480x854.jpg 480w, https:\/\/www.skarbieclynia.pl\/wp-content\/uploads\/2022\/06\/IMG_8147.jpg 1439w\" sizes=\"(max-width: 288px) 100vw, 288px\" \/><\/figure><\/div>\n\n\n\n<h2>Substancje \u0142agodz\u0105ce<\/h2>\n\n\n\n<p><strong><a href=\"https:\/\/www.skarbieclynia.pl\/index.php\/2022\/03\/29\/kompleks-lagodzacy\/\">DermasoothTM<\/a><\/strong> to substancja aktywna, do jej sk\u0142adnik\u00f3w zaliczaj\u0105 si\u0119 tulsi, ostropest oraz aktywna frakcja algi Enteromorpha Compressa. Stworzona zosta\u0142a w celu z\u0142agodzenia i regeneracji sk\u00f3ry podra\u017cnionej lub uszkodzonej w wyniku dzia\u0142a\u0144 czynnik\u00f3w zewn\u0119trznych. Dzi\u0119ki zawarto\u015bci morskich pentasacharyd\u00f3w (MPS), kompleks ten chroni sk\u00f3r\u0119 przed redukcj\u0105 kolagenu, jednocze\u015bnie zwi\u0119ksza jego syntez\u0119. Jeszcze jedn\u0105 zalet\u0105 tego serum jest redukcja zaczerwienie\u0144 i podra\u017cnie\u0144.<\/p>\n\n\n\n<p><strong><a href=\"https:\/\/www.skarbieclynia.pl\/index.php\/2022\/04\/04\/witamina-b5-d-pantenol-75\/\">D-pantenol<\/a><\/strong> wnika bardzo g\u0142\u0119boko w sk\u00f3r\u0119, poprawia stan jej nawil\u017cenia, uj\u0119drnia i dodatkowo j\u0105 nadaje jej elastyczno\u015bci. \u0141agodzi wszelkiego rodzaju podra\u017cnienia i stany zapalne, a tak\u017ce regeneruje zniszczony nask\u00f3rek i przyspiesza proces gojenia si\u0119 ran.<\/p>\n\n\n\n<p>Stosowanie krem\u00f3w ochronnych poza domem (np. na pla\u017c\u0119 czy wypad w g\u00f3ry) oraz ich cz\u0119sto niska fotostabilno\u015b\u0107 wi\u0105\u017c\u0105 si\u0119 z tym, \u017ce niekt\u00f3re filtry mog\u0105 niwelowa\u0107 skuteczno\u015b\u0107 dzia\u0142ania preparat\u00f3w. Z tego powodu zdecydowali\u015bmy si\u0119 na higieniczne <strong>opakowanie airless<\/strong> z certyfikatem ECOCERT. Z grub\u0105, nieprzepuszczaj\u0105c\u0105 \u015bwiat\u0142a \u015bciank\u0105, oraz na <strong>nowoczesne i fotostabilne filtry absorbuj\u0105ce promieniowanie UV<\/strong>.<\/p>\n\n\n\n<h3><strong>Nasza porada:<\/strong><\/h3>\n\n\n\n<p>Bardzo wa\u017cne podczas stosowania krem\u00f3w z SPF jest prawid\u0142owe oczyszczanie twarzy. W tym celu idealnie sprawdzi si\u0119&nbsp;<strong><a href=\"https:\/\/lynia.pl\/produkt\/olejek-hydrofilowy-2160\/\">olejek hydrofilowy<\/a><\/strong>&nbsp;oraz&nbsp;<strong><a href=\"https:\/\/lynia.pl\/produkt\/nawilzajaca-pianka-myjaca-z-naturalna-betaina-i-woda-rozana\/\">nawil\u017caj\u0105ca pianka myj\u0105ca<\/a>.<\/strong><\/p>\n","protected":false},"excerpt":{"rendered":"<p>Nim dowiesz si\u0119, czym jest krem ochronny Lynia SunShield SPF 50+ oraz jak dzia\u0142a, warto na pocz\u0105tku przedstawi\u0107 ca\u0142e spektrum promieniowania s\u0142onecznego oraz jego oddzia\u0142ywanie na sk\u00f3r\u0119. W tym artykule dowiesz si\u0119 czym s\u0105 promieniowania: UVA UVB UVC HEV IR Oraz: Jakie s\u0105 \u017ar\u00f3d\u0142a promieniowania? Jak szerokie jest spektrum dzia\u0142ania krem\u00f3w SPF Czym jest stres oksydacyjny? Jak dzia\u0142aj\u0105 nowoczesne filtry fotostabilmne Czym s\u0105 antyoksydanty? Jakie substancje nawil\u017caj\u0105ce i \u0142agodz\u0105ce zawarte s\u0105 w kultowym kremie Lynia SunShield SPF 50+? Promieniowanie UVA Ze wszystkich rodzaj\u00f3w ultrafioletu, kt\u00f3ry dociera na powierzchni\u0119 ziemi, prawie 95% stanowi\u0105 promienie UVA. Jest to promieniowanie o najwi\u0119kszej spo\u015br\u00f3d<\/p>\n","protected":false},"author":5,"featured_media":6086,"comment_status":"closed","ping_status":"open","sticky":false,"template":"","format":"standard","meta":[],"categories":[16],"tags":[122,362,352,355,368,364,363,366,369,370,365,367,357,346,359,348,371,353,361,356,351,350,360],"acf":[],"yoast_head":"<!-- This site is optimized with the Yoast SEO plugin v17.9 - https:\/\/yoast.com\/wordpress\/plugins\/seo\/ -->\n<title>Skarbiec<\/title>\n<meta name=\"description\" content=\"Cz\u0142owiek nara\u017cony jest na promieniowanie przez ca\u0142y rok. Wybieraj\u0105c krem z filtrem warto zwr\u00f3ci\u0107 uwag\u0119 nie tylko na wsp\u00f3\u0142czynnik ochrony spf.\" \/>\n<meta name=\"robots\" content=\"index, follow, max-snippet:-1, max-image-preview:large, max-video-preview:-1\" \/>\n<link rel=\"canonical\" href=\"https:\/\/www.skarbieclynia.pl\/index.php\/2022\/05\/30\/skora-w-promieniach-slonca\/\" \/>\n<meta property=\"og:locale\" content=\"pl_PL\" \/>\n<meta property=\"og:type\" content=\"article\" \/>\n<meta property=\"og:title\" content=\"Sk\u00f3ra w promieniach s\u0142o\u0144ca - Skarbiec\" \/>\n<meta property=\"og:description\" content=\"Cz\u0142owiek nara\u017cony jest na promieniowanie przez ca\u0142y rok. Wybieraj\u0105c krem z filtrem warto zwr\u00f3ci\u0107 uwag\u0119 nie tylko na wsp\u00f3\u0142czynnik ochrony spf.\" \/>\n<meta property=\"og:url\" content=\"https:\/\/www.skarbieclynia.pl\/index.php\/2022\/05\/30\/skora-w-promieniach-slonca\/\" \/>\n<meta property=\"og:site_name\" content=\"Skarbiec\" \/>\n<meta property=\"article:published_time\" content=\"2022-05-30T13:44:38+00:00\" \/>\n<meta property=\"article:modified_time\" content=\"2023-04-21T09:56:47+00:00\" \/>\n<meta property=\"og:image\" content=\"https:\/\/www.skarbieclynia.pl\/wp-content\/uploads\/2022\/05\/shutterstock_1100706635-scaled.jpg\" \/>\n\t<meta property=\"og:image:width\" content=\"2560\" \/>\n\t<meta property=\"og:image:height\" content=\"1707\" \/>\n\t<meta property=\"og:image:type\" content=\"image\/jpeg\" \/>\n<meta name=\"twitter:card\" content=\"summary_large_image\" \/>\n<meta name=\"twitter:label1\" content=\"Napisane przez\" \/>\n\t<meta name=\"twitter:data1\" content=\"Agata Dobrzycka\" \/>\n\t<meta name=\"twitter:label2\" content=\"Szacowany czas czytania\" \/>\n\t<meta name=\"twitter:data2\" content=\"11 minut\" \/>\n<script type=\"application\/ld+json\" class=\"yoast-schema-graph\">{\"@context\":\"https:\/\/schema.org\",\"@graph\":[{\"@type\":\"WebSite\",\"@id\":\"https:\/\/www.skarbieclynia.pl\/#website\",\"url\":\"https:\/\/www.skarbieclynia.pl\/\",\"name\":\"Skarbiec\",\"description\":\"LYNIA\",\"potentialAction\":[{\"@type\":\"SearchAction\",\"target\":{\"@type\":\"EntryPoint\",\"urlTemplate\":\"https:\/\/www.skarbieclynia.pl\/?s={search_term_string}\"},\"query-input\":\"required name=search_term_string\"}],\"inLanguage\":\"pl-PL\"},{\"@type\":\"ImageObject\",\"@id\":\"https:\/\/www.skarbieclynia.pl\/index.php\/2022\/05\/30\/skora-w-promieniach-slonca\/#primaryimage\",\"inLanguage\":\"pl-PL\",\"url\":\"https:\/\/www.skarbieclynia.pl\/wp-content\/uploads\/2022\/05\/shutterstock_1100706635-scaled.jpg\",\"contentUrl\":\"https:\/\/www.skarbieclynia.pl\/wp-content\/uploads\/2022\/05\/shutterstock_1100706635-scaled.jpg\",\"width\":2560,\"height\":1707,\"caption\":\"promieniowanie.jpg\"},{\"@type\":\"WebPage\",\"@id\":\"https:\/\/www.skarbieclynia.pl\/index.php\/2022\/05\/30\/skora-w-promieniach-slonca\/#webpage\",\"url\":\"https:\/\/www.skarbieclynia.pl\/index.php\/2022\/05\/30\/skora-w-promieniach-slonca\/\",\"name\":\"Sk\\u00f3ra w promieniach s\\u0142o\\u0144ca - Skarbiec\",\"isPartOf\":{\"@id\":\"https:\/\/www.skarbieclynia.pl\/#website\"},\"primaryImageOfPage\":{\"@id\":\"https:\/\/www.skarbieclynia.pl\/index.php\/2022\/05\/30\/skora-w-promieniach-slonca\/#primaryimage\"},\"datePublished\":\"2022-05-30T13:44:38+00:00\",\"dateModified\":\"2023-04-21T09:56:47+00:00\",\"author\":{\"@id\":\"https:\/\/www.skarbieclynia.pl\/#\/schema\/person\/0c1074c6b7a0e693c3ae945afb1b6325\"},\"description\":\"Cz\\u0142owiek nara\\u017cony jest na promieniowanie przez ca\\u0142y rok. Wybieraj\\u0105c krem z filtrem warto zwr\\u00f3ci\\u0107 uwag\\u0119 nie tylko na wsp\\u00f3\\u0142czynnik ochrony spf.\",\"breadcrumb\":{\"@id\":\"https:\/\/www.skarbieclynia.pl\/index.php\/2022\/05\/30\/skora-w-promieniach-slonca\/#breadcrumb\"},\"inLanguage\":\"pl-PL\",\"potentialAction\":[{\"@type\":\"ReadAction\",\"target\":[\"https:\/\/www.skarbieclynia.pl\/index.php\/2022\/05\/30\/skora-w-promieniach-slonca\/\"]}]},{\"@type\":\"BreadcrumbList\",\"@id\":\"https:\/\/www.skarbieclynia.pl\/index.php\/2022\/05\/30\/skora-w-promieniach-slonca\/#breadcrumb\",\"itemListElement\":[{\"@type\":\"ListItem\",\"position\":1,\"name\":\"Strona g\\u0142\\u00f3wna\",\"item\":\"https:\/\/www.skarbieclynia.pl\/\"},{\"@type\":\"ListItem\",\"position\":2,\"name\":\"Sk\\u00f3ra w promieniach s\\u0142o\\u0144ca\"}]},{\"@type\":\"Person\",\"@id\":\"https:\/\/www.skarbieclynia.pl\/#\/schema\/person\/0c1074c6b7a0e693c3ae945afb1b6325\",\"name\":\"Agata Dobrzycka\",\"image\":{\"@type\":\"ImageObject\",\"@id\":\"https:\/\/www.skarbieclynia.pl\/#personlogo\",\"inLanguage\":\"pl-PL\",\"url\":\"https:\/\/secure.gravatar.com\/avatar\/416f82305c48a2816b33191c1e28876d?s=96&d=mm&r=g\",\"contentUrl\":\"https:\/\/secure.gravatar.com\/avatar\/416f82305c48a2816b33191c1e28876d?s=96&d=mm&r=g\",\"caption\":\"Agata Dobrzycka\"},\"url\":\"https:\/\/www.skarbieclynia.pl\/index.php\/author\/agata\/\"}]}<\/script>\n<!-- \/ Yoast SEO plugin. -->","yoast_head_json":{"title":"Skarbiec","description":"Cz\u0142owiek nara\u017cony jest na promieniowanie przez ca\u0142y rok. Wybieraj\u0105c krem z filtrem warto zwr\u00f3ci\u0107 uwag\u0119 nie tylko na wsp\u00f3\u0142czynnik ochrony spf.","robots":{"index":"index","follow":"follow","max-snippet":"max-snippet:-1","max-image-preview":"max-image-preview:large","max-video-preview":"max-video-preview:-1"},"canonical":"https:\/\/www.skarbieclynia.pl\/index.php\/2022\/05\/30\/skora-w-promieniach-slonca\/","og_locale":"pl_PL","og_type":"article","og_title":"Sk\u00f3ra w promieniach s\u0142o\u0144ca - Skarbiec","og_description":"Cz\u0142owiek nara\u017cony jest na promieniowanie przez ca\u0142y rok. Wybieraj\u0105c krem z filtrem warto zwr\u00f3ci\u0107 uwag\u0119 nie tylko na wsp\u00f3\u0142czynnik ochrony spf.","og_url":"https:\/\/www.skarbieclynia.pl\/index.php\/2022\/05\/30\/skora-w-promieniach-slonca\/","og_site_name":"Skarbiec","article_published_time":"2022-05-30T13:44:38+00:00","article_modified_time":"2023-04-21T09:56:47+00:00","og_image":[{"width":2560,"height":1707,"url":"https:\/\/www.skarbieclynia.pl\/wp-content\/uploads\/2022\/05\/shutterstock_1100706635-scaled.jpg","type":"image\/jpeg"}],"twitter_card":"summary_large_image","twitter_misc":{"Napisane przez":"Agata Dobrzycka","Szacowany czas czytania":"11 minut"},"schema":{"@context":"https:\/\/schema.org","@graph":[{"@type":"WebSite","@id":"https:\/\/www.skarbieclynia.pl\/#website","url":"https:\/\/www.skarbieclynia.pl\/","name":"Skarbiec","description":"LYNIA","potentialAction":[{"@type":"SearchAction","target":{"@type":"EntryPoint","urlTemplate":"https:\/\/www.skarbieclynia.pl\/?s={search_term_string}"},"query-input":"required name=search_term_string"}],"inLanguage":"pl-PL"},{"@type":"ImageObject","@id":"https:\/\/www.skarbieclynia.pl\/index.php\/2022\/05\/30\/skora-w-promieniach-slonca\/#primaryimage","inLanguage":"pl-PL","url":"https:\/\/www.skarbieclynia.pl\/wp-content\/uploads\/2022\/05\/shutterstock_1100706635-scaled.jpg","contentUrl":"https:\/\/www.skarbieclynia.pl\/wp-content\/uploads\/2022\/05\/shutterstock_1100706635-scaled.jpg","width":2560,"height":1707,"caption":"promieniowanie.jpg"},{"@type":"WebPage","@id":"https:\/\/www.skarbieclynia.pl\/index.php\/2022\/05\/30\/skora-w-promieniach-slonca\/#webpage","url":"https:\/\/www.skarbieclynia.pl\/index.php\/2022\/05\/30\/skora-w-promieniach-slonca\/","name":"Sk\u00f3ra w promieniach s\u0142o\u0144ca - Skarbiec","isPartOf":{"@id":"https:\/\/www.skarbieclynia.pl\/#website"},"primaryImageOfPage":{"@id":"https:\/\/www.skarbieclynia.pl\/index.php\/2022\/05\/30\/skora-w-promieniach-slonca\/#primaryimage"},"datePublished":"2022-05-30T13:44:38+00:00","dateModified":"2023-04-21T09:56:47+00:00","author":{"@id":"https:\/\/www.skarbieclynia.pl\/#\/schema\/person\/0c1074c6b7a0e693c3ae945afb1b6325"},"description":"Cz\u0142owiek nara\u017cony jest na promieniowanie przez ca\u0142y rok. Wybieraj\u0105c krem z filtrem warto zwr\u00f3ci\u0107 uwag\u0119 nie tylko na wsp\u00f3\u0142czynnik ochrony spf.","breadcrumb":{"@id":"https:\/\/www.skarbieclynia.pl\/index.php\/2022\/05\/30\/skora-w-promieniach-slonca\/#breadcrumb"},"inLanguage":"pl-PL","potentialAction":[{"@type":"ReadAction","target":["https:\/\/www.skarbieclynia.pl\/index.php\/2022\/05\/30\/skora-w-promieniach-slonca\/"]}]},{"@type":"BreadcrumbList","@id":"https:\/\/www.skarbieclynia.pl\/index.php\/2022\/05\/30\/skora-w-promieniach-slonca\/#breadcrumb","itemListElement":[{"@type":"ListItem","position":1,"name":"Strona g\u0142\u00f3wna","item":"https:\/\/www.skarbieclynia.pl\/"},{"@type":"ListItem","position":2,"name":"Sk\u00f3ra w promieniach s\u0142o\u0144ca"}]},{"@type":"Person","@id":"https:\/\/www.skarbieclynia.pl\/#\/schema\/person\/0c1074c6b7a0e693c3ae945afb1b6325","name":"Agata Dobrzycka","image":{"@type":"ImageObject","@id":"https:\/\/www.skarbieclynia.pl\/#personlogo","inLanguage":"pl-PL","url":"https:\/\/secure.gravatar.com\/avatar\/416f82305c48a2816b33191c1e28876d?s=96&d=mm&r=g","contentUrl":"https:\/\/secure.gravatar.com\/avatar\/416f82305c48a2816b33191c1e28876d?s=96&d=mm&r=g","caption":"Agata Dobrzycka"},"url":"https:\/\/www.skarbieclynia.pl\/index.php\/author\/agata\/"}]}},"_links":{"self":[{"href":"https:\/\/www.skarbieclynia.pl\/index.php\/wp-json\/wp\/v2\/posts\/6062"}],"collection":[{"href":"https:\/\/www.skarbieclynia.pl\/index.php\/wp-json\/wp\/v2\/posts"}],"about":[{"href":"https:\/\/www.skarbieclynia.pl\/index.php\/wp-json\/wp\/v2\/types\/post"}],"author":[{"embeddable":true,"href":"https:\/\/www.skarbieclynia.pl\/index.php\/wp-json\/wp\/v2\/users\/5"}],"replies":[{"embeddable":true,"href":"https:\/\/www.skarbieclynia.pl\/index.php\/wp-json\/wp\/v2\/comments?post=6062"}],"version-history":[{"count":12,"href":"https:\/\/www.skarbieclynia.pl\/index.php\/wp-json\/wp\/v2\/posts\/6062\/revisions"}],"predecessor-version":[{"id":7139,"href":"https:\/\/www.skarbieclynia.pl\/index.php\/wp-json\/wp\/v2\/posts\/6062\/revisions\/7139"}],"wp:featuredmedia":[{"embeddable":true,"href":"https:\/\/www.skarbieclynia.pl\/index.php\/wp-json\/wp\/v2\/media\/6086"}],"wp:attachment":[{"href":"https:\/\/www.skarbieclynia.pl\/index.php\/wp-json\/wp\/v2\/media?parent=6062"}],"wp:term":[{"taxonomy":"category","embeddable":true,"href":"https:\/\/www.skarbieclynia.pl\/index.php\/wp-json\/wp\/v2\/categories?post=6062"},{"taxonomy":"post_tag","embeddable":true,"href":"https:\/\/www.skarbieclynia.pl\/index.php\/wp-json\/wp\/v2\/tags?post=6062"}],"curies":[{"name":"wp","href":"https:\/\/api.w.org\/{rel}","templated":true}]}}