{"id":5924,"date":"2022-05-16T14:34:14","date_gmt":"2022-05-16T12:34:14","guid":{"rendered":"https:\/\/www.skarbieclynia.pl\/?p=5924"},"modified":"2023-04-21T12:08:13","modified_gmt":"2023-04-21T10:08:13","slug":"odpowiednie-przygotowanie-skory-do-depilacji-dlaczego-jest-tak-istotne","status":"publish","type":"post","link":"https:\/\/www.skarbieclynia.pl\/index.php\/2022\/05\/16\/odpowiednie-przygotowanie-skory-do-depilacji-dlaczego-jest-tak-istotne\/","title":{"rendered":"Odpowiednie przygotowanie sk\u00f3ry do depilacji \u2014 dlaczego jest tak istotne?"},"content":{"rendered":"\n<p class=\"has-drop-cap\">Depilacja bywa przyczyn\u0105 bolesnych podra\u017cnie\u0144 i nieestetycznych \u015blad\u00f3w. Wysypka, zaczerwienienie, pieczenie czy zaci\u0119cia \u2014 wymienione efekty uboczne zabiegu sprawiaj\u0105, \u017ce uzyskanie g\u0142adkiej sk\u00f3ry mo\u017ce by\u0107 znacznie utrudnione.<\/p>\n\n\n\n<p>Co zrobi\u0107, aby<strong> podra\u017cnienia po goleniu <\/strong>zosta\u0142y z\u0142agodzone? Czy mo\u017cna ca\u0142kowicie pozby\u0107 si\u0119 tego problemu? W niniejszym artykule omawiamy zagadnienia zwi\u0105zane z przygotowaniem do procesu niwelowania nadmiernego ow\u0142osienia, lecz tak\u017ce polecamy naturalne substancje \u0142agodz\u0105ce pieczenie oraz sw\u0119dzenie wydepilowanej sk\u00f3ry.<\/p>\n\n\n\n<ul><li><a href=\"#jakie-zabiegi\">Zabiegi przygotowuj\u0105ce cia\u0142o do depilacji<\/a><\/li><li><a href=\"#polecane-produkty\">Produkty polecane przed depilacj\u0105<\/a><\/li><li><a href=\"#podraznienia\">Jak z\u0142agodzi\u0107\u00a0podra\u017cnienia po goleniu?<\/a><\/li><li><a href=\"#na-zawsze\">Czy podra\u017cnie\u0144 po goleniu mo\u017cna pozby\u0107\u00a0si\u0119 raz na zawsze?<\/a><\/li><\/ul>\n\n\n\n<div class=\"wp-block-image\"><figure class=\"alignleft size-full is-resized\"><img loading=\"lazy\" src=\"https:\/\/www.skarbieclynia.pl\/wp-content\/uploads\/2022\/05\/shutterstock_2151674175.jpg\" alt=\"depilacja-przygotowanie.jpg\" class=\"wp-image-5951\" width=\"500\" height=\"333\" srcset=\"https:\/\/www.skarbieclynia.pl\/wp-content\/uploads\/2022\/05\/shutterstock_2151674175.jpg 1000w, https:\/\/www.skarbieclynia.pl\/wp-content\/uploads\/2022\/05\/shutterstock_2151674175-300x200.jpg 300w, https:\/\/www.skarbieclynia.pl\/wp-content\/uploads\/2022\/05\/shutterstock_2151674175-768x512.jpg 768w, https:\/\/www.skarbieclynia.pl\/wp-content\/uploads\/2022\/05\/shutterstock_2151674175-720x480.jpg 720w, https:\/\/www.skarbieclynia.pl\/wp-content\/uploads\/2022\/05\/shutterstock_2151674175-480x320.jpg 480w\" sizes=\"(max-width: 500px) 100vw, 500px\" \/><\/figure><\/div>\n\n\n\n<h2 id=\"jakie-zabiegi\"><strong>Jakie zabiegi pomagaj\u0105 przygotowa\u0107 cia\u0142o do depilacji?<\/strong><\/h2>\n\n\n\n<p>Jednym ze sprzymierze\u0144c\u00f3w w walce z podra\u017cnieniami po goleniu s\u0105 zabiegi przygotowuj\u0105ce do depilacji. Nale\u017cy do nich m.in. <strong>szczotkowanie cia\u0142a <\/strong>przed k\u0105piel\u0105 lub prysznicem. Ten suchy peeling mo\u017ce sta\u0107 si\u0119 nieod\u0142\u0105cznym elementem codziennej rutyny, gdy\u017c niesie wiele korzy\u015bci zar\u00f3wno dla urody, jak i zdrowia. Poprawia kondycj\u0119 sk\u00f3ry, dzia\u0142a regeneruj\u0105co, pobudza kr\u0105\u017cenie, wspieraj\u0105c zarazem prac\u0119 uk\u0142adu limfatycznego.<\/p>\n\n\n\n<p>Szczeg\u00f3lnie polecany jest osobom zmagaj\u0105cym si\u0119 z problemem wrastaj\u0105cych po goleniu w\u0142osk\u00f3w. Warto pami\u0119ta\u0107, \u017ce <strong>szczotka do masa\u017cu na sucho<\/strong> powinna mie\u0107 drewniany trzonek oraz w\u0142osie wykonane z naturalnych w\u0142\u00f3kien np. agawy. Innym \u015bwietnym rozwi\u0105zaniem jest stosowanie <a href=\"https:\/\/e-naturalne.pl\/pl\/searchquery\/peeling\/1\/phot\/5?url=peeling\">peeling\u00f3w<\/a> zmi\u0119kczaj\u0105cych ow\u0142osienie. Nask\u00f3rek nale\u017cy z\u0142uszcza\u0107 przed depilacj\u0105, aby dodatkowo go nie podra\u017cni\u0107, a jedynie odpowiednio nawil\u017cy\u0107.<\/p>\n\n\n\n<p>Ponadto cia\u0142o mo\u017cna przygotowa\u0107 do zabieg\u00f3w poprzez rozgrzanie poszczeg\u00f3lnych jego partii oraz na\u0142o\u017cenie na nie olej\u00f3w. Nast\u0119pnie warto zastosowa\u0107 kilkunastominutowy masa\u017c w kierunku od st\u00f3p do serca, \u017ceby poprawi\u0107 kr\u0105\u017cenie, uj\u0119drni\u0107 sk\u00f3r\u0119, lecz tak\u017ce nawil\u017cy\u0107 j\u0105 i od\u017cywi\u0107. Zabieg najlepiej jest przeprowadza\u0107 wieczorem, natomiast sam\u0105 depilacj\u0119 kolejnego dnia.<\/p>\n\n\n\n<h2 id=\"polecane-produkty\"><strong>Produkty polecane przed depilacj\u0105 \u2014 po kt\u00f3re warto si\u0119gn\u0105\u0107?<\/strong><\/h2>\n\n\n\n<p>Jeden z produkt\u00f3w zalecanych do stosowania przed depilacj\u0105 stanowi s\u00f3l morska. Warto umie\u015bci\u0107 j\u0105 w swojej piel\u0119gnacji, si\u0119gaj\u0105c np. po <strong><a href=\"https:\/\/lynia.pl\/produkt\/peeling-solny-do-ciala\/\">peeling solny<\/a><\/strong>. Oleje zawarte w produkcie (m.in. <a href=\"https:\/\/www.skarbieclynia.pl\/index.php\/2022\/03\/24\/olej-kokosowy\/\">kokosowy<\/a>, <a href=\"https:\/\/www.skarbieclynia.pl\/index.php\/2022\/03\/25\/olej-z-rokitnika\/\">rokitnikowy<\/a>, pomara\u0144czowy) nawil\u017caj\u0105 i od\u017cywiaj\u0105 sk\u00f3r\u0119, nie powoduj\u0105c zarazem uczucia t\u0142usto\u015bci oraz \u015bwietnie przygotowuj\u0105c cia\u0142o do kolejnych zabieg\u00f3w piel\u0119gnacyjnych.<\/p>\n\n\n\n<p>Inn\u0105 skuteczn\u0105 substancj\u0105 jest<strong> <a href=\"https:\/\/www.skarbieclynia.pl\/index.php\/2022\/03\/22\/olej-z-pestek-dzikiej-rozy\/\">dzika r\u00f3\u017ca<\/a><\/strong>. Kwasy owocowe w niej obecne stymuluj\u0105 biosyntez\u0119 ceramid\u00f3w, w zwi\u0105zku z czym znacznie zmniejszaj\u0105 sucho\u015b\u0107 twarzy oraz cia\u0142a. Ponadto pozwalaj\u0105 na d\u0142u\u017csze utrzymanie odpowiedniego poziomu nawodnienia nask\u00f3rka.<\/p>\n\n\n\n<p>Przygotowanie do depilacji nie powinno jednak ogranicza\u0107 si\u0119 do jednego dnia poprzedzaj\u0105cego sam zabieg. Najlepiej, aby wspomniane rytua\u0142y sta\u0142y si\u0119 elementem codziennej rutyny piel\u0119gnacyjnej. To dzi\u0119ki systematyczno\u015bci mo\u017cliwe jest bowiem prawid\u0142owe od\u017cywienie, zregenerowanie i oczyszczenie sk\u00f3ry.<\/p>\n\n\n\n<p>Ka\u017cdego dnia warto zatem korzysta\u0107 z r\u00f3\u017cnych naturalnych kosmetyk\u00f3w. \u015awietnym wyborem s\u0105 m.in.<strong>kremy z kwasami <\/strong>(np. <a href=\"https:\/\/lynia.pl\/produkt\/krem-z-kwasem-azelainowym-7\/\">azelainowym<\/a> lub <a href=\"https:\/\/lynia.pl\/produkt\/krem-z-kwasem-migdalowym-5\/\">migda\u0142owym<\/a>). Nale\u017cy jednak pami\u0119ta\u0107, \u017ceby nie stosowa\u0107 kwas\u00f3w bezpo\u015brednio po zabiegu usuwania niechcianego ow\u0142osienia.<\/p>\n\n\n\n<p>Kolejnym produktem przydatnym w procesie przygotowania sk\u00f3ry do depilacji jest <strong><a href=\"https:\/\/lynia.pl\/produkt\/krem-nawilzajaco-zluszczajacy-z-mocznikiem-10-kwasem-salicylowym-2-oraz-kwasem-mlekowym-2-2\/\">krem nawil\u017caj\u0105cy<\/a> <\/strong>z <a href=\"https:\/\/www.skarbieclynia.pl\/index.php\/2022\/03\/29\/mocznik\/\">mocznikiem<\/a> oraz kwasami: <a href=\"https:\/\/www.skarbieclynia.pl\/index.php\/2022\/03\/17\/kwas-salicylowy\/\">salicylowym<\/a> i <a href=\"https:\/\/www.skarbieclynia.pl\/index.php\/2022\/03\/17\/kwas-mlekowy\/\">mlekowym<\/a>. Zawarte w kosmetyku substancje pomagaj\u0105 z\u0142uszczy\u0107 martwy nask\u00f3rek, odblokowa\u0107 pory, lecz tak\u017ce \u0142agodzi\u0107 podra\u017cnienia.<\/p>\n\n\n\n<div class=\"wp-block-image\"><figure class=\"alignright size-full is-resized\"><img loading=\"lazy\" src=\"https:\/\/www.skarbieclynia.pl\/wp-content\/uploads\/2022\/05\/shutterstock_699592648.jpg\" alt=\"po-depilacji.jpg\" class=\"wp-image-5960\" width=\"500\" height=\"334\" srcset=\"https:\/\/www.skarbieclynia.pl\/wp-content\/uploads\/2022\/05\/shutterstock_699592648.jpg 1000w, https:\/\/www.skarbieclynia.pl\/wp-content\/uploads\/2022\/05\/shutterstock_699592648-300x200.jpg 300w, https:\/\/www.skarbieclynia.pl\/wp-content\/uploads\/2022\/05\/shutterstock_699592648-768x512.jpg 768w, https:\/\/www.skarbieclynia.pl\/wp-content\/uploads\/2022\/05\/shutterstock_699592648-720x480.jpg 720w, https:\/\/www.skarbieclynia.pl\/wp-content\/uploads\/2022\/05\/shutterstock_699592648-480x320.jpg 480w\" sizes=\"(max-width: 500px) 100vw, 500px\" \/><\/figure><\/div>\n\n\n\n<h2 id=\"podraznienia\"><strong>Jak z\u0142agodzi\u0107 podra\u017cnienia po goleniu?<\/strong><\/h2>\n\n\n\n<p><strong>Podra\u017cnienia po goleniu <\/strong>zdarzaj\u0105 si\u0119 nawet w przypadku stosowania nawil\u017caj\u0105cych zmi\u0119kczaj\u0105cych zabieg\u00f3w przed depilacj\u0105. Bariera ochronna sk\u00f3ry mo\u017ce si\u0119 bowiem os\u0142abi\u0107 wskutek braku snu, nadmiaru stresu lub nieodpowiedniej diety. W takich sytuacjach warto si\u0119gn\u0105\u0107 po produkty piel\u0119gnacyjne, takie jak np. <a href=\"https:\/\/lynia.pl\/produkt\/balsam-do-ciala-z-kofeina\/\"><strong>balsam do cia\u0142a<\/strong> <\/a>z <a href=\"https:\/\/www.skarbieclynia.pl\/index.php\/2022\/03\/21\/kofeina\/\">kofein\u0105<\/a>. Zawarte w kosmetyku substancje, czyli m.in. <a href=\"https:\/\/www.skarbieclynia.pl\/index.php\/2022\/03\/18\/ekstrakt-z-aloesu-zel\/\">ekstrakty z aloesu<\/a>, <a href=\"https:\/\/www.skarbieclynia.pl\/index.php\/2022\/03\/25\/olej-z-pestek-truskawek\/\">olej z truskawek<\/a>, <a href=\"https:\/\/www.skarbieclynia.pl\/index.php\/2022\/03\/29\/mocznik\/\">mocznik<\/a>, <a href=\"https:\/\/www.skarbieclynia.pl\/index.php\/tag\/ekstrakt-z-prawoslazu\/\">prawo\u015blaz<\/a> maj\u0105 dzia\u0142anie nawil\u017caj\u0105ce, regeneruj\u0105ce i od\u017cywcze.<\/p>\n\n\n\n<p>Podobnym dzia\u0142aniem charakteryzuje si\u0119 <strong><a href=\"https:\/\/lynia.pl\/produkt\/tonik-zelowy-anti-aging-z-ekstraktem-z-centella-asiatica\/\">tonik \u017celowy Lynia<\/a><\/strong>. Zawiera m.in. <a href=\"https:\/\/www.skarbieclynia.pl\/index.php\/2022\/03\/18\/ekologiczny-ekstrakt-z-centella-asiatica\/\">w\u0105krot\u0119 azjatyck\u0105<\/a>, <a href=\"https:\/\/www.skarbieclynia.pl\/index.php\/2022\/04\/07\/naturalny-czynnik-nawilzajacy-nmf\/\">NMF<\/a>, <a href=\"https:\/\/www.skarbieclynia.pl\/index.php\/2022\/03\/17\/kwas-hialuronowy\/\">kwas<\/a> <a href=\"https:\/\/www.skarbieclynia.pl\/index.php\/2022\/03\/17\/kwas-hialuronowy\/\">hialuronowy<\/a>, a wi\u0119c sk\u0142adniki, kt\u00f3re koj\u0105 sk\u00f3r\u0119, \u0142agodz\u0105 b\u00f3l, stymuluj\u0105 produkcj\u0119 kolagenu i elastyny. To wszystko sprawia, i\u017c produkt doskonale sprawdza si\u0119 nie tylko w walce z podra\u017cnieniami, lecz r\u00f3wnie\u017c jako element codziennej piel\u0119gnacji sk\u00f3ry wra\u017cliwej lub problematycznej.<\/p>\n\n\n\n<h2 id=\"na-zawsze\"><strong>Czy podra\u017cnie\u0144 mo\u017cna pozby\u0107 si\u0119 raz na zawsze?<\/strong><\/h2>\n\n\n\n<p>Po wielu latach stara\u0144 o pi\u0119kn\u0105, g\u0142adk\u0105 sk\u00f3r\u0119 czasami pojawia si\u0119 refleksja, \u017ce podra\u017cnie\u0144 nie da si\u0119 pozby\u0107 raz na zawsze. Warto jednak pami\u0119ta\u0107, i\u017c odpowiednio dobrane <a href=\"https:\/\/e-naturalne.pl\/pl\/c\/Gotowe-zestawy\/792\"><strong>zestawy kosmetyk\u00f3w<\/strong><\/a><a href=\"https:\/\/e-naturalne.pl\/pl\/c\/Gotowe-zestawy\/792\"> <\/a>mog\u0105 okaza\u0107 si\u0119 niezwykle pomocne w zwalczaniu mikrouszkodze\u0144.<\/p>\n\n\n\n<p>W ofercie marki Lynia znajduj\u0105 si\u0119 nie tylko gotowe kosmetyki m.in.&nbsp; mas\u0142a do cia\u0142a, oleje, peelingi, toniki, lecz tak\u017ce surowce, dzi\u0119ki kt\u00f3rym ka\u017cdy b\u0119dzie w stanie samodzielnie stworzy\u0107 preparaty przystosowane do zr\u00f3\u017cnicowanych warunk\u00f3w zewn\u0119trznych oraz zmieniaj\u0105cych si\u0119 potrzeb sk\u00f3ry. W asortymencie obecne s\u0105 np. precyzyjnie odmierzone substancje potrzebne do przygotowania w\u0142asnego balsamu po goleniu w nast\u0119puj\u0105cych wersjach: <a href=\"https:\/\/e-naturalne.pl\/pl\/p\/Balsam-po-goleniu-lagodzacy%2C-przeciwstarzeniowy\/1516\">\u0142agodz\u0105cej przeciwstarzeniowej<\/a>, <a href=\"https:\/\/e-naturalne.pl\/pl\/p\/Balsam-po-goleniu-nawilzajaco-lagodzacy-\/1514\">nawil\u017caj\u0105co-\u0142agodz\u0105cej<\/a> b\u0105d\u017a <a href=\"https:\/\/e-naturalne.pl\/pl\/p\/Balsam-po-goleniu-odzywczo-lagodzacy-\/1515\">od\u017cywczo-\u0142agodz\u0105cej<\/a>.<\/p>\n","protected":false},"excerpt":{"rendered":"<p>Depilacja bywa przyczyn\u0105 bolesnych podra\u017cnie\u0144 i nieestetycznych \u015blad\u00f3w. Wysypka, zaczerwienienie, pieczenie czy zaci\u0119cia \u2014 wymienione efekty uboczne zabiegu sprawiaj\u0105, \u017ce uzyskanie g\u0142adkiej sk\u00f3ry mo\u017ce by\u0107 znacznie utrudnione. Co zrobi\u0107, aby podra\u017cnienia po goleniu zosta\u0142y z\u0142agodzone? Czy mo\u017cna ca\u0142kowicie pozby\u0107 si\u0119 tego problemu? W niniejszym artykule omawiamy zagadnienia zwi\u0105zane z przygotowaniem do procesu niwelowania nadmiernego ow\u0142osienia, lecz tak\u017ce polecamy naturalne substancje \u0142agodz\u0105ce pieczenie oraz sw\u0119dzenie wydepilowanej sk\u00f3ry. Zabiegi przygotowuj\u0105ce cia\u0142o do depilacji Produkty polecane przed depilacj\u0105 Jak z\u0142agodzi\u0107\u00a0podra\u017cnienia po goleniu? Czy podra\u017cnie\u0144 po goleniu mo\u017cna pozby\u0107\u00a0si\u0119 raz na zawsze? Jakie zabiegi pomagaj\u0105 przygotowa\u0107 cia\u0142o do depilacji? Jednym ze sprzymierze\u0144c\u00f3w w walce<\/p>\n","protected":false},"author":5,"featured_media":5925,"comment_status":"closed","ping_status":"open","sticky":false,"template":"","format":"standard","meta":[],"categories":[16],"tags":[149,147,110,344,299,345,116,117,166],"acf":[],"yoast_head":"<!-- This site is optimized with the Yoast SEO plugin v17.9 - https:\/\/yoast.com\/wordpress\/plugins\/seo\/ -->\n<title>Skarbiec<\/title>\n<meta name=\"description\" content=\"Depilacja bywa przyczyn\u0105 bolesnych podra\u017cnie\u0144 i nieestetycznych \u015blad\u00f3w. Co zrobi\u0107, aby podra\u017cnienia po depilacji zosta\u0142y z\u0142agodzone?\" \/>\n<meta name=\"robots\" content=\"index, follow, max-snippet:-1, max-image-preview:large, max-video-preview:-1\" \/>\n<link rel=\"canonical\" href=\"https:\/\/www.skarbieclynia.pl\/index.php\/2022\/05\/16\/odpowiednie-przygotowanie-skory-do-depilacji-dlaczego-jest-tak-istotne\/\" \/>\n<meta property=\"og:locale\" content=\"pl_PL\" \/>\n<meta property=\"og:type\" content=\"article\" \/>\n<meta property=\"og:title\" content=\"Odpowiednie przygotowanie sk\u00f3ry do depilacji \u2014 dlaczego jest tak istotne?\" \/>\n<meta property=\"og:description\" content=\"Depilacja bywa przyczyn\u0105 bolesnych podra\u017cnie\u0144 i nieestetycznych \u015blad\u00f3w. Co zrobi\u0107, aby podra\u017cnienia po depilacji zosta\u0142y z\u0142agodzone?\" \/>\n<meta property=\"og:url\" content=\"https:\/\/www.skarbieclynia.pl\/index.php\/2022\/05\/16\/odpowiednie-przygotowanie-skory-do-depilacji-dlaczego-jest-tak-istotne\/\" \/>\n<meta property=\"og:site_name\" content=\"Skarbiec\" \/>\n<meta property=\"article:published_time\" content=\"2022-05-16T12:34:14+00:00\" \/>\n<meta property=\"article:modified_time\" content=\"2023-04-21T10:08:13+00:00\" \/>\n<meta property=\"og:image\" content=\"https:\/\/www.skarbieclynia.pl\/wp-content\/uploads\/2022\/05\/shutterstock_130032032.jpg\" \/>\n\t<meta property=\"og:image:width\" content=\"1000\" \/>\n\t<meta property=\"og:image:height\" content=\"695\" \/>\n\t<meta property=\"og:image:type\" content=\"image\/jpeg\" \/>\n<meta name=\"twitter:card\" content=\"summary_large_image\" \/>\n<meta name=\"twitter:label1\" content=\"Napisane przez\" \/>\n\t<meta name=\"twitter:data1\" content=\"Agata Dobrzycka\" \/>\n\t<meta name=\"twitter:label2\" content=\"Szacowany czas czytania\" \/>\n\t<meta name=\"twitter:data2\" content=\"5 minut\" \/>\n<script type=\"application\/ld+json\" class=\"yoast-schema-graph\">{\"@context\":\"https:\/\/schema.org\",\"@graph\":[{\"@type\":\"WebSite\",\"@id\":\"https:\/\/www.skarbieclynia.pl\/#website\",\"url\":\"https:\/\/www.skarbieclynia.pl\/\",\"name\":\"Skarbiec\",\"description\":\"LYNIA\",\"potentialAction\":[{\"@type\":\"SearchAction\",\"target\":{\"@type\":\"EntryPoint\",\"urlTemplate\":\"https:\/\/www.skarbieclynia.pl\/?s={search_term_string}\"},\"query-input\":\"required name=search_term_string\"}],\"inLanguage\":\"pl-PL\"},{\"@type\":\"ImageObject\",\"@id\":\"https:\/\/www.skarbieclynia.pl\/index.php\/2022\/05\/16\/odpowiednie-przygotowanie-skory-do-depilacji-dlaczego-jest-tak-istotne\/#primaryimage\",\"inLanguage\":\"pl-PL\",\"url\":\"https:\/\/www.skarbieclynia.pl\/wp-content\/uploads\/2022\/05\/shutterstock_130032032.jpg\",\"contentUrl\":\"https:\/\/www.skarbieclynia.pl\/wp-content\/uploads\/2022\/05\/shutterstock_130032032.jpg\",\"width\":1000,\"height\":695,\"caption\":\"po-depilacji.jpg\"},{\"@type\":\"WebPage\",\"@id\":\"https:\/\/www.skarbieclynia.pl\/index.php\/2022\/05\/16\/odpowiednie-przygotowanie-skory-do-depilacji-dlaczego-jest-tak-istotne\/#webpage\",\"url\":\"https:\/\/www.skarbieclynia.pl\/index.php\/2022\/05\/16\/odpowiednie-przygotowanie-skory-do-depilacji-dlaczego-jest-tak-istotne\/\",\"name\":\"Odpowiednie przygotowanie sk\\u00f3ry do depilacji \\u2014 dlaczego jest tak istotne?\",\"isPartOf\":{\"@id\":\"https:\/\/www.skarbieclynia.pl\/#website\"},\"primaryImageOfPage\":{\"@id\":\"https:\/\/www.skarbieclynia.pl\/index.php\/2022\/05\/16\/odpowiednie-przygotowanie-skory-do-depilacji-dlaczego-jest-tak-istotne\/#primaryimage\"},\"datePublished\":\"2022-05-16T12:34:14+00:00\",\"dateModified\":\"2023-04-21T10:08:13+00:00\",\"author\":{\"@id\":\"https:\/\/www.skarbieclynia.pl\/#\/schema\/person\/0c1074c6b7a0e693c3ae945afb1b6325\"},\"description\":\"Depilacja bywa przyczyn\\u0105 bolesnych podra\\u017cnie\\u0144 i nieestetycznych \\u015blad\\u00f3w. Co zrobi\\u0107, aby podra\\u017cnienia po depilacji zosta\\u0142y z\\u0142agodzone?\",\"breadcrumb\":{\"@id\":\"https:\/\/www.skarbieclynia.pl\/index.php\/2022\/05\/16\/odpowiednie-przygotowanie-skory-do-depilacji-dlaczego-jest-tak-istotne\/#breadcrumb\"},\"inLanguage\":\"pl-PL\",\"potentialAction\":[{\"@type\":\"ReadAction\",\"target\":[\"https:\/\/www.skarbieclynia.pl\/index.php\/2022\/05\/16\/odpowiednie-przygotowanie-skory-do-depilacji-dlaczego-jest-tak-istotne\/\"]}]},{\"@type\":\"BreadcrumbList\",\"@id\":\"https:\/\/www.skarbieclynia.pl\/index.php\/2022\/05\/16\/odpowiednie-przygotowanie-skory-do-depilacji-dlaczego-jest-tak-istotne\/#breadcrumb\",\"itemListElement\":[{\"@type\":\"ListItem\",\"position\":1,\"name\":\"Strona g\\u0142\\u00f3wna\",\"item\":\"https:\/\/www.skarbieclynia.pl\/\"},{\"@type\":\"ListItem\",\"position\":2,\"name\":\"Odpowiednie przygotowanie sk\\u00f3ry do depilacji \\u2014 dlaczego jest tak istotne?\"}]},{\"@type\":\"Person\",\"@id\":\"https:\/\/www.skarbieclynia.pl\/#\/schema\/person\/0c1074c6b7a0e693c3ae945afb1b6325\",\"name\":\"Agata Dobrzycka\",\"image\":{\"@type\":\"ImageObject\",\"@id\":\"https:\/\/www.skarbieclynia.pl\/#personlogo\",\"inLanguage\":\"pl-PL\",\"url\":\"https:\/\/secure.gravatar.com\/avatar\/416f82305c48a2816b33191c1e28876d?s=96&d=mm&r=g\",\"contentUrl\":\"https:\/\/secure.gravatar.com\/avatar\/416f82305c48a2816b33191c1e28876d?s=96&d=mm&r=g\",\"caption\":\"Agata Dobrzycka\"},\"url\":\"https:\/\/www.skarbieclynia.pl\/index.php\/author\/agata\/\"}]}<\/script>\n<!-- \/ Yoast SEO plugin. -->","yoast_head_json":{"title":"Skarbiec","description":"Depilacja bywa przyczyn\u0105 bolesnych podra\u017cnie\u0144 i nieestetycznych \u015blad\u00f3w. Co zrobi\u0107, aby podra\u017cnienia po depilacji zosta\u0142y z\u0142agodzone?","robots":{"index":"index","follow":"follow","max-snippet":"max-snippet:-1","max-image-preview":"max-image-preview:large","max-video-preview":"max-video-preview:-1"},"canonical":"https:\/\/www.skarbieclynia.pl\/index.php\/2022\/05\/16\/odpowiednie-przygotowanie-skory-do-depilacji-dlaczego-jest-tak-istotne\/","og_locale":"pl_PL","og_type":"article","og_title":"Odpowiednie przygotowanie sk\u00f3ry do depilacji \u2014 dlaczego jest tak istotne?","og_description":"Depilacja bywa przyczyn\u0105 bolesnych podra\u017cnie\u0144 i nieestetycznych \u015blad\u00f3w. Co zrobi\u0107, aby podra\u017cnienia po depilacji zosta\u0142y z\u0142agodzone?","og_url":"https:\/\/www.skarbieclynia.pl\/index.php\/2022\/05\/16\/odpowiednie-przygotowanie-skory-do-depilacji-dlaczego-jest-tak-istotne\/","og_site_name":"Skarbiec","article_published_time":"2022-05-16T12:34:14+00:00","article_modified_time":"2023-04-21T10:08:13+00:00","og_image":[{"width":1000,"height":695,"url":"https:\/\/www.skarbieclynia.pl\/wp-content\/uploads\/2022\/05\/shutterstock_130032032.jpg","type":"image\/jpeg"}],"twitter_card":"summary_large_image","twitter_misc":{"Napisane przez":"Agata Dobrzycka","Szacowany czas czytania":"5 minut"},"schema":{"@context":"https:\/\/schema.org","@graph":[{"@type":"WebSite","@id":"https:\/\/www.skarbieclynia.pl\/#website","url":"https:\/\/www.skarbieclynia.pl\/","name":"Skarbiec","description":"LYNIA","potentialAction":[{"@type":"SearchAction","target":{"@type":"EntryPoint","urlTemplate":"https:\/\/www.skarbieclynia.pl\/?s={search_term_string}"},"query-input":"required name=search_term_string"}],"inLanguage":"pl-PL"},{"@type":"ImageObject","@id":"https:\/\/www.skarbieclynia.pl\/index.php\/2022\/05\/16\/odpowiednie-przygotowanie-skory-do-depilacji-dlaczego-jest-tak-istotne\/#primaryimage","inLanguage":"pl-PL","url":"https:\/\/www.skarbieclynia.pl\/wp-content\/uploads\/2022\/05\/shutterstock_130032032.jpg","contentUrl":"https:\/\/www.skarbieclynia.pl\/wp-content\/uploads\/2022\/05\/shutterstock_130032032.jpg","width":1000,"height":695,"caption":"po-depilacji.jpg"},{"@type":"WebPage","@id":"https:\/\/www.skarbieclynia.pl\/index.php\/2022\/05\/16\/odpowiednie-przygotowanie-skory-do-depilacji-dlaczego-jest-tak-istotne\/#webpage","url":"https:\/\/www.skarbieclynia.pl\/index.php\/2022\/05\/16\/odpowiednie-przygotowanie-skory-do-depilacji-dlaczego-jest-tak-istotne\/","name":"Odpowiednie przygotowanie sk\u00f3ry do depilacji \u2014 dlaczego jest tak istotne?","isPartOf":{"@id":"https:\/\/www.skarbieclynia.pl\/#website"},"primaryImageOfPage":{"@id":"https:\/\/www.skarbieclynia.pl\/index.php\/2022\/05\/16\/odpowiednie-przygotowanie-skory-do-depilacji-dlaczego-jest-tak-istotne\/#primaryimage"},"datePublished":"2022-05-16T12:34:14+00:00","dateModified":"2023-04-21T10:08:13+00:00","author":{"@id":"https:\/\/www.skarbieclynia.pl\/#\/schema\/person\/0c1074c6b7a0e693c3ae945afb1b6325"},"description":"Depilacja bywa przyczyn\u0105 bolesnych podra\u017cnie\u0144 i nieestetycznych \u015blad\u00f3w. Co zrobi\u0107, aby podra\u017cnienia po depilacji zosta\u0142y z\u0142agodzone?","breadcrumb":{"@id":"https:\/\/www.skarbieclynia.pl\/index.php\/2022\/05\/16\/odpowiednie-przygotowanie-skory-do-depilacji-dlaczego-jest-tak-istotne\/#breadcrumb"},"inLanguage":"pl-PL","potentialAction":[{"@type":"ReadAction","target":["https:\/\/www.skarbieclynia.pl\/index.php\/2022\/05\/16\/odpowiednie-przygotowanie-skory-do-depilacji-dlaczego-jest-tak-istotne\/"]}]},{"@type":"BreadcrumbList","@id":"https:\/\/www.skarbieclynia.pl\/index.php\/2022\/05\/16\/odpowiednie-przygotowanie-skory-do-depilacji-dlaczego-jest-tak-istotne\/#breadcrumb","itemListElement":[{"@type":"ListItem","position":1,"name":"Strona g\u0142\u00f3wna","item":"https:\/\/www.skarbieclynia.pl\/"},{"@type":"ListItem","position":2,"name":"Odpowiednie przygotowanie sk\u00f3ry do depilacji \u2014 dlaczego jest tak istotne?"}]},{"@type":"Person","@id":"https:\/\/www.skarbieclynia.pl\/#\/schema\/person\/0c1074c6b7a0e693c3ae945afb1b6325","name":"Agata Dobrzycka","image":{"@type":"ImageObject","@id":"https:\/\/www.skarbieclynia.pl\/#personlogo","inLanguage":"pl-PL","url":"https:\/\/secure.gravatar.com\/avatar\/416f82305c48a2816b33191c1e28876d?s=96&d=mm&r=g","contentUrl":"https:\/\/secure.gravatar.com\/avatar\/416f82305c48a2816b33191c1e28876d?s=96&d=mm&r=g","caption":"Agata Dobrzycka"},"url":"https:\/\/www.skarbieclynia.pl\/index.php\/author\/agata\/"}]}},"_links":{"self":[{"href":"https:\/\/www.skarbieclynia.pl\/index.php\/wp-json\/wp\/v2\/posts\/5924"}],"collection":[{"href":"https:\/\/www.skarbieclynia.pl\/index.php\/wp-json\/wp\/v2\/posts"}],"about":[{"href":"https:\/\/www.skarbieclynia.pl\/index.php\/wp-json\/wp\/v2\/types\/post"}],"author":[{"embeddable":true,"href":"https:\/\/www.skarbieclynia.pl\/index.php\/wp-json\/wp\/v2\/users\/5"}],"replies":[{"embeddable":true,"href":"https:\/\/www.skarbieclynia.pl\/index.php\/wp-json\/wp\/v2\/comments?post=5924"}],"version-history":[{"count":5,"href":"https:\/\/www.skarbieclynia.pl\/index.php\/wp-json\/wp\/v2\/posts\/5924\/revisions"}],"predecessor-version":[{"id":7146,"href":"https:\/\/www.skarbieclynia.pl\/index.php\/wp-json\/wp\/v2\/posts\/5924\/revisions\/7146"}],"wp:featuredmedia":[{"embeddable":true,"href":"https:\/\/www.skarbieclynia.pl\/index.php\/wp-json\/wp\/v2\/media\/5925"}],"wp:attachment":[{"href":"https:\/\/www.skarbieclynia.pl\/index.php\/wp-json\/wp\/v2\/media?parent=5924"}],"wp:term":[{"taxonomy":"category","embeddable":true,"href":"https:\/\/www.skarbieclynia.pl\/index.php\/wp-json\/wp\/v2\/categories?post=5924"},{"taxonomy":"post_tag","embeddable":true,"href":"https:\/\/www.skarbieclynia.pl\/index.php\/wp-json\/wp\/v2\/tags?post=5924"}],"curies":[{"name":"wp","href":"https:\/\/api.w.org\/{rel}","templated":true}]}}