{"id":5858,"date":"2022-04-25T15:08:19","date_gmt":"2022-04-25T13:08:19","guid":{"rendered":"https:\/\/www.skarbieclynia.pl\/?p=5858"},"modified":"2022-04-25T15:08:21","modified_gmt":"2022-04-25T13:08:21","slug":"serum-witaminowe-a-c-e","status":"publish","type":"post","link":"https:\/\/www.skarbieclynia.pl\/index.php\/2022\/04\/25\/serum-witaminowe-a-c-e\/","title":{"rendered":"Serum witaminowe A, C, E"},"content":{"rendered":"\n<p><strong>Serum witaminowe A, C, E (A: Retinol 0,3%, C: Tetrahexyldecyl Ascorbate 5%, E: Tokoferol 1%) z olejem z wi\u015bni oraz skwalanem\u00a0<\/strong>rewitalizuje, depigmentuje i z\u0142uszcza sk\u00f3r\u0119. Dok\u0142adnie dobrana kompozycja sk\u0142adnik\u00f3w nada si\u0119 do ka\u017cdego rodzaju cery, zw\u0142aszcza suchej, starzej\u0105cej si\u0119 i dojrza\u0142ej.<\/p>\n\n\n\n<p><strong><a href=\"https:\/\/www.skarbieclynia.pl\/index.php\/2022\/03\/21\/retinol-witamina-a\/\">Witamina A<\/a><\/strong> (Retinol)<\/p>\n\n\n\n<p><a href=\"https:\/\/www.skarbieclynia.pl\/index.php\/2022\/04\/25\/olejek-z-witamina-c\/\"><strong>Witamina C<\/strong>\u00a0<\/a><\/p>\n\n\n\n<p><a href=\"https:\/\/www.skarbieclynia.pl\/index.php\/2022\/03\/25\/olej-z-pestek-wisni\/\"><strong>Olej z pestek wi\u015bni<\/strong>\u00a0<\/a><\/p>\n\n\n\n<p><a href=\"https:\/\/www.skarbieclynia.pl\/index.php\/2022\/04\/04\/witamina-e\/\"><strong>Witamina <\/strong>E<\/a><\/p>\n\n\n\n<p><strong><a href=\"https:\/\/www.skarbieclynia.pl\/index.php\/2022\/03\/30\/skwalan\/\">Skwalan<\/a><\/strong>\u00a0<\/p>\n\n\n\n<p><strong><a href=\"https:\/\/www.skarbieclynia.pl\/index.php\/2022\/03\/23\/caprylic-capric-triglyceride\/\">Caprylic<\/a><\/strong><\/p>\n\n\n\n<p><strong>Olejek bergamotowy<\/strong><\/p>\n\n\n\n<h3><em>INCI:<\/em><\/h3>\n\n\n\n<p><em>Caprylic\/ Capric Triglyceride, C13-15 Alkane, Shea Butter Ethyl Esters, Prunus Avium Seed Oil, Squalane, Tetrahexyldecyl Ascorbate, Tocopheryl Acetate, Hydrogenated Retinol, Citrus Aurantium Bergama Peel Oil, Citral, Limonene, Linalool<\/em><\/p>\n\n\n\n<div class=\"wp-block-buttons is-content-justification-center\">\n<div class=\"wp-block-button is-style-outline\"><a class=\"wp-block-button__link\" href=\"https:\/\/lynia.pl\/produkt\/serum-witaminowe-a-c-e-a-03-c-5-e-1-z-olejem-z-wisni-oraz-skwalanem\/\">Czytaj wi\u0119cej<\/a><\/div>\n<\/div>\n","protected":false},"excerpt":{"rendered":"<p>Serum witaminowe A, C, E (A: Retinol 0,3%, C: Tetrahexyldecyl Ascorbate 5%, E: Tokoferol 1%) z olejem z wi\u015bni oraz skwalanem\u00a0rewitalizuje, depigmentuje i z\u0142uszcza sk\u00f3r\u0119. Dok\u0142adnie dobrana kompozycja sk\u0142adnik\u00f3w nada si\u0119 do ka\u017cdego rodzaju cery, zw\u0142aszcza suchej, starzej\u0105cej si\u0119 i dojrza\u0142ej. Witamina A (Retinol) Witamina C\u00a0 Olej z pestek wi\u015bni\u00a0 Witamina E Skwalan\u00a0 Caprylic Olejek bergamotowy INCI: Caprylic\/ Capric Triglyceride, C13-15 Alkane, Shea Butter Ethyl Esters, Prunus Avium Seed Oil, Squalane, Tetrahexyldecyl Ascorbate, Tocopheryl Acetate, Hydrogenated Retinol, Citrus Aurantium Bergama Peel Oil, Citral, Limonene, Linalool<\/p>\n","protected":false},"author":5,"featured_media":2592,"comment_status":"closed","ping_status":"open","sticky":false,"template":"","format":"standard","meta":[],"categories":[108],"tags":[118,110,91,235,94,204,207,163,183],"acf":[],"yoast_head":"<!-- This site is optimized with the Yoast SEO plugin v17.9 - https:\/\/yoast.com\/wordpress\/plugins\/seo\/ -->\n<title>Skarbiec<\/title>\n<meta name=\"description\" content=\"Serum witaminowe A, C, E\u00a0rewitalizuje, depigmentuje i z\u0142uszcza sk\u00f3r\u0119. Dla ka\u017cdego rodzaju cery, zw\u0142aszcza suchej, starzej\u0105cej si\u0119 i dojrza\u0142ej\" \/>\n<meta name=\"robots\" content=\"index, follow, max-snippet:-1, max-image-preview:large, max-video-preview:-1\" \/>\n<link rel=\"canonical\" href=\"https:\/\/www.skarbieclynia.pl\/index.php\/2022\/04\/25\/serum-witaminowe-a-c-e\/\" \/>\n<meta property=\"og:locale\" content=\"pl_PL\" \/>\n<meta property=\"og:type\" content=\"article\" \/>\n<meta property=\"og:title\" content=\"Serum witaminowe A, C, E - Skarbiec\" \/>\n<meta property=\"og:description\" content=\"Serum witaminowe A, C, E\u00a0rewitalizuje, depigmentuje i z\u0142uszcza sk\u00f3r\u0119. Dla ka\u017cdego rodzaju cery, zw\u0142aszcza suchej, starzej\u0105cej si\u0119 i dojrza\u0142ej\" \/>\n<meta property=\"og:url\" content=\"https:\/\/www.skarbieclynia.pl\/index.php\/2022\/04\/25\/serum-witaminowe-a-c-e\/\" \/>\n<meta property=\"og:site_name\" content=\"Skarbiec\" \/>\n<meta property=\"article:published_time\" content=\"2022-04-25T13:08:19+00:00\" \/>\n<meta property=\"article:modified_time\" content=\"2022-04-25T13:08:21+00:00\" \/>\n<meta property=\"og:image\" content=\"https:\/\/www.skarbieclynia.pl\/wp-content\/uploads\/2022\/03\/zdjecie-lynia-serum-ace.jpg\" \/>\n\t<meta property=\"og:image:width\" content=\"1000\" \/>\n\t<meta property=\"og:image:height\" content=\"1477\" \/>\n\t<meta property=\"og:image:type\" content=\"image\/jpeg\" \/>\n<meta name=\"twitter:card\" content=\"summary_large_image\" \/>\n<meta name=\"twitter:label1\" content=\"Napisane przez\" \/>\n\t<meta name=\"twitter:data1\" content=\"Agata Dobrzycka\" \/>\n\t<meta name=\"twitter:label2\" content=\"Szacowany czas czytania\" \/>\n\t<meta name=\"twitter:data2\" content=\"1 minuta\" \/>\n<script type=\"application\/ld+json\" class=\"yoast-schema-graph\">{\"@context\":\"https:\/\/schema.org\",\"@graph\":[{\"@type\":\"WebSite\",\"@id\":\"https:\/\/www.skarbieclynia.pl\/#website\",\"url\":\"https:\/\/www.skarbieclynia.pl\/\",\"name\":\"Skarbiec\",\"description\":\"LYNIA\",\"potentialAction\":[{\"@type\":\"SearchAction\",\"target\":{\"@type\":\"EntryPoint\",\"urlTemplate\":\"https:\/\/www.skarbieclynia.pl\/?s={search_term_string}\"},\"query-input\":\"required name=search_term_string\"}],\"inLanguage\":\"pl-PL\"},{\"@type\":\"ImageObject\",\"@id\":\"https:\/\/www.skarbieclynia.pl\/index.php\/2022\/04\/25\/serum-witaminowe-a-c-e\/#primaryimage\",\"inLanguage\":\"pl-PL\",\"url\":\"https:\/\/www.skarbieclynia.pl\/wp-content\/uploads\/2022\/03\/zdjecie-lynia-serum-ace.jpg\",\"contentUrl\":\"https:\/\/www.skarbieclynia.pl\/wp-content\/uploads\/2022\/03\/zdjecie-lynia-serum-ace.jpg\",\"width\":1000,\"height\":1477,\"caption\":\"serum-witaminowe.jpg\"},{\"@type\":\"WebPage\",\"@id\":\"https:\/\/www.skarbieclynia.pl\/index.php\/2022\/04\/25\/serum-witaminowe-a-c-e\/#webpage\",\"url\":\"https:\/\/www.skarbieclynia.pl\/index.php\/2022\/04\/25\/serum-witaminowe-a-c-e\/\",\"name\":\"Serum witaminowe A, C, E - Skarbiec\",\"isPartOf\":{\"@id\":\"https:\/\/www.skarbieclynia.pl\/#website\"},\"primaryImageOfPage\":{\"@id\":\"https:\/\/www.skarbieclynia.pl\/index.php\/2022\/04\/25\/serum-witaminowe-a-c-e\/#primaryimage\"},\"datePublished\":\"2022-04-25T13:08:19+00:00\",\"dateModified\":\"2022-04-25T13:08:21+00:00\",\"author\":{\"@id\":\"https:\/\/www.skarbieclynia.pl\/#\/schema\/person\/0c1074c6b7a0e693c3ae945afb1b6325\"},\"description\":\"Serum witaminowe A, C, E\\u00a0rewitalizuje, depigmentuje i z\\u0142uszcza sk\\u00f3r\\u0119. Dla ka\\u017cdego rodzaju cery, zw\\u0142aszcza suchej, starzej\\u0105cej si\\u0119 i dojrza\\u0142ej\",\"breadcrumb\":{\"@id\":\"https:\/\/www.skarbieclynia.pl\/index.php\/2022\/04\/25\/serum-witaminowe-a-c-e\/#breadcrumb\"},\"inLanguage\":\"pl-PL\",\"potentialAction\":[{\"@type\":\"ReadAction\",\"target\":[\"https:\/\/www.skarbieclynia.pl\/index.php\/2022\/04\/25\/serum-witaminowe-a-c-e\/\"]}]},{\"@type\":\"BreadcrumbList\",\"@id\":\"https:\/\/www.skarbieclynia.pl\/index.php\/2022\/04\/25\/serum-witaminowe-a-c-e\/#breadcrumb\",\"itemListElement\":[{\"@type\":\"ListItem\",\"position\":1,\"name\":\"Strona g\\u0142\\u00f3wna\",\"item\":\"https:\/\/www.skarbieclynia.pl\/\"},{\"@type\":\"ListItem\",\"position\":2,\"name\":\"Serum witaminowe A, C, E\"}]},{\"@type\":\"Person\",\"@id\":\"https:\/\/www.skarbieclynia.pl\/#\/schema\/person\/0c1074c6b7a0e693c3ae945afb1b6325\",\"name\":\"Agata Dobrzycka\",\"image\":{\"@type\":\"ImageObject\",\"@id\":\"https:\/\/www.skarbieclynia.pl\/#personlogo\",\"inLanguage\":\"pl-PL\",\"url\":\"https:\/\/secure.gravatar.com\/avatar\/416f82305c48a2816b33191c1e28876d?s=96&d=mm&r=g\",\"contentUrl\":\"https:\/\/secure.gravatar.com\/avatar\/416f82305c48a2816b33191c1e28876d?s=96&d=mm&r=g\",\"caption\":\"Agata Dobrzycka\"},\"url\":\"https:\/\/www.skarbieclynia.pl\/index.php\/author\/agata\/\"}]}<\/script>\n<!-- \/ Yoast SEO plugin. -->","yoast_head_json":{"title":"Skarbiec","description":"Serum witaminowe A, C, E\u00a0rewitalizuje, depigmentuje i z\u0142uszcza sk\u00f3r\u0119. Dla ka\u017cdego rodzaju cery, zw\u0142aszcza suchej, starzej\u0105cej si\u0119 i dojrza\u0142ej","robots":{"index":"index","follow":"follow","max-snippet":"max-snippet:-1","max-image-preview":"max-image-preview:large","max-video-preview":"max-video-preview:-1"},"canonical":"https:\/\/www.skarbieclynia.pl\/index.php\/2022\/04\/25\/serum-witaminowe-a-c-e\/","og_locale":"pl_PL","og_type":"article","og_title":"Serum witaminowe A, C, E - Skarbiec","og_description":"Serum witaminowe A, C, E\u00a0rewitalizuje, depigmentuje i z\u0142uszcza sk\u00f3r\u0119. Dla ka\u017cdego rodzaju cery, zw\u0142aszcza suchej, starzej\u0105cej si\u0119 i dojrza\u0142ej","og_url":"https:\/\/www.skarbieclynia.pl\/index.php\/2022\/04\/25\/serum-witaminowe-a-c-e\/","og_site_name":"Skarbiec","article_published_time":"2022-04-25T13:08:19+00:00","article_modified_time":"2022-04-25T13:08:21+00:00","og_image":[{"width":1000,"height":1477,"url":"https:\/\/www.skarbieclynia.pl\/wp-content\/uploads\/2022\/03\/zdjecie-lynia-serum-ace.jpg","type":"image\/jpeg"}],"twitter_card":"summary_large_image","twitter_misc":{"Napisane przez":"Agata Dobrzycka","Szacowany czas czytania":"1 minuta"},"schema":{"@context":"https:\/\/schema.org","@graph":[{"@type":"WebSite","@id":"https:\/\/www.skarbieclynia.pl\/#website","url":"https:\/\/www.skarbieclynia.pl\/","name":"Skarbiec","description":"LYNIA","potentialAction":[{"@type":"SearchAction","target":{"@type":"EntryPoint","urlTemplate":"https:\/\/www.skarbieclynia.pl\/?s={search_term_string}"},"query-input":"required name=search_term_string"}],"inLanguage":"pl-PL"},{"@type":"ImageObject","@id":"https:\/\/www.skarbieclynia.pl\/index.php\/2022\/04\/25\/serum-witaminowe-a-c-e\/#primaryimage","inLanguage":"pl-PL","url":"https:\/\/www.skarbieclynia.pl\/wp-content\/uploads\/2022\/03\/zdjecie-lynia-serum-ace.jpg","contentUrl":"https:\/\/www.skarbieclynia.pl\/wp-content\/uploads\/2022\/03\/zdjecie-lynia-serum-ace.jpg","width":1000,"height":1477,"caption":"serum-witaminowe.jpg"},{"@type":"WebPage","@id":"https:\/\/www.skarbieclynia.pl\/index.php\/2022\/04\/25\/serum-witaminowe-a-c-e\/#webpage","url":"https:\/\/www.skarbieclynia.pl\/index.php\/2022\/04\/25\/serum-witaminowe-a-c-e\/","name":"Serum witaminowe A, C, E - Skarbiec","isPartOf":{"@id":"https:\/\/www.skarbieclynia.pl\/#website"},"primaryImageOfPage":{"@id":"https:\/\/www.skarbieclynia.pl\/index.php\/2022\/04\/25\/serum-witaminowe-a-c-e\/#primaryimage"},"datePublished":"2022-04-25T13:08:19+00:00","dateModified":"2022-04-25T13:08:21+00:00","author":{"@id":"https:\/\/www.skarbieclynia.pl\/#\/schema\/person\/0c1074c6b7a0e693c3ae945afb1b6325"},"description":"Serum witaminowe A, C, E\u00a0rewitalizuje, depigmentuje i z\u0142uszcza sk\u00f3r\u0119. Dla ka\u017cdego rodzaju cery, zw\u0142aszcza suchej, starzej\u0105cej si\u0119 i dojrza\u0142ej","breadcrumb":{"@id":"https:\/\/www.skarbieclynia.pl\/index.php\/2022\/04\/25\/serum-witaminowe-a-c-e\/#breadcrumb"},"inLanguage":"pl-PL","potentialAction":[{"@type":"ReadAction","target":["https:\/\/www.skarbieclynia.pl\/index.php\/2022\/04\/25\/serum-witaminowe-a-c-e\/"]}]},{"@type":"BreadcrumbList","@id":"https:\/\/www.skarbieclynia.pl\/index.php\/2022\/04\/25\/serum-witaminowe-a-c-e\/#breadcrumb","itemListElement":[{"@type":"ListItem","position":1,"name":"Strona g\u0142\u00f3wna","item":"https:\/\/www.skarbieclynia.pl\/"},{"@type":"ListItem","position":2,"name":"Serum witaminowe A, C, E"}]},{"@type":"Person","@id":"https:\/\/www.skarbieclynia.pl\/#\/schema\/person\/0c1074c6b7a0e693c3ae945afb1b6325","name":"Agata Dobrzycka","image":{"@type":"ImageObject","@id":"https:\/\/www.skarbieclynia.pl\/#personlogo","inLanguage":"pl-PL","url":"https:\/\/secure.gravatar.com\/avatar\/416f82305c48a2816b33191c1e28876d?s=96&d=mm&r=g","contentUrl":"https:\/\/secure.gravatar.com\/avatar\/416f82305c48a2816b33191c1e28876d?s=96&d=mm&r=g","caption":"Agata Dobrzycka"},"url":"https:\/\/www.skarbieclynia.pl\/index.php\/author\/agata\/"}]}},"_links":{"self":[{"href":"https:\/\/www.skarbieclynia.pl\/index.php\/wp-json\/wp\/v2\/posts\/5858"}],"collection":[{"href":"https:\/\/www.skarbieclynia.pl\/index.php\/wp-json\/wp\/v2\/posts"}],"about":[{"href":"https:\/\/www.skarbieclynia.pl\/index.php\/wp-json\/wp\/v2\/types\/post"}],"author":[{"embeddable":true,"href":"https:\/\/www.skarbieclynia.pl\/index.php\/wp-json\/wp\/v2\/users\/5"}],"replies":[{"embeddable":true,"href":"https:\/\/www.skarbieclynia.pl\/index.php\/wp-json\/wp\/v2\/comments?post=5858"}],"version-history":[{"count":1,"href":"https:\/\/www.skarbieclynia.pl\/index.php\/wp-json\/wp\/v2\/posts\/5858\/revisions"}],"predecessor-version":[{"id":5859,"href":"https:\/\/www.skarbieclynia.pl\/index.php\/wp-json\/wp\/v2\/posts\/5858\/revisions\/5859"}],"wp:featuredmedia":[{"embeddable":true,"href":"https:\/\/www.skarbieclynia.pl\/index.php\/wp-json\/wp\/v2\/media\/2592"}],"wp:attachment":[{"href":"https:\/\/www.skarbieclynia.pl\/index.php\/wp-json\/wp\/v2\/media?parent=5858"}],"wp:term":[{"taxonomy":"category","embeddable":true,"href":"https:\/\/www.skarbieclynia.pl\/index.php\/wp-json\/wp\/v2\/categories?post=5858"},{"taxonomy":"post_tag","embeddable":true,"href":"https:\/\/www.skarbieclynia.pl\/index.php\/wp-json\/wp\/v2\/tags?post=5858"}],"curies":[{"name":"wp","href":"https:\/\/api.w.org\/{rel}","templated":true}]}}