{"id":5851,"date":"2022-04-25T13:53:58","date_gmt":"2022-04-25T11:53:58","guid":{"rendered":"https:\/\/www.skarbieclynia.pl\/?p=5851"},"modified":"2022-04-25T13:54:00","modified_gmt":"2022-04-25T11:54:00","slug":"olejek-z-witamina-c","status":"publish","type":"post","link":"https:\/\/www.skarbieclynia.pl\/index.php\/2022\/04\/25\/olejek-z-witamina-c\/","title":{"rendered":"Olejek z witamin\u0105 C"},"content":{"rendered":"\n<p><strong>Olejek z witamin\u0105 C<\/strong> (Tetraizopal-mitynian askorbylu) polecany dla cery suchej, wra\u017cliwej i naczynkowej. \u0141agodzi podra\u017cnienia, g\u0142\u0119boko nawil\u017ca, uj\u0119drnia oraz delikatnie rozja\u015bnia. Dzia\u0142a regeneruj\u0105co, rewitalizuj\u0105co, przeciwstarzeniowo oraz wybielaj\u0105co.<\/p>\n\n\n\n<p><a href=\"https:\/\/www.skarbieclynia.pl\/index.php\/2022\/04\/04\/witamina-c-stabilna-forma-olejowa\/\"><strong><strong>Stabilna olejowa witamina<\/strong><\/strong> C<\/a><\/p>\n\n\n\n<p><strong><a href=\"https:\/\/www.skarbieclynia.pl\/index.php\/2022\/03\/25\/olej-z-pestek-sliwki\/\">Olej z pestek \u015bliwki<\/a><\/strong><\/p>\n\n\n\n<p><strong><a href=\"https:\/\/www.skarbieclynia.pl\/index.php\/2022\/03\/22\/olej-z-pestek-dzikiej-rozy\/\">Olej z pestek dzikiej r\u00f3\u017cy<\/a><\/strong><\/p>\n\n\n\n<p><a href=\"https:\/\/www.skarbieclynia.pl\/index.php\/2022\/04\/04\/witamina-e\/\"><strong>Witamina E<\/strong>\u00a0<\/a><\/p>\n\n\n\n<p><strong><a href=\"https:\/\/www.skarbieclynia.pl\/index.php\/2022\/03\/23\/caprylic-capric-triglyceride\/\">Caprylic<\/a><\/strong><\/p>\n\n\n\n<p><strong><a href=\"https:\/\/www.skarbieclynia.pl\/index.php\/2022\/03\/17\/shea-light\/\">Shea Light<\/a><\/strong><\/p>\n\n\n\n<h3><em>INCI:<\/em><\/h3>\n\n\n\n<p><em>Caprylic\/ Capric Triglyceride, Prunus Domestica (Plum) Kernel Oil, Rosa Canina Fruit Oil, Shea Butter Ethyl Esters,\u00a0\u00a0Tetrahexyldecyl Ascorbate, Tocopheryl Acetate<\/em><\/p>\n\n\n\n<div class=\"wp-block-buttons is-content-justification-center\">\n<div class=\"wp-block-button is-style-outline\"><a class=\"wp-block-button__link\" href=\"https:\/\/lynia.pl\/produkt\/olejek-z-witamina-c-5-kuracja-regenerujaca-dzika-roza-sliwka\/\">Czytaj wi\u0119cej<\/a><\/div>\n<\/div>\n","protected":false},"excerpt":{"rendered":"<p>Olejek z witamin\u0105 C (Tetraizopal-mitynian askorbylu) polecany dla cery suchej, wra\u017cliwej i naczynkowej. \u0141agodzi podra\u017cnienia, g\u0142\u0119boko nawil\u017ca, uj\u0119drnia oraz delikatnie rozja\u015bnia. Dzia\u0142a regeneruj\u0105co, rewitalizuj\u0105co, przeciwstarzeniowo oraz wybielaj\u0105co. Stabilna olejowa witamina C Olej z pestek \u015bliwki Olej z pestek dzikiej r\u00f3\u017cy Witamina E\u00a0 Caprylic Shea Light INCI: Caprylic\/ Capric Triglyceride, Prunus Domestica (Plum) Kernel Oil, Rosa Canina Fruit Oil, Shea Butter Ethyl Esters,\u00a0\u00a0Tetrahexyldecyl Ascorbate, Tocopheryl Acetate<\/p>\n","protected":false},"author":5,"featured_media":3503,"comment_status":"closed","ping_status":"open","sticky":false,"template":"","format":"standard","meta":[],"categories":[108],"tags":[213,110,167,212,116,289,94,243,163,166,95],"acf":[],"yoast_head":"<!-- This site is optimized with the Yoast SEO plugin v17.9 - https:\/\/yoast.com\/wordpress\/plugins\/seo\/ -->\n<title>Skarbiec<\/title>\n<meta name=\"description\" content=\"Olejek z witamin\u0105 C \u0142agodzi podra\u017cnienia, g\u0142\u0119boko nawil\u017ca, uj\u0119drnia oraz delikatnie rozja\u015bnia. Dzia\u0142a regeneruj\u0105co oraz przeciwstarzeniowo.\" \/>\n<meta name=\"robots\" content=\"index, follow, max-snippet:-1, max-image-preview:large, max-video-preview:-1\" \/>\n<link rel=\"canonical\" href=\"https:\/\/www.skarbieclynia.pl\/index.php\/2022\/04\/25\/olejek-z-witamina-c\/\" \/>\n<meta property=\"og:locale\" content=\"pl_PL\" \/>\n<meta property=\"og:type\" content=\"article\" \/>\n<meta property=\"og:title\" content=\"Olejek z witamin\u0105 C - Skarbiec\" \/>\n<meta property=\"og:description\" content=\"Olejek z witamin\u0105 C \u0142agodzi podra\u017cnienia, g\u0142\u0119boko nawil\u017ca, uj\u0119drnia oraz delikatnie rozja\u015bnia. Dzia\u0142a regeneruj\u0105co oraz przeciwstarzeniowo.\" \/>\n<meta property=\"og:url\" content=\"https:\/\/www.skarbieclynia.pl\/index.php\/2022\/04\/25\/olejek-z-witamina-c\/\" \/>\n<meta property=\"og:site_name\" content=\"Skarbiec\" \/>\n<meta property=\"article:published_time\" content=\"2022-04-25T11:53:58+00:00\" \/>\n<meta property=\"article:modified_time\" content=\"2022-04-25T11:54:00+00:00\" \/>\n<meta property=\"og:image\" content=\"https:\/\/www.skarbieclynia.pl\/wp-content\/uploads\/2022\/03\/zdjecie-lynia-serum-z-witamina-c-1.jpg\" \/>\n\t<meta property=\"og:image:width\" content=\"1000\" \/>\n\t<meta property=\"og:image:height\" content=\"1477\" \/>\n\t<meta property=\"og:image:type\" content=\"image\/jpeg\" \/>\n<meta name=\"twitter:card\" content=\"summary_large_image\" \/>\n<meta name=\"twitter:label1\" content=\"Napisane przez\" \/>\n\t<meta name=\"twitter:data1\" content=\"Agata Dobrzycka\" \/>\n\t<meta name=\"twitter:label2\" content=\"Szacowany czas czytania\" \/>\n\t<meta name=\"twitter:data2\" content=\"1 minuta\" \/>\n<script type=\"application\/ld+json\" class=\"yoast-schema-graph\">{\"@context\":\"https:\/\/schema.org\",\"@graph\":[{\"@type\":\"WebSite\",\"@id\":\"https:\/\/www.skarbieclynia.pl\/#website\",\"url\":\"https:\/\/www.skarbieclynia.pl\/\",\"name\":\"Skarbiec\",\"description\":\"LYNIA\",\"potentialAction\":[{\"@type\":\"SearchAction\",\"target\":{\"@type\":\"EntryPoint\",\"urlTemplate\":\"https:\/\/www.skarbieclynia.pl\/?s={search_term_string}\"},\"query-input\":\"required name=search_term_string\"}],\"inLanguage\":\"pl-PL\"},{\"@type\":\"ImageObject\",\"@id\":\"https:\/\/www.skarbieclynia.pl\/index.php\/2022\/04\/25\/olejek-z-witamina-c\/#primaryimage\",\"inLanguage\":\"pl-PL\",\"url\":\"https:\/\/www.skarbieclynia.pl\/wp-content\/uploads\/2022\/03\/zdjecie-lynia-serum-z-witamina-c-1.jpg\",\"contentUrl\":\"https:\/\/www.skarbieclynia.pl\/wp-content\/uploads\/2022\/03\/zdjecie-lynia-serum-z-witamina-c-1.jpg\",\"width\":1000,\"height\":1477,\"caption\":\"olejek-z-witamina-c.jpg\"},{\"@type\":\"WebPage\",\"@id\":\"https:\/\/www.skarbieclynia.pl\/index.php\/2022\/04\/25\/olejek-z-witamina-c\/#webpage\",\"url\":\"https:\/\/www.skarbieclynia.pl\/index.php\/2022\/04\/25\/olejek-z-witamina-c\/\",\"name\":\"Olejek z witamin\\u0105 C - Skarbiec\",\"isPartOf\":{\"@id\":\"https:\/\/www.skarbieclynia.pl\/#website\"},\"primaryImageOfPage\":{\"@id\":\"https:\/\/www.skarbieclynia.pl\/index.php\/2022\/04\/25\/olejek-z-witamina-c\/#primaryimage\"},\"datePublished\":\"2022-04-25T11:53:58+00:00\",\"dateModified\":\"2022-04-25T11:54:00+00:00\",\"author\":{\"@id\":\"https:\/\/www.skarbieclynia.pl\/#\/schema\/person\/0c1074c6b7a0e693c3ae945afb1b6325\"},\"description\":\"Olejek z witamin\\u0105 C \\u0142agodzi podra\\u017cnienia, g\\u0142\\u0119boko nawil\\u017ca, uj\\u0119drnia oraz delikatnie rozja\\u015bnia. Dzia\\u0142a regeneruj\\u0105co oraz przeciwstarzeniowo.\",\"breadcrumb\":{\"@id\":\"https:\/\/www.skarbieclynia.pl\/index.php\/2022\/04\/25\/olejek-z-witamina-c\/#breadcrumb\"},\"inLanguage\":\"pl-PL\",\"potentialAction\":[{\"@type\":\"ReadAction\",\"target\":[\"https:\/\/www.skarbieclynia.pl\/index.php\/2022\/04\/25\/olejek-z-witamina-c\/\"]}]},{\"@type\":\"BreadcrumbList\",\"@id\":\"https:\/\/www.skarbieclynia.pl\/index.php\/2022\/04\/25\/olejek-z-witamina-c\/#breadcrumb\",\"itemListElement\":[{\"@type\":\"ListItem\",\"position\":1,\"name\":\"Strona g\\u0142\\u00f3wna\",\"item\":\"https:\/\/www.skarbieclynia.pl\/\"},{\"@type\":\"ListItem\",\"position\":2,\"name\":\"Olejek z witamin\\u0105 C\"}]},{\"@type\":\"Person\",\"@id\":\"https:\/\/www.skarbieclynia.pl\/#\/schema\/person\/0c1074c6b7a0e693c3ae945afb1b6325\",\"name\":\"Agata Dobrzycka\",\"image\":{\"@type\":\"ImageObject\",\"@id\":\"https:\/\/www.skarbieclynia.pl\/#personlogo\",\"inLanguage\":\"pl-PL\",\"url\":\"https:\/\/secure.gravatar.com\/avatar\/416f82305c48a2816b33191c1e28876d?s=96&d=mm&r=g\",\"contentUrl\":\"https:\/\/secure.gravatar.com\/avatar\/416f82305c48a2816b33191c1e28876d?s=96&d=mm&r=g\",\"caption\":\"Agata Dobrzycka\"},\"url\":\"https:\/\/www.skarbieclynia.pl\/index.php\/author\/agata\/\"}]}<\/script>\n<!-- \/ Yoast SEO plugin. -->","yoast_head_json":{"title":"Skarbiec","description":"Olejek z witamin\u0105 C \u0142agodzi podra\u017cnienia, g\u0142\u0119boko nawil\u017ca, uj\u0119drnia oraz delikatnie rozja\u015bnia. Dzia\u0142a regeneruj\u0105co oraz przeciwstarzeniowo.","robots":{"index":"index","follow":"follow","max-snippet":"max-snippet:-1","max-image-preview":"max-image-preview:large","max-video-preview":"max-video-preview:-1"},"canonical":"https:\/\/www.skarbieclynia.pl\/index.php\/2022\/04\/25\/olejek-z-witamina-c\/","og_locale":"pl_PL","og_type":"article","og_title":"Olejek z witamin\u0105 C - Skarbiec","og_description":"Olejek z witamin\u0105 C \u0142agodzi podra\u017cnienia, g\u0142\u0119boko nawil\u017ca, uj\u0119drnia oraz delikatnie rozja\u015bnia. Dzia\u0142a regeneruj\u0105co oraz przeciwstarzeniowo.","og_url":"https:\/\/www.skarbieclynia.pl\/index.php\/2022\/04\/25\/olejek-z-witamina-c\/","og_site_name":"Skarbiec","article_published_time":"2022-04-25T11:53:58+00:00","article_modified_time":"2022-04-25T11:54:00+00:00","og_image":[{"width":1000,"height":1477,"url":"https:\/\/www.skarbieclynia.pl\/wp-content\/uploads\/2022\/03\/zdjecie-lynia-serum-z-witamina-c-1.jpg","type":"image\/jpeg"}],"twitter_card":"summary_large_image","twitter_misc":{"Napisane przez":"Agata Dobrzycka","Szacowany czas czytania":"1 minuta"},"schema":{"@context":"https:\/\/schema.org","@graph":[{"@type":"WebSite","@id":"https:\/\/www.skarbieclynia.pl\/#website","url":"https:\/\/www.skarbieclynia.pl\/","name":"Skarbiec","description":"LYNIA","potentialAction":[{"@type":"SearchAction","target":{"@type":"EntryPoint","urlTemplate":"https:\/\/www.skarbieclynia.pl\/?s={search_term_string}"},"query-input":"required name=search_term_string"}],"inLanguage":"pl-PL"},{"@type":"ImageObject","@id":"https:\/\/www.skarbieclynia.pl\/index.php\/2022\/04\/25\/olejek-z-witamina-c\/#primaryimage","inLanguage":"pl-PL","url":"https:\/\/www.skarbieclynia.pl\/wp-content\/uploads\/2022\/03\/zdjecie-lynia-serum-z-witamina-c-1.jpg","contentUrl":"https:\/\/www.skarbieclynia.pl\/wp-content\/uploads\/2022\/03\/zdjecie-lynia-serum-z-witamina-c-1.jpg","width":1000,"height":1477,"caption":"olejek-z-witamina-c.jpg"},{"@type":"WebPage","@id":"https:\/\/www.skarbieclynia.pl\/index.php\/2022\/04\/25\/olejek-z-witamina-c\/#webpage","url":"https:\/\/www.skarbieclynia.pl\/index.php\/2022\/04\/25\/olejek-z-witamina-c\/","name":"Olejek z witamin\u0105 C - Skarbiec","isPartOf":{"@id":"https:\/\/www.skarbieclynia.pl\/#website"},"primaryImageOfPage":{"@id":"https:\/\/www.skarbieclynia.pl\/index.php\/2022\/04\/25\/olejek-z-witamina-c\/#primaryimage"},"datePublished":"2022-04-25T11:53:58+00:00","dateModified":"2022-04-25T11:54:00+00:00","author":{"@id":"https:\/\/www.skarbieclynia.pl\/#\/schema\/person\/0c1074c6b7a0e693c3ae945afb1b6325"},"description":"Olejek z witamin\u0105 C \u0142agodzi podra\u017cnienia, g\u0142\u0119boko nawil\u017ca, uj\u0119drnia oraz delikatnie rozja\u015bnia. Dzia\u0142a regeneruj\u0105co oraz przeciwstarzeniowo.","breadcrumb":{"@id":"https:\/\/www.skarbieclynia.pl\/index.php\/2022\/04\/25\/olejek-z-witamina-c\/#breadcrumb"},"inLanguage":"pl-PL","potentialAction":[{"@type":"ReadAction","target":["https:\/\/www.skarbieclynia.pl\/index.php\/2022\/04\/25\/olejek-z-witamina-c\/"]}]},{"@type":"BreadcrumbList","@id":"https:\/\/www.skarbieclynia.pl\/index.php\/2022\/04\/25\/olejek-z-witamina-c\/#breadcrumb","itemListElement":[{"@type":"ListItem","position":1,"name":"Strona g\u0142\u00f3wna","item":"https:\/\/www.skarbieclynia.pl\/"},{"@type":"ListItem","position":2,"name":"Olejek z witamin\u0105 C"}]},{"@type":"Person","@id":"https:\/\/www.skarbieclynia.pl\/#\/schema\/person\/0c1074c6b7a0e693c3ae945afb1b6325","name":"Agata Dobrzycka","image":{"@type":"ImageObject","@id":"https:\/\/www.skarbieclynia.pl\/#personlogo","inLanguage":"pl-PL","url":"https:\/\/secure.gravatar.com\/avatar\/416f82305c48a2816b33191c1e28876d?s=96&d=mm&r=g","contentUrl":"https:\/\/secure.gravatar.com\/avatar\/416f82305c48a2816b33191c1e28876d?s=96&d=mm&r=g","caption":"Agata Dobrzycka"},"url":"https:\/\/www.skarbieclynia.pl\/index.php\/author\/agata\/"}]}},"_links":{"self":[{"href":"https:\/\/www.skarbieclynia.pl\/index.php\/wp-json\/wp\/v2\/posts\/5851"}],"collection":[{"href":"https:\/\/www.skarbieclynia.pl\/index.php\/wp-json\/wp\/v2\/posts"}],"about":[{"href":"https:\/\/www.skarbieclynia.pl\/index.php\/wp-json\/wp\/v2\/types\/post"}],"author":[{"embeddable":true,"href":"https:\/\/www.skarbieclynia.pl\/index.php\/wp-json\/wp\/v2\/users\/5"}],"replies":[{"embeddable":true,"href":"https:\/\/www.skarbieclynia.pl\/index.php\/wp-json\/wp\/v2\/comments?post=5851"}],"version-history":[{"count":2,"href":"https:\/\/www.skarbieclynia.pl\/index.php\/wp-json\/wp\/v2\/posts\/5851\/revisions"}],"predecessor-version":[{"id":5853,"href":"https:\/\/www.skarbieclynia.pl\/index.php\/wp-json\/wp\/v2\/posts\/5851\/revisions\/5853"}],"wp:featuredmedia":[{"embeddable":true,"href":"https:\/\/www.skarbieclynia.pl\/index.php\/wp-json\/wp\/v2\/media\/3503"}],"wp:attachment":[{"href":"https:\/\/www.skarbieclynia.pl\/index.php\/wp-json\/wp\/v2\/media?parent=5851"}],"wp:term":[{"taxonomy":"category","embeddable":true,"href":"https:\/\/www.skarbieclynia.pl\/index.php\/wp-json\/wp\/v2\/categories?post=5851"},{"taxonomy":"post_tag","embeddable":true,"href":"https:\/\/www.skarbieclynia.pl\/index.php\/wp-json\/wp\/v2\/tags?post=5851"}],"curies":[{"name":"wp","href":"https:\/\/api.w.org\/{rel}","templated":true}]}}