{"id":5814,"date":"2022-04-25T09:51:56","date_gmt":"2022-04-25T07:51:56","guid":{"rendered":"https:\/\/www.skarbieclynia.pl\/?p=5814"},"modified":"2022-07-18T14:06:22","modified_gmt":"2022-07-18T12:06:22","slug":"multi-brightening-face-cream","status":"publish","type":"post","link":"https:\/\/www.skarbieclynia.pl\/index.php\/2022\/04\/25\/multi-brightening-face-cream\/","title":{"rendered":"Multi Brightening Face Cream"},"content":{"rendered":"\n<p><strong>Multi Brightening Face Cream&nbsp;<\/strong>to produkt, kt\u00f3ry dzi\u0119ki substancjom aktywnym dzia\u0142a rozja\u015bniaj\u0105co i depigmentuj\u0105co, poprawiaj\u0105c koloryt i wygl\u0105d sk\u00f3ry. Krem nada si\u0119 do ka\u017cdego rodzaju cery.<\/p>\n\n\n\n<p><a href=\"http:\/\/Darkout\u2122\"><strong>Darkout\u2122<\/strong>&nbsp;<\/a><\/p>\n\n\n\n<p><strong><a href=\"https:\/\/www.skarbieclynia.pl\/index.php\/2022\/03\/30\/teczowa-alga-cywhite-g\/\">Cywhite G<\/a><\/strong><\/p>\n\n\n\n<p><strong><a href=\"https:\/\/www.skarbieclynia.pl\/index.php\/2022\/03\/29\/kompleks-z-kwasem-hialuronowym-niskoczasteczkowym\/\">Glycohyal LW\u00ae<\/a><\/strong><\/p>\n\n\n\n<p><a href=\"https:\/\/www.skarbieclynia.pl\/index.php\/2022\/03\/25\/olej-z-rokitnika\/\"><strong>Olej z rokitnika<\/strong>&nbsp;<\/a><\/p>\n\n\n\n<p><a href=\"https:\/\/www.skarbieclynia.pl\/index.php\/2022\/03\/17\/ekstrakt-z-grejpfruta\/\"><strong>Ekstrakt z grejpfruta<\/strong>&nbsp;<\/a><\/p>\n\n\n\n<p><a href=\"https:\/\/www.skarbieclynia.pl\/index.php\/2022\/03\/24\/maslo-z-mango\/\"><strong>Mas\u0142o mango<\/strong>&nbsp;<\/a><\/p>\n\n\n\n<p><a href=\"https:\/\/www.skarbieclynia.pl\/index.php\/2022\/03\/17\/ekstrakt-z-melona\/\"><strong>Ekstrakt z melona<\/strong>&nbsp;<strong>&nbsp;<\/strong><\/a><\/p>\n\n\n\n<p><strong><a href=\"https:\/\/www.skarbieclynia.pl\/index.php\/2022\/03\/18\/ekstrakt-z-ogorka-eco\/\">Ekstrakt z og\u00f3rka<\/a><\/strong><\/p>\n\n\n\n<p><strong>Olejek lemongrasowy<\/strong><\/p>\n\n\n\n<p><strong>Olejek cytrynowy<\/strong>&nbsp;<\/p>\n\n\n\n<h3><em>INCI:<\/em><\/h3>\n\n\n\n<p>Aqua, Glyceryl Stearate Citrate, Shea Butter Ethyl Esters, Caprylic\/ Capric Triglyceride, Glycerin, Hippophae Rhamnoides Oil, Chaenomeles Japonica Seed Oil, Mangifera Japonica Seed Butter, Cetearyl Alcohol, Cystoseira Tamariscifolia Extract, Hypoxis Rooperi Rhizome Extract, Citrus Grandis Fruit Extract, Cucumis Sativus Fruit Extract, Cucumis Melo (Melon) Fruit Extract, Hydrolyzed Glycosaminoglycans, Hyaluronic Acid, Cymbopogon Flexuosus Herb Oil, Citrus Limon Peel Oil, Propanediol, Tocopheryl Acetate, Polyglyceryl-6 Stearate, Polyglyceryl-6 Behenate, Acacia Senegal Gum, Caesalpina Spinosa Gum, Xanthan Gum, Sodium Phytate, Dehydroacetic Acid, Benzyl Alcohol, Sodium Benzoate, Potassium Sorbate, Citral, Geraniol, Limonene, Linalool.<\/p>\n\n\n\n<div class=\"wp-block-buttons is-content-justification-center\">\n<div class=\"wp-block-button is-style-outline\"><a class=\"wp-block-button__link\" href=\"https:\/\/lynia.pl\/produkt\/multi-brightening-face-cream-rozjasnianie-depigmentacja\/\">Czytaj wi\u0119cej<\/a><\/div>\n<\/div>\n","protected":false},"excerpt":{"rendered":"<p>Multi Brightening Face Cream&nbsp;to produkt, kt\u00f3ry dzi\u0119ki substancjom aktywnym dzia\u0142a rozja\u015bniaj\u0105co i depigmentuj\u0105co, poprawiaj\u0105c koloryt i wygl\u0105d sk\u00f3ry. Krem nada si\u0119 do ka\u017cdego rodzaju cery. Darkout\u2122&nbsp; Cywhite G Glycohyal LW\u00ae Olej z rokitnika&nbsp; Ekstrakt z grejpfruta&nbsp; Mas\u0142o mango&nbsp; Ekstrakt z melona&nbsp;&nbsp; Ekstrakt z og\u00f3rka Olejek lemongrasowy Olejek cytrynowy&nbsp; INCI: Aqua, Glyceryl Stearate Citrate, Shea Butter Ethyl Esters, Caprylic\/ Capric Triglyceride, Glycerin, Hippophae Rhamnoides Oil, Chaenomeles Japonica Seed Oil, Mangifera Japonica Seed Butter, Cetearyl Alcohol, Cystoseira Tamariscifolia Extract, Hypoxis Rooperi Rhizome Extract, Citrus Grandis Fruit Extract, Cucumis Sativus Fruit Extract, Cucumis Melo (Melon) Fruit Extract, Hydrolyzed Glycosaminoglycans, Hyaluronic Acid, Cymbopogon Flexuosus<\/p>\n","protected":false},"author":5,"featured_media":3590,"comment_status":"closed","ping_status":"open","sticky":false,"template":"","format":"standard","meta":[],"categories":[108],"tags":[91,228,265,264,97,257,92,259,258,94,204,260,290,95],"acf":[],"yoast_head":"<!-- This site is optimized with the Yoast SEO plugin v17.9 - https:\/\/yoast.com\/wordpress\/plugins\/seo\/ -->\n<title>Skarbiec<\/title>\n<meta name=\"description\" content=\"Multi Brightening Face Cream dzia\u0142a rozja\u015bniaj\u0105co i depigmentuj\u0105co, poprawiaj\u0105c koloryt i wygl\u0105d sk\u00f3ry. Krem nada si\u0119 do ka\u017cdego rodzaju cery\" \/>\n<meta name=\"robots\" content=\"index, follow, max-snippet:-1, max-image-preview:large, max-video-preview:-1\" \/>\n<link rel=\"canonical\" href=\"https:\/\/www.skarbieclynia.pl\/index.php\/2022\/04\/25\/multi-brightening-face-cream\/\" \/>\n<meta property=\"og:locale\" content=\"pl_PL\" \/>\n<meta property=\"og:type\" content=\"article\" \/>\n<meta property=\"og:title\" content=\"Multi Brightening Face Cream - Skarbiec\" \/>\n<meta property=\"og:description\" content=\"Multi Brightening Face Cream dzia\u0142a rozja\u015bniaj\u0105co i depigmentuj\u0105co, poprawiaj\u0105c koloryt i wygl\u0105d sk\u00f3ry. Krem nada si\u0119 do ka\u017cdego rodzaju cery\" \/>\n<meta property=\"og:url\" content=\"https:\/\/www.skarbieclynia.pl\/index.php\/2022\/04\/25\/multi-brightening-face-cream\/\" \/>\n<meta property=\"og:site_name\" content=\"Skarbiec\" \/>\n<meta property=\"article:published_time\" content=\"2022-04-25T07:51:56+00:00\" \/>\n<meta property=\"article:modified_time\" content=\"2022-07-18T12:06:22+00:00\" \/>\n<meta property=\"og:image\" content=\"https:\/\/www.skarbieclynia.pl\/wp-content\/uploads\/2022\/03\/zdjecie-lynia-krem-rozjasniajacy-multi-brightening.jpg\" \/>\n\t<meta property=\"og:image:width\" content=\"984\" \/>\n\t<meta property=\"og:image:height\" content=\"1333\" \/>\n\t<meta property=\"og:image:type\" content=\"image\/jpeg\" \/>\n<meta name=\"twitter:card\" content=\"summary_large_image\" \/>\n<meta name=\"twitter:label1\" content=\"Napisane przez\" \/>\n\t<meta name=\"twitter:data1\" content=\"Agata Dobrzycka\" \/>\n\t<meta name=\"twitter:label2\" content=\"Szacowany czas czytania\" \/>\n\t<meta name=\"twitter:data2\" content=\"1 minuta\" \/>\n<script type=\"application\/ld+json\" class=\"yoast-schema-graph\">{\"@context\":\"https:\/\/schema.org\",\"@graph\":[{\"@type\":\"WebSite\",\"@id\":\"https:\/\/www.skarbieclynia.pl\/#website\",\"url\":\"https:\/\/www.skarbieclynia.pl\/\",\"name\":\"Skarbiec\",\"description\":\"LYNIA\",\"potentialAction\":[{\"@type\":\"SearchAction\",\"target\":{\"@type\":\"EntryPoint\",\"urlTemplate\":\"https:\/\/www.skarbieclynia.pl\/?s={search_term_string}\"},\"query-input\":\"required name=search_term_string\"}],\"inLanguage\":\"pl-PL\"},{\"@type\":\"ImageObject\",\"@id\":\"https:\/\/www.skarbieclynia.pl\/index.php\/2022\/04\/25\/multi-brightening-face-cream\/#primaryimage\",\"inLanguage\":\"pl-PL\",\"url\":\"https:\/\/www.skarbieclynia.pl\/wp-content\/uploads\/2022\/03\/zdjecie-lynia-krem-rozjasniajacy-multi-brightening.jpg\",\"contentUrl\":\"https:\/\/www.skarbieclynia.pl\/wp-content\/uploads\/2022\/03\/zdjecie-lynia-krem-rozjasniajacy-multi-brightening.jpg\",\"width\":984,\"height\":1333,\"caption\":\"multi-brightening-face-cream.jpg\"},{\"@type\":\"WebPage\",\"@id\":\"https:\/\/www.skarbieclynia.pl\/index.php\/2022\/04\/25\/multi-brightening-face-cream\/#webpage\",\"url\":\"https:\/\/www.skarbieclynia.pl\/index.php\/2022\/04\/25\/multi-brightening-face-cream\/\",\"name\":\"Multi Brightening Face Cream - Skarbiec\",\"isPartOf\":{\"@id\":\"https:\/\/www.skarbieclynia.pl\/#website\"},\"primaryImageOfPage\":{\"@id\":\"https:\/\/www.skarbieclynia.pl\/index.php\/2022\/04\/25\/multi-brightening-face-cream\/#primaryimage\"},\"datePublished\":\"2022-04-25T07:51:56+00:00\",\"dateModified\":\"2022-07-18T12:06:22+00:00\",\"author\":{\"@id\":\"https:\/\/www.skarbieclynia.pl\/#\/schema\/person\/0c1074c6b7a0e693c3ae945afb1b6325\"},\"description\":\"Multi Brightening Face Cream dzia\\u0142a rozja\\u015bniaj\\u0105co i depigmentuj\\u0105co, poprawiaj\\u0105c koloryt i wygl\\u0105d sk\\u00f3ry. Krem nada si\\u0119 do ka\\u017cdego rodzaju cery\",\"breadcrumb\":{\"@id\":\"https:\/\/www.skarbieclynia.pl\/index.php\/2022\/04\/25\/multi-brightening-face-cream\/#breadcrumb\"},\"inLanguage\":\"pl-PL\",\"potentialAction\":[{\"@type\":\"ReadAction\",\"target\":[\"https:\/\/www.skarbieclynia.pl\/index.php\/2022\/04\/25\/multi-brightening-face-cream\/\"]}]},{\"@type\":\"BreadcrumbList\",\"@id\":\"https:\/\/www.skarbieclynia.pl\/index.php\/2022\/04\/25\/multi-brightening-face-cream\/#breadcrumb\",\"itemListElement\":[{\"@type\":\"ListItem\",\"position\":1,\"name\":\"Strona g\\u0142\\u00f3wna\",\"item\":\"https:\/\/www.skarbieclynia.pl\/\"},{\"@type\":\"ListItem\",\"position\":2,\"name\":\"Multi Brightening Face Cream\"}]},{\"@type\":\"Person\",\"@id\":\"https:\/\/www.skarbieclynia.pl\/#\/schema\/person\/0c1074c6b7a0e693c3ae945afb1b6325\",\"name\":\"Agata Dobrzycka\",\"image\":{\"@type\":\"ImageObject\",\"@id\":\"https:\/\/www.skarbieclynia.pl\/#personlogo\",\"inLanguage\":\"pl-PL\",\"url\":\"https:\/\/secure.gravatar.com\/avatar\/416f82305c48a2816b33191c1e28876d?s=96&d=mm&r=g\",\"contentUrl\":\"https:\/\/secure.gravatar.com\/avatar\/416f82305c48a2816b33191c1e28876d?s=96&d=mm&r=g\",\"caption\":\"Agata Dobrzycka\"},\"url\":\"https:\/\/www.skarbieclynia.pl\/index.php\/author\/agata\/\"}]}<\/script>\n<!-- \/ Yoast SEO plugin. -->","yoast_head_json":{"title":"Skarbiec","description":"Multi Brightening Face Cream dzia\u0142a rozja\u015bniaj\u0105co i depigmentuj\u0105co, poprawiaj\u0105c koloryt i wygl\u0105d sk\u00f3ry. Krem nada si\u0119 do ka\u017cdego rodzaju cery","robots":{"index":"index","follow":"follow","max-snippet":"max-snippet:-1","max-image-preview":"max-image-preview:large","max-video-preview":"max-video-preview:-1"},"canonical":"https:\/\/www.skarbieclynia.pl\/index.php\/2022\/04\/25\/multi-brightening-face-cream\/","og_locale":"pl_PL","og_type":"article","og_title":"Multi Brightening Face Cream - Skarbiec","og_description":"Multi Brightening Face Cream dzia\u0142a rozja\u015bniaj\u0105co i depigmentuj\u0105co, poprawiaj\u0105c koloryt i wygl\u0105d sk\u00f3ry. Krem nada si\u0119 do ka\u017cdego rodzaju cery","og_url":"https:\/\/www.skarbieclynia.pl\/index.php\/2022\/04\/25\/multi-brightening-face-cream\/","og_site_name":"Skarbiec","article_published_time":"2022-04-25T07:51:56+00:00","article_modified_time":"2022-07-18T12:06:22+00:00","og_image":[{"width":984,"height":1333,"url":"https:\/\/www.skarbieclynia.pl\/wp-content\/uploads\/2022\/03\/zdjecie-lynia-krem-rozjasniajacy-multi-brightening.jpg","type":"image\/jpeg"}],"twitter_card":"summary_large_image","twitter_misc":{"Napisane przez":"Agata Dobrzycka","Szacowany czas czytania":"1 minuta"},"schema":{"@context":"https:\/\/schema.org","@graph":[{"@type":"WebSite","@id":"https:\/\/www.skarbieclynia.pl\/#website","url":"https:\/\/www.skarbieclynia.pl\/","name":"Skarbiec","description":"LYNIA","potentialAction":[{"@type":"SearchAction","target":{"@type":"EntryPoint","urlTemplate":"https:\/\/www.skarbieclynia.pl\/?s={search_term_string}"},"query-input":"required name=search_term_string"}],"inLanguage":"pl-PL"},{"@type":"ImageObject","@id":"https:\/\/www.skarbieclynia.pl\/index.php\/2022\/04\/25\/multi-brightening-face-cream\/#primaryimage","inLanguage":"pl-PL","url":"https:\/\/www.skarbieclynia.pl\/wp-content\/uploads\/2022\/03\/zdjecie-lynia-krem-rozjasniajacy-multi-brightening.jpg","contentUrl":"https:\/\/www.skarbieclynia.pl\/wp-content\/uploads\/2022\/03\/zdjecie-lynia-krem-rozjasniajacy-multi-brightening.jpg","width":984,"height":1333,"caption":"multi-brightening-face-cream.jpg"},{"@type":"WebPage","@id":"https:\/\/www.skarbieclynia.pl\/index.php\/2022\/04\/25\/multi-brightening-face-cream\/#webpage","url":"https:\/\/www.skarbieclynia.pl\/index.php\/2022\/04\/25\/multi-brightening-face-cream\/","name":"Multi Brightening Face Cream - Skarbiec","isPartOf":{"@id":"https:\/\/www.skarbieclynia.pl\/#website"},"primaryImageOfPage":{"@id":"https:\/\/www.skarbieclynia.pl\/index.php\/2022\/04\/25\/multi-brightening-face-cream\/#primaryimage"},"datePublished":"2022-04-25T07:51:56+00:00","dateModified":"2022-07-18T12:06:22+00:00","author":{"@id":"https:\/\/www.skarbieclynia.pl\/#\/schema\/person\/0c1074c6b7a0e693c3ae945afb1b6325"},"description":"Multi Brightening Face Cream dzia\u0142a rozja\u015bniaj\u0105co i depigmentuj\u0105co, poprawiaj\u0105c koloryt i wygl\u0105d sk\u00f3ry. Krem nada si\u0119 do ka\u017cdego rodzaju cery","breadcrumb":{"@id":"https:\/\/www.skarbieclynia.pl\/index.php\/2022\/04\/25\/multi-brightening-face-cream\/#breadcrumb"},"inLanguage":"pl-PL","potentialAction":[{"@type":"ReadAction","target":["https:\/\/www.skarbieclynia.pl\/index.php\/2022\/04\/25\/multi-brightening-face-cream\/"]}]},{"@type":"BreadcrumbList","@id":"https:\/\/www.skarbieclynia.pl\/index.php\/2022\/04\/25\/multi-brightening-face-cream\/#breadcrumb","itemListElement":[{"@type":"ListItem","position":1,"name":"Strona g\u0142\u00f3wna","item":"https:\/\/www.skarbieclynia.pl\/"},{"@type":"ListItem","position":2,"name":"Multi Brightening Face Cream"}]},{"@type":"Person","@id":"https:\/\/www.skarbieclynia.pl\/#\/schema\/person\/0c1074c6b7a0e693c3ae945afb1b6325","name":"Agata Dobrzycka","image":{"@type":"ImageObject","@id":"https:\/\/www.skarbieclynia.pl\/#personlogo","inLanguage":"pl-PL","url":"https:\/\/secure.gravatar.com\/avatar\/416f82305c48a2816b33191c1e28876d?s=96&d=mm&r=g","contentUrl":"https:\/\/secure.gravatar.com\/avatar\/416f82305c48a2816b33191c1e28876d?s=96&d=mm&r=g","caption":"Agata Dobrzycka"},"url":"https:\/\/www.skarbieclynia.pl\/index.php\/author\/agata\/"}]}},"_links":{"self":[{"href":"https:\/\/www.skarbieclynia.pl\/index.php\/wp-json\/wp\/v2\/posts\/5814"}],"collection":[{"href":"https:\/\/www.skarbieclynia.pl\/index.php\/wp-json\/wp\/v2\/posts"}],"about":[{"href":"https:\/\/www.skarbieclynia.pl\/index.php\/wp-json\/wp\/v2\/types\/post"}],"author":[{"embeddable":true,"href":"https:\/\/www.skarbieclynia.pl\/index.php\/wp-json\/wp\/v2\/users\/5"}],"replies":[{"embeddable":true,"href":"https:\/\/www.skarbieclynia.pl\/index.php\/wp-json\/wp\/v2\/comments?post=5814"}],"version-history":[{"count":3,"href":"https:\/\/www.skarbieclynia.pl\/index.php\/wp-json\/wp\/v2\/posts\/5814\/revisions"}],"predecessor-version":[{"id":6296,"href":"https:\/\/www.skarbieclynia.pl\/index.php\/wp-json\/wp\/v2\/posts\/5814\/revisions\/6296"}],"wp:featuredmedia":[{"embeddable":true,"href":"https:\/\/www.skarbieclynia.pl\/index.php\/wp-json\/wp\/v2\/media\/3590"}],"wp:attachment":[{"href":"https:\/\/www.skarbieclynia.pl\/index.php\/wp-json\/wp\/v2\/media?parent=5814"}],"wp:term":[{"taxonomy":"category","embeddable":true,"href":"https:\/\/www.skarbieclynia.pl\/index.php\/wp-json\/wp\/v2\/categories?post=5814"},{"taxonomy":"post_tag","embeddable":true,"href":"https:\/\/www.skarbieclynia.pl\/index.php\/wp-json\/wp\/v2\/tags?post=5814"}],"curies":[{"name":"wp","href":"https:\/\/api.w.org\/{rel}","templated":true}]}}