{"id":5712,"date":"2022-04-13T16:05:16","date_gmt":"2022-04-13T14:05:16","guid":{"rendered":"https:\/\/www.skarbieclynia.pl\/?p=5712"},"modified":"2022-04-13T16:05:17","modified_gmt":"2022-04-13T14:05:17","slug":"krem-z-kwasem-azelainowym-7","status":"publish","type":"post","link":"https:\/\/www.skarbieclynia.pl\/index.php\/2022\/04\/13\/krem-z-kwasem-azelainowym-7\/","title":{"rendered":"Krem z kwasem azelainowym 7%"},"content":{"rendered":"\n<p><strong>Krem z kwasem azelainowym 7%\u00a0<\/strong>to kosmetyk, kt\u00f3ry dzi\u0119ki zawarto\u015bci poszczeg\u00f3lnych sk\u0142adnik\u00f3w sprawdzi si\u0119 do codziennej piel\u0119gnacji cery t\u0142ustej i tr\u0105dzikowej. Krem mo\u017cna stosowa\u0107 w celu niwelacji nadmiernego rogowacenia nask\u00f3rka, pojawiania si\u0119 przebarwie\u0144 oraz przy AZS (atopowym zapaleniu sk\u00f3ry).<\/p>\n\n\n\n<p><a href=\"https:\/\/www.skarbieclynia.pl\/index.php\/2022\/03\/28\/kwas-azelainowy\/\"><strong>Kwas azelainowy<\/strong>\u00a0<\/a><\/p>\n\n\n\n<p><a href=\"https:\/\/www.skarbieclynia.pl\/index.php\/2022\/04\/12\/puder-bambusowy\/\"><strong>Puder bambusowy<\/strong>\u00a0<\/a><\/p>\n\n\n\n<p><a href=\"https:\/\/www.skarbieclynia.pl\/index.php\/2022\/03\/18\/ekstrakt-z-limonki\/\"><strong>Ekstrakt z limonki<\/strong>\u00a0<\/a><\/p>\n\n\n\n<p><a href=\"https:\/\/www.skarbieclynia.pl\/index.php\/2022\/03\/17\/ekstrakt-z-grejpfruta\/\"><strong>Ekstrakt z grejpfruta\u00a0<\/strong><\/a><\/p>\n\n\n\n<p><a href=\"https:\/\/www.skarbieclynia.pl\/index.php\/2022\/04\/04\/witamina-b5-d-pantenol-75\/\"><strong>Witamina B5\u00a0<\/strong><\/a><\/p>\n\n\n\n<p><a href=\"https:\/\/www.skarbieclynia.pl\/index.php\/2022\/04\/04\/witamina-e\/\"><strong>Witamina E\u00a0<\/strong><\/a><\/p>\n\n\n\n<h3><em>INCI:<\/em><\/h3>\n\n\n\n<p>Aqua, Azelaic Acid, Glyceryl Stearate Citrate, Caprylic\/ Capric Triglyceride, Coco Caprylate\/ Caprate, Polyglyceryl-6 Stearate, Propanediol, Cetearyl Alcohol, Prunus Amygdalus Dulcis (Sweet Almond) Oil, Glycerin, Butyrospermum Parkii Butter, Citrus Grandis Fruit Extract, Citrus Aurantifolia Fruit Extract, Tocopheryl Acetate, Bambusa Arundinacea Stem Powder, Panthenol, Acacia Senegal Gum, Citrus Grandis Peel Oil, Xanthan Gum, Polyglyceryl-6 Behenate, Dehydroacetic Acid, Benzyl Alcohol, Sodium Benzoate, Potassium Sorbate, Citric Acid, Sodium Phytate, Sodium Hydroxide, Pantolactone<\/p>\n\n\n\n<div class=\"wp-block-buttons is-content-justification-center\">\n<div class=\"wp-block-button is-style-outline\"><a class=\"wp-block-button__link\" href=\"https:\/\/lynia.pl\/produkt\/krem-z-kwasem-azelainowym-7\/\">Czytaj wi\u0119cej<\/a><\/div>\n<\/div>\n","protected":false},"excerpt":{"rendered":"<p>Krem z kwasem azelainowym 7%\u00a0to kosmetyk, kt\u00f3ry dzi\u0119ki zawarto\u015bci poszczeg\u00f3lnych sk\u0142adnik\u00f3w sprawdzi si\u0119 do codziennej piel\u0119gnacji cery t\u0142ustej i tr\u0105dzikowej. Krem mo\u017cna stosowa\u0107 w celu niwelacji nadmiernego rogowacenia nask\u00f3rka, pojawiania si\u0119 przebarwie\u0144 oraz przy AZS (atopowym zapaleniu sk\u00f3ry). Kwas azelainowy\u00a0 Puder bambusowy\u00a0 Ekstrakt z limonki\u00a0 Ekstrakt z grejpfruta\u00a0 Witamina B5\u00a0 Witamina E\u00a0 INCI: Aqua, Azelaic Acid, Glyceryl Stearate Citrate, Caprylic\/ Capric Triglyceride, Coco Caprylate\/ Caprate, Polyglyceryl-6 Stearate, Propanediol, Cetearyl Alcohol, Prunus Amygdalus Dulcis (Sweet Almond) Oil, Glycerin, Butyrospermum Parkii Butter, Citrus Grandis Fruit Extract, Citrus Aurantifolia Fruit Extract, Tocopheryl Acetate, Bambusa Arundinacea Stem Powder, Panthenol, Acacia Senegal Gum, Citrus Grandis<\/p>\n","protected":false},"author":5,"featured_media":3434,"comment_status":"closed","ping_status":"open","sticky":false,"template":"","format":"standard","meta":[],"categories":[108],"tags":[92,115,79,180,188,238,239],"acf":[],"yoast_head":"<!-- This site is optimized with the Yoast SEO plugin v17.9 - https:\/\/yoast.com\/wordpress\/plugins\/seo\/ -->\n<title>Skarbiec<\/title>\n<meta name=\"description\" content=\"Krem z kwasem azelainowym 7% do piel\u0119gnacji cery t\u0142ustej i tr\u0105dzikowej. Krem mo\u017cna stosowa\u0107 w celu niwelacji nadmiernego rogowacenia nask\u00f3rka\" \/>\n<meta name=\"robots\" content=\"index, follow, max-snippet:-1, max-image-preview:large, max-video-preview:-1\" \/>\n<link rel=\"canonical\" href=\"https:\/\/www.skarbieclynia.pl\/index.php\/2022\/04\/13\/krem-z-kwasem-azelainowym-7\/\" \/>\n<meta property=\"og:locale\" content=\"pl_PL\" \/>\n<meta property=\"og:type\" content=\"article\" \/>\n<meta property=\"og:title\" content=\"Krem z kwasem azelainowym 7% - Skarbiec\" \/>\n<meta property=\"og:description\" content=\"Krem z kwasem azelainowym 7% do piel\u0119gnacji cery t\u0142ustej i tr\u0105dzikowej. Krem mo\u017cna stosowa\u0107 w celu niwelacji nadmiernego rogowacenia nask\u00f3rka\" \/>\n<meta property=\"og:url\" content=\"https:\/\/www.skarbieclynia.pl\/index.php\/2022\/04\/13\/krem-z-kwasem-azelainowym-7\/\" \/>\n<meta property=\"og:site_name\" content=\"Skarbiec\" \/>\n<meta property=\"article:published_time\" content=\"2022-04-13T14:05:16+00:00\" \/>\n<meta property=\"article:modified_time\" content=\"2022-04-13T14:05:17+00:00\" \/>\n<meta property=\"og:image\" content=\"https:\/\/www.skarbieclynia.pl\/wp-content\/uploads\/2022\/03\/zdjecie-lynia-krem-z-kwasem-azelainowym-7-3.jpg\" \/>\n\t<meta property=\"og:image:width\" content=\"1000\" \/>\n\t<meta property=\"og:image:height\" content=\"1458\" \/>\n\t<meta property=\"og:image:type\" content=\"image\/jpeg\" \/>\n<meta name=\"twitter:card\" content=\"summary_large_image\" \/>\n<meta name=\"twitter:label1\" content=\"Napisane przez\" \/>\n\t<meta name=\"twitter:data1\" content=\"Agata Dobrzycka\" \/>\n\t<meta name=\"twitter:label2\" content=\"Szacowany czas czytania\" \/>\n\t<meta name=\"twitter:data2\" content=\"1 minuta\" \/>\n<script type=\"application\/ld+json\" class=\"yoast-schema-graph\">{\"@context\":\"https:\/\/schema.org\",\"@graph\":[{\"@type\":\"WebSite\",\"@id\":\"https:\/\/www.skarbieclynia.pl\/#website\",\"url\":\"https:\/\/www.skarbieclynia.pl\/\",\"name\":\"Skarbiec\",\"description\":\"LYNIA\",\"potentialAction\":[{\"@type\":\"SearchAction\",\"target\":{\"@type\":\"EntryPoint\",\"urlTemplate\":\"https:\/\/www.skarbieclynia.pl\/?s={search_term_string}\"},\"query-input\":\"required name=search_term_string\"}],\"inLanguage\":\"pl-PL\"},{\"@type\":\"ImageObject\",\"@id\":\"https:\/\/www.skarbieclynia.pl\/index.php\/2022\/04\/13\/krem-z-kwasem-azelainowym-7\/#primaryimage\",\"inLanguage\":\"pl-PL\",\"url\":\"https:\/\/www.skarbieclynia.pl\/wp-content\/uploads\/2022\/03\/zdjecie-lynia-krem-z-kwasem-azelainowym-7-3.jpg\",\"contentUrl\":\"https:\/\/www.skarbieclynia.pl\/wp-content\/uploads\/2022\/03\/zdjecie-lynia-krem-z-kwasem-azelainowym-7-3.jpg\",\"width\":1000,\"height\":1458,\"caption\":\"krem-z-kwasem-azelainowym-7.jpg\"},{\"@type\":\"WebPage\",\"@id\":\"https:\/\/www.skarbieclynia.pl\/index.php\/2022\/04\/13\/krem-z-kwasem-azelainowym-7\/#webpage\",\"url\":\"https:\/\/www.skarbieclynia.pl\/index.php\/2022\/04\/13\/krem-z-kwasem-azelainowym-7\/\",\"name\":\"Krem z kwasem azelainowym 7% - Skarbiec\",\"isPartOf\":{\"@id\":\"https:\/\/www.skarbieclynia.pl\/#website\"},\"primaryImageOfPage\":{\"@id\":\"https:\/\/www.skarbieclynia.pl\/index.php\/2022\/04\/13\/krem-z-kwasem-azelainowym-7\/#primaryimage\"},\"datePublished\":\"2022-04-13T14:05:16+00:00\",\"dateModified\":\"2022-04-13T14:05:17+00:00\",\"author\":{\"@id\":\"https:\/\/www.skarbieclynia.pl\/#\/schema\/person\/0c1074c6b7a0e693c3ae945afb1b6325\"},\"description\":\"Krem z kwasem azelainowym 7% do piel\\u0119gnacji cery t\\u0142ustej i tr\\u0105dzikowej. Krem mo\\u017cna stosowa\\u0107 w celu niwelacji nadmiernego rogowacenia nask\\u00f3rka\",\"breadcrumb\":{\"@id\":\"https:\/\/www.skarbieclynia.pl\/index.php\/2022\/04\/13\/krem-z-kwasem-azelainowym-7\/#breadcrumb\"},\"inLanguage\":\"pl-PL\",\"potentialAction\":[{\"@type\":\"ReadAction\",\"target\":[\"https:\/\/www.skarbieclynia.pl\/index.php\/2022\/04\/13\/krem-z-kwasem-azelainowym-7\/\"]}]},{\"@type\":\"BreadcrumbList\",\"@id\":\"https:\/\/www.skarbieclynia.pl\/index.php\/2022\/04\/13\/krem-z-kwasem-azelainowym-7\/#breadcrumb\",\"itemListElement\":[{\"@type\":\"ListItem\",\"position\":1,\"name\":\"Strona g\\u0142\\u00f3wna\",\"item\":\"https:\/\/www.skarbieclynia.pl\/\"},{\"@type\":\"ListItem\",\"position\":2,\"name\":\"Krem z kwasem azelainowym 7%\"}]},{\"@type\":\"Person\",\"@id\":\"https:\/\/www.skarbieclynia.pl\/#\/schema\/person\/0c1074c6b7a0e693c3ae945afb1b6325\",\"name\":\"Agata Dobrzycka\",\"image\":{\"@type\":\"ImageObject\",\"@id\":\"https:\/\/www.skarbieclynia.pl\/#personlogo\",\"inLanguage\":\"pl-PL\",\"url\":\"https:\/\/secure.gravatar.com\/avatar\/416f82305c48a2816b33191c1e28876d?s=96&d=mm&r=g\",\"contentUrl\":\"https:\/\/secure.gravatar.com\/avatar\/416f82305c48a2816b33191c1e28876d?s=96&d=mm&r=g\",\"caption\":\"Agata Dobrzycka\"},\"url\":\"https:\/\/www.skarbieclynia.pl\/index.php\/author\/agata\/\"}]}<\/script>\n<!-- \/ Yoast SEO plugin. -->","yoast_head_json":{"title":"Skarbiec","description":"Krem z kwasem azelainowym 7% do piel\u0119gnacji cery t\u0142ustej i tr\u0105dzikowej. Krem mo\u017cna stosowa\u0107 w celu niwelacji nadmiernego rogowacenia nask\u00f3rka","robots":{"index":"index","follow":"follow","max-snippet":"max-snippet:-1","max-image-preview":"max-image-preview:large","max-video-preview":"max-video-preview:-1"},"canonical":"https:\/\/www.skarbieclynia.pl\/index.php\/2022\/04\/13\/krem-z-kwasem-azelainowym-7\/","og_locale":"pl_PL","og_type":"article","og_title":"Krem z kwasem azelainowym 7% - Skarbiec","og_description":"Krem z kwasem azelainowym 7% do piel\u0119gnacji cery t\u0142ustej i tr\u0105dzikowej. Krem mo\u017cna stosowa\u0107 w celu niwelacji nadmiernego rogowacenia nask\u00f3rka","og_url":"https:\/\/www.skarbieclynia.pl\/index.php\/2022\/04\/13\/krem-z-kwasem-azelainowym-7\/","og_site_name":"Skarbiec","article_published_time":"2022-04-13T14:05:16+00:00","article_modified_time":"2022-04-13T14:05:17+00:00","og_image":[{"width":1000,"height":1458,"url":"https:\/\/www.skarbieclynia.pl\/wp-content\/uploads\/2022\/03\/zdjecie-lynia-krem-z-kwasem-azelainowym-7-3.jpg","type":"image\/jpeg"}],"twitter_card":"summary_large_image","twitter_misc":{"Napisane przez":"Agata Dobrzycka","Szacowany czas czytania":"1 minuta"},"schema":{"@context":"https:\/\/schema.org","@graph":[{"@type":"WebSite","@id":"https:\/\/www.skarbieclynia.pl\/#website","url":"https:\/\/www.skarbieclynia.pl\/","name":"Skarbiec","description":"LYNIA","potentialAction":[{"@type":"SearchAction","target":{"@type":"EntryPoint","urlTemplate":"https:\/\/www.skarbieclynia.pl\/?s={search_term_string}"},"query-input":"required name=search_term_string"}],"inLanguage":"pl-PL"},{"@type":"ImageObject","@id":"https:\/\/www.skarbieclynia.pl\/index.php\/2022\/04\/13\/krem-z-kwasem-azelainowym-7\/#primaryimage","inLanguage":"pl-PL","url":"https:\/\/www.skarbieclynia.pl\/wp-content\/uploads\/2022\/03\/zdjecie-lynia-krem-z-kwasem-azelainowym-7-3.jpg","contentUrl":"https:\/\/www.skarbieclynia.pl\/wp-content\/uploads\/2022\/03\/zdjecie-lynia-krem-z-kwasem-azelainowym-7-3.jpg","width":1000,"height":1458,"caption":"krem-z-kwasem-azelainowym-7.jpg"},{"@type":"WebPage","@id":"https:\/\/www.skarbieclynia.pl\/index.php\/2022\/04\/13\/krem-z-kwasem-azelainowym-7\/#webpage","url":"https:\/\/www.skarbieclynia.pl\/index.php\/2022\/04\/13\/krem-z-kwasem-azelainowym-7\/","name":"Krem z kwasem azelainowym 7% - Skarbiec","isPartOf":{"@id":"https:\/\/www.skarbieclynia.pl\/#website"},"primaryImageOfPage":{"@id":"https:\/\/www.skarbieclynia.pl\/index.php\/2022\/04\/13\/krem-z-kwasem-azelainowym-7\/#primaryimage"},"datePublished":"2022-04-13T14:05:16+00:00","dateModified":"2022-04-13T14:05:17+00:00","author":{"@id":"https:\/\/www.skarbieclynia.pl\/#\/schema\/person\/0c1074c6b7a0e693c3ae945afb1b6325"},"description":"Krem z kwasem azelainowym 7% do piel\u0119gnacji cery t\u0142ustej i tr\u0105dzikowej. Krem mo\u017cna stosowa\u0107 w celu niwelacji nadmiernego rogowacenia nask\u00f3rka","breadcrumb":{"@id":"https:\/\/www.skarbieclynia.pl\/index.php\/2022\/04\/13\/krem-z-kwasem-azelainowym-7\/#breadcrumb"},"inLanguage":"pl-PL","potentialAction":[{"@type":"ReadAction","target":["https:\/\/www.skarbieclynia.pl\/index.php\/2022\/04\/13\/krem-z-kwasem-azelainowym-7\/"]}]},{"@type":"BreadcrumbList","@id":"https:\/\/www.skarbieclynia.pl\/index.php\/2022\/04\/13\/krem-z-kwasem-azelainowym-7\/#breadcrumb","itemListElement":[{"@type":"ListItem","position":1,"name":"Strona g\u0142\u00f3wna","item":"https:\/\/www.skarbieclynia.pl\/"},{"@type":"ListItem","position":2,"name":"Krem z kwasem azelainowym 7%"}]},{"@type":"Person","@id":"https:\/\/www.skarbieclynia.pl\/#\/schema\/person\/0c1074c6b7a0e693c3ae945afb1b6325","name":"Agata Dobrzycka","image":{"@type":"ImageObject","@id":"https:\/\/www.skarbieclynia.pl\/#personlogo","inLanguage":"pl-PL","url":"https:\/\/secure.gravatar.com\/avatar\/416f82305c48a2816b33191c1e28876d?s=96&d=mm&r=g","contentUrl":"https:\/\/secure.gravatar.com\/avatar\/416f82305c48a2816b33191c1e28876d?s=96&d=mm&r=g","caption":"Agata Dobrzycka"},"url":"https:\/\/www.skarbieclynia.pl\/index.php\/author\/agata\/"}]}},"_links":{"self":[{"href":"https:\/\/www.skarbieclynia.pl\/index.php\/wp-json\/wp\/v2\/posts\/5712"}],"collection":[{"href":"https:\/\/www.skarbieclynia.pl\/index.php\/wp-json\/wp\/v2\/posts"}],"about":[{"href":"https:\/\/www.skarbieclynia.pl\/index.php\/wp-json\/wp\/v2\/types\/post"}],"author":[{"embeddable":true,"href":"https:\/\/www.skarbieclynia.pl\/index.php\/wp-json\/wp\/v2\/users\/5"}],"replies":[{"embeddable":true,"href":"https:\/\/www.skarbieclynia.pl\/index.php\/wp-json\/wp\/v2\/comments?post=5712"}],"version-history":[{"count":1,"href":"https:\/\/www.skarbieclynia.pl\/index.php\/wp-json\/wp\/v2\/posts\/5712\/revisions"}],"predecessor-version":[{"id":5713,"href":"https:\/\/www.skarbieclynia.pl\/index.php\/wp-json\/wp\/v2\/posts\/5712\/revisions\/5713"}],"wp:featuredmedia":[{"embeddable":true,"href":"https:\/\/www.skarbieclynia.pl\/index.php\/wp-json\/wp\/v2\/media\/3434"}],"wp:attachment":[{"href":"https:\/\/www.skarbieclynia.pl\/index.php\/wp-json\/wp\/v2\/media?parent=5712"}],"wp:term":[{"taxonomy":"category","embeddable":true,"href":"https:\/\/www.skarbieclynia.pl\/index.php\/wp-json\/wp\/v2\/categories?post=5712"},{"taxonomy":"post_tag","embeddable":true,"href":"https:\/\/www.skarbieclynia.pl\/index.php\/wp-json\/wp\/v2\/tags?post=5712"}],"curies":[{"name":"wp","href":"https:\/\/api.w.org\/{rel}","templated":true}]}}