{"id":5683,"date":"2022-04-12T10:24:20","date_gmt":"2022-04-12T08:24:20","guid":{"rendered":"https:\/\/www.skarbieclynia.pl\/?p=5683"},"modified":"2022-04-12T10:24:21","modified_gmt":"2022-04-12T08:24:21","slug":"krem-dla-cery-naczynkowej","status":"publish","type":"post","link":"https:\/\/www.skarbieclynia.pl\/index.php\/2022\/04\/12\/krem-dla-cery-naczynkowej\/","title":{"rendered":"Krem dla cery naczynkowej"},"content":{"rendered":"\n<p>Krem dla cery naczynkowej z kwasem laktobionowym\u00a0oraz ekstraktem z\u00a0lukrecji\u00a0i czarnego bzu\u00a0wykazuje dzia\u0142anie \u0142agodz\u0105ce, nawil\u017caj\u0105ce oraz regeneruj\u0105ce. Dodatkowo wzmacnia elastyczno\u015b\u0107 naczynek w\u0142osowatych, zmniejsza ilo\u015b\u0107 zaczerwienie\u0144 oraz podra\u017cnie\u0144.<\/p>\n\n\n\n<p><strong>Substancje aktywne zawarte w kremie do cery naczynkowej:<\/strong><\/p>\n\n\n\n<p><a href=\"https:\/\/www.skarbieclynia.pl\/index.php\/2022\/03\/17\/kwas-laktobionowy\/\"><strong>Kwas laktobionowy<\/strong>\u00a0<\/a><\/p>\n\n\n\n<p><strong><a href=\"https:\/\/www.skarbieclynia.pl\/index.php\/2022\/03\/22\/olej-z-pestek-dzikiej-rozy\/\">Olej z pestek dzikiej r\u00f3\u017cy\u00a0<\/a><\/strong><\/p>\n\n\n\n<p><a href=\"https:\/\/www.skarbieclynia.pl\/index.php\/2022\/03\/18\/ekstrakt-z-lukrecji\/\"><strong>Ekstrakt z lukrecji<\/strong>\u00a0<\/a><\/p>\n\n\n\n<p><strong><a href=\"https:\/\/www.skarbieclynia.pl\/index.php\/2022\/03\/18\/ekologiczny-ekstrakt-z-czarnego-bzu\/\">Sambucus nigra<\/a><\/strong><\/p>\n\n\n\n<h3><em>INCI:<\/em><\/h3>\n\n\n\n<p><em>Aqua, Glycerin, Lactobionic Acid, Rosa Canina Fruit Oil, Isopropyl Palmitate, Glyceryl Stearate Citrate, Caprylic\/ Capric Triglyceride, Cetearyl Alcohol, Sodium Acrylate\/ Sodium Acryloyldimethyl Taurate Copolymer, Prunus Amygdalus Dulcis (Sweet Almond) Oil, Butyrospermum Parkii (Shea) Butter, Panthenol, Sambucus Nigra Flower Extract, Glycyrrhiza Glabra Root Extract, Citrus Limon Peel Oil, Tocopheryl Acetate, Pantolactone, Phenoxyethanol, Isohexadecane, Polysorbate 80, Ethylhexylglycerin, Sodium Phytate, Citric Acid, Sodium Benzoate, Potassium Sorbate, Alcohol, Citral, Limonene, Linalool<\/em><\/p>\n\n\n\n<div class=\"wp-block-buttons is-content-justification-center\">\n<div class=\"wp-block-button is-style-outline\"><a class=\"wp-block-button__link\" href=\"https:\/\/lynia.pl\/produkt\/krem-dla-cery-naczynkowej-z-kwasem-laktobionowym\/\">Czytaj wi\u0119cej<\/a><\/div>\n<\/div>\n","protected":false},"excerpt":{"rendered":"<p>Krem dla cery naczynkowej z kwasem laktobionowym\u00a0oraz ekstraktem z\u00a0lukrecji\u00a0i czarnego bzu\u00a0wykazuje dzia\u0142anie \u0142agodz\u0105ce, nawil\u017caj\u0105ce oraz regeneruj\u0105ce. Dodatkowo wzmacnia elastyczno\u015b\u0107 naczynek w\u0142osowatych, zmniejsza ilo\u015b\u0107 zaczerwienie\u0144 oraz podra\u017cnie\u0144. Substancje aktywne zawarte w kremie do cery naczynkowej: Kwas laktobionowy\u00a0 Olej z pestek dzikiej r\u00f3\u017cy\u00a0 Ekstrakt z lukrecji\u00a0 Sambucus nigra INCI: Aqua, Glycerin, Lactobionic Acid, Rosa Canina Fruit Oil, Isopropyl Palmitate, Glyceryl Stearate Citrate, Caprylic\/ Capric Triglyceride, Cetearyl Alcohol, Sodium Acrylate\/ Sodium Acryloyldimethyl Taurate Copolymer, Prunus Amygdalus Dulcis (Sweet Almond) Oil, Butyrospermum Parkii (Shea) Butter, Panthenol, Sambucus Nigra Flower Extract, Glycyrrhiza Glabra Root Extract, Citrus Limon Peel Oil, Tocopheryl Acetate, Pantolactone, Phenoxyethanol, Isohexadecane, Polysorbate<\/p>\n","protected":false},"author":5,"featured_media":5684,"comment_status":"closed","ping_status":"open","sticky":false,"template":"","format":"standard","meta":[],"categories":[108],"tags":[213,167,215,217,168,212,166,214],"acf":[],"yoast_head":"<!-- This site is optimized with the Yoast SEO plugin v17.9 - https:\/\/yoast.com\/wordpress\/plugins\/seo\/ -->\n<title>Skarbiec<\/title>\n<meta name=\"description\" content=\"Krem dla cery naczynkowej z kwasem laktobionowym wykazuje dzia\u0142anie \u0142agodz\u0105ce, nawil\u017caj\u0105ce oraz regeneruj\u0105ce. Zmniejsza ilo\u015b\u0107 zaczerwienie\u0144.\" \/>\n<meta name=\"robots\" content=\"index, follow, max-snippet:-1, max-image-preview:large, max-video-preview:-1\" \/>\n<link rel=\"canonical\" href=\"https:\/\/www.skarbieclynia.pl\/index.php\/2022\/04\/12\/krem-dla-cery-naczynkowej\/\" \/>\n<meta property=\"og:locale\" content=\"pl_PL\" \/>\n<meta property=\"og:type\" content=\"article\" \/>\n<meta property=\"og:title\" content=\"Krem dla cery naczynkowej - Skarbiec\" \/>\n<meta property=\"og:description\" content=\"Krem dla cery naczynkowej z kwasem laktobionowym wykazuje dzia\u0142anie \u0142agodz\u0105ce, nawil\u017caj\u0105ce oraz regeneruj\u0105ce. Zmniejsza ilo\u015b\u0107 zaczerwienie\u0144.\" \/>\n<meta property=\"og:url\" content=\"https:\/\/www.skarbieclynia.pl\/index.php\/2022\/04\/12\/krem-dla-cery-naczynkowej\/\" \/>\n<meta property=\"og:site_name\" content=\"Skarbiec\" \/>\n<meta property=\"article:published_time\" content=\"2022-04-12T08:24:20+00:00\" \/>\n<meta property=\"article:modified_time\" content=\"2022-04-12T08:24:21+00:00\" \/>\n<meta property=\"og:image\" content=\"https:\/\/www.skarbieclynia.pl\/wp-content\/uploads\/2022\/04\/zdjecie-lynia-krem-z-kwasem-laktobionowym.jpg\" \/>\n\t<meta property=\"og:image:width\" content=\"1000\" \/>\n\t<meta property=\"og:image:height\" content=\"1571\" \/>\n\t<meta property=\"og:image:type\" content=\"image\/jpeg\" \/>\n<meta name=\"twitter:card\" content=\"summary_large_image\" \/>\n<meta name=\"twitter:label1\" content=\"Napisane przez\" \/>\n\t<meta name=\"twitter:data1\" content=\"Agata Dobrzycka\" \/>\n\t<meta name=\"twitter:label2\" content=\"Szacowany czas czytania\" \/>\n\t<meta name=\"twitter:data2\" content=\"1 minuta\" \/>\n<script type=\"application\/ld+json\" class=\"yoast-schema-graph\">{\"@context\":\"https:\/\/schema.org\",\"@graph\":[{\"@type\":\"WebSite\",\"@id\":\"https:\/\/www.skarbieclynia.pl\/#website\",\"url\":\"https:\/\/www.skarbieclynia.pl\/\",\"name\":\"Skarbiec\",\"description\":\"LYNIA\",\"potentialAction\":[{\"@type\":\"SearchAction\",\"target\":{\"@type\":\"EntryPoint\",\"urlTemplate\":\"https:\/\/www.skarbieclynia.pl\/?s={search_term_string}\"},\"query-input\":\"required name=search_term_string\"}],\"inLanguage\":\"pl-PL\"},{\"@type\":\"ImageObject\",\"@id\":\"https:\/\/www.skarbieclynia.pl\/index.php\/2022\/04\/12\/krem-dla-cery-naczynkowej\/#primaryimage\",\"inLanguage\":\"pl-PL\",\"url\":\"https:\/\/www.skarbieclynia.pl\/wp-content\/uploads\/2022\/04\/zdjecie-lynia-krem-z-kwasem-laktobionowym.jpg\",\"contentUrl\":\"https:\/\/www.skarbieclynia.pl\/wp-content\/uploads\/2022\/04\/zdjecie-lynia-krem-z-kwasem-laktobionowym.jpg\",\"width\":1000,\"height\":1571,\"caption\":\"krem-dla-cery-naczynkowej.jpg\"},{\"@type\":\"WebPage\",\"@id\":\"https:\/\/www.skarbieclynia.pl\/index.php\/2022\/04\/12\/krem-dla-cery-naczynkowej\/#webpage\",\"url\":\"https:\/\/www.skarbieclynia.pl\/index.php\/2022\/04\/12\/krem-dla-cery-naczynkowej\/\",\"name\":\"Krem dla cery naczynkowej - Skarbiec\",\"isPartOf\":{\"@id\":\"https:\/\/www.skarbieclynia.pl\/#website\"},\"primaryImageOfPage\":{\"@id\":\"https:\/\/www.skarbieclynia.pl\/index.php\/2022\/04\/12\/krem-dla-cery-naczynkowej\/#primaryimage\"},\"datePublished\":\"2022-04-12T08:24:20+00:00\",\"dateModified\":\"2022-04-12T08:24:21+00:00\",\"author\":{\"@id\":\"https:\/\/www.skarbieclynia.pl\/#\/schema\/person\/0c1074c6b7a0e693c3ae945afb1b6325\"},\"description\":\"Krem dla cery naczynkowej z kwasem laktobionowym wykazuje dzia\\u0142anie \\u0142agodz\\u0105ce, nawil\\u017caj\\u0105ce oraz regeneruj\\u0105ce. Zmniejsza ilo\\u015b\\u0107 zaczerwienie\\u0144.\",\"breadcrumb\":{\"@id\":\"https:\/\/www.skarbieclynia.pl\/index.php\/2022\/04\/12\/krem-dla-cery-naczynkowej\/#breadcrumb\"},\"inLanguage\":\"pl-PL\",\"potentialAction\":[{\"@type\":\"ReadAction\",\"target\":[\"https:\/\/www.skarbieclynia.pl\/index.php\/2022\/04\/12\/krem-dla-cery-naczynkowej\/\"]}]},{\"@type\":\"BreadcrumbList\",\"@id\":\"https:\/\/www.skarbieclynia.pl\/index.php\/2022\/04\/12\/krem-dla-cery-naczynkowej\/#breadcrumb\",\"itemListElement\":[{\"@type\":\"ListItem\",\"position\":1,\"name\":\"Strona g\\u0142\\u00f3wna\",\"item\":\"https:\/\/www.skarbieclynia.pl\/\"},{\"@type\":\"ListItem\",\"position\":2,\"name\":\"Krem dla cery naczynkowej\"}]},{\"@type\":\"Person\",\"@id\":\"https:\/\/www.skarbieclynia.pl\/#\/schema\/person\/0c1074c6b7a0e693c3ae945afb1b6325\",\"name\":\"Agata Dobrzycka\",\"image\":{\"@type\":\"ImageObject\",\"@id\":\"https:\/\/www.skarbieclynia.pl\/#personlogo\",\"inLanguage\":\"pl-PL\",\"url\":\"https:\/\/secure.gravatar.com\/avatar\/416f82305c48a2816b33191c1e28876d?s=96&d=mm&r=g\",\"contentUrl\":\"https:\/\/secure.gravatar.com\/avatar\/416f82305c48a2816b33191c1e28876d?s=96&d=mm&r=g\",\"caption\":\"Agata Dobrzycka\"},\"url\":\"https:\/\/www.skarbieclynia.pl\/index.php\/author\/agata\/\"}]}<\/script>\n<!-- \/ Yoast SEO plugin. -->","yoast_head_json":{"title":"Skarbiec","description":"Krem dla cery naczynkowej z kwasem laktobionowym wykazuje dzia\u0142anie \u0142agodz\u0105ce, nawil\u017caj\u0105ce oraz regeneruj\u0105ce. Zmniejsza ilo\u015b\u0107 zaczerwienie\u0144.","robots":{"index":"index","follow":"follow","max-snippet":"max-snippet:-1","max-image-preview":"max-image-preview:large","max-video-preview":"max-video-preview:-1"},"canonical":"https:\/\/www.skarbieclynia.pl\/index.php\/2022\/04\/12\/krem-dla-cery-naczynkowej\/","og_locale":"pl_PL","og_type":"article","og_title":"Krem dla cery naczynkowej - Skarbiec","og_description":"Krem dla cery naczynkowej z kwasem laktobionowym wykazuje dzia\u0142anie \u0142agodz\u0105ce, nawil\u017caj\u0105ce oraz regeneruj\u0105ce. Zmniejsza ilo\u015b\u0107 zaczerwienie\u0144.","og_url":"https:\/\/www.skarbieclynia.pl\/index.php\/2022\/04\/12\/krem-dla-cery-naczynkowej\/","og_site_name":"Skarbiec","article_published_time":"2022-04-12T08:24:20+00:00","article_modified_time":"2022-04-12T08:24:21+00:00","og_image":[{"width":1000,"height":1571,"url":"https:\/\/www.skarbieclynia.pl\/wp-content\/uploads\/2022\/04\/zdjecie-lynia-krem-z-kwasem-laktobionowym.jpg","type":"image\/jpeg"}],"twitter_card":"summary_large_image","twitter_misc":{"Napisane przez":"Agata Dobrzycka","Szacowany czas czytania":"1 minuta"},"schema":{"@context":"https:\/\/schema.org","@graph":[{"@type":"WebSite","@id":"https:\/\/www.skarbieclynia.pl\/#website","url":"https:\/\/www.skarbieclynia.pl\/","name":"Skarbiec","description":"LYNIA","potentialAction":[{"@type":"SearchAction","target":{"@type":"EntryPoint","urlTemplate":"https:\/\/www.skarbieclynia.pl\/?s={search_term_string}"},"query-input":"required name=search_term_string"}],"inLanguage":"pl-PL"},{"@type":"ImageObject","@id":"https:\/\/www.skarbieclynia.pl\/index.php\/2022\/04\/12\/krem-dla-cery-naczynkowej\/#primaryimage","inLanguage":"pl-PL","url":"https:\/\/www.skarbieclynia.pl\/wp-content\/uploads\/2022\/04\/zdjecie-lynia-krem-z-kwasem-laktobionowym.jpg","contentUrl":"https:\/\/www.skarbieclynia.pl\/wp-content\/uploads\/2022\/04\/zdjecie-lynia-krem-z-kwasem-laktobionowym.jpg","width":1000,"height":1571,"caption":"krem-dla-cery-naczynkowej.jpg"},{"@type":"WebPage","@id":"https:\/\/www.skarbieclynia.pl\/index.php\/2022\/04\/12\/krem-dla-cery-naczynkowej\/#webpage","url":"https:\/\/www.skarbieclynia.pl\/index.php\/2022\/04\/12\/krem-dla-cery-naczynkowej\/","name":"Krem dla cery naczynkowej - Skarbiec","isPartOf":{"@id":"https:\/\/www.skarbieclynia.pl\/#website"},"primaryImageOfPage":{"@id":"https:\/\/www.skarbieclynia.pl\/index.php\/2022\/04\/12\/krem-dla-cery-naczynkowej\/#primaryimage"},"datePublished":"2022-04-12T08:24:20+00:00","dateModified":"2022-04-12T08:24:21+00:00","author":{"@id":"https:\/\/www.skarbieclynia.pl\/#\/schema\/person\/0c1074c6b7a0e693c3ae945afb1b6325"},"description":"Krem dla cery naczynkowej z kwasem laktobionowym wykazuje dzia\u0142anie \u0142agodz\u0105ce, nawil\u017caj\u0105ce oraz regeneruj\u0105ce. Zmniejsza ilo\u015b\u0107 zaczerwienie\u0144.","breadcrumb":{"@id":"https:\/\/www.skarbieclynia.pl\/index.php\/2022\/04\/12\/krem-dla-cery-naczynkowej\/#breadcrumb"},"inLanguage":"pl-PL","potentialAction":[{"@type":"ReadAction","target":["https:\/\/www.skarbieclynia.pl\/index.php\/2022\/04\/12\/krem-dla-cery-naczynkowej\/"]}]},{"@type":"BreadcrumbList","@id":"https:\/\/www.skarbieclynia.pl\/index.php\/2022\/04\/12\/krem-dla-cery-naczynkowej\/#breadcrumb","itemListElement":[{"@type":"ListItem","position":1,"name":"Strona g\u0142\u00f3wna","item":"https:\/\/www.skarbieclynia.pl\/"},{"@type":"ListItem","position":2,"name":"Krem dla cery naczynkowej"}]},{"@type":"Person","@id":"https:\/\/www.skarbieclynia.pl\/#\/schema\/person\/0c1074c6b7a0e693c3ae945afb1b6325","name":"Agata Dobrzycka","image":{"@type":"ImageObject","@id":"https:\/\/www.skarbieclynia.pl\/#personlogo","inLanguage":"pl-PL","url":"https:\/\/secure.gravatar.com\/avatar\/416f82305c48a2816b33191c1e28876d?s=96&d=mm&r=g","contentUrl":"https:\/\/secure.gravatar.com\/avatar\/416f82305c48a2816b33191c1e28876d?s=96&d=mm&r=g","caption":"Agata Dobrzycka"},"url":"https:\/\/www.skarbieclynia.pl\/index.php\/author\/agata\/"}]}},"_links":{"self":[{"href":"https:\/\/www.skarbieclynia.pl\/index.php\/wp-json\/wp\/v2\/posts\/5683"}],"collection":[{"href":"https:\/\/www.skarbieclynia.pl\/index.php\/wp-json\/wp\/v2\/posts"}],"about":[{"href":"https:\/\/www.skarbieclynia.pl\/index.php\/wp-json\/wp\/v2\/types\/post"}],"author":[{"embeddable":true,"href":"https:\/\/www.skarbieclynia.pl\/index.php\/wp-json\/wp\/v2\/users\/5"}],"replies":[{"embeddable":true,"href":"https:\/\/www.skarbieclynia.pl\/index.php\/wp-json\/wp\/v2\/comments?post=5683"}],"version-history":[{"count":2,"href":"https:\/\/www.skarbieclynia.pl\/index.php\/wp-json\/wp\/v2\/posts\/5683\/revisions"}],"predecessor-version":[{"id":5688,"href":"https:\/\/www.skarbieclynia.pl\/index.php\/wp-json\/wp\/v2\/posts\/5683\/revisions\/5688"}],"wp:featuredmedia":[{"embeddable":true,"href":"https:\/\/www.skarbieclynia.pl\/index.php\/wp-json\/wp\/v2\/media\/5684"}],"wp:attachment":[{"href":"https:\/\/www.skarbieclynia.pl\/index.php\/wp-json\/wp\/v2\/media?parent=5683"}],"wp:term":[{"taxonomy":"category","embeddable":true,"href":"https:\/\/www.skarbieclynia.pl\/index.php\/wp-json\/wp\/v2\/categories?post=5683"},{"taxonomy":"post_tag","embeddable":true,"href":"https:\/\/www.skarbieclynia.pl\/index.php\/wp-json\/wp\/v2\/tags?post=5683"}],"curies":[{"name":"wp","href":"https:\/\/api.w.org\/{rel}","templated":true}]}}