{"id":5554,"date":"2022-04-07T13:01:22","date_gmt":"2022-04-07T11:01:22","guid":{"rendered":"https:\/\/www.skarbieclynia.pl\/?p=5554"},"modified":"2022-04-07T13:01:24","modified_gmt":"2022-04-07T11:01:24","slug":"tonik-zelowy-z-kwasem-laktobionowym-dla-cery-wrazliwej-i-naczynkowej","status":"publish","type":"post","link":"https:\/\/www.skarbieclynia.pl\/index.php\/2022\/04\/07\/tonik-zelowy-z-kwasem-laktobionowym-dla-cery-wrazliwej-i-naczynkowej\/","title":{"rendered":"Tonik \u017celowy z kwasem laktobionowym dla cery wra\u017cliwej i naczynkowej"},"content":{"rendered":"\n<p><strong>Tonik \u017celowy z kwasem laktobionowym Lynia\u00a0<\/strong>jest stworzony z my\u015bl\u0105 o osobach z\u00a0<strong>cer\u0105 wra\u017cliw\u0105<\/strong>, naczynkow\u0105 oraz such\u0105 i tr\u0105dzikow\u0105. Substancje aktywne wzmacniaj\u0105 naczynka, wyr\u00f3wnuj\u0105 koloryt, delikatnie z\u0142uszczaj\u0105 cer\u0119. Kosmetyk wykazuje dzia\u0142anie lekko \u015bci\u0105gaj\u0105ce oraz antyseptyczne. \u0141agodzi podra\u017cnienia, przywraca odpowiedni poziom pH. Zamkni\u0119ty w wygodnym opakowaniu z pompk\u0105, kt\u00f3re u\u0142atwia dozowanie.<\/p>\n\n\n\n<p><a href=\"https:\/\/www.skarbieclynia.pl\/index.php\/2022\/03\/17\/kwas-laktobionowy\/\"><strong>Kwas laktobionow<\/strong>y<\/a><\/p>\n\n\n\n<p><strong>NMF (naturalny czynnik nawil\u017caj\u0105cy)<\/strong>\u00a0<\/p>\n\n\n\n<p><a href=\"https:\/\/e-naturalne.pl\/pl\/p\/Potrojny-kwas-hialuronowy-roztwor-3-zel-\/1765\"><strong>Kwas hialuro<\/strong><\/a><strong><a href=\"https:\/\/www.skarbieclynia.pl\/index.php\/2022\/03\/17\/kwas-hialuronowy\/\">nowy<\/a><\/strong>\u00a0<\/p>\n\n\n\n<p><a href=\"https:\/\/e-naturalne.pl\/pl\/p\/Witamina-B3-niacynamid\/1382\"><strong>Niacynamid 2<\/strong><\/a><a href=\"https:\/\/www.skarbieclynia.pl\/index.php\/2022\/04\/04\/witamina-b3-niacynamid\/\"><strong>%<\/strong>\u00a0<\/a><\/p>\n\n\n\n<h3><strong><br>Sk\u0142adniki (INCI)<\/strong><\/h3>\n\n\n\n<p> <em>Aqua, Niacinamide, Panthenol, Glycerin, Sodium Hyaluronate, Centella Asiatica Extract, Sodium PCA, Glucose, Urea, <em>Aqua, Lactobionic Acid, Niacinamide, Panthenol, Sodium Hyaluronate, Sodium PCA, Glucose, Urea, Glutamic Acid, Lysine, Glycine, Allantoin, Lactic Acid, Propylene Glycol, Phenoxyethanol, Ethylhexylglycerin, Potassium Sorbate, Sodium Benzoate<\/em><\/em><\/p>\n\n\n\n<div class=\"wp-block-buttons is-content-justification-center\">\n<div class=\"wp-block-button has-custom-width wp-block-button__width-25 is-style-outline\"><a class=\"wp-block-button__link\" href=\"https:\/\/lynia.pl\/produkt\/tonik-zelowy-dla-cery-wrazliwej-naczynkowej-z-kwasem-laktobionowym\/\" style=\"border-radius:1px\"><span style=\"color:#ffffff\" class=\"tadv-color\"><span style=\"background-color:#ffffff\" class=\"tadv-background-color\"><span class=\"has-inline-color has-black-color\">Czytaj wi\u0119cej<\/span><\/span><\/span><\/a><\/div>\n<\/div>\n","protected":false},"excerpt":{"rendered":"<p>Tonik \u017celowy z kwasem laktobionowym Lynia\u00a0jest stworzony z my\u015bl\u0105 o osobach z\u00a0cer\u0105 wra\u017cliw\u0105, naczynkow\u0105 oraz such\u0105 i tr\u0105dzikow\u0105. Substancje aktywne wzmacniaj\u0105 naczynka, wyr\u00f3wnuj\u0105 koloryt, delikatnie z\u0142uszczaj\u0105 cer\u0119. Kosmetyk wykazuje dzia\u0142anie lekko \u015bci\u0105gaj\u0105ce oraz antyseptyczne. \u0141agodzi podra\u017cnienia, przywraca odpowiedni poziom pH. Zamkni\u0119ty w wygodnym opakowaniu z pompk\u0105, kt\u00f3re u\u0142atwia dozowanie. Kwas laktobionowy NMF (naturalny czynnik nawil\u017caj\u0105cy)\u00a0 Kwas hialuronowy\u00a0 Niacynamid 2%\u00a0 Sk\u0142adniki (INCI) Aqua, Niacinamide, Panthenol, Glycerin, Sodium Hyaluronate, Centella Asiatica Extract, Sodium PCA, Glucose, Urea, Aqua, Lactobionic Acid, Niacinamide, Panthenol, Sodium Hyaluronate, Sodium PCA, Glucose, Urea, Glutamic Acid, Lysine, Glycine, Allantoin, Lactic Acid, Propylene Glycol, Phenoxyethanol, Ethylhexylglycerin, Potassium Sorbate, Sodium Benzoate<\/p>\n","protected":false},"author":8,"featured_media":3671,"comment_status":"closed","ping_status":"open","sticky":false,"template":"","format":"standard","meta":[],"categories":[108],"tags":[107,168,116,117,166,170,142,141,169],"acf":[],"yoast_head":"<!-- This site is optimized with the Yoast SEO plugin v17.9 - https:\/\/yoast.com\/wordpress\/plugins\/seo\/ -->\n<title>Skarbiec<\/title>\n<meta name=\"description\" content=\"Tonik \u017celowy z kwasem laktobionowym kosmetyk wykazuje dzia\u0142anie lekko \u015bci\u0105gaj\u0105ce oraz antyseptyczne. \u0141agodzi podra\u017cnienia\/\" \/>\n<meta name=\"robots\" content=\"index, follow, max-snippet:-1, max-image-preview:large, max-video-preview:-1\" \/>\n<link rel=\"canonical\" href=\"https:\/\/www.skarbieclynia.pl\/index.php\/2022\/04\/07\/tonik-zelowy-z-kwasem-laktobionowym-dla-cery-wrazliwej-i-naczynkowej\/\" \/>\n<meta property=\"og:locale\" content=\"pl_PL\" \/>\n<meta property=\"og:type\" content=\"article\" \/>\n<meta property=\"og:title\" content=\"Tonik \u017celowy z kwasem laktobionowym dla cery wra\u017cliwej i naczynkowej\" \/>\n<meta property=\"og:description\" content=\"Tonik \u017celowy z kwasem laktobionowym kosmetyk wykazuje dzia\u0142anie lekko \u015bci\u0105gaj\u0105ce oraz antyseptyczne. \u0141agodzi podra\u017cnienia\/\" \/>\n<meta property=\"og:url\" content=\"https:\/\/www.skarbieclynia.pl\/index.php\/2022\/04\/07\/tonik-zelowy-z-kwasem-laktobionowym-dla-cery-wrazliwej-i-naczynkowej\/\" \/>\n<meta property=\"og:site_name\" content=\"Skarbiec\" \/>\n<meta property=\"article:published_time\" content=\"2022-04-07T11:01:22+00:00\" \/>\n<meta property=\"article:modified_time\" content=\"2022-04-07T11:01:24+00:00\" \/>\n<meta property=\"og:image\" content=\"https:\/\/www.skarbieclynia.pl\/wp-content\/uploads\/2022\/03\/zdjecie-lynia-tonik-zelowy-z-kwasem-laktobionowym-1.jpg\" \/>\n\t<meta property=\"og:image:width\" content=\"1000\" \/>\n\t<meta property=\"og:image:height\" content=\"1500\" \/>\n\t<meta property=\"og:image:type\" content=\"image\/jpeg\" \/>\n<meta name=\"twitter:card\" content=\"summary_large_image\" \/>\n<meta name=\"twitter:label1\" content=\"Napisane przez\" \/>\n\t<meta name=\"twitter:data1\" content=\"Dima\" \/>\n\t<meta name=\"twitter:label2\" content=\"Szacowany czas czytania\" \/>\n\t<meta name=\"twitter:data2\" content=\"1 minuta\" \/>\n<script type=\"application\/ld+json\" class=\"yoast-schema-graph\">{\"@context\":\"https:\/\/schema.org\",\"@graph\":[{\"@type\":\"WebSite\",\"@id\":\"https:\/\/www.skarbieclynia.pl\/#website\",\"url\":\"https:\/\/www.skarbieclynia.pl\/\",\"name\":\"Skarbiec\",\"description\":\"LYNIA\",\"potentialAction\":[{\"@type\":\"SearchAction\",\"target\":{\"@type\":\"EntryPoint\",\"urlTemplate\":\"https:\/\/www.skarbieclynia.pl\/?s={search_term_string}\"},\"query-input\":\"required name=search_term_string\"}],\"inLanguage\":\"pl-PL\"},{\"@type\":\"ImageObject\",\"@id\":\"https:\/\/www.skarbieclynia.pl\/index.php\/2022\/04\/07\/tonik-zelowy-z-kwasem-laktobionowym-dla-cery-wrazliwej-i-naczynkowej\/#primaryimage\",\"inLanguage\":\"pl-PL\",\"url\":\"https:\/\/www.skarbieclynia.pl\/wp-content\/uploads\/2022\/03\/zdjecie-lynia-tonik-zelowy-z-kwasem-laktobionowym-1.jpg\",\"contentUrl\":\"https:\/\/www.skarbieclynia.pl\/wp-content\/uploads\/2022\/03\/zdjecie-lynia-tonik-zelowy-z-kwasem-laktobionowym-1.jpg\",\"width\":1000,\"height\":1500,\"caption\":\"tonik-zelowy-z-kwasem.jpg\"},{\"@type\":\"WebPage\",\"@id\":\"https:\/\/www.skarbieclynia.pl\/index.php\/2022\/04\/07\/tonik-zelowy-z-kwasem-laktobionowym-dla-cery-wrazliwej-i-naczynkowej\/#webpage\",\"url\":\"https:\/\/www.skarbieclynia.pl\/index.php\/2022\/04\/07\/tonik-zelowy-z-kwasem-laktobionowym-dla-cery-wrazliwej-i-naczynkowej\/\",\"name\":\"Tonik \\u017celowy z kwasem laktobionowym dla cery wra\\u017cliwej i naczynkowej\",\"isPartOf\":{\"@id\":\"https:\/\/www.skarbieclynia.pl\/#website\"},\"primaryImageOfPage\":{\"@id\":\"https:\/\/www.skarbieclynia.pl\/index.php\/2022\/04\/07\/tonik-zelowy-z-kwasem-laktobionowym-dla-cery-wrazliwej-i-naczynkowej\/#primaryimage\"},\"datePublished\":\"2022-04-07T11:01:22+00:00\",\"dateModified\":\"2022-04-07T11:01:24+00:00\",\"author\":{\"@id\":\"https:\/\/www.skarbieclynia.pl\/#\/schema\/person\/dd102d2053dba9f23808c0c99e890364\"},\"description\":\"Tonik \\u017celowy z kwasem laktobionowym kosmetyk wykazuje dzia\\u0142anie lekko \\u015bci\\u0105gaj\\u0105ce oraz antyseptyczne. \\u0141agodzi podra\\u017cnienia\/\",\"breadcrumb\":{\"@id\":\"https:\/\/www.skarbieclynia.pl\/index.php\/2022\/04\/07\/tonik-zelowy-z-kwasem-laktobionowym-dla-cery-wrazliwej-i-naczynkowej\/#breadcrumb\"},\"inLanguage\":\"pl-PL\",\"potentialAction\":[{\"@type\":\"ReadAction\",\"target\":[\"https:\/\/www.skarbieclynia.pl\/index.php\/2022\/04\/07\/tonik-zelowy-z-kwasem-laktobionowym-dla-cery-wrazliwej-i-naczynkowej\/\"]}]},{\"@type\":\"BreadcrumbList\",\"@id\":\"https:\/\/www.skarbieclynia.pl\/index.php\/2022\/04\/07\/tonik-zelowy-z-kwasem-laktobionowym-dla-cery-wrazliwej-i-naczynkowej\/#breadcrumb\",\"itemListElement\":[{\"@type\":\"ListItem\",\"position\":1,\"name\":\"Strona g\\u0142\\u00f3wna\",\"item\":\"https:\/\/www.skarbieclynia.pl\/\"},{\"@type\":\"ListItem\",\"position\":2,\"name\":\"Tonik \\u017celowy z kwasem laktobionowym dla cery wra\\u017cliwej i naczynkowej\"}]},{\"@type\":\"Person\",\"@id\":\"https:\/\/www.skarbieclynia.pl\/#\/schema\/person\/dd102d2053dba9f23808c0c99e890364\",\"name\":\"Dima\",\"image\":{\"@type\":\"ImageObject\",\"@id\":\"https:\/\/www.skarbieclynia.pl\/#personlogo\",\"inLanguage\":\"pl-PL\",\"url\":\"https:\/\/secure.gravatar.com\/avatar\/ae9cec6c57b642d5b365ad5f4ca23013?s=96&d=mm&r=g\",\"contentUrl\":\"https:\/\/secure.gravatar.com\/avatar\/ae9cec6c57b642d5b365ad5f4ca23013?s=96&d=mm&r=g\",\"caption\":\"Dima\"},\"url\":\"https:\/\/www.skarbieclynia.pl\/index.php\/author\/dima\/\"}]}<\/script>\n<!-- \/ Yoast SEO plugin. -->","yoast_head_json":{"title":"Skarbiec","description":"Tonik \u017celowy z kwasem laktobionowym kosmetyk wykazuje dzia\u0142anie lekko \u015bci\u0105gaj\u0105ce oraz antyseptyczne. \u0141agodzi podra\u017cnienia\/","robots":{"index":"index","follow":"follow","max-snippet":"max-snippet:-1","max-image-preview":"max-image-preview:large","max-video-preview":"max-video-preview:-1"},"canonical":"https:\/\/www.skarbieclynia.pl\/index.php\/2022\/04\/07\/tonik-zelowy-z-kwasem-laktobionowym-dla-cery-wrazliwej-i-naczynkowej\/","og_locale":"pl_PL","og_type":"article","og_title":"Tonik \u017celowy z kwasem laktobionowym dla cery wra\u017cliwej i naczynkowej","og_description":"Tonik \u017celowy z kwasem laktobionowym kosmetyk wykazuje dzia\u0142anie lekko \u015bci\u0105gaj\u0105ce oraz antyseptyczne. \u0141agodzi podra\u017cnienia\/","og_url":"https:\/\/www.skarbieclynia.pl\/index.php\/2022\/04\/07\/tonik-zelowy-z-kwasem-laktobionowym-dla-cery-wrazliwej-i-naczynkowej\/","og_site_name":"Skarbiec","article_published_time":"2022-04-07T11:01:22+00:00","article_modified_time":"2022-04-07T11:01:24+00:00","og_image":[{"width":1000,"height":1500,"url":"https:\/\/www.skarbieclynia.pl\/wp-content\/uploads\/2022\/03\/zdjecie-lynia-tonik-zelowy-z-kwasem-laktobionowym-1.jpg","type":"image\/jpeg"}],"twitter_card":"summary_large_image","twitter_misc":{"Napisane przez":"Dima","Szacowany czas czytania":"1 minuta"},"schema":{"@context":"https:\/\/schema.org","@graph":[{"@type":"WebSite","@id":"https:\/\/www.skarbieclynia.pl\/#website","url":"https:\/\/www.skarbieclynia.pl\/","name":"Skarbiec","description":"LYNIA","potentialAction":[{"@type":"SearchAction","target":{"@type":"EntryPoint","urlTemplate":"https:\/\/www.skarbieclynia.pl\/?s={search_term_string}"},"query-input":"required name=search_term_string"}],"inLanguage":"pl-PL"},{"@type":"ImageObject","@id":"https:\/\/www.skarbieclynia.pl\/index.php\/2022\/04\/07\/tonik-zelowy-z-kwasem-laktobionowym-dla-cery-wrazliwej-i-naczynkowej\/#primaryimage","inLanguage":"pl-PL","url":"https:\/\/www.skarbieclynia.pl\/wp-content\/uploads\/2022\/03\/zdjecie-lynia-tonik-zelowy-z-kwasem-laktobionowym-1.jpg","contentUrl":"https:\/\/www.skarbieclynia.pl\/wp-content\/uploads\/2022\/03\/zdjecie-lynia-tonik-zelowy-z-kwasem-laktobionowym-1.jpg","width":1000,"height":1500,"caption":"tonik-zelowy-z-kwasem.jpg"},{"@type":"WebPage","@id":"https:\/\/www.skarbieclynia.pl\/index.php\/2022\/04\/07\/tonik-zelowy-z-kwasem-laktobionowym-dla-cery-wrazliwej-i-naczynkowej\/#webpage","url":"https:\/\/www.skarbieclynia.pl\/index.php\/2022\/04\/07\/tonik-zelowy-z-kwasem-laktobionowym-dla-cery-wrazliwej-i-naczynkowej\/","name":"Tonik \u017celowy z kwasem laktobionowym dla cery wra\u017cliwej i naczynkowej","isPartOf":{"@id":"https:\/\/www.skarbieclynia.pl\/#website"},"primaryImageOfPage":{"@id":"https:\/\/www.skarbieclynia.pl\/index.php\/2022\/04\/07\/tonik-zelowy-z-kwasem-laktobionowym-dla-cery-wrazliwej-i-naczynkowej\/#primaryimage"},"datePublished":"2022-04-07T11:01:22+00:00","dateModified":"2022-04-07T11:01:24+00:00","author":{"@id":"https:\/\/www.skarbieclynia.pl\/#\/schema\/person\/dd102d2053dba9f23808c0c99e890364"},"description":"Tonik \u017celowy z kwasem laktobionowym kosmetyk wykazuje dzia\u0142anie lekko \u015bci\u0105gaj\u0105ce oraz antyseptyczne. \u0141agodzi podra\u017cnienia\/","breadcrumb":{"@id":"https:\/\/www.skarbieclynia.pl\/index.php\/2022\/04\/07\/tonik-zelowy-z-kwasem-laktobionowym-dla-cery-wrazliwej-i-naczynkowej\/#breadcrumb"},"inLanguage":"pl-PL","potentialAction":[{"@type":"ReadAction","target":["https:\/\/www.skarbieclynia.pl\/index.php\/2022\/04\/07\/tonik-zelowy-z-kwasem-laktobionowym-dla-cery-wrazliwej-i-naczynkowej\/"]}]},{"@type":"BreadcrumbList","@id":"https:\/\/www.skarbieclynia.pl\/index.php\/2022\/04\/07\/tonik-zelowy-z-kwasem-laktobionowym-dla-cery-wrazliwej-i-naczynkowej\/#breadcrumb","itemListElement":[{"@type":"ListItem","position":1,"name":"Strona g\u0142\u00f3wna","item":"https:\/\/www.skarbieclynia.pl\/"},{"@type":"ListItem","position":2,"name":"Tonik \u017celowy z kwasem laktobionowym dla cery wra\u017cliwej i naczynkowej"}]},{"@type":"Person","@id":"https:\/\/www.skarbieclynia.pl\/#\/schema\/person\/dd102d2053dba9f23808c0c99e890364","name":"Dima","image":{"@type":"ImageObject","@id":"https:\/\/www.skarbieclynia.pl\/#personlogo","inLanguage":"pl-PL","url":"https:\/\/secure.gravatar.com\/avatar\/ae9cec6c57b642d5b365ad5f4ca23013?s=96&d=mm&r=g","contentUrl":"https:\/\/secure.gravatar.com\/avatar\/ae9cec6c57b642d5b365ad5f4ca23013?s=96&d=mm&r=g","caption":"Dima"},"url":"https:\/\/www.skarbieclynia.pl\/index.php\/author\/dima\/"}]}},"_links":{"self":[{"href":"https:\/\/www.skarbieclynia.pl\/index.php\/wp-json\/wp\/v2\/posts\/5554"}],"collection":[{"href":"https:\/\/www.skarbieclynia.pl\/index.php\/wp-json\/wp\/v2\/posts"}],"about":[{"href":"https:\/\/www.skarbieclynia.pl\/index.php\/wp-json\/wp\/v2\/types\/post"}],"author":[{"embeddable":true,"href":"https:\/\/www.skarbieclynia.pl\/index.php\/wp-json\/wp\/v2\/users\/8"}],"replies":[{"embeddable":true,"href":"https:\/\/www.skarbieclynia.pl\/index.php\/wp-json\/wp\/v2\/comments?post=5554"}],"version-history":[{"count":2,"href":"https:\/\/www.skarbieclynia.pl\/index.php\/wp-json\/wp\/v2\/posts\/5554\/revisions"}],"predecessor-version":[{"id":5558,"href":"https:\/\/www.skarbieclynia.pl\/index.php\/wp-json\/wp\/v2\/posts\/5554\/revisions\/5558"}],"wp:featuredmedia":[{"embeddable":true,"href":"https:\/\/www.skarbieclynia.pl\/index.php\/wp-json\/wp\/v2\/media\/3671"}],"wp:attachment":[{"href":"https:\/\/www.skarbieclynia.pl\/index.php\/wp-json\/wp\/v2\/media?parent=5554"}],"wp:term":[{"taxonomy":"category","embeddable":true,"href":"https:\/\/www.skarbieclynia.pl\/index.php\/wp-json\/wp\/v2\/categories?post=5554"},{"taxonomy":"post_tag","embeddable":true,"href":"https:\/\/www.skarbieclynia.pl\/index.php\/wp-json\/wp\/v2\/tags?post=5554"}],"curies":[{"name":"wp","href":"https:\/\/api.w.org\/{rel}","templated":true}]}}