{"id":4850,"date":"2022-03-29T10:39:04","date_gmt":"2022-03-29T08:39:04","guid":{"rendered":"https:\/\/www.skarbieclynia.pl\/?p=4850"},"modified":"2022-04-07T10:06:53","modified_gmt":"2022-04-07T08:06:53","slug":"kolagen-hydrolizowany-z-dodatkiem-elastyny","status":"publish","type":"post","link":"https:\/\/www.skarbieclynia.pl\/index.php\/2022\/03\/29\/kolagen-hydrolizowany-z-dodatkiem-elastyny\/","title":{"rendered":"Kolagen hydrolizowany z dodatkiem elastyny"},"content":{"rendered":"\n<p><meta charset=\"utf-8\"><strong>Kolagen<\/strong> <strong>hydrolizowany z dodatkiem elastyny <\/strong><meta charset=\"utf-8\">dzia\u0142a regeneruj\u0105co i wyg\u0142adzaj\u0105co, przywracaj\u0105c sk\u00f3rze \u015bwie\u017co\u015b\u0107, g\u0142adko\u015b\u0107, spr\u0119\u017cysto\u015b\u0107 i mi\u0119kko\u015b\u0107 oraz w\u0142a\u015bciwe nawil\u017cenie.<\/p>\n\n\n\n<p><strong>Kolagen<\/strong> spe\u0142nia funkcj\u0119 naturalnego \u015brodka nawil\u017caj\u0105cego sk\u00f3r\u0119, jednocze\u015bnie maj\u0105c istotny wp\u0142yw na jej ochron\u0119 przed procesami starzenia si\u0119.<\/p>\n\n\n\n<p>Dodatek&nbsp;<strong>elastyny<\/strong>, kt\u00f3ra w organizmie ludzkim wyst\u0119puje razem z kolagenem, zwi\u0119ksza spr\u0119\u017cysto\u015b\u0107 i elastyczno\u015b\u0107 sk\u00f3ry. Preparaty przeznaczone s\u0105 g\u0142\u00f3wnie do piel\u0119gnacji sk\u00f3ry wieku dojrza\u0142ego, sk\u00f3ry zm\u0119czonej lub przesuszonej nadmiernym dzia\u0142aniem czynnik\u00f3w atmosferycznych i wody.<\/p>\n\n\n\n<p>W preparatach do w\u0142os\u00f3w, kolagen hydrolizowany z dodatkiem elastyny, wp\u0142ywa dodatkowo na struktur\u0119 w\u0142osa poprzez jego nawil\u017cenie i uelastycznienie, zwi\u0119kszenie spr\u0119\u017cysto\u015bci i elastyczno\u015bci oraz popraw\u0119 rozczesywanie w\u0142os\u00f3w.<\/p>\n\n\n\n<h2><meta charset=\"utf-8\"><strong><em>INCI<\/em><\/strong>:<\/h2>\n\n\n\n<p>Soluble Collagen, Hydrolized Elastin&nbsp;<\/p>\n\n\n\n<div class=\"wp-block-buttons is-content-justification-center\">\n<div class=\"wp-block-button is-style-outline\"><a class=\"wp-block-button__link\" href=\"https:\/\/e-naturalne.pl\/pl\/p\/Kolagen-hydrolizowany-z-dodatkiem-elastyny\/1231\">Czytaj wi\u0119cej<\/a><\/div>\n<\/div>\n","protected":false},"excerpt":{"rendered":"<p>Kolagen hydrolizowany z dodatkiem elastyny dzia\u0142a regeneruj\u0105co i wyg\u0142adzaj\u0105co, przywracaj\u0105c sk\u00f3rze \u015bwie\u017co\u015b\u0107, g\u0142adko\u015b\u0107, spr\u0119\u017cysto\u015b\u0107 i mi\u0119kko\u015b\u0107 oraz w\u0142a\u015bciwe nawil\u017cenie. Kolagen spe\u0142nia funkcj\u0119 naturalnego \u015brodka nawil\u017caj\u0105cego sk\u00f3r\u0119, jednocze\u015bnie maj\u0105c istotny wp\u0142yw na jej ochron\u0119 przed procesami starzenia si\u0119. Dodatek&nbsp;elastyny, kt\u00f3ra w organizmie ludzkim wyst\u0119puje razem z kolagenem, zwi\u0119ksza spr\u0119\u017cysto\u015b\u0107 i elastyczno\u015b\u0107 sk\u00f3ry. Preparaty przeznaczone s\u0105 g\u0142\u00f3wnie do piel\u0119gnacji sk\u00f3ry wieku dojrza\u0142ego, sk\u00f3ry zm\u0119czonej lub przesuszonej nadmiernym dzia\u0142aniem czynnik\u00f3w atmosferycznych i wody. W preparatach do w\u0142os\u00f3w, kolagen hydrolizowany z dodatkiem elastyny, wp\u0142ywa dodatkowo na struktur\u0119 w\u0142osa poprzez jego nawil\u017cenie i uelastycznienie, zwi\u0119kszenie spr\u0119\u017cysto\u015bci i elastyczno\u015bci oraz popraw\u0119 rozczesywanie w\u0142os\u00f3w. INCI: Soluble Collagen,<\/p>\n","protected":false},"author":7,"featured_media":4457,"comment_status":"closed","ping_status":"open","sticky":false,"template":"","format":"standard","meta":[],"categories":[100],"tags":[],"acf":[],"yoast_head":"<!-- This site is optimized with the Yoast SEO plugin v17.9 - https:\/\/yoast.com\/wordpress\/plugins\/seo\/ -->\n<title>Skarbiec<\/title>\n<meta name=\"description\" content=\"Kolagen hydrolizowany z dodatkiem elastyny dzia\u0142a regeneruj\u0105co i wyg\u0142adzaj\u0105co, przywracaj\u0105c sk\u00f3rze \u015bwie\u017co\u015b\u0107, g\u0142adko\u015b\u0107, spr\u0119\u017cysto\u015b\u0107 i mi\u0119kko\u015b\u0107\" \/>\n<meta name=\"robots\" content=\"index, follow, max-snippet:-1, max-image-preview:large, max-video-preview:-1\" \/>\n<link rel=\"canonical\" href=\"https:\/\/www.skarbieclynia.pl\/index.php\/2022\/03\/29\/kolagen-hydrolizowany-z-dodatkiem-elastyny\/\" \/>\n<meta property=\"og:locale\" content=\"pl_PL\" \/>\n<meta property=\"og:type\" content=\"article\" \/>\n<meta property=\"og:title\" content=\"Kolagen hydrolizowany z dodatkiem elastyny - Skarbiec\" \/>\n<meta property=\"og:description\" content=\"Kolagen hydrolizowany z dodatkiem elastyny dzia\u0142a regeneruj\u0105co i wyg\u0142adzaj\u0105co, przywracaj\u0105c sk\u00f3rze \u015bwie\u017co\u015b\u0107, g\u0142adko\u015b\u0107, spr\u0119\u017cysto\u015b\u0107 i mi\u0119kko\u015b\u0107\" \/>\n<meta property=\"og:url\" content=\"https:\/\/www.skarbieclynia.pl\/index.php\/2022\/03\/29\/kolagen-hydrolizowany-z-dodatkiem-elastyny\/\" \/>\n<meta property=\"og:site_name\" content=\"Skarbiec\" \/>\n<meta property=\"article:published_time\" content=\"2022-03-29T08:39:04+00:00\" \/>\n<meta property=\"article:modified_time\" content=\"2022-04-07T08:06:53+00:00\" \/>\n<meta property=\"og:image\" content=\"https:\/\/www.skarbieclynia.pl\/wp-content\/uploads\/2022\/03\/shutterstock_450369430.jpg\" \/>\n\t<meta property=\"og:image:width\" content=\"1000\" \/>\n\t<meta property=\"og:image:height\" content=\"649\" \/>\n\t<meta property=\"og:image:type\" content=\"image\/jpeg\" \/>\n<meta name=\"twitter:card\" content=\"summary_large_image\" \/>\n<meta name=\"twitter:label1\" content=\"Napisane przez\" \/>\n\t<meta name=\"twitter:data1\" content=\"Jolanta Czepulonis\" \/>\n\t<meta name=\"twitter:label2\" content=\"Szacowany czas czytania\" \/>\n\t<meta name=\"twitter:data2\" content=\"1 minuta\" \/>\n<script type=\"application\/ld+json\" class=\"yoast-schema-graph\">{\"@context\":\"https:\/\/schema.org\",\"@graph\":[{\"@type\":\"WebSite\",\"@id\":\"https:\/\/www.skarbieclynia.pl\/#website\",\"url\":\"https:\/\/www.skarbieclynia.pl\/\",\"name\":\"Skarbiec\",\"description\":\"LYNIA\",\"potentialAction\":[{\"@type\":\"SearchAction\",\"target\":{\"@type\":\"EntryPoint\",\"urlTemplate\":\"https:\/\/www.skarbieclynia.pl\/?s={search_term_string}\"},\"query-input\":\"required name=search_term_string\"}],\"inLanguage\":\"pl-PL\"},{\"@type\":\"ImageObject\",\"@id\":\"https:\/\/www.skarbieclynia.pl\/index.php\/2022\/03\/29\/kolagen-hydrolizowany-z-dodatkiem-elastyny\/#primaryimage\",\"inLanguage\":\"pl-PL\",\"url\":\"https:\/\/www.skarbieclynia.pl\/wp-content\/uploads\/2022\/03\/shutterstock_450369430.jpg\",\"contentUrl\":\"https:\/\/www.skarbieclynia.pl\/wp-content\/uploads\/2022\/03\/shutterstock_450369430.jpg\",\"width\":1000,\"height\":649,\"caption\":\"kolagen-hydrolizowany-z-dodatkiem-elastyny.jpg\"},{\"@type\":\"WebPage\",\"@id\":\"https:\/\/www.skarbieclynia.pl\/index.php\/2022\/03\/29\/kolagen-hydrolizowany-z-dodatkiem-elastyny\/#webpage\",\"url\":\"https:\/\/www.skarbieclynia.pl\/index.php\/2022\/03\/29\/kolagen-hydrolizowany-z-dodatkiem-elastyny\/\",\"name\":\"Kolagen hydrolizowany z dodatkiem elastyny - Skarbiec\",\"isPartOf\":{\"@id\":\"https:\/\/www.skarbieclynia.pl\/#website\"},\"primaryImageOfPage\":{\"@id\":\"https:\/\/www.skarbieclynia.pl\/index.php\/2022\/03\/29\/kolagen-hydrolizowany-z-dodatkiem-elastyny\/#primaryimage\"},\"datePublished\":\"2022-03-29T08:39:04+00:00\",\"dateModified\":\"2022-04-07T08:06:53+00:00\",\"author\":{\"@id\":\"https:\/\/www.skarbieclynia.pl\/#\/schema\/person\/b6c816a44aa5009d5d6f9a37946488f9\"},\"description\":\"Kolagen hydrolizowany z dodatkiem elastyny dzia\\u0142a regeneruj\\u0105co i wyg\\u0142adzaj\\u0105co, przywracaj\\u0105c sk\\u00f3rze \\u015bwie\\u017co\\u015b\\u0107, g\\u0142adko\\u015b\\u0107, spr\\u0119\\u017cysto\\u015b\\u0107 i mi\\u0119kko\\u015b\\u0107\",\"breadcrumb\":{\"@id\":\"https:\/\/www.skarbieclynia.pl\/index.php\/2022\/03\/29\/kolagen-hydrolizowany-z-dodatkiem-elastyny\/#breadcrumb\"},\"inLanguage\":\"pl-PL\",\"potentialAction\":[{\"@type\":\"ReadAction\",\"target\":[\"https:\/\/www.skarbieclynia.pl\/index.php\/2022\/03\/29\/kolagen-hydrolizowany-z-dodatkiem-elastyny\/\"]}]},{\"@type\":\"BreadcrumbList\",\"@id\":\"https:\/\/www.skarbieclynia.pl\/index.php\/2022\/03\/29\/kolagen-hydrolizowany-z-dodatkiem-elastyny\/#breadcrumb\",\"itemListElement\":[{\"@type\":\"ListItem\",\"position\":1,\"name\":\"Strona g\\u0142\\u00f3wna\",\"item\":\"https:\/\/www.skarbieclynia.pl\/\"},{\"@type\":\"ListItem\",\"position\":2,\"name\":\"Kolagen hydrolizowany z dodatkiem elastyny\"}]},{\"@type\":\"Person\",\"@id\":\"https:\/\/www.skarbieclynia.pl\/#\/schema\/person\/b6c816a44aa5009d5d6f9a37946488f9\",\"name\":\"Jolanta Czepulonis\",\"image\":{\"@type\":\"ImageObject\",\"@id\":\"https:\/\/www.skarbieclynia.pl\/#personlogo\",\"inLanguage\":\"pl-PL\",\"url\":\"https:\/\/secure.gravatar.com\/avatar\/29cfbbc405bbe11b2c9e512014ace14d?s=96&d=mm&r=g\",\"contentUrl\":\"https:\/\/secure.gravatar.com\/avatar\/29cfbbc405bbe11b2c9e512014ace14d?s=96&d=mm&r=g\",\"caption\":\"Jolanta Czepulonis\"},\"description\":\"Mgr. In\\u017c. Chemii, Specjalizacja: Technologia chemiczna\",\"url\":\"https:\/\/www.skarbieclynia.pl\/index.php\/author\/jola\/\"}]}<\/script>\n<!-- \/ Yoast SEO plugin. -->","yoast_head_json":{"title":"Skarbiec","description":"Kolagen hydrolizowany z dodatkiem elastyny dzia\u0142a regeneruj\u0105co i wyg\u0142adzaj\u0105co, przywracaj\u0105c sk\u00f3rze \u015bwie\u017co\u015b\u0107, g\u0142adko\u015b\u0107, spr\u0119\u017cysto\u015b\u0107 i mi\u0119kko\u015b\u0107","robots":{"index":"index","follow":"follow","max-snippet":"max-snippet:-1","max-image-preview":"max-image-preview:large","max-video-preview":"max-video-preview:-1"},"canonical":"https:\/\/www.skarbieclynia.pl\/index.php\/2022\/03\/29\/kolagen-hydrolizowany-z-dodatkiem-elastyny\/","og_locale":"pl_PL","og_type":"article","og_title":"Kolagen hydrolizowany z dodatkiem elastyny - Skarbiec","og_description":"Kolagen hydrolizowany z dodatkiem elastyny dzia\u0142a regeneruj\u0105co i wyg\u0142adzaj\u0105co, przywracaj\u0105c sk\u00f3rze \u015bwie\u017co\u015b\u0107, g\u0142adko\u015b\u0107, spr\u0119\u017cysto\u015b\u0107 i mi\u0119kko\u015b\u0107","og_url":"https:\/\/www.skarbieclynia.pl\/index.php\/2022\/03\/29\/kolagen-hydrolizowany-z-dodatkiem-elastyny\/","og_site_name":"Skarbiec","article_published_time":"2022-03-29T08:39:04+00:00","article_modified_time":"2022-04-07T08:06:53+00:00","og_image":[{"width":1000,"height":649,"url":"https:\/\/www.skarbieclynia.pl\/wp-content\/uploads\/2022\/03\/shutterstock_450369430.jpg","type":"image\/jpeg"}],"twitter_card":"summary_large_image","twitter_misc":{"Napisane przez":"Jolanta Czepulonis","Szacowany czas czytania":"1 minuta"},"schema":{"@context":"https:\/\/schema.org","@graph":[{"@type":"WebSite","@id":"https:\/\/www.skarbieclynia.pl\/#website","url":"https:\/\/www.skarbieclynia.pl\/","name":"Skarbiec","description":"LYNIA","potentialAction":[{"@type":"SearchAction","target":{"@type":"EntryPoint","urlTemplate":"https:\/\/www.skarbieclynia.pl\/?s={search_term_string}"},"query-input":"required name=search_term_string"}],"inLanguage":"pl-PL"},{"@type":"ImageObject","@id":"https:\/\/www.skarbieclynia.pl\/index.php\/2022\/03\/29\/kolagen-hydrolizowany-z-dodatkiem-elastyny\/#primaryimage","inLanguage":"pl-PL","url":"https:\/\/www.skarbieclynia.pl\/wp-content\/uploads\/2022\/03\/shutterstock_450369430.jpg","contentUrl":"https:\/\/www.skarbieclynia.pl\/wp-content\/uploads\/2022\/03\/shutterstock_450369430.jpg","width":1000,"height":649,"caption":"kolagen-hydrolizowany-z-dodatkiem-elastyny.jpg"},{"@type":"WebPage","@id":"https:\/\/www.skarbieclynia.pl\/index.php\/2022\/03\/29\/kolagen-hydrolizowany-z-dodatkiem-elastyny\/#webpage","url":"https:\/\/www.skarbieclynia.pl\/index.php\/2022\/03\/29\/kolagen-hydrolizowany-z-dodatkiem-elastyny\/","name":"Kolagen hydrolizowany z dodatkiem elastyny - Skarbiec","isPartOf":{"@id":"https:\/\/www.skarbieclynia.pl\/#website"},"primaryImageOfPage":{"@id":"https:\/\/www.skarbieclynia.pl\/index.php\/2022\/03\/29\/kolagen-hydrolizowany-z-dodatkiem-elastyny\/#primaryimage"},"datePublished":"2022-03-29T08:39:04+00:00","dateModified":"2022-04-07T08:06:53+00:00","author":{"@id":"https:\/\/www.skarbieclynia.pl\/#\/schema\/person\/b6c816a44aa5009d5d6f9a37946488f9"},"description":"Kolagen hydrolizowany z dodatkiem elastyny dzia\u0142a regeneruj\u0105co i wyg\u0142adzaj\u0105co, przywracaj\u0105c sk\u00f3rze \u015bwie\u017co\u015b\u0107, g\u0142adko\u015b\u0107, spr\u0119\u017cysto\u015b\u0107 i mi\u0119kko\u015b\u0107","breadcrumb":{"@id":"https:\/\/www.skarbieclynia.pl\/index.php\/2022\/03\/29\/kolagen-hydrolizowany-z-dodatkiem-elastyny\/#breadcrumb"},"inLanguage":"pl-PL","potentialAction":[{"@type":"ReadAction","target":["https:\/\/www.skarbieclynia.pl\/index.php\/2022\/03\/29\/kolagen-hydrolizowany-z-dodatkiem-elastyny\/"]}]},{"@type":"BreadcrumbList","@id":"https:\/\/www.skarbieclynia.pl\/index.php\/2022\/03\/29\/kolagen-hydrolizowany-z-dodatkiem-elastyny\/#breadcrumb","itemListElement":[{"@type":"ListItem","position":1,"name":"Strona g\u0142\u00f3wna","item":"https:\/\/www.skarbieclynia.pl\/"},{"@type":"ListItem","position":2,"name":"Kolagen hydrolizowany z dodatkiem elastyny"}]},{"@type":"Person","@id":"https:\/\/www.skarbieclynia.pl\/#\/schema\/person\/b6c816a44aa5009d5d6f9a37946488f9","name":"Jolanta Czepulonis","image":{"@type":"ImageObject","@id":"https:\/\/www.skarbieclynia.pl\/#personlogo","inLanguage":"pl-PL","url":"https:\/\/secure.gravatar.com\/avatar\/29cfbbc405bbe11b2c9e512014ace14d?s=96&d=mm&r=g","contentUrl":"https:\/\/secure.gravatar.com\/avatar\/29cfbbc405bbe11b2c9e512014ace14d?s=96&d=mm&r=g","caption":"Jolanta Czepulonis"},"description":"Mgr. In\u017c. Chemii, Specjalizacja: Technologia chemiczna","url":"https:\/\/www.skarbieclynia.pl\/index.php\/author\/jola\/"}]}},"_links":{"self":[{"href":"https:\/\/www.skarbieclynia.pl\/index.php\/wp-json\/wp\/v2\/posts\/4850"}],"collection":[{"href":"https:\/\/www.skarbieclynia.pl\/index.php\/wp-json\/wp\/v2\/posts"}],"about":[{"href":"https:\/\/www.skarbieclynia.pl\/index.php\/wp-json\/wp\/v2\/types\/post"}],"author":[{"embeddable":true,"href":"https:\/\/www.skarbieclynia.pl\/index.php\/wp-json\/wp\/v2\/users\/7"}],"replies":[{"embeddable":true,"href":"https:\/\/www.skarbieclynia.pl\/index.php\/wp-json\/wp\/v2\/comments?post=4850"}],"version-history":[{"count":3,"href":"https:\/\/www.skarbieclynia.pl\/index.php\/wp-json\/wp\/v2\/posts\/4850\/revisions"}],"predecessor-version":[{"id":5498,"href":"https:\/\/www.skarbieclynia.pl\/index.php\/wp-json\/wp\/v2\/posts\/4850\/revisions\/5498"}],"wp:featuredmedia":[{"embeddable":true,"href":"https:\/\/www.skarbieclynia.pl\/index.php\/wp-json\/wp\/v2\/media\/4457"}],"wp:attachment":[{"href":"https:\/\/www.skarbieclynia.pl\/index.php\/wp-json\/wp\/v2\/media?parent=4850"}],"wp:term":[{"taxonomy":"category","embeddable":true,"href":"https:\/\/www.skarbieclynia.pl\/index.php\/wp-json\/wp\/v2\/categories?post=4850"},{"taxonomy":"post_tag","embeddable":true,"href":"https:\/\/www.skarbieclynia.pl\/index.php\/wp-json\/wp\/v2\/tags?post=4850"}],"curies":[{"name":"wp","href":"https:\/\/api.w.org\/{rel}","templated":true}]}}