{"id":4045,"date":"2022-03-18T14:39:10","date_gmt":"2022-03-18T13:39:10","guid":{"rendered":"https:\/\/e-naturalne.home.pl\/autoinstalator\/wordpressplugins1\/?p=4045"},"modified":"2022-04-08T11:58:49","modified_gmt":"2022-04-08T09:58:49","slug":"balsam-do-ciala-z-kofeina-nawilzanie-regeneracja-ujedrnianie","status":"publish","type":"post","link":"https:\/\/www.skarbieclynia.pl\/index.php\/2022\/03\/18\/balsam-do-ciala-z-kofeina-nawilzanie-regeneracja-ujedrnianie\/","title":{"rendered":"Balsam do cia\u0142a z kofein\u0105"},"content":{"rendered":"\n<p><strong>Balsam do cia\u0142a z kofein\u0105<\/strong>\u00a0jest przeznaczony do codziennej piel\u0119gnacji ka\u017cdego rodzaju sk\u00f3ry. Doskonale nawil\u017ca, zmi\u0119kcza i wyg\u0142adza. Kofeina zwarta w balsamie poprawia kr\u0105\u017cenie, przyspiesza procesy uj\u0119drniania oraz oczyszczania, a olej z truskawek i aloes dodatkowo wp\u0142ywaj\u0105 na zwi\u0119kszenie nawil\u017cenia, elastyczno\u015bci i j\u0119drno\u015bci. Dzi\u0119ki wysokiej wch\u0142anialno\u015bci kosmetyk nie pozostawia uczucia t\u0142usto\u015bci, a sk\u00f3ra staje si\u0119 mi\u0119kka, od\u017cywiona i doskonale nawil\u017cona.<\/p>\n\n\n\n<p><strong><a href=\"https:\/\/www.skarbieclynia.pl\/index.php\/2022\/03\/21\/kofeina\/\">KOFEINA<\/a><\/strong><\/p>\n\n\n\n<p><a href=\"https:\/\/www.skarbieclynia.pl\/index.php\/2022\/03\/18\/ekstrakt-z-aloesu-zel-ekologiczny\/\"><strong>EKSTRAKT Z ALOESU<\/strong>\u00a0<\/a><\/p>\n\n\n\n<p><a href=\"https:\/\/www.skarbieclynia.pl\/index.php\/2022\/03\/25\/olej-z-pestek-truskawek\/\"><strong>OLEJ Z TRUSKAWEK<\/strong>\u00a0<\/a><\/p>\n\n\n\n<p><a href=\"https:\/\/e-naturalne.pl\/pl\/p\/Olejek-grejpfrutowy%2C-naturalny-antycellulit\/1462\">Naturalny<strong>\u00a0OLEJEK GREJPFRUTOWY<\/strong>\u00a0<\/a><\/p>\n\n\n\n<p><strong><a href=\"https:\/\/www.skarbieclynia.pl\/index.php\/2022\/03\/29\/mocznik\/\">MOCZNIK<\/a><\/strong><\/p>\n\n\n\n<p><strong><a href=\"https:\/\/www.skarbieclynia.pl\/index.php\/2022\/03\/18\/ekologiczny-wyciag-z-prawoslazu\/\">EKSTRAKT Z PRAWO\u015aLAZU<\/a><\/strong><\/p>\n\n\n\n<p><a href=\"https:\/\/www.skarbieclynia.pl\/index.php\/2022\/04\/04\/witamina-e\/\"><strong>WITAMINA E<\/strong>\u00a0<\/a><\/p>\n\n\n\n<p><strong><a href=\"https:\/\/www.skarbieclynia.pl\/index.php\/2022\/03\/25\/olej-ze-slodkich-migdalow\/\">OLEJ ZE S\u0141ODKICH MIGDA\u0141\u00d3W<\/a><\/strong><\/p>\n\n\n\n<p><strong><a href=\"https:\/\/www.skarbieclynia.pl\/index.php\/2022\/03\/23\/maslo-shea-rafinowane\/\">MAS\u0141O SHEA\u00a0<\/a><\/strong><\/p>\n\n\n\n<p><strong><a href=\"https:\/\/www.skarbieclynia.pl\/index.php\/2022\/04\/04\/witamina-b5-d-pantenol-75\/\">D-PANTENOL<\/a><\/strong><\/p>\n\n\n\n<h3><strong>INCI<\/strong>:<\/h3>\n\n\n\n<p>Aqua, Urea, Glyceryl Stearate Citrate, Aloe Barbadensis Leaf Juice, Caprylic\/ Capric Triglyceride, Shea Butter Ethyl Esters, Cetearyl Alcohol, Propanediol, Glycerin, Fragaria Ananassa (Strawberry ) Oil, Prunus Amygdalus Dulcis (Sweet Almond )oil, Coffeine, Althaea Officinalis Root Extract, Butyrospermum Parkii Butter, Tocopheryl Acetate, Citrus Grandis Peel Oil, Panthenol, Acacia Senegal Gum, Xanthan Gum, Dehydroacetic Acid, Benzyl Alcohol, Sodium Benzoate, Potassium Sorbate, Pantolactone, Citric Acid, Lactic Acid, Sodium Phytate, Citral, Limonene, Linalool.<\/p>\n\n\n\n\n\n<div class=\"wp-block-buttons is-content-justification-center\">\n<div class=\"wp-block-button is-style-outline\"><a class=\"wp-block-button__link\" href=\"https:\/\/lynia.pl\/produkt\/balsam-do-ciala-z-kofeina\/\">Czytaj wi\u0119cej<\/a><\/div>\n<\/div>\n","protected":false},"excerpt":{"rendered":"<p>Balsam do cia\u0142a z kofein\u0105\u00a0jest przeznaczony do codziennej piel\u0119gnacji ka\u017cdego rodzaju sk\u00f3ry. Doskonale nawil\u017ca, zmi\u0119kcza i wyg\u0142adza. Kofeina zwarta w balsamie poprawia kr\u0105\u017cenie, przyspiesza procesy uj\u0119drniania oraz oczyszczania, a olej z truskawek i aloes dodatkowo wp\u0142ywaj\u0105 na zwi\u0119kszenie nawil\u017cenia, elastyczno\u015bci i j\u0119drno\u015bci. Dzi\u0119ki wysokiej wch\u0142anialno\u015bci kosmetyk nie pozostawia uczucia t\u0142usto\u015bci, a sk\u00f3ra staje si\u0119 mi\u0119kka, od\u017cywiona i doskonale nawil\u017cona. KOFEINA EKSTRAKT Z ALOESU\u00a0 OLEJ Z TRUSKAWEK\u00a0 Naturalny\u00a0OLEJEK GREJPFRUTOWY\u00a0 MOCZNIK EKSTRAKT Z PRAWO\u015aLAZU WITAMINA E\u00a0 OLEJ ZE S\u0141ODKICH MIGDA\u0141\u00d3W MAS\u0141O SHEA\u00a0 D-PANTENOL INCI: Aqua, Urea, Glyceryl Stearate Citrate, Aloe Barbadensis Leaf Juice, Caprylic\/ Capric Triglyceride, Shea Butter Ethyl Esters, Cetearyl Alcohol,<\/p>\n","protected":false},"author":3,"featured_media":3386,"comment_status":"closed","ping_status":"open","sticky":false,"template":"","format":"standard","meta":[],"categories":[108],"tags":[149,147,114,151,148,136,150,113],"acf":[],"yoast_head":"<!-- This site is optimized with the Yoast SEO plugin v17.9 - https:\/\/yoast.com\/wordpress\/plugins\/seo\/ -->\n<title>Skarbiec<\/title>\n<meta name=\"description\" content=\"Balsam do cia\u0142a z kofein\u0105 jest przeznaczony do codziennej piel\u0119gnacji ka\u017cdego rodzaju sk\u00f3ry. Doskonale nawil\u017ca, zmi\u0119kcza i wyg\u0142adza.\" \/>\n<meta name=\"robots\" content=\"index, follow, max-snippet:-1, max-image-preview:large, max-video-preview:-1\" \/>\n<link rel=\"canonical\" href=\"https:\/\/www.skarbieclynia.pl\/index.php\/2022\/03\/18\/balsam-do-ciala-z-kofeina-nawilzanie-regeneracja-ujedrnianie\/\" \/>\n<meta property=\"og:locale\" content=\"pl_PL\" \/>\n<meta property=\"og:type\" content=\"article\" \/>\n<meta property=\"og:title\" content=\"Balsam do cia\u0142a z kofein\u0105 - Skarbiec\" \/>\n<meta property=\"og:description\" content=\"Balsam do cia\u0142a z kofein\u0105 jest przeznaczony do codziennej piel\u0119gnacji ka\u017cdego rodzaju sk\u00f3ry. Doskonale nawil\u017ca, zmi\u0119kcza i wyg\u0142adza.\" \/>\n<meta property=\"og:url\" content=\"https:\/\/www.skarbieclynia.pl\/index.php\/2022\/03\/18\/balsam-do-ciala-z-kofeina-nawilzanie-regeneracja-ujedrnianie\/\" \/>\n<meta property=\"og:site_name\" content=\"Skarbiec\" \/>\n<meta property=\"article:published_time\" content=\"2022-03-18T13:39:10+00:00\" \/>\n<meta property=\"article:modified_time\" content=\"2022-04-08T09:58:49+00:00\" \/>\n<meta property=\"og:image\" content=\"https:\/\/www.skarbieclynia.pl\/wp-content\/uploads\/2022\/03\/zdjecie-lynia-balsam-do-ciala-z-kofeina.jpg\" \/>\n\t<meta property=\"og:image:width\" content=\"1000\" \/>\n\t<meta property=\"og:image:height\" content=\"1537\" \/>\n\t<meta property=\"og:image:type\" content=\"image\/jpeg\" \/>\n<meta name=\"twitter:card\" content=\"summary_large_image\" \/>\n<meta name=\"twitter:label1\" content=\"Napisane przez\" \/>\n\t<meta name=\"twitter:data1\" content=\"Barbara Lach\" \/>\n\t<meta name=\"twitter:label2\" content=\"Szacowany czas czytania\" \/>\n\t<meta name=\"twitter:data2\" content=\"1 minuta\" \/>\n<script type=\"application\/ld+json\" class=\"yoast-schema-graph\">{\"@context\":\"https:\/\/schema.org\",\"@graph\":[{\"@type\":\"WebSite\",\"@id\":\"https:\/\/www.skarbieclynia.pl\/#website\",\"url\":\"https:\/\/www.skarbieclynia.pl\/\",\"name\":\"Skarbiec\",\"description\":\"LYNIA\",\"potentialAction\":[{\"@type\":\"SearchAction\",\"target\":{\"@type\":\"EntryPoint\",\"urlTemplate\":\"https:\/\/www.skarbieclynia.pl\/?s={search_term_string}\"},\"query-input\":\"required name=search_term_string\"}],\"inLanguage\":\"pl-PL\"},{\"@type\":\"ImageObject\",\"@id\":\"https:\/\/www.skarbieclynia.pl\/index.php\/2022\/03\/18\/balsam-do-ciala-z-kofeina-nawilzanie-regeneracja-ujedrnianie\/#primaryimage\",\"inLanguage\":\"pl-PL\",\"url\":\"https:\/\/www.skarbieclynia.pl\/wp-content\/uploads\/2022\/03\/zdjecie-lynia-balsam-do-ciala-z-kofeina.jpg\",\"contentUrl\":\"https:\/\/www.skarbieclynia.pl\/wp-content\/uploads\/2022\/03\/zdjecie-lynia-balsam-do-ciala-z-kofeina.jpg\",\"width\":1000,\"height\":1537,\"caption\":\"balsam-do-ciala-z-kofeina.jpg\"},{\"@type\":\"WebPage\",\"@id\":\"https:\/\/www.skarbieclynia.pl\/index.php\/2022\/03\/18\/balsam-do-ciala-z-kofeina-nawilzanie-regeneracja-ujedrnianie\/#webpage\",\"url\":\"https:\/\/www.skarbieclynia.pl\/index.php\/2022\/03\/18\/balsam-do-ciala-z-kofeina-nawilzanie-regeneracja-ujedrnianie\/\",\"name\":\"Balsam do cia\\u0142a z kofein\\u0105 - Skarbiec\",\"isPartOf\":{\"@id\":\"https:\/\/www.skarbieclynia.pl\/#website\"},\"primaryImageOfPage\":{\"@id\":\"https:\/\/www.skarbieclynia.pl\/index.php\/2022\/03\/18\/balsam-do-ciala-z-kofeina-nawilzanie-regeneracja-ujedrnianie\/#primaryimage\"},\"datePublished\":\"2022-03-18T13:39:10+00:00\",\"dateModified\":\"2022-04-08T09:58:49+00:00\",\"author\":{\"@id\":\"https:\/\/www.skarbieclynia.pl\/#\/schema\/person\/b0edc7ec30f216802624657049f96ea7\"},\"description\":\"Balsam do cia\\u0142a z kofein\\u0105 jest przeznaczony do codziennej piel\\u0119gnacji ka\\u017cdego rodzaju sk\\u00f3ry. Doskonale nawil\\u017ca, zmi\\u0119kcza i wyg\\u0142adza.\",\"breadcrumb\":{\"@id\":\"https:\/\/www.skarbieclynia.pl\/index.php\/2022\/03\/18\/balsam-do-ciala-z-kofeina-nawilzanie-regeneracja-ujedrnianie\/#breadcrumb\"},\"inLanguage\":\"pl-PL\",\"potentialAction\":[{\"@type\":\"ReadAction\",\"target\":[\"https:\/\/www.skarbieclynia.pl\/index.php\/2022\/03\/18\/balsam-do-ciala-z-kofeina-nawilzanie-regeneracja-ujedrnianie\/\"]}]},{\"@type\":\"BreadcrumbList\",\"@id\":\"https:\/\/www.skarbieclynia.pl\/index.php\/2022\/03\/18\/balsam-do-ciala-z-kofeina-nawilzanie-regeneracja-ujedrnianie\/#breadcrumb\",\"itemListElement\":[{\"@type\":\"ListItem\",\"position\":1,\"name\":\"Strona g\\u0142\\u00f3wna\",\"item\":\"https:\/\/www.skarbieclynia.pl\/\"},{\"@type\":\"ListItem\",\"position\":2,\"name\":\"Balsam do cia\\u0142a z kofein\\u0105\"}]},{\"@type\":\"Person\",\"@id\":\"https:\/\/www.skarbieclynia.pl\/#\/schema\/person\/b0edc7ec30f216802624657049f96ea7\",\"name\":\"Barbara Lach\",\"image\":{\"@type\":\"ImageObject\",\"@id\":\"https:\/\/www.skarbieclynia.pl\/#personlogo\",\"inLanguage\":\"pl-PL\",\"url\":\"https:\/\/secure.gravatar.com\/avatar\/c4c773f611ad4e9e57b07f691d29ac8c?s=96&d=mm&r=g\",\"contentUrl\":\"https:\/\/secure.gravatar.com\/avatar\/c4c773f611ad4e9e57b07f691d29ac8c?s=96&d=mm&r=g\",\"caption\":\"Barbara Lach\"},\"description\":\"Redaktor naczelna Skarbca, Graphic Designer i Manager dzia\\u0142u marketingu e-naturalne. Prywatnie mi\\u0142o\\u015bniczka kot\\u00f3w i dobrego jedzenia.\",\"url\":\"https:\/\/www.skarbieclynia.pl\/index.php\/author\/benia\/\"}]}<\/script>\n<!-- \/ Yoast SEO plugin. -->","yoast_head_json":{"title":"Skarbiec","description":"Balsam do cia\u0142a z kofein\u0105 jest przeznaczony do codziennej piel\u0119gnacji ka\u017cdego rodzaju sk\u00f3ry. Doskonale nawil\u017ca, zmi\u0119kcza i wyg\u0142adza.","robots":{"index":"index","follow":"follow","max-snippet":"max-snippet:-1","max-image-preview":"max-image-preview:large","max-video-preview":"max-video-preview:-1"},"canonical":"https:\/\/www.skarbieclynia.pl\/index.php\/2022\/03\/18\/balsam-do-ciala-z-kofeina-nawilzanie-regeneracja-ujedrnianie\/","og_locale":"pl_PL","og_type":"article","og_title":"Balsam do cia\u0142a z kofein\u0105 - Skarbiec","og_description":"Balsam do cia\u0142a z kofein\u0105 jest przeznaczony do codziennej piel\u0119gnacji ka\u017cdego rodzaju sk\u00f3ry. Doskonale nawil\u017ca, zmi\u0119kcza i wyg\u0142adza.","og_url":"https:\/\/www.skarbieclynia.pl\/index.php\/2022\/03\/18\/balsam-do-ciala-z-kofeina-nawilzanie-regeneracja-ujedrnianie\/","og_site_name":"Skarbiec","article_published_time":"2022-03-18T13:39:10+00:00","article_modified_time":"2022-04-08T09:58:49+00:00","og_image":[{"width":1000,"height":1537,"url":"https:\/\/www.skarbieclynia.pl\/wp-content\/uploads\/2022\/03\/zdjecie-lynia-balsam-do-ciala-z-kofeina.jpg","type":"image\/jpeg"}],"twitter_card":"summary_large_image","twitter_misc":{"Napisane przez":"Barbara Lach","Szacowany czas czytania":"1 minuta"},"schema":{"@context":"https:\/\/schema.org","@graph":[{"@type":"WebSite","@id":"https:\/\/www.skarbieclynia.pl\/#website","url":"https:\/\/www.skarbieclynia.pl\/","name":"Skarbiec","description":"LYNIA","potentialAction":[{"@type":"SearchAction","target":{"@type":"EntryPoint","urlTemplate":"https:\/\/www.skarbieclynia.pl\/?s={search_term_string}"},"query-input":"required name=search_term_string"}],"inLanguage":"pl-PL"},{"@type":"ImageObject","@id":"https:\/\/www.skarbieclynia.pl\/index.php\/2022\/03\/18\/balsam-do-ciala-z-kofeina-nawilzanie-regeneracja-ujedrnianie\/#primaryimage","inLanguage":"pl-PL","url":"https:\/\/www.skarbieclynia.pl\/wp-content\/uploads\/2022\/03\/zdjecie-lynia-balsam-do-ciala-z-kofeina.jpg","contentUrl":"https:\/\/www.skarbieclynia.pl\/wp-content\/uploads\/2022\/03\/zdjecie-lynia-balsam-do-ciala-z-kofeina.jpg","width":1000,"height":1537,"caption":"balsam-do-ciala-z-kofeina.jpg"},{"@type":"WebPage","@id":"https:\/\/www.skarbieclynia.pl\/index.php\/2022\/03\/18\/balsam-do-ciala-z-kofeina-nawilzanie-regeneracja-ujedrnianie\/#webpage","url":"https:\/\/www.skarbieclynia.pl\/index.php\/2022\/03\/18\/balsam-do-ciala-z-kofeina-nawilzanie-regeneracja-ujedrnianie\/","name":"Balsam do cia\u0142a z kofein\u0105 - Skarbiec","isPartOf":{"@id":"https:\/\/www.skarbieclynia.pl\/#website"},"primaryImageOfPage":{"@id":"https:\/\/www.skarbieclynia.pl\/index.php\/2022\/03\/18\/balsam-do-ciala-z-kofeina-nawilzanie-regeneracja-ujedrnianie\/#primaryimage"},"datePublished":"2022-03-18T13:39:10+00:00","dateModified":"2022-04-08T09:58:49+00:00","author":{"@id":"https:\/\/www.skarbieclynia.pl\/#\/schema\/person\/b0edc7ec30f216802624657049f96ea7"},"description":"Balsam do cia\u0142a z kofein\u0105 jest przeznaczony do codziennej piel\u0119gnacji ka\u017cdego rodzaju sk\u00f3ry. Doskonale nawil\u017ca, zmi\u0119kcza i wyg\u0142adza.","breadcrumb":{"@id":"https:\/\/www.skarbieclynia.pl\/index.php\/2022\/03\/18\/balsam-do-ciala-z-kofeina-nawilzanie-regeneracja-ujedrnianie\/#breadcrumb"},"inLanguage":"pl-PL","potentialAction":[{"@type":"ReadAction","target":["https:\/\/www.skarbieclynia.pl\/index.php\/2022\/03\/18\/balsam-do-ciala-z-kofeina-nawilzanie-regeneracja-ujedrnianie\/"]}]},{"@type":"BreadcrumbList","@id":"https:\/\/www.skarbieclynia.pl\/index.php\/2022\/03\/18\/balsam-do-ciala-z-kofeina-nawilzanie-regeneracja-ujedrnianie\/#breadcrumb","itemListElement":[{"@type":"ListItem","position":1,"name":"Strona g\u0142\u00f3wna","item":"https:\/\/www.skarbieclynia.pl\/"},{"@type":"ListItem","position":2,"name":"Balsam do cia\u0142a z kofein\u0105"}]},{"@type":"Person","@id":"https:\/\/www.skarbieclynia.pl\/#\/schema\/person\/b0edc7ec30f216802624657049f96ea7","name":"Barbara Lach","image":{"@type":"ImageObject","@id":"https:\/\/www.skarbieclynia.pl\/#personlogo","inLanguage":"pl-PL","url":"https:\/\/secure.gravatar.com\/avatar\/c4c773f611ad4e9e57b07f691d29ac8c?s=96&d=mm&r=g","contentUrl":"https:\/\/secure.gravatar.com\/avatar\/c4c773f611ad4e9e57b07f691d29ac8c?s=96&d=mm&r=g","caption":"Barbara Lach"},"description":"Redaktor naczelna Skarbca, Graphic Designer i Manager dzia\u0142u marketingu e-naturalne. Prywatnie mi\u0142o\u015bniczka kot\u00f3w i dobrego jedzenia.","url":"https:\/\/www.skarbieclynia.pl\/index.php\/author\/benia\/"}]}},"_links":{"self":[{"href":"https:\/\/www.skarbieclynia.pl\/index.php\/wp-json\/wp\/v2\/posts\/4045"}],"collection":[{"href":"https:\/\/www.skarbieclynia.pl\/index.php\/wp-json\/wp\/v2\/posts"}],"about":[{"href":"https:\/\/www.skarbieclynia.pl\/index.php\/wp-json\/wp\/v2\/types\/post"}],"author":[{"embeddable":true,"href":"https:\/\/www.skarbieclynia.pl\/index.php\/wp-json\/wp\/v2\/users\/3"}],"replies":[{"embeddable":true,"href":"https:\/\/www.skarbieclynia.pl\/index.php\/wp-json\/wp\/v2\/comments?post=4045"}],"version-history":[{"count":4,"href":"https:\/\/www.skarbieclynia.pl\/index.php\/wp-json\/wp\/v2\/posts\/4045\/revisions"}],"predecessor-version":[{"id":5630,"href":"https:\/\/www.skarbieclynia.pl\/index.php\/wp-json\/wp\/v2\/posts\/4045\/revisions\/5630"}],"wp:featuredmedia":[{"embeddable":true,"href":"https:\/\/www.skarbieclynia.pl\/index.php\/wp-json\/wp\/v2\/media\/3386"}],"wp:attachment":[{"href":"https:\/\/www.skarbieclynia.pl\/index.php\/wp-json\/wp\/v2\/media?parent=4045"}],"wp:term":[{"taxonomy":"category","embeddable":true,"href":"https:\/\/www.skarbieclynia.pl\/index.php\/wp-json\/wp\/v2\/categories?post=4045"},{"taxonomy":"post_tag","embeddable":true,"href":"https:\/\/www.skarbieclynia.pl\/index.php\/wp-json\/wp\/v2\/tags?post=4045"}],"curies":[{"name":"wp","href":"https:\/\/api.w.org\/{rel}","templated":true}]}}