{"id":3809,"date":"2022-03-17T14:38:02","date_gmt":"2022-03-17T13:38:02","guid":{"rendered":"https:\/\/e-naturalne.home.pl\/autoinstalator\/wordpressplugins1\/?p=3809"},"modified":"2022-04-07T15:41:34","modified_gmt":"2022-04-07T13:41:34","slug":"tonik-nawilzajaco-zluszczajacy-z-kwasem-migdalowym-i-glukonolaktonem","status":"publish","type":"post","link":"https:\/\/www.skarbieclynia.pl\/index.php\/2022\/03\/17\/tonik-nawilzajaco-zluszczajacy-z-kwasem-migdalowym-i-glukonolaktonem\/","title":{"rendered":"Tonik \u017celowy nawil\u017caj\u0105co-z\u0142uszczaj\u0105cy z kwasem migda\u0142owym i glukonolaktonem"},"content":{"rendered":"\n<p><strong>Tonik \u017celowy nawil\u017caj\u0105co-z\u0142uszczaj\u0105cy<\/strong>\u00a0<strong>z kwasem migda\u0142owym oraz glukonolaktonem\u00a0<\/strong>marki Lynia to kosmetyk polecany do codziennej piel\u0119gnacji sk\u00f3ry wymagaj\u0105cej oczyszczenia, od\u015bwie\u017cenia i rozja\u015bnienia. Dzi\u0119ki sk\u0142adnikom aktywnym poprawia koloryt cery, reguluje wydzielanie sebum oraz delikatnie peelinguje. Sprawia, \u017ce sk\u00f3ra jest od\u015bwie\u017cona, promienna. \u0141agodna \u017celowa formu\u0142a i wygodne opakowanie z pompk\u0105 u\u0142atwiaj\u0105 aplikacj\u0119.<\/p>\n\n\n\n<p><a href=\"https:\/\/www.skarbieclynia.pl\/wp-admin\/edit.php?post_type=post\"><\/a><\/p>\n\n\n\n<p><strong><a href=\"https:\/\/www.skarbieclynia.pl\/index.php\/2022\/03\/17\/kwas-migdalowy-2\/\">Kwas migda\u0142owy<\/a><\/strong><\/p>\n\n\n\n<p><a href=\"https:\/\/www.skarbieclynia.pl\/index.php\/2022\/03\/21\/glukonolakton\/\"><strong>Glukonolakton<\/strong>\u00a0<\/a><\/p>\n\n\n\n<p><strong><a href=\"https:\/\/www.skarbieclynia.pl\/index.php\/2022\/03\/17\/kwas-hialuronowy\/\">Kwas hialuronowy<\/a><\/strong><\/p>\n\n\n\n<p><a href=\"https:\/\/www.skarbieclynia.pl\/index.php\/2022\/04\/04\/witamina-b5-d-pantenol-75\/\"><strong>D-Pantenol<\/strong>\u00a0<\/a><\/p>\n\n\n\n<p><a href=\"https:\/\/www.skarbieclynia.pl\/index.php\/2022\/04\/04\/witamina-b3-niacynamid\/\"><strong>Niacynamid 2%<\/strong><\/a><\/p>\n\n\n\n<h3> <strong>INCI:<\/strong> <\/h3>\n\n\n\n<p><em>Aqua, Mandelic Acid, Gluconolactone, Niacinamide, Panthenol, Sodium Hyaluronate, Sodium PCA, Glucose, Urea, Glutamic Acid, Lysine, Glycine, Allantoin, Lactic Acid, Propylene Glycol, Phenoxyethanol, Ethylhexylglycerin, Potassium Sorbate, Sodium Benzoate, Sodium Bicarbonate.<\/em> <\/p>\n\n\n\n<div class=\"wp-block-buttons is-content-justification-center\">\n<div class=\"wp-block-button has-custom-width wp-block-button__width-25 is-style-outline\"><a class=\"wp-block-button__link\" href=\"https:\/\/lynia.pl\/produkt\/tonik-zelowy-z-kwasem-migdalowym-5-oraz-glukonolaktonem-4\/\" style=\"border-radius:1px\" target=\"_blank\" rel=\"noreferrer noopener\"><span style=\"color:#ffffff\" class=\"tadv-color\"><span style=\"background-color:#ffffff\" class=\"tadv-background-color\"><span class=\"has-inline-color has-black-color\">Czytaj wi\u0119cej<\/span><\/span><\/span><\/a><\/div>\n<\/div>\n","protected":false},"excerpt":{"rendered":"<p>Tonik \u017celowy nawil\u017caj\u0105co-z\u0142uszczaj\u0105cy\u00a0z kwasem migda\u0142owym oraz glukonolaktonem\u00a0marki Lynia to kosmetyk polecany do codziennej piel\u0119gnacji sk\u00f3ry wymagaj\u0105cej oczyszczenia, od\u015bwie\u017cenia i rozja\u015bnienia. Dzi\u0119ki sk\u0142adnikom aktywnym poprawia koloryt cery, reguluje wydzielanie sebum oraz delikatnie peelinguje. Sprawia, \u017ce sk\u00f3ra jest od\u015bwie\u017cona, promienna. \u0141agodna \u017celowa formu\u0142a i wygodne opakowanie z pompk\u0105 u\u0142atwiaj\u0105 aplikacj\u0119. Kwas migda\u0142owy Glukonolakton\u00a0 Kwas hialuronowy D-Pantenol\u00a0 Niacynamid 2% INCI: Aqua, Mandelic Acid, Gluconolactone, Niacinamide, Panthenol, Sodium Hyaluronate, Sodium PCA, Glucose, Urea, Glutamic Acid, Lysine, Glycine, Allantoin, Lactic Acid, Propylene Glycol, Phenoxyethanol, Ethylhexylglycerin, Potassium Sorbate, Sodium Benzoate, Sodium Bicarbonate.<\/p>\n","protected":false},"author":3,"featured_media":3515,"comment_status":"closed","ping_status":"open","sticky":false,"template":"","format":"standard","meta":[],"categories":[108],"tags":[146,145,139,102,107,144,143,92,140,142,141],"acf":[],"yoast_head":"<!-- This site is optimized with the Yoast SEO plugin v17.9 - https:\/\/yoast.com\/wordpress\/plugins\/seo\/ -->\n<title>Skarbiec<\/title>\n<meta name=\"description\" content=\"Tonik \u017celowy nawil\u017caj\u0105co-z\u0142uszczaj\u0105cy dla sk\u00f3ry wymagaj\u0105cej oczyszczenia, od\u015bwie\u017cenia i rozja\u015bnienia. Reguluje wydzielanie sebum.\" \/>\n<meta name=\"robots\" content=\"index, follow, max-snippet:-1, max-image-preview:large, max-video-preview:-1\" \/>\n<link rel=\"canonical\" href=\"https:\/\/www.skarbieclynia.pl\/index.php\/2022\/03\/17\/tonik-nawilzajaco-zluszczajacy-z-kwasem-migdalowym-i-glukonolaktonem\/\" \/>\n<meta property=\"og:locale\" content=\"pl_PL\" \/>\n<meta property=\"og:type\" content=\"article\" \/>\n<meta property=\"og:title\" content=\"Tonik \u017celowy nawil\u017caj\u0105co-z\u0142uszczaj\u0105cy z kwasem migda\u0142owym i glukonolaktonem\" \/>\n<meta property=\"og:description\" content=\"Tonik \u017celowy nawil\u017caj\u0105co-z\u0142uszczaj\u0105cy dla sk\u00f3ry wymagaj\u0105cej oczyszczenia, od\u015bwie\u017cenia i rozja\u015bnienia. Reguluje wydzielanie sebum.\" \/>\n<meta property=\"og:url\" content=\"https:\/\/www.skarbieclynia.pl\/index.php\/2022\/03\/17\/tonik-nawilzajaco-zluszczajacy-z-kwasem-migdalowym-i-glukonolaktonem\/\" \/>\n<meta property=\"og:site_name\" content=\"Skarbiec\" \/>\n<meta property=\"article:published_time\" content=\"2022-03-17T13:38:02+00:00\" \/>\n<meta property=\"article:modified_time\" content=\"2022-04-07T13:41:34+00:00\" \/>\n<meta property=\"og:image\" content=\"https:\/\/www.skarbieclynia.pl\/wp-content\/uploads\/2022\/03\/zdjecie-lynia-tonik-zelowy-z-kwasem-migdalowym-i-glukonolaktonem-2.jpg\" \/>\n\t<meta property=\"og:image:width\" content=\"1000\" \/>\n\t<meta property=\"og:image:height\" content=\"1500\" \/>\n\t<meta property=\"og:image:type\" content=\"image\/jpeg\" \/>\n<meta name=\"twitter:card\" content=\"summary_large_image\" \/>\n<meta name=\"twitter:label1\" content=\"Napisane przez\" \/>\n\t<meta name=\"twitter:data1\" content=\"Barbara Lach\" \/>\n\t<meta name=\"twitter:label2\" content=\"Szacowany czas czytania\" \/>\n\t<meta name=\"twitter:data2\" content=\"1 minuta\" \/>\n<script type=\"application\/ld+json\" class=\"yoast-schema-graph\">{\"@context\":\"https:\/\/schema.org\",\"@graph\":[{\"@type\":\"WebSite\",\"@id\":\"https:\/\/www.skarbieclynia.pl\/#website\",\"url\":\"https:\/\/www.skarbieclynia.pl\/\",\"name\":\"Skarbiec\",\"description\":\"LYNIA\",\"potentialAction\":[{\"@type\":\"SearchAction\",\"target\":{\"@type\":\"EntryPoint\",\"urlTemplate\":\"https:\/\/www.skarbieclynia.pl\/?s={search_term_string}\"},\"query-input\":\"required name=search_term_string\"}],\"inLanguage\":\"pl-PL\"},{\"@type\":\"ImageObject\",\"@id\":\"https:\/\/www.skarbieclynia.pl\/index.php\/2022\/03\/17\/tonik-nawilzajaco-zluszczajacy-z-kwasem-migdalowym-i-glukonolaktonem\/#primaryimage\",\"inLanguage\":\"pl-PL\",\"url\":\"https:\/\/www.skarbieclynia.pl\/wp-content\/uploads\/2022\/03\/zdjecie-lynia-tonik-zelowy-z-kwasem-migdalowym-i-glukonolaktonem-2.jpg\",\"contentUrl\":\"https:\/\/www.skarbieclynia.pl\/wp-content\/uploads\/2022\/03\/zdjecie-lynia-tonik-zelowy-z-kwasem-migdalowym-i-glukonolaktonem-2.jpg\",\"width\":1000,\"height\":1500,\"caption\":\"tonik-nawilzajaco-zluszczajacy.jpg\"},{\"@type\":\"WebPage\",\"@id\":\"https:\/\/www.skarbieclynia.pl\/index.php\/2022\/03\/17\/tonik-nawilzajaco-zluszczajacy-z-kwasem-migdalowym-i-glukonolaktonem\/#webpage\",\"url\":\"https:\/\/www.skarbieclynia.pl\/index.php\/2022\/03\/17\/tonik-nawilzajaco-zluszczajacy-z-kwasem-migdalowym-i-glukonolaktonem\/\",\"name\":\"Tonik \\u017celowy nawil\\u017caj\\u0105co-z\\u0142uszczaj\\u0105cy z kwasem migda\\u0142owym i glukonolaktonem\",\"isPartOf\":{\"@id\":\"https:\/\/www.skarbieclynia.pl\/#website\"},\"primaryImageOfPage\":{\"@id\":\"https:\/\/www.skarbieclynia.pl\/index.php\/2022\/03\/17\/tonik-nawilzajaco-zluszczajacy-z-kwasem-migdalowym-i-glukonolaktonem\/#primaryimage\"},\"datePublished\":\"2022-03-17T13:38:02+00:00\",\"dateModified\":\"2022-04-07T13:41:34+00:00\",\"author\":{\"@id\":\"https:\/\/www.skarbieclynia.pl\/#\/schema\/person\/b0edc7ec30f216802624657049f96ea7\"},\"description\":\"Tonik \\u017celowy nawil\\u017caj\\u0105co-z\\u0142uszczaj\\u0105cy dla sk\\u00f3ry wymagaj\\u0105cej oczyszczenia, od\\u015bwie\\u017cenia i rozja\\u015bnienia. Reguluje wydzielanie sebum.\",\"breadcrumb\":{\"@id\":\"https:\/\/www.skarbieclynia.pl\/index.php\/2022\/03\/17\/tonik-nawilzajaco-zluszczajacy-z-kwasem-migdalowym-i-glukonolaktonem\/#breadcrumb\"},\"inLanguage\":\"pl-PL\",\"potentialAction\":[{\"@type\":\"ReadAction\",\"target\":[\"https:\/\/www.skarbieclynia.pl\/index.php\/2022\/03\/17\/tonik-nawilzajaco-zluszczajacy-z-kwasem-migdalowym-i-glukonolaktonem\/\"]}]},{\"@type\":\"BreadcrumbList\",\"@id\":\"https:\/\/www.skarbieclynia.pl\/index.php\/2022\/03\/17\/tonik-nawilzajaco-zluszczajacy-z-kwasem-migdalowym-i-glukonolaktonem\/#breadcrumb\",\"itemListElement\":[{\"@type\":\"ListItem\",\"position\":1,\"name\":\"Strona g\\u0142\\u00f3wna\",\"item\":\"https:\/\/www.skarbieclynia.pl\/\"},{\"@type\":\"ListItem\",\"position\":2,\"name\":\"Tonik \\u017celowy nawil\\u017caj\\u0105co-z\\u0142uszczaj\\u0105cy z kwasem migda\\u0142owym i glukonolaktonem\"}]},{\"@type\":\"Person\",\"@id\":\"https:\/\/www.skarbieclynia.pl\/#\/schema\/person\/b0edc7ec30f216802624657049f96ea7\",\"name\":\"Barbara Lach\",\"image\":{\"@type\":\"ImageObject\",\"@id\":\"https:\/\/www.skarbieclynia.pl\/#personlogo\",\"inLanguage\":\"pl-PL\",\"url\":\"https:\/\/secure.gravatar.com\/avatar\/c4c773f611ad4e9e57b07f691d29ac8c?s=96&d=mm&r=g\",\"contentUrl\":\"https:\/\/secure.gravatar.com\/avatar\/c4c773f611ad4e9e57b07f691d29ac8c?s=96&d=mm&r=g\",\"caption\":\"Barbara Lach\"},\"description\":\"Redaktor naczelna Skarbca, Graphic Designer i Manager dzia\\u0142u marketingu e-naturalne. Prywatnie mi\\u0142o\\u015bniczka kot\\u00f3w i dobrego jedzenia.\",\"url\":\"https:\/\/www.skarbieclynia.pl\/index.php\/author\/benia\/\"}]}<\/script>\n<!-- \/ Yoast SEO plugin. -->","yoast_head_json":{"title":"Skarbiec","description":"Tonik \u017celowy nawil\u017caj\u0105co-z\u0142uszczaj\u0105cy dla sk\u00f3ry wymagaj\u0105cej oczyszczenia, od\u015bwie\u017cenia i rozja\u015bnienia. Reguluje wydzielanie sebum.","robots":{"index":"index","follow":"follow","max-snippet":"max-snippet:-1","max-image-preview":"max-image-preview:large","max-video-preview":"max-video-preview:-1"},"canonical":"https:\/\/www.skarbieclynia.pl\/index.php\/2022\/03\/17\/tonik-nawilzajaco-zluszczajacy-z-kwasem-migdalowym-i-glukonolaktonem\/","og_locale":"pl_PL","og_type":"article","og_title":"Tonik \u017celowy nawil\u017caj\u0105co-z\u0142uszczaj\u0105cy z kwasem migda\u0142owym i glukonolaktonem","og_description":"Tonik \u017celowy nawil\u017caj\u0105co-z\u0142uszczaj\u0105cy dla sk\u00f3ry wymagaj\u0105cej oczyszczenia, od\u015bwie\u017cenia i rozja\u015bnienia. Reguluje wydzielanie sebum.","og_url":"https:\/\/www.skarbieclynia.pl\/index.php\/2022\/03\/17\/tonik-nawilzajaco-zluszczajacy-z-kwasem-migdalowym-i-glukonolaktonem\/","og_site_name":"Skarbiec","article_published_time":"2022-03-17T13:38:02+00:00","article_modified_time":"2022-04-07T13:41:34+00:00","og_image":[{"width":1000,"height":1500,"url":"https:\/\/www.skarbieclynia.pl\/wp-content\/uploads\/2022\/03\/zdjecie-lynia-tonik-zelowy-z-kwasem-migdalowym-i-glukonolaktonem-2.jpg","type":"image\/jpeg"}],"twitter_card":"summary_large_image","twitter_misc":{"Napisane przez":"Barbara Lach","Szacowany czas czytania":"1 minuta"},"schema":{"@context":"https:\/\/schema.org","@graph":[{"@type":"WebSite","@id":"https:\/\/www.skarbieclynia.pl\/#website","url":"https:\/\/www.skarbieclynia.pl\/","name":"Skarbiec","description":"LYNIA","potentialAction":[{"@type":"SearchAction","target":{"@type":"EntryPoint","urlTemplate":"https:\/\/www.skarbieclynia.pl\/?s={search_term_string}"},"query-input":"required name=search_term_string"}],"inLanguage":"pl-PL"},{"@type":"ImageObject","@id":"https:\/\/www.skarbieclynia.pl\/index.php\/2022\/03\/17\/tonik-nawilzajaco-zluszczajacy-z-kwasem-migdalowym-i-glukonolaktonem\/#primaryimage","inLanguage":"pl-PL","url":"https:\/\/www.skarbieclynia.pl\/wp-content\/uploads\/2022\/03\/zdjecie-lynia-tonik-zelowy-z-kwasem-migdalowym-i-glukonolaktonem-2.jpg","contentUrl":"https:\/\/www.skarbieclynia.pl\/wp-content\/uploads\/2022\/03\/zdjecie-lynia-tonik-zelowy-z-kwasem-migdalowym-i-glukonolaktonem-2.jpg","width":1000,"height":1500,"caption":"tonik-nawilzajaco-zluszczajacy.jpg"},{"@type":"WebPage","@id":"https:\/\/www.skarbieclynia.pl\/index.php\/2022\/03\/17\/tonik-nawilzajaco-zluszczajacy-z-kwasem-migdalowym-i-glukonolaktonem\/#webpage","url":"https:\/\/www.skarbieclynia.pl\/index.php\/2022\/03\/17\/tonik-nawilzajaco-zluszczajacy-z-kwasem-migdalowym-i-glukonolaktonem\/","name":"Tonik \u017celowy nawil\u017caj\u0105co-z\u0142uszczaj\u0105cy z kwasem migda\u0142owym i glukonolaktonem","isPartOf":{"@id":"https:\/\/www.skarbieclynia.pl\/#website"},"primaryImageOfPage":{"@id":"https:\/\/www.skarbieclynia.pl\/index.php\/2022\/03\/17\/tonik-nawilzajaco-zluszczajacy-z-kwasem-migdalowym-i-glukonolaktonem\/#primaryimage"},"datePublished":"2022-03-17T13:38:02+00:00","dateModified":"2022-04-07T13:41:34+00:00","author":{"@id":"https:\/\/www.skarbieclynia.pl\/#\/schema\/person\/b0edc7ec30f216802624657049f96ea7"},"description":"Tonik \u017celowy nawil\u017caj\u0105co-z\u0142uszczaj\u0105cy dla sk\u00f3ry wymagaj\u0105cej oczyszczenia, od\u015bwie\u017cenia i rozja\u015bnienia. Reguluje wydzielanie sebum.","breadcrumb":{"@id":"https:\/\/www.skarbieclynia.pl\/index.php\/2022\/03\/17\/tonik-nawilzajaco-zluszczajacy-z-kwasem-migdalowym-i-glukonolaktonem\/#breadcrumb"},"inLanguage":"pl-PL","potentialAction":[{"@type":"ReadAction","target":["https:\/\/www.skarbieclynia.pl\/index.php\/2022\/03\/17\/tonik-nawilzajaco-zluszczajacy-z-kwasem-migdalowym-i-glukonolaktonem\/"]}]},{"@type":"BreadcrumbList","@id":"https:\/\/www.skarbieclynia.pl\/index.php\/2022\/03\/17\/tonik-nawilzajaco-zluszczajacy-z-kwasem-migdalowym-i-glukonolaktonem\/#breadcrumb","itemListElement":[{"@type":"ListItem","position":1,"name":"Strona g\u0142\u00f3wna","item":"https:\/\/www.skarbieclynia.pl\/"},{"@type":"ListItem","position":2,"name":"Tonik \u017celowy nawil\u017caj\u0105co-z\u0142uszczaj\u0105cy z kwasem migda\u0142owym i glukonolaktonem"}]},{"@type":"Person","@id":"https:\/\/www.skarbieclynia.pl\/#\/schema\/person\/b0edc7ec30f216802624657049f96ea7","name":"Barbara Lach","image":{"@type":"ImageObject","@id":"https:\/\/www.skarbieclynia.pl\/#personlogo","inLanguage":"pl-PL","url":"https:\/\/secure.gravatar.com\/avatar\/c4c773f611ad4e9e57b07f691d29ac8c?s=96&d=mm&r=g","contentUrl":"https:\/\/secure.gravatar.com\/avatar\/c4c773f611ad4e9e57b07f691d29ac8c?s=96&d=mm&r=g","caption":"Barbara Lach"},"description":"Redaktor naczelna Skarbca, Graphic Designer i Manager dzia\u0142u marketingu e-naturalne. Prywatnie mi\u0142o\u015bniczka kot\u00f3w i dobrego jedzenia.","url":"https:\/\/www.skarbieclynia.pl\/index.php\/author\/benia\/"}]}},"_links":{"self":[{"href":"https:\/\/www.skarbieclynia.pl\/index.php\/wp-json\/wp\/v2\/posts\/3809"}],"collection":[{"href":"https:\/\/www.skarbieclynia.pl\/index.php\/wp-json\/wp\/v2\/posts"}],"about":[{"href":"https:\/\/www.skarbieclynia.pl\/index.php\/wp-json\/wp\/v2\/types\/post"}],"author":[{"embeddable":true,"href":"https:\/\/www.skarbieclynia.pl\/index.php\/wp-json\/wp\/v2\/users\/3"}],"replies":[{"embeddable":true,"href":"https:\/\/www.skarbieclynia.pl\/index.php\/wp-json\/wp\/v2\/comments?post=3809"}],"version-history":[{"count":6,"href":"https:\/\/www.skarbieclynia.pl\/index.php\/wp-json\/wp\/v2\/posts\/3809\/revisions"}],"predecessor-version":[{"id":5594,"href":"https:\/\/www.skarbieclynia.pl\/index.php\/wp-json\/wp\/v2\/posts\/3809\/revisions\/5594"}],"wp:featuredmedia":[{"embeddable":true,"href":"https:\/\/www.skarbieclynia.pl\/index.php\/wp-json\/wp\/v2\/media\/3515"}],"wp:attachment":[{"href":"https:\/\/www.skarbieclynia.pl\/index.php\/wp-json\/wp\/v2\/media?parent=3809"}],"wp:term":[{"taxonomy":"category","embeddable":true,"href":"https:\/\/www.skarbieclynia.pl\/index.php\/wp-json\/wp\/v2\/categories?post=3809"},{"taxonomy":"post_tag","embeddable":true,"href":"https:\/\/www.skarbieclynia.pl\/index.php\/wp-json\/wp\/v2\/tags?post=3809"}],"curies":[{"name":"wp","href":"https:\/\/api.w.org\/{rel}","templated":true}]}}