{"id":3154,"date":"2022-03-15T12:34:30","date_gmt":"2022-03-15T11:34:30","guid":{"rendered":"https:\/\/e-naturalne.home.pl\/autoinstalator\/wordpressplugins1\/?p=3154"},"modified":"2022-03-16T10:50:20","modified_gmt":"2022-03-16T09:50:20","slug":"skora-sucha-bez-tajemnic-cz-i","status":"publish","type":"post","link":"https:\/\/www.skarbieclynia.pl\/index.php\/2022\/03\/15\/skora-sucha-bez-tajemnic-cz-i\/","title":{"rendered":"Sk\u00f3ra sucha bez tajemnic cz. I"},"content":{"rendered":"\n<p class=\"has-drop-cap\">Czy wiesz,&nbsp;<strong>jak rozpozna\u0107 sw\u00f3j typ cery<\/strong>? Jego okre\u015blenie pozwoli Ci na znalezienie takich sk\u0142adnik\u00f3w i substancji aktywnych, kt\u00f3re najlepiej spe\u0142ni\u0105 jej potrzeby. Dzi\u0119ki temu b\u0119dzie mo\u017cna bez problemu dobra\u0107 najlepsze kosmetyki \u2013 pomog\u0105 Ci one w utrzymaniu od\u017cywionej, j\u0119drnej i pozbawionej niedoskona\u0142o\u015bci sk\u00f3ry.&nbsp;<strong>Piel\u0119gnacja sk\u00f3ry suchej&nbsp;<\/strong>opiera si\u0119 przede wszystkim na nawil\u017ceniu oraz dog\u0142\u0119bnej regeneracji. Czy wiesz, jak dobra\u0107 odpowiednie kosmetyki?<\/p>\n\n\n\n<h2>Co sprawia, \u017ce okre\u015blamy typ sk\u00f3ry mianem suchej?<\/h2>\n\n\n\n<p>Aby&nbsp;<strong>okre\u015bli\u0107 typ cery<\/strong>, w pierwszej kolejno\u015bci zwr\u00f3\u0107 uwag\u0119 na to, ile sebum wydziela Twoja sk\u00f3ra. Dok\u0142adnie obserwuj swoj\u0105 twarz i odpowiedz sobie na kilka pyta\u0144:<\/p>\n\n\n\n<div class=\"wp-block-media-text has-media-on-the-right is-stacked-on-mobile\"><figure class=\"wp-block-media-text__media\"><img loading=\"lazy\" width=\"1024\" height=\"683\" src=\"https:\/\/e-naturalne.home.pl\/autoinstalator\/wordpressplugins1\/wp-content\/uploads\/2022\/03\/shutterstock_1836442336-1024x683.jpg\" alt=\"skora-sucha.jpg\" class=\"wp-image-3156 size-full\" srcset=\"https:\/\/www.skarbieclynia.pl\/wp-content\/uploads\/2022\/03\/shutterstock_1836442336-1024x683.jpg 1024w, https:\/\/www.skarbieclynia.pl\/wp-content\/uploads\/2022\/03\/shutterstock_1836442336-300x200.jpg 300w, https:\/\/www.skarbieclynia.pl\/wp-content\/uploads\/2022\/03\/shutterstock_1836442336-768x512.jpg 768w, https:\/\/www.skarbieclynia.pl\/wp-content\/uploads\/2022\/03\/shutterstock_1836442336-1536x1024.jpg 1536w, https:\/\/www.skarbieclynia.pl\/wp-content\/uploads\/2022\/03\/shutterstock_1836442336-2048x1365.jpg 2048w, https:\/\/www.skarbieclynia.pl\/wp-content\/uploads\/2022\/03\/shutterstock_1836442336-720x480.jpg 720w, https:\/\/www.skarbieclynia.pl\/wp-content\/uploads\/2022\/03\/shutterstock_1836442336-480x320.jpg 480w\" sizes=\"(max-width: 1024px) 100vw, 1024px\" \/><\/figure><div class=\"wp-block-media-text__content\">\n<ul><li>Czy po przebudzeniu zauwa\u017casz t\u0142ust\u0105 warstewk\u0119 na nosie lub brodzie?<\/li><li>Po umyciu twarzy \u017celem oczyszczaj\u0105cym cz\u0119sto masz&nbsp;<strong>uczucie \u015bci\u0105gni\u0119cia<\/strong>?<\/li><li>Czy zdarzaj\u0105 si\u0119 dni, gdy na swojej cerze zauwa\u017casz suche, \u0142uszcz\u0105ce si\u0119 miejsca?<\/li><li>Zbli\u017caj\u0105c twarz do lustra, widzisz, \u017ce powierzchnia sk\u00f3ry jest zwarta i napi\u0119ta, a pory nie s\u0105 rozszerzone?<\/li><li>Czy ciemne zask\u00f3rniki w centralnej cz\u0119\u015bci twarzy pojawiaj\u0105 si\u0119 sporadycznie lub wcale?<\/li><li>Czy wypryski i stany zapalne zdarzaj\u0105 Ci si\u0119 bardzo rzadko (najcz\u0119\u015bciej w czasie menstruacji)?<\/li><\/ul>\n<\/div><\/div>\n\n\n\n<p><meta charset=\"utf-8\">Je\u015bli na wi\u0119kszo\u015b\u0107 powy\u017cszych pyta\u0144 mo\u017cesz odpowiedzie\u0107 twierdz\u0105co, oznacza to, \u017ce prawdopodobnie&nbsp;<strong>Twoja sk\u00f3ra<\/strong> <strong>jest sucha<\/strong>.<\/p>\n\n\n\n<h2><meta charset=\"utf-8\">Dwuetapowe okre\u015blenie typu cery<\/h2>\n\n\n\n<div class=\"wp-block-media-text is-stacked-on-mobile\" style=\"grid-template-columns:48% auto\"><figure class=\"wp-block-media-text__media\"><img loading=\"lazy\" width=\"1024\" height=\"683\" src=\"https:\/\/e-naturalne.home.pl\/autoinstalator\/wordpressplugins1\/wp-content\/uploads\/2022\/03\/shutterstock_594499196-1024x683.jpg\" alt=\"\" class=\"wp-image-3159 size-full\" srcset=\"https:\/\/www.skarbieclynia.pl\/wp-content\/uploads\/2022\/03\/shutterstock_594499196-1024x683.jpg 1024w, https:\/\/www.skarbieclynia.pl\/wp-content\/uploads\/2022\/03\/shutterstock_594499196-300x200.jpg 300w, https:\/\/www.skarbieclynia.pl\/wp-content\/uploads\/2022\/03\/shutterstock_594499196-768x512.jpg 768w, https:\/\/www.skarbieclynia.pl\/wp-content\/uploads\/2022\/03\/shutterstock_594499196-1536x1024.jpg 1536w, https:\/\/www.skarbieclynia.pl\/wp-content\/uploads\/2022\/03\/shutterstock_594499196-2048x1366.jpg 2048w, https:\/\/www.skarbieclynia.pl\/wp-content\/uploads\/2022\/03\/shutterstock_594499196-720x480.jpg 720w, https:\/\/www.skarbieclynia.pl\/wp-content\/uploads\/2022\/03\/shutterstock_594499196-480x320.jpg 480w\" sizes=\"(max-width: 1024px) 100vw, 1024px\" \/><\/figure><div class=\"wp-block-media-text__content\">\n<p>Pami\u0119taj, \u017ce wsp\u00f3\u0142czesna dermatologia oraz kosmetologia zak\u0142adaj\u0105 dwustopniowe&nbsp;<strong>okre\u015blenie typu sk\u00f3ry<\/strong>. Pierwszy krok ju\u017c za Tob\u0105! Drugi etap nawi\u0105zuje do innych cech charakterystycznych oraz niedoskona\u0142o\u015bci, z kt\u00f3rymi borykasz si\u0119 na co dzie\u0144. Je\u015bli Twoja cera jest sucha, mo\u017cesz mie\u0107 do czynienia z poni\u017cszymi problemami:<\/p>\n\n\n\n<ul><li>sk\u0142onno\u015b\u0107 do odwodnienia,<\/li><li>p\u0142ytkie unaczynienie,<\/li><li>oznaki starzenia,<\/li><li>sk\u0142onno\u015b\u0107 do przebarwie\u0144,<\/li><li>wra\u017cliwo\u015b\u0107 na temperatur\u0119.<\/li><\/ul>\n<\/div><\/div>\n\n\n\n<p>Warto pami\u0119ta\u0107, \u017ce na przestrzeni lat typ sk\u00f3ry mo\u017ce ulega\u0107 zmianie.&nbsp;<strong>Sk\u00f3ra sucha nabyta<\/strong>&nbsp;mo\u017ce by\u0107 spowodowana przyjmowanymi lekami (np. przeciwtr\u0105dzikowymi), zabiegami dermatologicznymi lub intensywnymi kuracjami kosmetycznymi.<\/p>\n\n\n\n<p>Sk\u00f3ra sucha mo\u017ce r\u00f3wnie\u017c&nbsp; wyst\u0119powa\u0107 tylko w obr\u0119bie danej partii twarzy \u2013 na przyk\u0142ad na policzkach, skroniach czy wok\u00f3\u0142 ust. Jednocze\u015bnie<strong>&nbsp;strefa T<\/strong>&nbsp;(czo\u0142o, nos, broda) mog\u0105 si\u0119 przet\u0142uszcza\u0107 i charakteryzowa\u0107 rozszerzonymi porami \u2013 to&nbsp;<a href=\"https:\/\/e-naturalne.pl\/pl\/n\/category\/cera-mieszana\/19\">typ cery mieszanej<\/a>.<\/p>\n\n\n\n<h2>Jakich substancji szuka\u0107 w kosmetykach do sk\u00f3ry suchej?<\/h2>\n\n\n\n<p>Najwi\u0119kszym wyzwaniem jest dostarczenie sk\u00f3rze odpowiednich substancji, kt\u00f3re dog\u0142\u0119bnie j\u0105 zregeneruj\u0105, nawil\u017c\u0105 oraz&nbsp;<strong>zapobiegn\u0105 przesuszaniu<\/strong>&nbsp;w przysz\u0142o\u015bci. Dobrze dopasowane sk\u0142adniki aktywne przywr\u00f3c\u0105 komfort i sprawi\u0105, \u017ce Twoja sk\u00f3ra b\u0119dzie j\u0119drna, elastyczna oraz pe\u0142na zdrowego blasku. Substancje, kt\u00f3re powinny zawiera\u0107&nbsp;<strong>kosmetyki do piel\u0119gnacji cery suchej<\/strong>, to mi\u0119dzy innymi:<\/p>\n\n\n\n<ul><li><a href=\"https:\/\/sklep889583.shoparena.pl\/pl\/p\/Kwas-hialuronowy-4D-Power-Moisturizing\/2095\">kwas hialuronowy<\/a>, a najlepiej ten, kt\u00f3ry dzia\u0142a\u0107 b\u0119dzie na r\u00f3\u017cnych warstwach sk\u00f3ry tj.&nbsp;<a href=\"https:\/\/e-naturalne.pl\/pl\/p\/Kwas-hialuronowy-4D-Power-Moisturizing\/2095\">4D Power Moisturizing<\/a>;<\/li><li>trehaloza \u2013 cukier, b\u0119d\u0105cy jednym z kluczowych sk\u0142adnik\u00f3w substancji&nbsp;<a href=\"https:\/\/e-naturalne.pl\/pl\/p\/Tri-Solve-ceramidy\/2229\">Tri-Solve\u00ae<\/a>;<\/li><li><a href=\"https:\/\/sklep889583.shoparena.pl\/pl\/p\/Hydromanil\/1184\">ekstrakt z tary \u2013 Hydromanil<\/a>&nbsp;\u2013 innowacyjny Sekwencyjny System Zaopatrywania sk\u00f3ry w ma\u0142e cz\u0105steczki substancji nawil\u017caj\u0105cych;<\/li><li><a href=\"https:\/\/sklep889583.shoparena.pl\/pl\/p\/Kolagen-hydrolizowany-z-dodatkiem-elastyny\/1231\">kolagen i elastyna<\/a>&nbsp;dla spr\u0119\u017cysto\u015bci i elastyczno\u015bci;<\/li><li><a href=\"https:\/\/e-naturalne.pl\/pl\/c\/Masla-i-oleje-zimnotloczone\/776\">oleje i mas\u0142a<\/a>&nbsp;(np. kakaowe, shea, olej arganowy, olej ze s\u0142odkich migda\u0142\u00f3w) czyli lipidy naturalnego pochodzenia;<\/li><li><a href=\"https:\/\/e-naturalne.pl\/pl\/p\/Lanolina-bezwodna\/1628\">lanolina<\/a>&nbsp;posiada bardzo wysok\u0105 zdolno\u015b\u0107 do absorpcji wody, wzmacnia funkcje barierowe nask\u00f3rka.&nbsp;Jej posta\u0107 jest dobrze tolerowana przez sk\u00f3r\u0119 \u2013 posiada du\u017c\u0105 zgodno\u015b\u0107 (powinowactwo) do naturalnego sk\u0142adu nask\u00f3rka;<\/li><li><a href=\"https:\/\/e-naturalne.pl\/pl\/p\/Wosk-pszczeli-zolty-naturalny\/2045\">wosk<\/a>&nbsp;i&nbsp;<a href=\"https:\/\/e-naturalne.pl\/pl\/p\/Mleczko-pszczele-ekstrakt\/1463\">mleczko pszczele<\/a>&nbsp;(w\u0119glowodany zawarte w mleczku, zapobiegaj\u0105 utracie wody, jednocze\u015bnie zmniejszaj\u0105c odwodnienie),<\/li><li><a href=\"https:\/\/e-naturalne.pl\/pl\/p\/Gliceryna-roslinna-Palm-Free-wolna-od-palmitynianow\/1200\">gliceryna<\/a>, swoje w\u0142a\u015bciwo\u015bci zawdzi\u0119cza bardzo ma\u0142ej cz\u0105steczce, przez co ma zdolno\u015b\u0107 wnikania w sk\u00f3r\u0119 bardzo g\u0142\u0119boko \u2013 dzi\u0119ki temu utrzymuje jej w\u0142a\u015bciwe nawil\u017cenie zar\u00f3wno na powierzchni jak i w warstwie rogowej;&nbsp;<\/li><li><a href=\"https:\/\/e-naturalne.pl\/pl\/p\/Mocznik\/1316\">mocznik<\/a>,&nbsp;jako substancja silnie higroskopijna, skutecznie wi\u0105\u017ce wod\u0119 w sk\u00f3rze oraz nie pozwala jej wyparowa\u0107;<\/li><li><a href=\"https:\/\/e-naturalne.pl\/pl\/p\/WITAMINA-B5-D-PANTENOL-75\/1198\">d-pantenol<\/a>, jest niezb\u0119dnym sk\u0142adnikiem do prawid\u0142owego funkcjonowania naszej sk\u00f3ry a jego niedob\u00f3r objawia si\u0119 nadmiernym \u0142uszczeniem nask\u00f3rka, rogowaceniem i depigmentacj\u0105. Wnikaj\u0105c bardzo g\u0142\u0119boko w sk\u00f3r\u0119, poprawia jej nawil\u017cenie, uj\u0119drnia i uelastycznia;<\/li><li><a href=\"https:\/\/e-naturalne.pl\/pl\/p\/Tri-Solve-ceramidy\/2229\">ceramidy<\/a>&nbsp;tj.&nbsp;<a href=\"https:\/\/e-naturalne.pl\/pl\/p\/Tri-Solve-ceramidy\/2229\">Tri-Solve\u00ae<\/a>&nbsp;\u2013 mieszanka cukr\u00f3w (trehaloza), fitosteroli oraz ceramid\u00f3w;<\/li><li><a href=\"https:\/\/e-naturalne.pl\/pl\/p\/Ekstrakt-z-aloesu-zatezony-10-krotnie-101\/1682\">aloes<\/a>&nbsp;\u2013&nbsp;jest ro\u015blin\u0105 wspomagaj\u0105c\u0105 regeneracj\u0119 nask\u00f3rka. Jego silne w\u0142a\u015bciwo\u015bci nawil\u017caj\u0105ce wp\u0142ywaj\u0105 na zwi\u0119kszenie elastyczno\u015bci i j\u0119drno\u015bci sk\u00f3ry, jednocze\u015bnie odbudowuj\u0105c jej barier\u0119 lipidow\u0105.&nbsp;<\/li><\/ul>\n","protected":false},"excerpt":{"rendered":"<p>Czy wiesz,&nbsp;jak rozpozna\u0107 sw\u00f3j typ cery? Jego okre\u015blenie pozwoli Ci na znalezienie takich sk\u0142adnik\u00f3w i substancji aktywnych, kt\u00f3re najlepiej spe\u0142ni\u0105 jej potrzeby. Dzi\u0119ki temu b\u0119dzie mo\u017cna bez problemu dobra\u0107 najlepsze kosmetyki \u2013 pomog\u0105 Ci one w utrzymaniu od\u017cywionej, j\u0119drnej i pozbawionej niedoskona\u0142o\u015bci sk\u00f3ry.&nbsp;Piel\u0119gnacja sk\u00f3ry suchej&nbsp;opiera si\u0119 przede wszystkim na nawil\u017ceniu oraz dog\u0142\u0119bnej regeneracji. Czy wiesz, jak dobra\u0107 odpowiednie kosmetyki? Co sprawia, \u017ce okre\u015blamy typ sk\u00f3ry mianem suchej? Aby&nbsp;okre\u015bli\u0107 typ cery, w pierwszej kolejno\u015bci zwr\u00f3\u0107 uwag\u0119 na to, ile sebum wydziela Twoja sk\u00f3ra. Dok\u0142adnie obserwuj swoj\u0105 twarz i odpowiedz sobie na kilka pyta\u0144: Czy po przebudzeniu zauwa\u017casz t\u0142ust\u0105 warstewk\u0119 na nosie<\/p>\n","protected":false},"author":5,"featured_media":3162,"comment_status":"closed","ping_status":"open","sticky":false,"template":"","format":"standard","meta":[],"categories":[16],"tags":[],"acf":[],"yoast_head":"<!-- This site is optimized with the Yoast SEO plugin v17.9 - https:\/\/yoast.com\/wordpress\/plugins\/seo\/ -->\n<title>Skarbiec<\/title>\n<meta name=\"description\" content=\"Sk\u00f3ra sucha- jej najwi\u0119kszym wyzwaniem jest dostarczenie odpowiednich substancji, kt\u00f3re dog\u0142\u0119bnie j\u0105 zregeneruj\u0105 i nawil\u017c\u0105.\" \/>\n<meta name=\"robots\" content=\"index, follow, max-snippet:-1, max-image-preview:large, max-video-preview:-1\" \/>\n<link rel=\"canonical\" href=\"https:\/\/www.skarbieclynia.pl\/index.php\/2022\/03\/15\/skora-sucha-bez-tajemnic-cz-i\/\" \/>\n<meta property=\"og:locale\" content=\"pl_PL\" \/>\n<meta property=\"og:type\" content=\"article\" \/>\n<meta property=\"og:title\" content=\"Sk\u00f3ra sucha bez tajemnic cz. I - Skarbiec\" \/>\n<meta property=\"og:description\" content=\"Sk\u00f3ra sucha- jej najwi\u0119kszym wyzwaniem jest dostarczenie odpowiednich substancji, kt\u00f3re dog\u0142\u0119bnie j\u0105 zregeneruj\u0105 i nawil\u017c\u0105.\" \/>\n<meta property=\"og:url\" content=\"https:\/\/www.skarbieclynia.pl\/index.php\/2022\/03\/15\/skora-sucha-bez-tajemnic-cz-i\/\" \/>\n<meta property=\"og:site_name\" content=\"Skarbiec\" \/>\n<meta property=\"article:published_time\" content=\"2022-03-15T11:34:30+00:00\" \/>\n<meta property=\"article:modified_time\" content=\"2022-03-16T09:50:20+00:00\" \/>\n<meta property=\"og:image\" content=\"https:\/\/www.skarbieclynia.pl\/wp-content\/uploads\/2022\/03\/10.jpg\" \/>\n\t<meta property=\"og:image:width\" content=\"1200\" \/>\n\t<meta property=\"og:image:height\" content=\"900\" \/>\n\t<meta property=\"og:image:type\" content=\"image\/jpeg\" \/>\n<meta name=\"twitter:card\" content=\"summary_large_image\" \/>\n<meta name=\"twitter:label1\" content=\"Napisane przez\" \/>\n\t<meta name=\"twitter:data1\" content=\"Agata Dobrzycka\" \/>\n\t<meta name=\"twitter:label2\" content=\"Szacowany czas czytania\" \/>\n\t<meta name=\"twitter:data2\" content=\"4 minuty\" \/>\n<script type=\"application\/ld+json\" class=\"yoast-schema-graph\">{\"@context\":\"https:\/\/schema.org\",\"@graph\":[{\"@type\":\"WebSite\",\"@id\":\"https:\/\/www.skarbieclynia.pl\/#website\",\"url\":\"https:\/\/www.skarbieclynia.pl\/\",\"name\":\"Skarbiec\",\"description\":\"LYNIA\",\"potentialAction\":[{\"@type\":\"SearchAction\",\"target\":{\"@type\":\"EntryPoint\",\"urlTemplate\":\"https:\/\/www.skarbieclynia.pl\/?s={search_term_string}\"},\"query-input\":\"required name=search_term_string\"}],\"inLanguage\":\"pl-PL\"},{\"@type\":\"ImageObject\",\"@id\":\"https:\/\/www.skarbieclynia.pl\/index.php\/2022\/03\/15\/skora-sucha-bez-tajemnic-cz-i\/#primaryimage\",\"inLanguage\":\"pl-PL\",\"url\":\"https:\/\/www.skarbieclynia.pl\/wp-content\/uploads\/2022\/03\/10.jpg\",\"contentUrl\":\"https:\/\/www.skarbieclynia.pl\/wp-content\/uploads\/2022\/03\/10.jpg\",\"width\":1200,\"height\":900,\"caption\":\"skora-sucha.jpg\"},{\"@type\":\"WebPage\",\"@id\":\"https:\/\/www.skarbieclynia.pl\/index.php\/2022\/03\/15\/skora-sucha-bez-tajemnic-cz-i\/#webpage\",\"url\":\"https:\/\/www.skarbieclynia.pl\/index.php\/2022\/03\/15\/skora-sucha-bez-tajemnic-cz-i\/\",\"name\":\"Sk\\u00f3ra sucha bez tajemnic cz. I - Skarbiec\",\"isPartOf\":{\"@id\":\"https:\/\/www.skarbieclynia.pl\/#website\"},\"primaryImageOfPage\":{\"@id\":\"https:\/\/www.skarbieclynia.pl\/index.php\/2022\/03\/15\/skora-sucha-bez-tajemnic-cz-i\/#primaryimage\"},\"datePublished\":\"2022-03-15T11:34:30+00:00\",\"dateModified\":\"2022-03-16T09:50:20+00:00\",\"author\":{\"@id\":\"https:\/\/www.skarbieclynia.pl\/#\/schema\/person\/0c1074c6b7a0e693c3ae945afb1b6325\"},\"description\":\"Sk\\u00f3ra sucha- jej najwi\\u0119kszym wyzwaniem jest dostarczenie odpowiednich substancji, kt\\u00f3re dog\\u0142\\u0119bnie j\\u0105 zregeneruj\\u0105 i nawil\\u017c\\u0105.\",\"breadcrumb\":{\"@id\":\"https:\/\/www.skarbieclynia.pl\/index.php\/2022\/03\/15\/skora-sucha-bez-tajemnic-cz-i\/#breadcrumb\"},\"inLanguage\":\"pl-PL\",\"potentialAction\":[{\"@type\":\"ReadAction\",\"target\":[\"https:\/\/www.skarbieclynia.pl\/index.php\/2022\/03\/15\/skora-sucha-bez-tajemnic-cz-i\/\"]}]},{\"@type\":\"BreadcrumbList\",\"@id\":\"https:\/\/www.skarbieclynia.pl\/index.php\/2022\/03\/15\/skora-sucha-bez-tajemnic-cz-i\/#breadcrumb\",\"itemListElement\":[{\"@type\":\"ListItem\",\"position\":1,\"name\":\"Strona g\\u0142\\u00f3wna\",\"item\":\"https:\/\/www.skarbieclynia.pl\/\"},{\"@type\":\"ListItem\",\"position\":2,\"name\":\"Sk\\u00f3ra sucha bez tajemnic cz. I\"}]},{\"@type\":\"Person\",\"@id\":\"https:\/\/www.skarbieclynia.pl\/#\/schema\/person\/0c1074c6b7a0e693c3ae945afb1b6325\",\"name\":\"Agata Dobrzycka\",\"image\":{\"@type\":\"ImageObject\",\"@id\":\"https:\/\/www.skarbieclynia.pl\/#personlogo\",\"inLanguage\":\"pl-PL\",\"url\":\"https:\/\/secure.gravatar.com\/avatar\/416f82305c48a2816b33191c1e28876d?s=96&d=mm&r=g\",\"contentUrl\":\"https:\/\/secure.gravatar.com\/avatar\/416f82305c48a2816b33191c1e28876d?s=96&d=mm&r=g\",\"caption\":\"Agata Dobrzycka\"},\"url\":\"https:\/\/www.skarbieclynia.pl\/index.php\/author\/agata\/\"}]}<\/script>\n<!-- \/ Yoast SEO plugin. -->","yoast_head_json":{"title":"Skarbiec","description":"Sk\u00f3ra sucha- jej najwi\u0119kszym wyzwaniem jest dostarczenie odpowiednich substancji, kt\u00f3re dog\u0142\u0119bnie j\u0105 zregeneruj\u0105 i nawil\u017c\u0105.","robots":{"index":"index","follow":"follow","max-snippet":"max-snippet:-1","max-image-preview":"max-image-preview:large","max-video-preview":"max-video-preview:-1"},"canonical":"https:\/\/www.skarbieclynia.pl\/index.php\/2022\/03\/15\/skora-sucha-bez-tajemnic-cz-i\/","og_locale":"pl_PL","og_type":"article","og_title":"Sk\u00f3ra sucha bez tajemnic cz. I - Skarbiec","og_description":"Sk\u00f3ra sucha- jej najwi\u0119kszym wyzwaniem jest dostarczenie odpowiednich substancji, kt\u00f3re dog\u0142\u0119bnie j\u0105 zregeneruj\u0105 i nawil\u017c\u0105.","og_url":"https:\/\/www.skarbieclynia.pl\/index.php\/2022\/03\/15\/skora-sucha-bez-tajemnic-cz-i\/","og_site_name":"Skarbiec","article_published_time":"2022-03-15T11:34:30+00:00","article_modified_time":"2022-03-16T09:50:20+00:00","og_image":[{"width":1200,"height":900,"url":"https:\/\/www.skarbieclynia.pl\/wp-content\/uploads\/2022\/03\/10.jpg","type":"image\/jpeg"}],"twitter_card":"summary_large_image","twitter_misc":{"Napisane przez":"Agata Dobrzycka","Szacowany czas czytania":"4 minuty"},"schema":{"@context":"https:\/\/schema.org","@graph":[{"@type":"WebSite","@id":"https:\/\/www.skarbieclynia.pl\/#website","url":"https:\/\/www.skarbieclynia.pl\/","name":"Skarbiec","description":"LYNIA","potentialAction":[{"@type":"SearchAction","target":{"@type":"EntryPoint","urlTemplate":"https:\/\/www.skarbieclynia.pl\/?s={search_term_string}"},"query-input":"required name=search_term_string"}],"inLanguage":"pl-PL"},{"@type":"ImageObject","@id":"https:\/\/www.skarbieclynia.pl\/index.php\/2022\/03\/15\/skora-sucha-bez-tajemnic-cz-i\/#primaryimage","inLanguage":"pl-PL","url":"https:\/\/www.skarbieclynia.pl\/wp-content\/uploads\/2022\/03\/10.jpg","contentUrl":"https:\/\/www.skarbieclynia.pl\/wp-content\/uploads\/2022\/03\/10.jpg","width":1200,"height":900,"caption":"skora-sucha.jpg"},{"@type":"WebPage","@id":"https:\/\/www.skarbieclynia.pl\/index.php\/2022\/03\/15\/skora-sucha-bez-tajemnic-cz-i\/#webpage","url":"https:\/\/www.skarbieclynia.pl\/index.php\/2022\/03\/15\/skora-sucha-bez-tajemnic-cz-i\/","name":"Sk\u00f3ra sucha bez tajemnic cz. I - Skarbiec","isPartOf":{"@id":"https:\/\/www.skarbieclynia.pl\/#website"},"primaryImageOfPage":{"@id":"https:\/\/www.skarbieclynia.pl\/index.php\/2022\/03\/15\/skora-sucha-bez-tajemnic-cz-i\/#primaryimage"},"datePublished":"2022-03-15T11:34:30+00:00","dateModified":"2022-03-16T09:50:20+00:00","author":{"@id":"https:\/\/www.skarbieclynia.pl\/#\/schema\/person\/0c1074c6b7a0e693c3ae945afb1b6325"},"description":"Sk\u00f3ra sucha- jej najwi\u0119kszym wyzwaniem jest dostarczenie odpowiednich substancji, kt\u00f3re dog\u0142\u0119bnie j\u0105 zregeneruj\u0105 i nawil\u017c\u0105.","breadcrumb":{"@id":"https:\/\/www.skarbieclynia.pl\/index.php\/2022\/03\/15\/skora-sucha-bez-tajemnic-cz-i\/#breadcrumb"},"inLanguage":"pl-PL","potentialAction":[{"@type":"ReadAction","target":["https:\/\/www.skarbieclynia.pl\/index.php\/2022\/03\/15\/skora-sucha-bez-tajemnic-cz-i\/"]}]},{"@type":"BreadcrumbList","@id":"https:\/\/www.skarbieclynia.pl\/index.php\/2022\/03\/15\/skora-sucha-bez-tajemnic-cz-i\/#breadcrumb","itemListElement":[{"@type":"ListItem","position":1,"name":"Strona g\u0142\u00f3wna","item":"https:\/\/www.skarbieclynia.pl\/"},{"@type":"ListItem","position":2,"name":"Sk\u00f3ra sucha bez tajemnic cz. I"}]},{"@type":"Person","@id":"https:\/\/www.skarbieclynia.pl\/#\/schema\/person\/0c1074c6b7a0e693c3ae945afb1b6325","name":"Agata Dobrzycka","image":{"@type":"ImageObject","@id":"https:\/\/www.skarbieclynia.pl\/#personlogo","inLanguage":"pl-PL","url":"https:\/\/secure.gravatar.com\/avatar\/416f82305c48a2816b33191c1e28876d?s=96&d=mm&r=g","contentUrl":"https:\/\/secure.gravatar.com\/avatar\/416f82305c48a2816b33191c1e28876d?s=96&d=mm&r=g","caption":"Agata Dobrzycka"},"url":"https:\/\/www.skarbieclynia.pl\/index.php\/author\/agata\/"}]}},"_links":{"self":[{"href":"https:\/\/www.skarbieclynia.pl\/index.php\/wp-json\/wp\/v2\/posts\/3154"}],"collection":[{"href":"https:\/\/www.skarbieclynia.pl\/index.php\/wp-json\/wp\/v2\/posts"}],"about":[{"href":"https:\/\/www.skarbieclynia.pl\/index.php\/wp-json\/wp\/v2\/types\/post"}],"author":[{"embeddable":true,"href":"https:\/\/www.skarbieclynia.pl\/index.php\/wp-json\/wp\/v2\/users\/5"}],"replies":[{"embeddable":true,"href":"https:\/\/www.skarbieclynia.pl\/index.php\/wp-json\/wp\/v2\/comments?post=3154"}],"version-history":[{"count":4,"href":"https:\/\/www.skarbieclynia.pl\/index.php\/wp-json\/wp\/v2\/posts\/3154\/revisions"}],"predecessor-version":[{"id":3217,"href":"https:\/\/www.skarbieclynia.pl\/index.php\/wp-json\/wp\/v2\/posts\/3154\/revisions\/3217"}],"wp:featuredmedia":[{"embeddable":true,"href":"https:\/\/www.skarbieclynia.pl\/index.php\/wp-json\/wp\/v2\/media\/3162"}],"wp:attachment":[{"href":"https:\/\/www.skarbieclynia.pl\/index.php\/wp-json\/wp\/v2\/media?parent=3154"}],"wp:term":[{"taxonomy":"category","embeddable":true,"href":"https:\/\/www.skarbieclynia.pl\/index.php\/wp-json\/wp\/v2\/categories?post=3154"},{"taxonomy":"post_tag","embeddable":true,"href":"https:\/\/www.skarbieclynia.pl\/index.php\/wp-json\/wp\/v2\/tags?post=3154"}],"curies":[{"name":"wp","href":"https:\/\/api.w.org\/{rel}","templated":true}]}}