{"id":3099,"date":"2022-03-15T10:37:28","date_gmt":"2022-03-15T09:37:28","guid":{"rendered":"https:\/\/e-naturalne.home.pl\/autoinstalator\/wordpressplugins1\/?p=3099"},"modified":"2022-03-16T10:50:40","modified_gmt":"2022-03-16T09:50:40","slug":"cera-sucha-bez-tajemnic-cz-ii","status":"publish","type":"post","link":"https:\/\/www.skarbieclynia.pl\/index.php\/2022\/03\/15\/cera-sucha-bez-tajemnic-cz-ii\/","title":{"rendered":"Cera sucha bez tajemnic cz. II"},"content":{"rendered":"\n<p class=\"has-drop-cap\"><strong>Piel\u0119gnacja cery suchej&nbsp;<\/strong>opiera si\u0119 przede wszystkim na nawil\u017ceniu oraz dog\u0142\u0119bnej regeneracji. Czy wiesz, jak dobra\u0107 odpowiednie kosmetyki? Poni\u017cszy wpis przybli\u017cy Ci produkty, kt\u00f3re najlepiej sprawdz\u0105 si\u0119 w piel\u0119gnacji&nbsp;sk\u00f3ry suchej. Odpowiedni dob\u00f3r i systematyczna piel\u0119gnacja b\u0119d\u0105 podstaw\u0105 poprawy nawil\u017cenia oraz utrzymania wody w g\u0142\u0119bokich warstwach sk\u00f3ry.&nbsp;<\/p>\n\n\n\n<h2>Przyk\u0142adowy schemat piel\u0119gnacji cery suchej.<\/h2>\n\n\n\n<p>Piel\u0119gnuj\u0105c such\u0105 sk\u00f3r\u0119 nad ranem, zacznij od&nbsp;<strong>delikatnego oczyszczeni<\/strong><strong>a<\/strong>&nbsp;\u2013 zanieczyszczenia gromadz\u0105 si\u0119 na niej nawet podczas snu. Nast\u0119pnie zapewnij jej ukojenie oraz nawil\u017cenie,&nbsp;<strong>niweluj\u0105c uczucie \u015bci\u0105gni\u0119cia<\/strong>. Najlepiej sprawdz\u0105 si\u0119:<\/p>\n\n\n\n<div class=\"wp-block-image\"><figure class=\"alignright size-full is-resized\"><img loading=\"lazy\" src=\"https:\/\/e-naturalne.home.pl\/autoinstalator\/wordpressplugins1\/wp-content\/uploads\/2022\/03\/shutterstock_559870471.jpg\" alt=\"cera-sucha.jpg\" class=\"wp-image-3139\" width=\"400\" height=\"280\"\/><\/figure><\/div>\n\n\n\n<ul><li>tonik \u017celowy lub mgie\u0142ka do&nbsp;od\u015bwie\u017cenia i tonizacji sk\u00f3ry,<\/li><li>serum lub booster z nawil\u017caj\u0105cymi substancjami aktywnymi,<\/li><li>krem na dzie\u0144, najlepiej w formie lekkiej emulsji lub hydro\u017celu,<\/li><li>krem z filtrem, kt\u00f3ry uchroni Twoj\u0105 sk\u00f3r\u0119 przed dzia\u0142aniem UV.<\/li><\/ul>\n\n\n\n<p><strong>Wieczorna piel\u0119gnacja sk\u00f3ry suchej<\/strong>&nbsp;powinna opiera\u0107 si\u0119 na dok\u0142adnym zmyciu makija\u017cu oraz sebum i zanieczyszcze\u0144 zbieraj\u0105cych si\u0119 na powierzchni przez ca\u0142y dzie\u0144. W tym przypadku najlepiej sprawdzi si\u0119 bogaty olejek do demakija\u017cu. Nast\u0119pnie postaw na takie kosmetyki jak:<\/p>\n\n\n\n<ul><li>delikatna pianka myj\u0105ca,<\/li><li>tonik \u017celowy lub mgie\u0142ka nawil\u017caj\u0105ca,<\/li><li>serum lub booster, kt\u00f3re wzmocni\u0105 od\u017cywcze dzia\u0142anie kremu,<\/li><li>bogaty krem na noc,<\/li><li>krem pod oczy.<\/li><\/ul>\n\n\n\n<h2>Jakie kosmetyki LYNIA wybra\u0107 dla cery suchej?<\/h2>\n\n\n\n<p>Produkty marki LYNIA stanowi\u0105 odpowied\u017a na potrzeby wra\u017cliwej cery suchej. Doskona\u0142\u0105 seri\u0105 dla&nbsp;os\u00f3b z cer\u0105 such\u0105 b\u0119dzie innowacyjna linia kosmetyk\u00f3w&nbsp;<strong>Multi Hydration<\/strong>. Wchodz\u0105ce w jej sk\u0142ad&nbsp;<strong>booster<\/strong>&nbsp;i<strong>&nbsp;mgie\u0142ka<\/strong>&nbsp;cechuj\u0105 si\u0119 lekko\u015bci\u0105 oraz silnie od\u017cywczym dzia\u0142aniem. Co wi\u0119cej, szybko wch\u0142aniaj\u0105 si\u0119 one w sk\u00f3r\u0119, nie pozostawiaj\u0105c lepkiej warstwy.<\/p>\n\n\n\n<div class=\"wp-block-columns\">\n<div class=\"wp-block-column\">\n<div class=\"wp-block-image\"><figure class=\"alignright size-full is-resized\"><a href=\"https:\/\/lynia.pl\/produkt\/multi-hydration-face-booster-booster-nawilzajacy\/\"><img loading=\"lazy\" src=\"https:\/\/e-naturalne.home.pl\/autoinstalator\/wordpressplugins1\/wp-content\/uploads\/2022\/03\/zdjecie-lynia-booster-multi-hydration-nawilzajacy-5.jpg\" alt=\"cera-sucha-booster.jpg\" class=\"wp-image-3109\" width=\"250\" height=\"375\" srcset=\"https:\/\/www.skarbieclynia.pl\/wp-content\/uploads\/2022\/03\/zdjecie-lynia-booster-multi-hydration-nawilzajacy-5.jpg 1000w, https:\/\/www.skarbieclynia.pl\/wp-content\/uploads\/2022\/03\/zdjecie-lynia-booster-multi-hydration-nawilzajacy-5-200x300.jpg 200w, https:\/\/www.skarbieclynia.pl\/wp-content\/uploads\/2022\/03\/zdjecie-lynia-booster-multi-hydration-nawilzajacy-5-683x1024.jpg 683w, https:\/\/www.skarbieclynia.pl\/wp-content\/uploads\/2022\/03\/zdjecie-lynia-booster-multi-hydration-nawilzajacy-5-768x1152.jpg 768w, https:\/\/www.skarbieclynia.pl\/wp-content\/uploads\/2022\/03\/zdjecie-lynia-booster-multi-hydration-nawilzajacy-5-480x720.jpg 480w\" sizes=\"(max-width: 250px) 100vw, 250px\" \/><\/a><\/figure><\/div>\n<\/div>\n\n\n\n<div class=\"wp-block-column\">\n<figure class=\"wp-block-image size-full is-resized\"><a href=\"https:\/\/lynia.pl\/produkt\/mineralizujaca-mgielka-nawilzajaca\/\"><img loading=\"lazy\" src=\"https:\/\/e-naturalne.home.pl\/autoinstalator\/wordpressplugins1\/wp-content\/uploads\/2022\/03\/zdjecie-lynia-mgielka-multi-hydration-nawilzajaca-1.jpg\" alt=\"cera-sucha-mgielka.jpg\" class=\"wp-image-3112\" width=\"250\" height=\"375\" srcset=\"https:\/\/www.skarbieclynia.pl\/wp-content\/uploads\/2022\/03\/zdjecie-lynia-mgielka-multi-hydration-nawilzajaca-1.jpg 1000w, https:\/\/www.skarbieclynia.pl\/wp-content\/uploads\/2022\/03\/zdjecie-lynia-mgielka-multi-hydration-nawilzajaca-1-200x300.jpg 200w, https:\/\/www.skarbieclynia.pl\/wp-content\/uploads\/2022\/03\/zdjecie-lynia-mgielka-multi-hydration-nawilzajaca-1-683x1024.jpg 683w, https:\/\/www.skarbieclynia.pl\/wp-content\/uploads\/2022\/03\/zdjecie-lynia-mgielka-multi-hydration-nawilzajaca-1-768x1152.jpg 768w, https:\/\/www.skarbieclynia.pl\/wp-content\/uploads\/2022\/03\/zdjecie-lynia-mgielka-multi-hydration-nawilzajaca-1-480x720.jpg 480w\" sizes=\"(max-width: 250px) 100vw, 250px\" \/><\/a><\/figure>\n<\/div>\n<\/div>\n\n\n\n<p><strong>Krem na dzie\u0144 i noc<\/strong><\/p>\n\n\n\n<p>Niezb\u0119dny b\u0119dzie tak\u017ce regeneruj\u0105cy krem zar\u00f3wno na dzie\u0144, jak i na noc taki jak&nbsp;<strong>krem nawil\u017caj\u0105cy<\/strong>&nbsp;z olejem ze s\u0142odkich migda\u0142\u00f3w, algami, prawo\u015blazem. Dost\u0119pna jest te\u017c jego bogatsza wersja, polecana na sezon jesienno-zimowy, gdy sk\u00f3ra jest szczeg\u00f3lnie nara\u017cona na przesuszenie. Doskonale sprawdzi si\u0119&nbsp;<strong>intensywnie regeneruj\u0105cy krem PLUM<\/strong>&nbsp;z olejem&nbsp;kokosowym, mas\u0142em kakaowym, kolagenem, lanolin\u0105 i&nbsp;olejem z pestek \u015bliwki.<\/p>\n\n\n\n<div class=\"wp-block-columns\">\n<div class=\"wp-block-column\">\n<div class=\"wp-block-image\"><figure class=\"alignright size-full is-resized\"><a href=\"https:\/\/lynia.pl\/produkt\/krem-nawilzajacy-z-migdalem-algami-zielona-herbata-oraz-prawoslazem\/\"><img loading=\"lazy\" src=\"https:\/\/e-naturalne.home.pl\/autoinstalator\/wordpressplugins1\/wp-content\/uploads\/2022\/03\/zdjecie-lynia-krem-nawilzajacy-z-algami-prawoslazem-2.jpg\" alt=\"cera-sucha-krem.jpg\" class=\"wp-image-3115\" width=\"250\" height=\"393\" srcset=\"https:\/\/www.skarbieclynia.pl\/wp-content\/uploads\/2022\/03\/zdjecie-lynia-krem-nawilzajacy-z-algami-prawoslazem-2.jpg 1000w, https:\/\/www.skarbieclynia.pl\/wp-content\/uploads\/2022\/03\/zdjecie-lynia-krem-nawilzajacy-z-algami-prawoslazem-2-191x300.jpg 191w, https:\/\/www.skarbieclynia.pl\/wp-content\/uploads\/2022\/03\/zdjecie-lynia-krem-nawilzajacy-z-algami-prawoslazem-2-652x1024.jpg 652w, https:\/\/www.skarbieclynia.pl\/wp-content\/uploads\/2022\/03\/zdjecie-lynia-krem-nawilzajacy-z-algami-prawoslazem-2-768x1207.jpg 768w, https:\/\/www.skarbieclynia.pl\/wp-content\/uploads\/2022\/03\/zdjecie-lynia-krem-nawilzajacy-z-algami-prawoslazem-2-978x1536.jpg 978w, https:\/\/www.skarbieclynia.pl\/wp-content\/uploads\/2022\/03\/zdjecie-lynia-krem-nawilzajacy-z-algami-prawoslazem-2-480x754.jpg 480w\" sizes=\"(max-width: 250px) 100vw, 250px\" \/><\/a><\/figure><\/div>\n<\/div>\n\n\n\n<div class=\"wp-block-column\">\n<figure class=\"wp-block-image size-full is-resized\"><a href=\"https:\/\/lynia.pl\/produkt\/plum-krem-intensywna-regeneracja-skora-sucha-atopowa-wrazliwa-dojrzala\/\"><img loading=\"lazy\" src=\"https:\/\/e-naturalne.home.pl\/autoinstalator\/wordpressplugins1\/wp-content\/uploads\/2022\/03\/zdjecie-lynia-krem-plum.jpg\" alt=\"\" class=\"wp-image-3121\" width=\"292\" height=\"396\" srcset=\"https:\/\/www.skarbieclynia.pl\/wp-content\/uploads\/2022\/03\/zdjecie-lynia-krem-plum.jpg 1000w, https:\/\/www.skarbieclynia.pl\/wp-content\/uploads\/2022\/03\/zdjecie-lynia-krem-plum-221x300.jpg 221w, https:\/\/www.skarbieclynia.pl\/wp-content\/uploads\/2022\/03\/zdjecie-lynia-krem-plum-756x1024.jpg 756w, https:\/\/www.skarbieclynia.pl\/wp-content\/uploads\/2022\/03\/zdjecie-lynia-krem-plum-768x1041.jpg 768w, https:\/\/www.skarbieclynia.pl\/wp-content\/uploads\/2022\/03\/zdjecie-lynia-krem-plum-480x650.jpg 480w\" sizes=\"(max-width: 292px) 100vw, 292px\" \/><\/a><\/figure>\n<\/div>\n<\/div>\n\n\n\n<p><strong>Oczyszczanie i demakija\u017c<\/strong><\/p>\n\n\n\n<p>Nie zapominajmy o delikatnym myciu oraz dok\u0142adnym, codziennym demakija\u017cu. Jest to niezb\u0119dny krok w piel\u0119gnacji, nawet je\u015bli nie malujesz si\u0119 na co dzie\u0144. Sprawd\u017a&nbsp;dzia\u0142anie<strong>&nbsp;olejku hydrofilowego<\/strong>&nbsp;albo&nbsp;<strong>nawil\u017caj\u0105cej pianki myj\u0105cej z naturaln\u0105 betain\u0105 i wod\u0105 r\u00f3\u017can\u0105 LYNIA.<\/strong><\/p>\n\n\n\n<div class=\"wp-block-columns\">\n<div class=\"wp-block-column\">\n<div class=\"wp-block-image\"><figure class=\"alignright size-full is-resized\"><a href=\"https:\/\/lynia.pl\/produkt\/https-e-naturalne-pl-pl-p-olejek-hydrofilowy-2160\/\"><img loading=\"lazy\" src=\"https:\/\/e-naturalne.home.pl\/autoinstalator\/wordpressplugins1\/wp-content\/uploads\/2022\/03\/zdjecie-lynia-olejek-hydrofilowy-3.jpg\" alt=\"\" class=\"wp-image-3124\" width=\"215\" height=\"322\" srcset=\"https:\/\/www.skarbieclynia.pl\/wp-content\/uploads\/2022\/03\/zdjecie-lynia-olejek-hydrofilowy-3.jpg 1000w, https:\/\/www.skarbieclynia.pl\/wp-content\/uploads\/2022\/03\/zdjecie-lynia-olejek-hydrofilowy-3-200x300.jpg 200w, https:\/\/www.skarbieclynia.pl\/wp-content\/uploads\/2022\/03\/zdjecie-lynia-olejek-hydrofilowy-3-683x1024.jpg 683w, https:\/\/www.skarbieclynia.pl\/wp-content\/uploads\/2022\/03\/zdjecie-lynia-olejek-hydrofilowy-3-768x1152.jpg 768w, https:\/\/www.skarbieclynia.pl\/wp-content\/uploads\/2022\/03\/zdjecie-lynia-olejek-hydrofilowy-3-480x720.jpg 480w\" sizes=\"(max-width: 215px) 100vw, 215px\" \/><\/a><\/figure><\/div>\n<\/div>\n\n\n\n<div class=\"wp-block-column\">\n<figure class=\"wp-block-image size-full is-resized\"><a href=\"https:\/\/lynia.pl\/produkt\/nawilzajaca-pianka-myjaca-z-naturalna-betaina-i-woda-rozana\/\"><img loading=\"lazy\" src=\"https:\/\/e-naturalne.home.pl\/autoinstalator\/wordpressplugins1\/wp-content\/uploads\/2022\/03\/zdjecie-lynia-pianka-do-mycia-twarzy-nawilzajaca-3.jpg\" alt=\"\" class=\"wp-image-3127\" width=\"250\" height=\"375\" srcset=\"https:\/\/www.skarbieclynia.pl\/wp-content\/uploads\/2022\/03\/zdjecie-lynia-pianka-do-mycia-twarzy-nawilzajaca-3.jpg 1000w, https:\/\/www.skarbieclynia.pl\/wp-content\/uploads\/2022\/03\/zdjecie-lynia-pianka-do-mycia-twarzy-nawilzajaca-3-200x300.jpg 200w, https:\/\/www.skarbieclynia.pl\/wp-content\/uploads\/2022\/03\/zdjecie-lynia-pianka-do-mycia-twarzy-nawilzajaca-3-683x1024.jpg 683w, https:\/\/www.skarbieclynia.pl\/wp-content\/uploads\/2022\/03\/zdjecie-lynia-pianka-do-mycia-twarzy-nawilzajaca-3-768x1152.jpg 768w, https:\/\/www.skarbieclynia.pl\/wp-content\/uploads\/2022\/03\/zdjecie-lynia-pianka-do-mycia-twarzy-nawilzajaca-3-480x720.jpg 480w\" sizes=\"(max-width: 250px) 100vw, 250px\" \/><\/a><\/figure>\n<\/div>\n<\/div>\n\n\n\n<p><strong>Nawil\u017cenie delikatnej sk\u00f3ry oraz sk\u00f3ry pod oczami&nbsp;<\/strong><\/p>\n\n\n\n<p>Po porannym i wieczornym oczyszczeniu sk\u00f3ry zastosuj&nbsp;<strong>tonik \u017celowy z mocznikiem, NMF oraz prawo\u015blazem<\/strong>. Je\u015bli poszukujesz idealnego kremu pod oczy, rekomendujemy&nbsp;<strong>nawil\u017caj\u0105cy Multi Repair Eye Cream<\/strong>&nbsp;\u2013 krem z kofein\u0105, ceramidami, kwasem ksymenowym.<\/p>\n\n\n\n<div class=\"wp-block-columns\">\n<div class=\"wp-block-column\">\n<div class=\"wp-block-image\"><figure class=\"alignright size-full is-resized\"><a href=\"https:\/\/lynia.pl\/produkt\/tonik-zelowy-nawilzajacy-z-mocznikiem-nmf-oraz-prawoslazem\/\"><img loading=\"lazy\" src=\"https:\/\/e-naturalne.home.pl\/autoinstalator\/wordpressplugins1\/wp-content\/uploads\/2022\/03\/zdjecie-lynia-tonik-zelowy-nawilzajacy-2.jpg\" alt=\"tewl-tonik-nawilzajacy.jpg\" class=\"wp-image-2980\" width=\"250\" height=\"375\" srcset=\"https:\/\/www.skarbieclynia.pl\/wp-content\/uploads\/2022\/03\/zdjecie-lynia-tonik-zelowy-nawilzajacy-2.jpg 1000w, https:\/\/www.skarbieclynia.pl\/wp-content\/uploads\/2022\/03\/zdjecie-lynia-tonik-zelowy-nawilzajacy-2-200x300.jpg 200w, https:\/\/www.skarbieclynia.pl\/wp-content\/uploads\/2022\/03\/zdjecie-lynia-tonik-zelowy-nawilzajacy-2-683x1024.jpg 683w, https:\/\/www.skarbieclynia.pl\/wp-content\/uploads\/2022\/03\/zdjecie-lynia-tonik-zelowy-nawilzajacy-2-768x1152.jpg 768w, https:\/\/www.skarbieclynia.pl\/wp-content\/uploads\/2022\/03\/zdjecie-lynia-tonik-zelowy-nawilzajacy-2-480x720.jpg 480w\" sizes=\"(max-width: 250px) 100vw, 250px\" \/><\/a><\/figure><\/div>\n<\/div>\n\n\n\n<div class=\"wp-block-column\">\n<figure class=\"wp-block-image size-full is-resized\"><a href=\"https:\/\/lynia.pl\/produkt\/multi-repair-eye-cream-intensywnie-regenerujacy-krem-pod-oczy-kofeina-ceramidy-kwas-ksymenowy\/\"><img loading=\"lazy\" src=\"https:\/\/e-naturalne.home.pl\/autoinstalator\/wordpressplugins1\/wp-content\/uploads\/2022\/03\/zdjecie-lynia-krem-pod-oczy-multi-repair-1-2.jpg\" alt=\"\" class=\"wp-image-3130\" width=\"218\" height=\"364\" srcset=\"https:\/\/www.skarbieclynia.pl\/wp-content\/uploads\/2022\/03\/zdjecie-lynia-krem-pod-oczy-multi-repair-1-2.jpg 1000w, https:\/\/www.skarbieclynia.pl\/wp-content\/uploads\/2022\/03\/zdjecie-lynia-krem-pod-oczy-multi-repair-1-2-180x300.jpg 180w, https:\/\/www.skarbieclynia.pl\/wp-content\/uploads\/2022\/03\/zdjecie-lynia-krem-pod-oczy-multi-repair-1-2-614x1024.jpg 614w, https:\/\/www.skarbieclynia.pl\/wp-content\/uploads\/2022\/03\/zdjecie-lynia-krem-pod-oczy-multi-repair-1-2-768x1282.jpg 768w, https:\/\/www.skarbieclynia.pl\/wp-content\/uploads\/2022\/03\/zdjecie-lynia-krem-pod-oczy-multi-repair-1-2-920x1536.jpg 920w, https:\/\/www.skarbieclynia.pl\/wp-content\/uploads\/2022\/03\/zdjecie-lynia-krem-pod-oczy-multi-repair-1-2-480x801.jpg 480w\" sizes=\"(max-width: 218px) 100vw, 218px\" \/><\/a><\/figure>\n<\/div>\n<\/div>\n\n\n\n<p><br><strong>Maseczki algowe peel-off<\/strong><\/p>\n\n\n\n<p>Szukaj\u0105c chwili relaksu, warto si\u0119gn\u0105\u0107 po maski nawil\u017caj\u0105ce, kt\u00f3re doskonale wpasuj\u0105 si\u0119 w potrzeby sk\u00f3ry suchej. Szczeg\u00f3lnie dobrym wyborem b\u0119dzie&nbsp;<strong>rewitalizuj\u0105ca maska algowa peel-off<\/strong>&nbsp;z \u017ce\u0144-szeniem, zielon\u0105 herbat\u0105 i kakao. Wypr\u00f3buj r\u00f3wnie\u017c&nbsp;<strong>nawil\u017caj\u0105c\u0105 mask\u0119 algow\u0105 peel-off OLEOFAZA<\/strong>&nbsp;z oliw\u0105 z oliwek i olejkiem lawendowym.<\/p>\n\n\n\n<div class=\"wp-block-columns\">\n<div class=\"wp-block-column\">\n<div class=\"wp-block-image\"><figure class=\"alignright size-full is-resized\"><a href=\"https:\/\/lynia.pl\/produkt\/liftingujaco-rewitalizujaca-maska-algowa-peel-off-zen-szen-zielona-herbata-kakao\/\"><img loading=\"lazy\" src=\"https:\/\/e-naturalne.home.pl\/autoinstalator\/wordpressplugins1\/wp-content\/uploads\/2022\/03\/Lynia-masks-10-1.jpg\" alt=\"\" class=\"wp-image-3133\" width=\"300\" height=\"350\"\/><\/a><\/figure><\/div>\n<\/div>\n\n\n\n<div class=\"wp-block-column\">\n<figure class=\"wp-block-image size-large\"><a href=\"https:\/\/lynia.pl\/produkt\/oleofaza-maska-algowa-peel-off-oliwa-z-oliwek-olejek-lawendowy\/\"><img loading=\"lazy\" width=\"818\" height=\"1024\" src=\"https:\/\/e-naturalne.home.pl\/autoinstalator\/wordpressplugins1\/wp-content\/uploads\/2022\/03\/Lynia-masks-3-818x1024.jpg\" alt=\"\" class=\"wp-image-3136\" srcset=\"https:\/\/www.skarbieclynia.pl\/wp-content\/uploads\/2022\/03\/Lynia-masks-3-818x1024.jpg 818w, https:\/\/www.skarbieclynia.pl\/wp-content\/uploads\/2022\/03\/Lynia-masks-3-240x300.jpg 240w, https:\/\/www.skarbieclynia.pl\/wp-content\/uploads\/2022\/03\/Lynia-masks-3-768x961.jpg 768w, https:\/\/www.skarbieclynia.pl\/wp-content\/uploads\/2022\/03\/Lynia-masks-3-480x601.jpg 480w, https:\/\/www.skarbieclynia.pl\/wp-content\/uploads\/2022\/03\/Lynia-masks-3.jpg 880w\" sizes=\"(max-width: 818px) 100vw, 818px\" \/><\/a><\/figure>\n<\/div>\n<\/div>\n\n\n\n<h2>Cera sucha \u2013 o czym jeszcze warto pami\u0119ta\u0107?<\/h2>\n\n\n\n<p>Pami\u0119taj, \u017ce cho\u0107&nbsp;<strong>piel\u0119gnacja cery suchej<\/strong>&nbsp;jest niezwykle wa\u017cna, to trzeba zadba\u0107 o ni\u0105 r\u00f3wnie\u017c od wewn\u0105trz. Aby zapewni\u0107 sk\u00f3rze nawil\u017cenie, pij minimum 2,5 l wody dziennie i zadbaj o odpowiedni\u0105 diet\u0119. Dobroczynny wp\u0142yw na cer\u0119 oraz w\u0142osy maj\u0105&nbsp;<strong>sk\u0142adniki bogate w kwasy t\u0142uszczowe<\/strong>&nbsp;omega 3, 6 i 9, kt\u00f3re znajdziesz m.in. w ziarnach, rybach oraz t\u0142oczonych na zimno olejach. Je\u015bli opr\u00f3cz od\u017cywienia zale\u017cy Ci tak\u017ce na odm\u0142odzeniu cery, rozwa\u017c suplementacj\u0119 kolagenu rybiego, kt\u00f3ry jest \u0142atwo przyswajalny i cieszy si\u0119 ogromn\u0105 popularno\u015bci\u0105 w\u015br\u00f3d kobiet na ca\u0142ym \u015bwiecie.<\/p>\n","protected":false},"excerpt":{"rendered":"<p>Piel\u0119gnacja cery suchej&nbsp;opiera si\u0119 przede wszystkim na nawil\u017ceniu oraz dog\u0142\u0119bnej regeneracji. Czy wiesz, jak dobra\u0107 odpowiednie kosmetyki? Poni\u017cszy wpis przybli\u017cy Ci produkty, kt\u00f3re najlepiej sprawdz\u0105 si\u0119 w piel\u0119gnacji&nbsp;sk\u00f3ry suchej. Odpowiedni dob\u00f3r i systematyczna piel\u0119gnacja b\u0119d\u0105 podstaw\u0105 poprawy nawil\u017cenia oraz utrzymania wody w g\u0142\u0119bokich warstwach sk\u00f3ry.&nbsp; Przyk\u0142adowy schemat piel\u0119gnacji cery suchej. Piel\u0119gnuj\u0105c such\u0105 sk\u00f3r\u0119 nad ranem, zacznij od&nbsp;delikatnego oczyszczenia&nbsp;\u2013 zanieczyszczenia gromadz\u0105 si\u0119 na niej nawet podczas snu. Nast\u0119pnie zapewnij jej ukojenie oraz nawil\u017cenie,&nbsp;niweluj\u0105c uczucie \u015bci\u0105gni\u0119cia. Najlepiej sprawdz\u0105 si\u0119: tonik \u017celowy lub mgie\u0142ka do&nbsp;od\u015bwie\u017cenia i tonizacji sk\u00f3ry, serum lub booster z nawil\u017caj\u0105cymi substancjami aktywnymi, krem na dzie\u0144, najlepiej w formie lekkiej emulsji<\/p>\n","protected":false},"author":5,"featured_media":3150,"comment_status":"closed","ping_status":"open","sticky":false,"template":"","format":"standard","meta":[],"categories":[16],"tags":[50,37,42,54,55],"acf":[],"yoast_head":"<!-- This site is optimized with the Yoast SEO plugin v17.9 - https:\/\/yoast.com\/wordpress\/plugins\/seo\/ -->\n<title>Skarbiec<\/title>\n<meta name=\"description\" content=\"Cera sucha - jej piel\u0119gnacja opiera si\u0119 przede wszystkim na nawil\u017ceniu oraz dog\u0142\u0119bnej regeneracji. Jak dobra\u0107 odpowiednie kosmetyki?\" \/>\n<meta name=\"robots\" content=\"index, follow, max-snippet:-1, max-image-preview:large, max-video-preview:-1\" \/>\n<link rel=\"canonical\" href=\"https:\/\/www.skarbieclynia.pl\/index.php\/2022\/03\/15\/cera-sucha-bez-tajemnic-cz-ii\/\" \/>\n<meta property=\"og:locale\" content=\"pl_PL\" \/>\n<meta property=\"og:type\" content=\"article\" \/>\n<meta property=\"og:title\" content=\"Cera sucha bez tajemnic cz. II - Skarbiec\" \/>\n<meta property=\"og:description\" content=\"Cera sucha - jej piel\u0119gnacja opiera si\u0119 przede wszystkim na nawil\u017ceniu oraz dog\u0142\u0119bnej regeneracji. Jak dobra\u0107 odpowiednie kosmetyki?\" \/>\n<meta property=\"og:url\" content=\"https:\/\/www.skarbieclynia.pl\/index.php\/2022\/03\/15\/cera-sucha-bez-tajemnic-cz-ii\/\" \/>\n<meta property=\"og:site_name\" content=\"Skarbiec\" \/>\n<meta property=\"article:published_time\" content=\"2022-03-15T09:37:28+00:00\" \/>\n<meta property=\"article:modified_time\" content=\"2022-03-16T09:50:40+00:00\" \/>\n<meta property=\"og:image\" content=\"https:\/\/www.skarbieclynia.pl\/wp-content\/uploads\/2022\/03\/11.jpg\" \/>\n\t<meta property=\"og:image:width\" content=\"1200\" \/>\n\t<meta property=\"og:image:height\" content=\"900\" \/>\n\t<meta property=\"og:image:type\" content=\"image\/jpeg\" \/>\n<meta name=\"twitter:card\" content=\"summary_large_image\" \/>\n<meta name=\"twitter:label1\" content=\"Napisane przez\" \/>\n\t<meta name=\"twitter:data1\" content=\"Agata Dobrzycka\" \/>\n\t<meta name=\"twitter:label2\" content=\"Szacowany czas czytania\" \/>\n\t<meta name=\"twitter:data2\" content=\"6 minut\" \/>\n<script type=\"application\/ld+json\" class=\"yoast-schema-graph\">{\"@context\":\"https:\/\/schema.org\",\"@graph\":[{\"@type\":\"WebSite\",\"@id\":\"https:\/\/www.skarbieclynia.pl\/#website\",\"url\":\"https:\/\/www.skarbieclynia.pl\/\",\"name\":\"Skarbiec\",\"description\":\"LYNIA\",\"potentialAction\":[{\"@type\":\"SearchAction\",\"target\":{\"@type\":\"EntryPoint\",\"urlTemplate\":\"https:\/\/www.skarbieclynia.pl\/?s={search_term_string}\"},\"query-input\":\"required name=search_term_string\"}],\"inLanguage\":\"pl-PL\"},{\"@type\":\"ImageObject\",\"@id\":\"https:\/\/www.skarbieclynia.pl\/index.php\/2022\/03\/15\/cera-sucha-bez-tajemnic-cz-ii\/#primaryimage\",\"inLanguage\":\"pl-PL\",\"url\":\"https:\/\/www.skarbieclynia.pl\/wp-content\/uploads\/2022\/03\/11.jpg\",\"contentUrl\":\"https:\/\/www.skarbieclynia.pl\/wp-content\/uploads\/2022\/03\/11.jpg\",\"width\":1200,\"height\":900,\"caption\":\"cera-sucha.jpg\"},{\"@type\":\"WebPage\",\"@id\":\"https:\/\/www.skarbieclynia.pl\/index.php\/2022\/03\/15\/cera-sucha-bez-tajemnic-cz-ii\/#webpage\",\"url\":\"https:\/\/www.skarbieclynia.pl\/index.php\/2022\/03\/15\/cera-sucha-bez-tajemnic-cz-ii\/\",\"name\":\"Cera sucha bez tajemnic cz. II - Skarbiec\",\"isPartOf\":{\"@id\":\"https:\/\/www.skarbieclynia.pl\/#website\"},\"primaryImageOfPage\":{\"@id\":\"https:\/\/www.skarbieclynia.pl\/index.php\/2022\/03\/15\/cera-sucha-bez-tajemnic-cz-ii\/#primaryimage\"},\"datePublished\":\"2022-03-15T09:37:28+00:00\",\"dateModified\":\"2022-03-16T09:50:40+00:00\",\"author\":{\"@id\":\"https:\/\/www.skarbieclynia.pl\/#\/schema\/person\/0c1074c6b7a0e693c3ae945afb1b6325\"},\"description\":\"Cera sucha - jej piel\\u0119gnacja opiera si\\u0119 przede wszystkim na nawil\\u017ceniu oraz dog\\u0142\\u0119bnej regeneracji. Jak dobra\\u0107 odpowiednie kosmetyki?\",\"breadcrumb\":{\"@id\":\"https:\/\/www.skarbieclynia.pl\/index.php\/2022\/03\/15\/cera-sucha-bez-tajemnic-cz-ii\/#breadcrumb\"},\"inLanguage\":\"pl-PL\",\"potentialAction\":[{\"@type\":\"ReadAction\",\"target\":[\"https:\/\/www.skarbieclynia.pl\/index.php\/2022\/03\/15\/cera-sucha-bez-tajemnic-cz-ii\/\"]}]},{\"@type\":\"BreadcrumbList\",\"@id\":\"https:\/\/www.skarbieclynia.pl\/index.php\/2022\/03\/15\/cera-sucha-bez-tajemnic-cz-ii\/#breadcrumb\",\"itemListElement\":[{\"@type\":\"ListItem\",\"position\":1,\"name\":\"Strona g\\u0142\\u00f3wna\",\"item\":\"https:\/\/www.skarbieclynia.pl\/\"},{\"@type\":\"ListItem\",\"position\":2,\"name\":\"Cera sucha bez tajemnic cz. II\"}]},{\"@type\":\"Person\",\"@id\":\"https:\/\/www.skarbieclynia.pl\/#\/schema\/person\/0c1074c6b7a0e693c3ae945afb1b6325\",\"name\":\"Agata Dobrzycka\",\"image\":{\"@type\":\"ImageObject\",\"@id\":\"https:\/\/www.skarbieclynia.pl\/#personlogo\",\"inLanguage\":\"pl-PL\",\"url\":\"https:\/\/secure.gravatar.com\/avatar\/416f82305c48a2816b33191c1e28876d?s=96&d=mm&r=g\",\"contentUrl\":\"https:\/\/secure.gravatar.com\/avatar\/416f82305c48a2816b33191c1e28876d?s=96&d=mm&r=g\",\"caption\":\"Agata Dobrzycka\"},\"url\":\"https:\/\/www.skarbieclynia.pl\/index.php\/author\/agata\/\"}]}<\/script>\n<!-- \/ Yoast SEO plugin. -->","yoast_head_json":{"title":"Skarbiec","description":"Cera sucha - jej piel\u0119gnacja opiera si\u0119 przede wszystkim na nawil\u017ceniu oraz dog\u0142\u0119bnej regeneracji. Jak dobra\u0107 odpowiednie kosmetyki?","robots":{"index":"index","follow":"follow","max-snippet":"max-snippet:-1","max-image-preview":"max-image-preview:large","max-video-preview":"max-video-preview:-1"},"canonical":"https:\/\/www.skarbieclynia.pl\/index.php\/2022\/03\/15\/cera-sucha-bez-tajemnic-cz-ii\/","og_locale":"pl_PL","og_type":"article","og_title":"Cera sucha bez tajemnic cz. II - Skarbiec","og_description":"Cera sucha - jej piel\u0119gnacja opiera si\u0119 przede wszystkim na nawil\u017ceniu oraz dog\u0142\u0119bnej regeneracji. Jak dobra\u0107 odpowiednie kosmetyki?","og_url":"https:\/\/www.skarbieclynia.pl\/index.php\/2022\/03\/15\/cera-sucha-bez-tajemnic-cz-ii\/","og_site_name":"Skarbiec","article_published_time":"2022-03-15T09:37:28+00:00","article_modified_time":"2022-03-16T09:50:40+00:00","og_image":[{"width":1200,"height":900,"url":"https:\/\/www.skarbieclynia.pl\/wp-content\/uploads\/2022\/03\/11.jpg","type":"image\/jpeg"}],"twitter_card":"summary_large_image","twitter_misc":{"Napisane przez":"Agata Dobrzycka","Szacowany czas czytania":"6 minut"},"schema":{"@context":"https:\/\/schema.org","@graph":[{"@type":"WebSite","@id":"https:\/\/www.skarbieclynia.pl\/#website","url":"https:\/\/www.skarbieclynia.pl\/","name":"Skarbiec","description":"LYNIA","potentialAction":[{"@type":"SearchAction","target":{"@type":"EntryPoint","urlTemplate":"https:\/\/www.skarbieclynia.pl\/?s={search_term_string}"},"query-input":"required name=search_term_string"}],"inLanguage":"pl-PL"},{"@type":"ImageObject","@id":"https:\/\/www.skarbieclynia.pl\/index.php\/2022\/03\/15\/cera-sucha-bez-tajemnic-cz-ii\/#primaryimage","inLanguage":"pl-PL","url":"https:\/\/www.skarbieclynia.pl\/wp-content\/uploads\/2022\/03\/11.jpg","contentUrl":"https:\/\/www.skarbieclynia.pl\/wp-content\/uploads\/2022\/03\/11.jpg","width":1200,"height":900,"caption":"cera-sucha.jpg"},{"@type":"WebPage","@id":"https:\/\/www.skarbieclynia.pl\/index.php\/2022\/03\/15\/cera-sucha-bez-tajemnic-cz-ii\/#webpage","url":"https:\/\/www.skarbieclynia.pl\/index.php\/2022\/03\/15\/cera-sucha-bez-tajemnic-cz-ii\/","name":"Cera sucha bez tajemnic cz. II - Skarbiec","isPartOf":{"@id":"https:\/\/www.skarbieclynia.pl\/#website"},"primaryImageOfPage":{"@id":"https:\/\/www.skarbieclynia.pl\/index.php\/2022\/03\/15\/cera-sucha-bez-tajemnic-cz-ii\/#primaryimage"},"datePublished":"2022-03-15T09:37:28+00:00","dateModified":"2022-03-16T09:50:40+00:00","author":{"@id":"https:\/\/www.skarbieclynia.pl\/#\/schema\/person\/0c1074c6b7a0e693c3ae945afb1b6325"},"description":"Cera sucha - jej piel\u0119gnacja opiera si\u0119 przede wszystkim na nawil\u017ceniu oraz dog\u0142\u0119bnej regeneracji. Jak dobra\u0107 odpowiednie kosmetyki?","breadcrumb":{"@id":"https:\/\/www.skarbieclynia.pl\/index.php\/2022\/03\/15\/cera-sucha-bez-tajemnic-cz-ii\/#breadcrumb"},"inLanguage":"pl-PL","potentialAction":[{"@type":"ReadAction","target":["https:\/\/www.skarbieclynia.pl\/index.php\/2022\/03\/15\/cera-sucha-bez-tajemnic-cz-ii\/"]}]},{"@type":"BreadcrumbList","@id":"https:\/\/www.skarbieclynia.pl\/index.php\/2022\/03\/15\/cera-sucha-bez-tajemnic-cz-ii\/#breadcrumb","itemListElement":[{"@type":"ListItem","position":1,"name":"Strona g\u0142\u00f3wna","item":"https:\/\/www.skarbieclynia.pl\/"},{"@type":"ListItem","position":2,"name":"Cera sucha bez tajemnic cz. II"}]},{"@type":"Person","@id":"https:\/\/www.skarbieclynia.pl\/#\/schema\/person\/0c1074c6b7a0e693c3ae945afb1b6325","name":"Agata Dobrzycka","image":{"@type":"ImageObject","@id":"https:\/\/www.skarbieclynia.pl\/#personlogo","inLanguage":"pl-PL","url":"https:\/\/secure.gravatar.com\/avatar\/416f82305c48a2816b33191c1e28876d?s=96&d=mm&r=g","contentUrl":"https:\/\/secure.gravatar.com\/avatar\/416f82305c48a2816b33191c1e28876d?s=96&d=mm&r=g","caption":"Agata Dobrzycka"},"url":"https:\/\/www.skarbieclynia.pl\/index.php\/author\/agata\/"}]}},"_links":{"self":[{"href":"https:\/\/www.skarbieclynia.pl\/index.php\/wp-json\/wp\/v2\/posts\/3099"}],"collection":[{"href":"https:\/\/www.skarbieclynia.pl\/index.php\/wp-json\/wp\/v2\/posts"}],"about":[{"href":"https:\/\/www.skarbieclynia.pl\/index.php\/wp-json\/wp\/v2\/types\/post"}],"author":[{"embeddable":true,"href":"https:\/\/www.skarbieclynia.pl\/index.php\/wp-json\/wp\/v2\/users\/5"}],"replies":[{"embeddable":true,"href":"https:\/\/www.skarbieclynia.pl\/index.php\/wp-json\/wp\/v2\/comments?post=3099"}],"version-history":[{"count":6,"href":"https:\/\/www.skarbieclynia.pl\/index.php\/wp-json\/wp\/v2\/posts\/3099\/revisions"}],"predecessor-version":[{"id":3218,"href":"https:\/\/www.skarbieclynia.pl\/index.php\/wp-json\/wp\/v2\/posts\/3099\/revisions\/3218"}],"wp:featuredmedia":[{"embeddable":true,"href":"https:\/\/www.skarbieclynia.pl\/index.php\/wp-json\/wp\/v2\/media\/3150"}],"wp:attachment":[{"href":"https:\/\/www.skarbieclynia.pl\/index.php\/wp-json\/wp\/v2\/media?parent=3099"}],"wp:term":[{"taxonomy":"category","embeddable":true,"href":"https:\/\/www.skarbieclynia.pl\/index.php\/wp-json\/wp\/v2\/categories?post=3099"},{"taxonomy":"post_tag","embeddable":true,"href":"https:\/\/www.skarbieclynia.pl\/index.php\/wp-json\/wp\/v2\/tags?post=3099"}],"curies":[{"name":"wp","href":"https:\/\/api.w.org\/{rel}","templated":true}]}}