{"id":3079,"date":"2022-03-14T15:54:29","date_gmt":"2022-03-14T14:54:29","guid":{"rendered":"https:\/\/e-naturalne.home.pl\/autoinstalator\/wordpressplugins1\/?p=3079"},"modified":"2022-03-28T15:39:47","modified_gmt":"2022-03-28T13:39:47","slug":"azelainowy","status":"publish","type":"post","link":"https:\/\/www.skarbieclynia.pl\/index.php\/2022\/03\/14\/azelainowy\/","title":{"rendered":"Kwas azelainowy \u2014 sk\u0142adnik wielu dermokosmetyk\u00f3w"},"content":{"rendered":"\n<p class=\"has-drop-cap\"><strong>Kwas azelainowy&nbsp;jest zwi\u0105zkiem organicznym z grupy kwas\u00f3w dikarboksylowych o udowodnionym dzia\u0142aniu przeciwbakteryjnym, przeciwzapalnym oraz lekko z\u0142uszczaj\u0105cym.<\/strong><\/p>\n\n\n\n<p>Polecany jest osobom z tr\u0105dzikiem r\u00f3\u017cowatym i pospolitym, AZS i przebarwieniami. Dzia\u0142anie kwasu powoduje hamowanie rozwoju bakterii&nbsp;<em>Propionibacterium acnes<\/em>,&nbsp;<em>Staphylococcus epidermidis<\/em>, powoduj\u0105cych zmiany tr\u0105dzikowe. Hamuje r\u00f3wnie\u017c wzrost i&nbsp;nadmiern\u0105 aktywno\u015b\u0107 melanocyt\u00f3w. Leczenie przebarwie\u0144 odbywa si\u0119 poprzez hamowanie syntezy DNA i&nbsp;oddychanie kom\u00f3rkowe melanocyt\u00f3w.<\/p>\n\n\n\n<div class=\"wp-block-image\"><figure class=\"alignright size-medium\"><img loading=\"lazy\" width=\"300\" height=\"284\" src=\"https:\/\/e-naturalne.home.pl\/autoinstalator\/wordpressplugins1\/wp-content\/uploads\/2022\/03\/shutterstock_641580949-300x284.jpg\" alt=\"\" class=\"wp-image-3086\" srcset=\"https:\/\/www.skarbieclynia.pl\/wp-content\/uploads\/2022\/03\/shutterstock_641580949-300x284.jpg 300w, https:\/\/www.skarbieclynia.pl\/wp-content\/uploads\/2022\/03\/shutterstock_641580949-768x727.jpg 768w, https:\/\/www.skarbieclynia.pl\/wp-content\/uploads\/2022\/03\/shutterstock_641580949-480x455.jpg 480w, https:\/\/www.skarbieclynia.pl\/wp-content\/uploads\/2022\/03\/shutterstock_641580949.jpg 1000w\" sizes=\"(max-width: 300px) 100vw, 300px\" \/><\/figure><\/div>\n\n\n\n<h2><strong>Produkty z kwasem azelainowym pozwalaj\u0105 na skuteczne kuracje w obr\u0119bie:<\/strong><\/h2>\n\n\n\n<ul><li>tr\u0105dziku r\u00f3\u017cowatego \u2013 dzia\u0142anie przeciwzapalne<\/li><li>stan\u00f3w zapalnych \u2013 w\u0142a\u015bciwo\u015bci bakteriob\u00f3jcze<\/li><li>anti-aging \u2013 dzia\u0142anie antyoksydacyjne (eliminacja wolnych rodnik\u00f3w)<\/li><li>regulacji sebum \u2013 dzia\u0142anie keratolityczne (zmniejszone tworzenie si\u0119 czop\u00f3w \u0142ojowych)<\/li><li>przebarwie\u0144 (<em>chloasma<\/em>,&nbsp;<em>melasma)<\/em>&nbsp;\u2013 jako inhibitor tyrozynazy hamuje dzia\u0142anie enzymu tyrozynazy odpowiedzialnego za powstawanie przebarwie\u0144 na powierzchni sk\u00f3ry<\/li><li>zapalenia mieszk\u00f3w w\u0142osowych<\/li><\/ul>\n\n\n\n<p>Kwas azelainowy jest produktem ca\u0142orocznym, jednak przy kuracjach kwasami zawsze zaleca si\u0119 stosowanie wysokiej ochrony spf.<\/p>\n\n\n\n<h1><strong>Kwas azelainowy w kosmetykach \u2013 niezb\u0119dne informacje<\/strong><\/h1>\n\n\n\n<p><strong>Kwas azelainowy&nbsp;wytwarzany jest przez dro\u017cd\u017ce wchodz\u0105ce w sk\u0142ad mikroflory sk\u00f3ry. Obecnie wykorzystuje si\u0119 go do produkcji specyfik\u00f3w takich jak&nbsp;dermokosmetyki do twarzy&nbsp;czy&nbsp;kosmetyki naturalne, a tak\u017ce podczas zabieg\u00f3w w gabinetach kosmetycznych oraz dermatologicznych.<\/strong><\/p>\n\n\n\n<h2><strong>Charakterystyka kwasu azelainowego<\/strong><\/h2>\n\n\n\n<p>Dost\u0119pne na rynku&nbsp;<strong>zestawy kosmetyk\u00f3w do twarzy cz\u0119sto zawieraj\u0105&nbsp;kwas azelainowy. Zwi\u0105zek ten ma bowiem wiele drogocennych w\u0142a\u015bciwo\u015bci odpowiadaj\u0105cych za popraw\u0119 wygl\u0105du sk\u00f3ry w kr\u00f3tkim czasie. Aby zatem odpowiednio dopasowa\u0107 rodzaj kosmetyku b\u0105d\u017a zabiegu do w\u0142asnych potrzeb, warto pozna\u0107 charakterystyk\u0119 opisywanej substancji.<\/strong><\/p>\n\n\n\n<div class=\"wp-block-image\"><figure class=\"alignleft size-medium is-resized\"><a href=\"https:\/\/e-naturalne.home.pl\/autoinstalator\/wordpressplugins1\/wp-content\/uploads\/2022\/03\/shutterstock_761301001.jpg\"><img loading=\"lazy\" src=\"https:\/\/e-naturalne.home.pl\/autoinstalator\/wordpressplugins1\/wp-content\/uploads\/2022\/03\/shutterstock_761301001-300x200.jpg\" alt=\"\" class=\"wp-image-3089\" width=\"322\" height=\"215\" srcset=\"https:\/\/www.skarbieclynia.pl\/wp-content\/uploads\/2022\/03\/shutterstock_761301001-300x200.jpg 300w, https:\/\/www.skarbieclynia.pl\/wp-content\/uploads\/2022\/03\/shutterstock_761301001-768x512.jpg 768w, https:\/\/www.skarbieclynia.pl\/wp-content\/uploads\/2022\/03\/shutterstock_761301001-720x480.jpg 720w, https:\/\/www.skarbieclynia.pl\/wp-content\/uploads\/2022\/03\/shutterstock_761301001-480x320.jpg 480w, https:\/\/www.skarbieclynia.pl\/wp-content\/uploads\/2022\/03\/shutterstock_761301001.jpg 1000w\" sizes=\"(max-width: 322px) 100vw, 322px\" \/><\/a><\/figure><\/div>\n\n\n\n<p>Przed zakupem produktu trzeba dowiedzie\u0107 si\u0119, jak na dany typ sk\u00f3ry mo\u017ce podzia\u0142a\u0107 opisywany&nbsp;kwas azelainowy. Efekty uzale\u017cnione s\u0105 bowiem od kilku czynnik\u00f3w, m.in. od stanu i potrzeb cery, a tak\u017ce st\u0119\u017cenia substancji w kosmetyku.<\/p>\n\n\n\n<p>Przyk\u0142adowo:&nbsp;<a href=\"https:\/\/e-naturalne.pl\/pl\/p\/Lynia-Krem-z-kwasem-azelainowym-7\/2235\">krem z 7% kwasu azelainowego<\/a>&nbsp;sprawdzi si\u0119 jako wsparcie leczenia tr\u0105dziku r\u00f3\u017cowatego oraz w stanach zapalnych w przypadku sk\u00f3ry \u0142uszczycowej. Opr\u00f3cz tego kwas azelainowy ma w\u0142a\u015bciwo\u015bci bakteriob\u00f3jcze.<\/p>\n\n\n\n<h2><strong>Dla kogo kwas azelainowy jest dobrym wyborem? Wskazania<\/strong><\/h2>\n\n\n\n<p>Cz\u0119\u015b\u0107 kwas\u00f3w dost\u0119pnych na rynku mo\u017cna stosowa\u0107 jedynie w przypadku niekt\u00f3rych fototyp\u00f3w sk\u00f3ry,&nbsp;<strong>jednak kwas azelainowy zalecany jest niezale\u017cnie od pigmentu czy reakcji na promieniowanie ultrafilowtowe<\/strong>. Doskonale sprawdza si\u0119 w piel\u0119gnacji wi\u0119kszo\u015bci typ\u00f3w cery, zar\u00f3wno problematycznych, jak i wymagaj\u0105cych jedynie uregulowania kolorytu b\u0105d\u017a oczyszczenia.<\/p>\n\n\n\n<p><a href=\"https:\/\/e-naturalne.pl\/pl\/p\/Lynia-Krem-z-kwasem-azelainowym-7\/2235\">Krem z kwasem azelainowym<\/a>&nbsp;szczeg\u00f3lnie polecany jest osobom zmagaj\u0105cym si\u0119 ze sk\u00f3r\u0105 t\u0142ust\u0105, sk\u0142onn\u0105 do podra\u017cnie\u0144, atopow\u0105 lub z rumieniem. Sprawdza si\u0119 r\u00f3wnie\u017c w przypadku mieszanej cery z tr\u0105dzikiem grudkowo-krostkowym.&nbsp;<strong>Dermokosmetyki do cery tr\u0105dzikowej, dzi\u0119ki zawarto\u015bci opisywanego zwi\u0105zku, zadzia\u0142aj\u0105 antybakteryjnie i ogranicz\u0105 aktywno\u015b\u0107 gruczo\u0142\u00f3w<\/strong>.<\/p>\n\n\n\n<p>Kwas doceniaj\u0105 r\u00f3wnie\u017c osoby zmagaj\u0105ce si\u0119 z przebarwieniami na twarzy oraz niejednolitym kolorytem cery. Substancja ta hamuje enzym tyrozynazy, a co za tym idzie \u2014 wyg\u0142adza sk\u00f3r\u0119, wyr\u00f3wnuje zmarszczki i przywraca blask.<\/p>\n\n\n\n<h2><strong>Dla kogo kwas azelainowy nie jest dobrym wyborem? Przeciwskazania<\/strong><\/h2>\n\n\n\n<p>&nbsp;Je\u015bli wyst\u0119puje&nbsp;<strong>nadwra\u017cliwo\u015b\u0107 sk\u00f3ry<\/strong>&nbsp;lub alergia na&nbsp;<strong>kwas azelainowy<\/strong>, efekty zastosowania substancji mog\u0105 by\u0107 przeciwne do zamierzonych. Dotyczy to r\u00f3wnie\u017c os\u00f3b o ciemnym fototypie \u2014 w tym przypadku nale\u017cy szczeg\u00f3lnie obserwowa\u0107 miejsce aplikacji produktu, aby nie dopu\u015bci\u0107 do wybielenia lub zmiany kolorytu cery.<\/p>\n\n\n\n<p><strong>Zastosowanie serum z wysokim st\u0119\u017ceniem kwasu azelainowego w warunkach domowych oraz wykonywanie zabieg\u00f3w piel\u0119gnacyjnych z u\u017cyciem innych kwas\u00f3w warto poprzedzi\u0107 konsultacj\u0105 ze specjalist\u0105.<\/strong><\/p>\n\n\n\n<div class=\"wp-block-columns\">\n<div class=\"wp-block-column\">\n<h2><strong>Jak stosowa\u0107 kwas azelainowy?<\/strong><\/h2>\n\n\n\n<p>Zar\u00f3wno&nbsp;<strong>dermokosmetyki na tr\u0105dzik<\/strong>&nbsp;z kwasem azelainowym, jak i specyfiki do piel\u0119gnacji sk\u00f3ry nale\u017cy stosowa\u0107 wed\u0142ug zalece\u0144 producenta. Kremy, je\u015bli nie ma innych zalece\u0144, powinno si\u0119 nak\u0142ada\u0107 rano oraz wieczorem na zmian\u0119 z preparatem nawil\u017caj\u0105cym. Po p\u00f3\u0142 roku u\u017cytkowania nale\u017cy wprowadzi\u0107 kilkutygodniow\u0105 przerw\u0119.<\/p>\n\n\n\n<h2><strong>Kosmetyki z kwasem azelainowym<\/strong><\/h2>\n\n\n\n<p><strong>Kosmetyki z kwasem azelainowym s\u0105 doskona\u0142ym rozwi\u0105zaniem dla sk\u00f3ry problematycznej.<\/strong>&nbsp;Trzeba jednak pami\u0119ta\u0107, \u017ce najwa\u017cniejszy jest umiar. W przeciwnym wypadku istnieje ryzyko wyst\u0105pienia niepo\u017c\u0105danych skutk\u00f3w ubocznych takich jak \u015bwi\u0105d czy pieczenie. Je\u015bli pojawi\u0105 si\u0119 nietypowe, niepokoj\u0105ce symptomy, nale\u017cy bezzw\u0142ocznie skontaktowa\u0107 si\u0119 ze specjalist\u0105.<\/p>\n<\/div>\n\n\n\n<div class=\"wp-block-column\">\n<figure class=\"wp-block-image size-large is-resized\"><img loading=\"lazy\" src=\"https:\/\/e-naturalne.home.pl\/autoinstalator\/wordpressplugins1\/wp-content\/uploads\/2022\/03\/zdjecie-lynia-krem-z-kwasem-azelainowym-7-2-702x1024.jpg\" alt=\"\" class=\"wp-image-3080\" width=\"252\" height=\"368\" srcset=\"https:\/\/www.skarbieclynia.pl\/wp-content\/uploads\/2022\/03\/zdjecie-lynia-krem-z-kwasem-azelainowym-7-2-702x1024.jpg 702w, https:\/\/www.skarbieclynia.pl\/wp-content\/uploads\/2022\/03\/zdjecie-lynia-krem-z-kwasem-azelainowym-7-2-206x300.jpg 206w, https:\/\/www.skarbieclynia.pl\/wp-content\/uploads\/2022\/03\/zdjecie-lynia-krem-z-kwasem-azelainowym-7-2-768x1120.jpg 768w, https:\/\/www.skarbieclynia.pl\/wp-content\/uploads\/2022\/03\/zdjecie-lynia-krem-z-kwasem-azelainowym-7-2-480x700.jpg 480w, https:\/\/www.skarbieclynia.pl\/wp-content\/uploads\/2022\/03\/zdjecie-lynia-krem-z-kwasem-azelainowym-7-2.jpg 1000w\" sizes=\"(max-width: 252px) 100vw, 252px\" \/><figcaption><a href=\"https:\/\/lynia.pl\/produkt\/krem-z-kwasem-azelainowym-7\/\"><strong>Krem z kwasem azelainowym 7%<\/strong><br><\/a><\/figcaption><\/figure>\n<\/div>\n<\/div>\n\n\n\n<figure class=\"wp-block-image size-large\"><img loading=\"lazy\" width=\"1024\" height=\"683\" src=\"https:\/\/e-naturalne.home.pl\/autoinstalator\/wordpressplugins1\/wp-content\/uploads\/2022\/03\/krem-do-twarzy-1024x683.jpg\" alt=\"\" class=\"wp-image-3083\" srcset=\"https:\/\/www.skarbieclynia.pl\/wp-content\/uploads\/2022\/03\/krem-do-twarzy-1024x683.jpg 1024w, https:\/\/www.skarbieclynia.pl\/wp-content\/uploads\/2022\/03\/krem-do-twarzy-300x200.jpg 300w, https:\/\/www.skarbieclynia.pl\/wp-content\/uploads\/2022\/03\/krem-do-twarzy-768x512.jpg 768w, https:\/\/www.skarbieclynia.pl\/wp-content\/uploads\/2022\/03\/krem-do-twarzy-720x480.jpg 720w, https:\/\/www.skarbieclynia.pl\/wp-content\/uploads\/2022\/03\/krem-do-twarzy-480x320.jpg 480w, https:\/\/www.skarbieclynia.pl\/wp-content\/uploads\/2022\/03\/krem-do-twarzy.jpg 1333w\" sizes=\"(max-width: 1024px) 100vw, 1024px\" \/><figcaption>Krem z kwasem azelainowym 5%<br><\/figcaption><\/figure>\n","protected":false},"excerpt":{"rendered":"<p>Kwas azelainowy&nbsp;jest zwi\u0105zkiem organicznym z grupy kwas\u00f3w dikarboksylowych o udowodnionym dzia\u0142aniu przeciwbakteryjnym, przeciwzapalnym oraz lekko z\u0142uszczaj\u0105cym. Polecany jest osobom z tr\u0105dzikiem r\u00f3\u017cowatym i pospolitym, AZS i przebarwieniami. Dzia\u0142anie kwasu powoduje hamowanie rozwoju bakterii&nbsp;Propionibacterium acnes,&nbsp;Staphylococcus epidermidis, powoduj\u0105cych zmiany tr\u0105dzikowe. Hamuje r\u00f3wnie\u017c wzrost i&nbsp;nadmiern\u0105 aktywno\u015b\u0107 melanocyt\u00f3w. Leczenie przebarwie\u0144 odbywa si\u0119 poprzez hamowanie syntezy DNA i&nbsp;oddychanie kom\u00f3rkowe melanocyt\u00f3w. Produkty z kwasem azelainowym pozwalaj\u0105 na skuteczne kuracje w obr\u0119bie: tr\u0105dziku r\u00f3\u017cowatego \u2013 dzia\u0142anie przeciwzapalne stan\u00f3w zapalnych \u2013 w\u0142a\u015bciwo\u015bci bakteriob\u00f3jcze anti-aging \u2013 dzia\u0142anie antyoksydacyjne (eliminacja wolnych rodnik\u00f3w) regulacji sebum \u2013 dzia\u0142anie keratolityczne (zmniejszone tworzenie si\u0119 czop\u00f3w \u0142ojowych) przebarwie\u0144 (chloasma,&nbsp;melasma)&nbsp;\u2013 jako inhibitor tyrozynazy hamuje dzia\u0142anie enzymu<\/p>\n","protected":false},"author":5,"featured_media":3092,"comment_status":"closed","ping_status":"open","sticky":false,"template":"","format":"standard","meta":[],"categories":[19],"tags":[50,37,42,54,55],"acf":[],"yoast_head":"<!-- This site is optimized with the Yoast SEO plugin v17.9 - https:\/\/yoast.com\/wordpress\/plugins\/seo\/ -->\n<title>Skarbiec<\/title>\n<meta name=\"description\" content=\"Kwas azelainowy polecany jest osobom z tr\u0105dzikiem r\u00f3\u017cowatym i pospolitym, AZS i przebarwieniami. Hamuje wzrost melanocyt\u00f3w.\" \/>\n<meta name=\"robots\" content=\"index, follow, max-snippet:-1, max-image-preview:large, max-video-preview:-1\" \/>\n<link rel=\"canonical\" href=\"https:\/\/www.skarbieclynia.pl\/index.php\/2022\/03\/14\/azelainowy\/\" \/>\n<meta property=\"og:locale\" content=\"pl_PL\" \/>\n<meta property=\"og:type\" content=\"article\" \/>\n<meta property=\"og:title\" content=\"Kwas azelainowy \u2014 sk\u0142adnik wielu dermokosmetyk\u00f3w - Skarbiec\" \/>\n<meta property=\"og:description\" content=\"Kwas azelainowy polecany jest osobom z tr\u0105dzikiem r\u00f3\u017cowatym i pospolitym, AZS i przebarwieniami. Hamuje wzrost melanocyt\u00f3w.\" \/>\n<meta property=\"og:url\" content=\"https:\/\/www.skarbieclynia.pl\/index.php\/2022\/03\/14\/azelainowy\/\" \/>\n<meta property=\"og:site_name\" content=\"Skarbiec\" \/>\n<meta property=\"article:published_time\" content=\"2022-03-14T14:54:29+00:00\" \/>\n<meta property=\"article:modified_time\" content=\"2022-03-28T13:39:47+00:00\" \/>\n<meta property=\"og:image\" content=\"https:\/\/www.skarbieclynia.pl\/wp-content\/uploads\/2022\/03\/shutterstock_184368359.jpg\" \/>\n\t<meta property=\"og:image:width\" content=\"1000\" \/>\n\t<meta property=\"og:image:height\" content=\"667\" \/>\n\t<meta property=\"og:image:type\" content=\"image\/jpeg\" \/>\n<meta name=\"twitter:card\" content=\"summary_large_image\" \/>\n<meta name=\"twitter:label1\" content=\"Napisane przez\" \/>\n\t<meta name=\"twitter:data1\" content=\"Agata Dobrzycka\" \/>\n\t<meta name=\"twitter:label2\" content=\"Szacowany czas czytania\" \/>\n\t<meta name=\"twitter:data2\" content=\"5 minut\" \/>\n<script type=\"application\/ld+json\" class=\"yoast-schema-graph\">{\"@context\":\"https:\/\/schema.org\",\"@graph\":[{\"@type\":\"WebSite\",\"@id\":\"https:\/\/www.skarbieclynia.pl\/#website\",\"url\":\"https:\/\/www.skarbieclynia.pl\/\",\"name\":\"Skarbiec\",\"description\":\"LYNIA\",\"potentialAction\":[{\"@type\":\"SearchAction\",\"target\":{\"@type\":\"EntryPoint\",\"urlTemplate\":\"https:\/\/www.skarbieclynia.pl\/?s={search_term_string}\"},\"query-input\":\"required name=search_term_string\"}],\"inLanguage\":\"pl-PL\"},{\"@type\":\"ImageObject\",\"@id\":\"https:\/\/www.skarbieclynia.pl\/index.php\/2022\/03\/14\/azelainowy\/#primaryimage\",\"inLanguage\":\"pl-PL\",\"url\":\"https:\/\/www.skarbieclynia.pl\/wp-content\/uploads\/2022\/03\/shutterstock_184368359.jpg\",\"contentUrl\":\"https:\/\/www.skarbieclynia.pl\/wp-content\/uploads\/2022\/03\/shutterstock_184368359.jpg\",\"width\":1000,\"height\":667,\"caption\":\"kwas-azelainowy-skladnik-wielu-dermokosmetykow.jpg\"},{\"@type\":\"WebPage\",\"@id\":\"https:\/\/www.skarbieclynia.pl\/index.php\/2022\/03\/14\/azelainowy\/#webpage\",\"url\":\"https:\/\/www.skarbieclynia.pl\/index.php\/2022\/03\/14\/azelainowy\/\",\"name\":\"Kwas azelainowy \\u2014 sk\\u0142adnik wielu dermokosmetyk\\u00f3w - Skarbiec\",\"isPartOf\":{\"@id\":\"https:\/\/www.skarbieclynia.pl\/#website\"},\"primaryImageOfPage\":{\"@id\":\"https:\/\/www.skarbieclynia.pl\/index.php\/2022\/03\/14\/azelainowy\/#primaryimage\"},\"datePublished\":\"2022-03-14T14:54:29+00:00\",\"dateModified\":\"2022-03-28T13:39:47+00:00\",\"author\":{\"@id\":\"https:\/\/www.skarbieclynia.pl\/#\/schema\/person\/0c1074c6b7a0e693c3ae945afb1b6325\"},\"description\":\"Kwas azelainowy polecany jest osobom z tr\\u0105dzikiem r\\u00f3\\u017cowatym i pospolitym, AZS i przebarwieniami. Hamuje wzrost melanocyt\\u00f3w.\",\"breadcrumb\":{\"@id\":\"https:\/\/www.skarbieclynia.pl\/index.php\/2022\/03\/14\/azelainowy\/#breadcrumb\"},\"inLanguage\":\"pl-PL\",\"potentialAction\":[{\"@type\":\"ReadAction\",\"target\":[\"https:\/\/www.skarbieclynia.pl\/index.php\/2022\/03\/14\/azelainowy\/\"]}]},{\"@type\":\"BreadcrumbList\",\"@id\":\"https:\/\/www.skarbieclynia.pl\/index.php\/2022\/03\/14\/azelainowy\/#breadcrumb\",\"itemListElement\":[{\"@type\":\"ListItem\",\"position\":1,\"name\":\"Strona g\\u0142\\u00f3wna\",\"item\":\"https:\/\/www.skarbieclynia.pl\/\"},{\"@type\":\"ListItem\",\"position\":2,\"name\":\"Kwas azelainowy \\u2014 sk\\u0142adnik wielu dermokosmetyk\\u00f3w\"}]},{\"@type\":\"Person\",\"@id\":\"https:\/\/www.skarbieclynia.pl\/#\/schema\/person\/0c1074c6b7a0e693c3ae945afb1b6325\",\"name\":\"Agata Dobrzycka\",\"image\":{\"@type\":\"ImageObject\",\"@id\":\"https:\/\/www.skarbieclynia.pl\/#personlogo\",\"inLanguage\":\"pl-PL\",\"url\":\"https:\/\/secure.gravatar.com\/avatar\/416f82305c48a2816b33191c1e28876d?s=96&d=mm&r=g\",\"contentUrl\":\"https:\/\/secure.gravatar.com\/avatar\/416f82305c48a2816b33191c1e28876d?s=96&d=mm&r=g\",\"caption\":\"Agata Dobrzycka\"},\"url\":\"https:\/\/www.skarbieclynia.pl\/index.php\/author\/agata\/\"}]}<\/script>\n<!-- \/ Yoast SEO plugin. -->","yoast_head_json":{"title":"Skarbiec","description":"Kwas azelainowy polecany jest osobom z tr\u0105dzikiem r\u00f3\u017cowatym i pospolitym, AZS i przebarwieniami. Hamuje wzrost melanocyt\u00f3w.","robots":{"index":"index","follow":"follow","max-snippet":"max-snippet:-1","max-image-preview":"max-image-preview:large","max-video-preview":"max-video-preview:-1"},"canonical":"https:\/\/www.skarbieclynia.pl\/index.php\/2022\/03\/14\/azelainowy\/","og_locale":"pl_PL","og_type":"article","og_title":"Kwas azelainowy \u2014 sk\u0142adnik wielu dermokosmetyk\u00f3w - Skarbiec","og_description":"Kwas azelainowy polecany jest osobom z tr\u0105dzikiem r\u00f3\u017cowatym i pospolitym, AZS i przebarwieniami. Hamuje wzrost melanocyt\u00f3w.","og_url":"https:\/\/www.skarbieclynia.pl\/index.php\/2022\/03\/14\/azelainowy\/","og_site_name":"Skarbiec","article_published_time":"2022-03-14T14:54:29+00:00","article_modified_time":"2022-03-28T13:39:47+00:00","og_image":[{"width":1000,"height":667,"url":"https:\/\/www.skarbieclynia.pl\/wp-content\/uploads\/2022\/03\/shutterstock_184368359.jpg","type":"image\/jpeg"}],"twitter_card":"summary_large_image","twitter_misc":{"Napisane przez":"Agata Dobrzycka","Szacowany czas czytania":"5 minut"},"schema":{"@context":"https:\/\/schema.org","@graph":[{"@type":"WebSite","@id":"https:\/\/www.skarbieclynia.pl\/#website","url":"https:\/\/www.skarbieclynia.pl\/","name":"Skarbiec","description":"LYNIA","potentialAction":[{"@type":"SearchAction","target":{"@type":"EntryPoint","urlTemplate":"https:\/\/www.skarbieclynia.pl\/?s={search_term_string}"},"query-input":"required name=search_term_string"}],"inLanguage":"pl-PL"},{"@type":"ImageObject","@id":"https:\/\/www.skarbieclynia.pl\/index.php\/2022\/03\/14\/azelainowy\/#primaryimage","inLanguage":"pl-PL","url":"https:\/\/www.skarbieclynia.pl\/wp-content\/uploads\/2022\/03\/shutterstock_184368359.jpg","contentUrl":"https:\/\/www.skarbieclynia.pl\/wp-content\/uploads\/2022\/03\/shutterstock_184368359.jpg","width":1000,"height":667,"caption":"kwas-azelainowy-skladnik-wielu-dermokosmetykow.jpg"},{"@type":"WebPage","@id":"https:\/\/www.skarbieclynia.pl\/index.php\/2022\/03\/14\/azelainowy\/#webpage","url":"https:\/\/www.skarbieclynia.pl\/index.php\/2022\/03\/14\/azelainowy\/","name":"Kwas azelainowy \u2014 sk\u0142adnik wielu dermokosmetyk\u00f3w - Skarbiec","isPartOf":{"@id":"https:\/\/www.skarbieclynia.pl\/#website"},"primaryImageOfPage":{"@id":"https:\/\/www.skarbieclynia.pl\/index.php\/2022\/03\/14\/azelainowy\/#primaryimage"},"datePublished":"2022-03-14T14:54:29+00:00","dateModified":"2022-03-28T13:39:47+00:00","author":{"@id":"https:\/\/www.skarbieclynia.pl\/#\/schema\/person\/0c1074c6b7a0e693c3ae945afb1b6325"},"description":"Kwas azelainowy polecany jest osobom z tr\u0105dzikiem r\u00f3\u017cowatym i pospolitym, AZS i przebarwieniami. Hamuje wzrost melanocyt\u00f3w.","breadcrumb":{"@id":"https:\/\/www.skarbieclynia.pl\/index.php\/2022\/03\/14\/azelainowy\/#breadcrumb"},"inLanguage":"pl-PL","potentialAction":[{"@type":"ReadAction","target":["https:\/\/www.skarbieclynia.pl\/index.php\/2022\/03\/14\/azelainowy\/"]}]},{"@type":"BreadcrumbList","@id":"https:\/\/www.skarbieclynia.pl\/index.php\/2022\/03\/14\/azelainowy\/#breadcrumb","itemListElement":[{"@type":"ListItem","position":1,"name":"Strona g\u0142\u00f3wna","item":"https:\/\/www.skarbieclynia.pl\/"},{"@type":"ListItem","position":2,"name":"Kwas azelainowy \u2014 sk\u0142adnik wielu dermokosmetyk\u00f3w"}]},{"@type":"Person","@id":"https:\/\/www.skarbieclynia.pl\/#\/schema\/person\/0c1074c6b7a0e693c3ae945afb1b6325","name":"Agata Dobrzycka","image":{"@type":"ImageObject","@id":"https:\/\/www.skarbieclynia.pl\/#personlogo","inLanguage":"pl-PL","url":"https:\/\/secure.gravatar.com\/avatar\/416f82305c48a2816b33191c1e28876d?s=96&d=mm&r=g","contentUrl":"https:\/\/secure.gravatar.com\/avatar\/416f82305c48a2816b33191c1e28876d?s=96&d=mm&r=g","caption":"Agata Dobrzycka"},"url":"https:\/\/www.skarbieclynia.pl\/index.php\/author\/agata\/"}]}},"_links":{"self":[{"href":"https:\/\/www.skarbieclynia.pl\/index.php\/wp-json\/wp\/v2\/posts\/3079"}],"collection":[{"href":"https:\/\/www.skarbieclynia.pl\/index.php\/wp-json\/wp\/v2\/posts"}],"about":[{"href":"https:\/\/www.skarbieclynia.pl\/index.php\/wp-json\/wp\/v2\/types\/post"}],"author":[{"embeddable":true,"href":"https:\/\/www.skarbieclynia.pl\/index.php\/wp-json\/wp\/v2\/users\/5"}],"replies":[{"embeddable":true,"href":"https:\/\/www.skarbieclynia.pl\/index.php\/wp-json\/wp\/v2\/comments?post=3079"}],"version-history":[{"count":3,"href":"https:\/\/www.skarbieclynia.pl\/index.php\/wp-json\/wp\/v2\/posts\/3079\/revisions"}],"predecessor-version":[{"id":5792,"href":"https:\/\/www.skarbieclynia.pl\/index.php\/wp-json\/wp\/v2\/posts\/3079\/revisions\/5792"}],"wp:featuredmedia":[{"embeddable":true,"href":"https:\/\/www.skarbieclynia.pl\/index.php\/wp-json\/wp\/v2\/media\/3092"}],"wp:attachment":[{"href":"https:\/\/www.skarbieclynia.pl\/index.php\/wp-json\/wp\/v2\/media?parent=3079"}],"wp:term":[{"taxonomy":"category","embeddable":true,"href":"https:\/\/www.skarbieclynia.pl\/index.php\/wp-json\/wp\/v2\/categories?post=3079"},{"taxonomy":"post_tag","embeddable":true,"href":"https:\/\/www.skarbieclynia.pl\/index.php\/wp-json\/wp\/v2\/tags?post=3079"}],"curies":[{"name":"wp","href":"https:\/\/api.w.org\/{rel}","templated":true}]}}