{"id":2238,"date":"2018-05-18T00:00:00","date_gmt":"2018-05-18T00:00:00","guid":{"rendered":"https:\/\/thefox.withemes.com\/pine\/2020\/10\/28\/an-mea-nonumy-latine-volumus-veniam-fabulas\/"},"modified":"2022-03-16T10:59:33","modified_gmt":"2022-03-16T09:59:33","slug":"skora-mieszana","status":"publish","type":"post","link":"https:\/\/www.skarbieclynia.pl\/index.php\/2018\/05\/18\/skora-mieszana\/","title":{"rendered":"Sk\u00f3ra mieszana \u2013 bez tajemnic cz.I"},"content":{"rendered":"\n<p class=\"has-drop-cap\">Najwi\u0119kszym wyzwaniem w piel\u0119gnacji sk\u00f3ry mieszanej jest znalezienie r\u00f3wnowagi pomi\u0119dzy stref\u0105 wymagaj\u0105c\u0105 mniej nawil\u017cenia a stref\u0105 such\u0105, potrzebuj\u0105c\u0105 ochrony oraz uelastycznienia. Strategia zak\u0142ada delikatn\u0105 baz\u0119, a tak\u017ce mo\u017cliwo\u015b\u0107 warstwowego budowania nawil\u017cenia \u2014 na policzkach wi\u0119cej warstw lub ekstra produkt dla tej strefy (r\u00f3wnie\u017c na szyj\u0119 i dekolt). Istotne s\u0105 te\u017c substancje przeciwzapalne, ograniczaj\u0105ce \u0142ojotok i hamuj\u0105ce sk\u0142onno\u015b\u0107 do pozostawania \u015blad\u00f3w.<strong>&nbsp;<\/strong>Warto zadba\u0107 o punktowe, optyczne zw\u0119\u017canie por\u00f3w oraz oczyszczanie ich z utlenionej tre\u015bci.<\/p>\n\n\n\n<p><meta charset=\"utf-8\"><\/p>\n\n\n\n<h2>Co sprawia, \u017ce okre\u015blamy typ sk\u00f3ry mianem mieszanej?&nbsp;<strong>Etap pierwszy<\/strong><\/h2>\n\n\n\n<p>Podstawow\u0105 cech\u0105, kt\u00f3r\u0105 w pierwszej kolejno\u015bci bierzemy pod uwag\u0119 podczas okre\u015blania typu cery, jest ilo\u015b\u0107 produkowanego sebum. Zastan\u00f3w si\u0119 nad poni\u017cszymi pytaniami \u2014 odpowiedz na nie zgodnie z prawd\u0105:<\/p>\n\n\n\n<ol><li>Czy po obudzeniu si\u0119 widzisz&nbsp;<strong>warstewk\u0119 \u0142oju na powierzchni sk\u00f3ry<\/strong>&nbsp;w strefie T, podczas gdy policzki s\u0105 normalne lub suche?<\/li><li>Po umyciu sk\u00f3ry jakimkolwiek kosmetykiem pojawia si\u0119 na twarzy<strong>&nbsp;uczucie spi\u0119cia i napr\u0119\u017cenia<\/strong>?<\/li><li>Na bokach twarzy czujesz dyskomfort, kt\u00f3ry ust\u0119puje dopiero po na\u0142o\u017ceniu kremu?<\/li><\/ol>\n\n\n\n<p>Przyjrzyj si\u0119 swojej cerze z bliska. Je\u015bli powierzchnia Twojej sk\u00f3ry na brzegach twarzy jest zwarta, przypomina i w dotyku brzoskwini\u0119, a pory na nosie lub na sk\u00f3rze w okolicy policzk\u00f3w s\u0105 wyra\u017anie rozszerzone,&nbsp;<strong>z du\u017cym prawdopodobie\u0144stwem mo\u017cna stwierdzi\u0107, \u017ce masz do czynienia ze sk\u00f3r\u0105 mieszan\u0105<\/strong>.<\/p>\n\n\n\n<div class=\"wp-block-image\"><figure class=\"alignright size-medium\"><a href=\"https:\/\/e-naturalne.home.pl\/autoinstalator\/wordpressplugins1\/wp-content\/uploads\/2022\/03\/18.jpg\"><img loading=\"lazy\" width=\"300\" height=\"200\" src=\"https:\/\/e-naturalne.home.pl\/autoinstalator\/wordpressplugins1\/wp-content\/uploads\/2022\/03\/18-300x200.jpg\" alt=\"\" class=\"wp-image-2924\" srcset=\"https:\/\/www.skarbieclynia.pl\/wp-content\/uploads\/2022\/03\/18-300x200.jpg 300w, https:\/\/www.skarbieclynia.pl\/wp-content\/uploads\/2022\/03\/18-1024x682.jpg 1024w, https:\/\/www.skarbieclynia.pl\/wp-content\/uploads\/2022\/03\/18-768x512.jpg 768w, https:\/\/www.skarbieclynia.pl\/wp-content\/uploads\/2022\/03\/18-1536x1024.jpg 1536w, https:\/\/www.skarbieclynia.pl\/wp-content\/uploads\/2022\/03\/18-720x480.jpg 720w, https:\/\/www.skarbieclynia.pl\/wp-content\/uploads\/2022\/03\/18-480x320.jpg 480w, https:\/\/www.skarbieclynia.pl\/wp-content\/uploads\/2022\/03\/18.jpg 2000w\" sizes=\"(max-width: 300px) 100vw, 300px\" \/><\/a><\/figure><\/div>\n\n\n\n<p>Zastan\u00f3w si\u0119 te\u017c nad innymi czynnikami. Sprawd\u017a, czy na Twojej sk\u00f3rze wyst\u0119puj\u0105&nbsp;<strong>zask\u00f3rniki otwarte&nbsp;<\/strong>(maj\u0105 posta\u0107 ma\u0142ych, czarnych kropeczek \u2014 tak w\u0142a\u015bnie wygl\u0105da utleniony \u0142\u00f3j) w centralnej cz\u0119\u015bci twarzy. Przy cerze mieszanej cz\u0119sto pojawiaj\u0105 si\u0119 stany zapalne o bli\u017cej nieokre\u015blonym pod\u0142o\u017cu, a miejsce ich wyst\u0119powania nie jest sztywno okre\u015blone. Dodatkowo mo\u017cesz mie\u0107 jednocze\u015bnie rozszerzone pory na czole, \u0142uszcz\u0105ce si\u0119 suche sk\u00f3rki na skroniach, a tak\u017ce b\u0142yszcz\u0105ce czo\u0142o, kt\u00f3re wymaga u\u017cycia matuj\u0105cego pudru. To wszystko mo\u017cna okre\u015bli\u0107 mianem typowych cech&nbsp;<strong>cery mieszanej<\/strong>.<\/p>\n\n\n\n<div class=\"wp-block-image\"><figure class=\"alignleft size-large is-resized\"><a href=\"https:\/\/e-naturalne.home.pl\/autoinstalator\/wordpressplugins1\/wp-content\/uploads\/2022\/03\/pexels-cottonbro-4612139-scaled.jpg\"><img loading=\"lazy\" src=\"https:\/\/e-naturalne.home.pl\/autoinstalator\/wordpressplugins1\/wp-content\/uploads\/2022\/03\/pexels-cottonbro-4612139-683x1024.jpg\" alt=\"\" class=\"wp-image-2927\" width=\"342\" height=\"512\" srcset=\"https:\/\/www.skarbieclynia.pl\/wp-content\/uploads\/2022\/03\/pexels-cottonbro-4612139-683x1024.jpg 683w, https:\/\/www.skarbieclynia.pl\/wp-content\/uploads\/2022\/03\/pexels-cottonbro-4612139-200x300.jpg 200w, https:\/\/www.skarbieclynia.pl\/wp-content\/uploads\/2022\/03\/pexels-cottonbro-4612139-768x1152.jpg 768w, https:\/\/www.skarbieclynia.pl\/wp-content\/uploads\/2022\/03\/pexels-cottonbro-4612139-1024x1536.jpg 1024w, https:\/\/www.skarbieclynia.pl\/wp-content\/uploads\/2022\/03\/pexels-cottonbro-4612139-1365x2048.jpg 1365w, https:\/\/www.skarbieclynia.pl\/wp-content\/uploads\/2022\/03\/pexels-cottonbro-4612139-480x720.jpg 480w, https:\/\/www.skarbieclynia.pl\/wp-content\/uploads\/2022\/03\/pexels-cottonbro-4612139-scaled.jpg 1706w\" sizes=\"(max-width: 342px) 100vw, 342px\" \/><\/a><\/figure><\/div>\n\n\n\n<h2>Co sprawia, \u017ce okre\u015blamy typ sk\u00f3ry mianem mieszanej? Etap drugi<\/h2>\n\n\n\n<p><strong>Oczywi\u015bcie musisz pami\u0119ta\u0107, \u017ce wsp\u00f3\u0142czesna dermatologia, kosmetologia i \u015bwiadoma piel\u0119gnacja zak\u0142adaj\u0105 dwustopniowe okre\u015blenie typu sk\u00f3ry.<\/strong>&nbsp;Gratulujemy \u2013 pierwszy krok jest ju\u017c za Tob\u0105! Drugi jest zwi\u0105zany z potrzebami i problemami sk\u00f3ry mieszanej, z kt\u00f3rymi borykasz si\u0119 ka\u017cdego dnia. Na pocz\u0105tku okre\u015bl, czy Twoja sk\u00f3ra jest:<\/p>\n\n\n\n<p>&#8211; mieszana, ze sk\u0142onno\u015bci\u0105 do odwodnienia,<\/p>\n\n\n\n<p>&#8211; mieszana i p\u0142ytko unaczyniona,<\/p>\n\n\n\n<p>&#8211; mieszana, z oznakami starzenia,<\/p>\n\n\n\n<p>&#8211; mieszana, ze sk\u0142onno\u015bci\u0105 do przebarwie\u0144,<\/p>\n\n\n\n<p>&#8211; mieszana i wra\u017cliwa,<\/p>\n\n\n\n<p>&#8211; mieszana, z tr\u0105dzikiem o r\u00f3\u017cnym pod\u0142o\u017cu.<\/p>\n\n\n\n<h2>Jakich substancji warto szuka\u0107 w kosmetykach dla sk\u00f3ry mieszanej?<\/h2>\n\n\n\n<p>Najwi\u0119kszym wyzwaniem w piel\u0119gnacji sk\u00f3ry mieszanej jest znalezienie r\u00f3wnowagi pomi\u0119dzy stref\u0105 wymagaj\u0105c\u0105 mniej nawil\u017cenia a stref\u0105 such\u0105, potrzebuj\u0105c\u0105 ochrony oraz uelastycznienia. Strategia zak\u0142ada delikatn\u0105 baz\u0119, a tak\u017ce mo\u017cliwo\u015b\u0107 warstwowego budowania nawil\u017cenia \u2014 na policzkach wi\u0119cej warstw lub ekstra produkt dla tej strefy (r\u00f3wnie\u017c na szyj\u0119 i dekolt).<\/p>\n\n\n\n<p>Istotne s\u0105 te\u017c substancje przeciwzapalne, ograniczaj\u0105ce \u0142ojotok i hamuj\u0105ce sk\u0142onno\u015b\u0107 do pozostawania \u015blad\u00f3w.<strong>&nbsp;Warto zadba\u0107 o punktowe, optyczne zw\u0119\u017canie por\u00f3w oraz oczyszczanie ich z utlenionej tre\u015bci.<\/strong>&nbsp;Uzyskasz to poprzez zastosowanie substancji, takich jak:<\/p>\n\n\n\n<p>&#8211;&nbsp;<a href=\"https:\/\/e-naturalne.pl\/pl\/p\/Kwas-hialuronowy-wielkoczasteczkowy-roztwor-1-zel\/1166\">kwas hialuronowy<\/a>&nbsp;\u2013 zawarty w sk\u00f3rze jest jednym z jej najwa\u017cniejszych sk\u0142adnik\u00f3w. Wi\u0105\u017c\u0105c wod\u0119 w nask\u00f3rku, zapobiega powstawaniu zmarszczek oraz nadaje sk\u00f3rze elastyczno\u015bci i spr\u0119\u017cysto\u015bci. Ponadto utrzymuje wod\u0119 w organizmie oraz poziom p\u0142ynu tkankowego zawartego w macierzy pozakom\u00f3rkowej.&nbsp;Chroni sk\u00f3r\u0119 przed wysychaniem, a tak\u017ce wzmacnia jej w\u0142a\u015bciwo\u015bci ochronne.&nbsp;<\/p>\n\n\n\n<p>&#8211;&nbsp;<a href=\"https:\/\/e-naturalne.pl\/pl\/p\/Tri-Solve-ceramidy\/2229\">trehaloza<\/a>,&nbsp;dzi\u0119ki swojemu potr\u00f3jnemu dzia\u0142aniu, niweluje, a tak\u017ce odbudowuje uszkodzenia sk\u00f3ry wywo\u0142ane odwodnieniem<\/p>\n\n\n\n<p>&#8211;&nbsp;<a href=\"https:\/\/e-naturalne.pl\/pl\/p\/Hydromanil\/1184\">ekstrakt z tary (hydromanil)&nbsp;<\/a><\/p>\n\n\n\n<p>Oligosacharydy zawarte w p\u0142ynie przenikaj\u0105 z zewn\u0119trznej powierzchni warstwy rogowej do jej wn\u0119trza, powoduj\u0105c tym samym akumulacj\u0119 nawil\u017cenia oraz redukuj\u0105 \u0142uszczenie si\u0119 sk\u00f3ry. Dzia\u0142anie reguluj\u0105ce proces z\u0142uszczania nask\u00f3rka, eliminuje warstwy zgrubia\u0142ych kom\u00f3rek, pozostawiaj\u0105c warstw\u0119 rogow\u0105 sp\u00f3jn\u0105 i elastyczn\u0105, ulepszaj\u0105c tym samym wygl\u0105d zewn\u0119trzny sk\u00f3ry.<\/p>\n\n\n\n<p>Hydromanil, dzi\u0119ki swojej innowacyjnej strukturze i technologii produkcji, jest nowoczesnym, aktywnym produktem nawil\u017caj\u0105cym dzia\u0142aj\u0105cym jako Sekwencyjny System Zaopatrywania sk\u00f3ry w ma\u0142e cz\u0105steczki substancji nawil\u017caj\u0105cych, co w rezultacie daje nam uniwersalne dzia\u0142anie nawil\u017caj\u0105ce: natychmiastowe i d\u0142ugotrwa\u0142e.<\/p>\n\n\n\n<p>&#8211;&nbsp;<a href=\"https:\/\/e-naturalne.pl\/pl\/p\/Mocznik\/1316\">mocznik<\/a>&nbsp;powoduje z\u0142uszczanie zrogowacia\u0142ych warstw nask\u00f3rka. Zwi\u0119ksza przepuszczalno\u015b\u0107 warstwy rogowej, dzi\u0119ki czemu u\u0142atwia przenikanie substancji biologicznie aktywnych. Zmi\u0119kcza, od\u015bwie\u017ca i uelastycznia sk\u00f3r\u0119.<\/p>\n\n\n\n<p>&#8211;&nbsp;<a href=\"https:\/\/e-naturalne.pl\/pl\/p\/Skwalan\/1216\">skwalan<\/a>&nbsp;to prze\u017aroczysty i bezbarwny olej, b\u0119d\u0105cy substancj\u0105 aktywn\u0105. Wzmacnia bariery lipidowe w g\u0142\u0119bi warstwy rogowej nask\u00f3rka, u\u0142atwia przenikanie przez sk\u00f3r\u0119 innych sk\u0142adnik\u00f3w aktywnych, zmi\u0119kcza i uelastycznia nask\u00f3rek, dzia\u0142a bakteriob\u00f3jczo.<\/p>\n\n\n\n<p>&#8211;&nbsp;<a href=\"https:\/\/e-naturalne.pl\/pl\/p\/Sluz-slimaka-100-wyciag-filtrowany\/2072\">\u015bluz \u015blimaka<\/a>&nbsp;zawiera wyj\u0105tkowo skuteczny i bogaty sk\u0142ad, kt\u00f3ry pobudza syntez\u0119 macierzy mi\u0119dzykom\u00f3rkowej w celu restrukturyzacji sk\u00f3ry. Zwi\u0119ksza jej elastyczno\u015b\u0107 oraz zapewnia g\u0142\u0119bokie nawil\u017cenie, \u0142agodzi podra\u017cnienia oraz przyspiesza regeneracj\u0119. Wp\u0142ywa na popraw\u0119 kondycji cery.<\/p>\n\n\n\n<p>&#8211;&nbsp;<a href=\"https:\/\/e-naturalne.pl\/pl\/p\/Ekstrakt-z-ogorka-ECO\/2147\">ekstrakt z og\u00f3rka<\/a>&nbsp;\u2013 Og\u00f3rek jest warzywem bogatym w witaminy C i B oraz w minera\u0142y takie jak potas, wap\u0144, s\u00f3d i magnez. Dzi\u0119ki bogactwu tych sk\u0142adnik\u00f3w ekstrakt z og\u00f3rka mo\u017ce znale\u017a\u0107 zastosowanie w kosmetykach chroni\u0105cych integralno\u015b\u0107 sk\u00f3ry i w\u0142os\u00f3w przed procesami utleniania. Dodatkowo wyg\u0142adza on sk\u00f3r\u0119 oraz wspomaga rozja\u015bnianie plam i pieg\u00f3w. Dzia\u0142a odm\u0142adzaj\u0105co na sk\u00f3r\u0119.<\/p>\n\n\n\n<p>&#8211;&nbsp;<a href=\"https:\/\/e-naturalne.pl\/pl\/p\/Witamina-B3-niacynamid\/1382\">niacynamid<\/a>&nbsp;reguluje poziom nawil\u017cenia sk\u00f3ry oraz zwi\u0119ksza jej elastyczno\u015b\u0107. Rozja\u015bnia przebarwienia pos\u0142oneczne oraz zapobiega powstawaniu kolejnych.W produktach dla sk\u00f3ry tr\u0105dzikowej powoduje zmniejszenie syntezy sebum w gruczo\u0142ach \u0142ojowych oraz redukuje powstawanie zask\u00f3rnik\u00f3w, zw\u0119\u017ca uj\u015bcie gruczo\u0142\u00f3w \u0142ojowych.<\/p>\n\n\n\n<p>&#8211;&nbsp;<a href=\"https:\/\/e-naturalne.pl\/pl\/p\/Azeloglicyna\/1612\">azeloglicyna<\/a>&nbsp;posiada dzia\u0142anie&nbsp;<strong>antybakteryjne, antytr\u0105dzikowe i reguluj\u0105ce sebum<\/strong>&nbsp;&#8211; zmniejsza ilo\u015b\u0107 mikroziarniak\u00f3w i wewn\u0105trzmieszkowych bakterii propionowych oraz redukuje wolne kwasy t\u0142uszczowe w sebum sk\u00f3ry, nie zmniejszaj\u0105c zar\u00f3wno jako\u015bci, jak i sk\u0142adu sebum lub morfologii gruczo\u0142\u00f3w \u0142ojowych.<\/p>\n\n\n\n<p>&#8211;&nbsp;<a href=\"https:\/\/e-naturalne.pl\/pl\/c\/Kwasy-hydroksylowe-AHA%2C-BHA%2C-PHA\/801\">kwasy (AHA i BHA)<\/a>&nbsp;\u2013 kwasy hydroksylowe w wy\u017cszych st\u0119\u017ceniach wp\u0142ywaj\u0105 tak\u017ce na sk\u00f3r\u0119 w\u0142a\u015bciw\u0105, zwi\u0119kszaj\u0105c produkcje sk\u0142adnik\u00f3w odpowiedzialnych za wi\u0105zanie wilgoci w sk\u00f3rze, w\u0142\u00f3kien kolagenu i elastyny.&nbsp;<\/p>\n\n\n\n<ul><li><strong>Kwasy AHA<\/strong>&nbsp;to kwas owocowy. Wykorzystywany jest w gabinetach kosmetycznych i dermatologicznych, jednak mo\u017ce by\u0107 te\u017c stosowany w domu jako sk\u0142adnik kosmetyk\u00f3w DIY. Najpopularniejsze z nich to m.in.&nbsp;<a href=\"https:\/\/e-naturalne.pl\/pl\/p\/Kwas-migdalowy-99\/1309\">kwas migda\u0142owy<\/a>,&nbsp;<a href=\"https:\/\/e-naturalne.pl\/pl\/p\/Kwas-L-mlekowy-80\/1306\">kwas mlekowy<\/a>,&nbsp;<a href=\"https:\/\/e-naturalne.pl\/pl\/p\/Kwas-glikolowy-70-\/1271\">kwas glikolowy<\/a>, kwas jab\u0142kowy, kwas winowy.<\/li><\/ul>\n\n\n\n<ul><li><strong>Kwasy BHA<\/strong>&nbsp;rozpuszczaj\u0105 kreatyn\u0119 wchodz\u0105c\u0105 w sk\u0142ad sk\u00f3ry. Oznacza to, i\u017c polu\u017ania kom\u00f3rki, dzi\u0119ki czemu martwy nask\u00f3rek si\u0119 z\u0142uszcza. Opr\u00f3cz tego zwi\u0105zek ten oddzia\u0142uje na pory, a co za tym idzie \u2014 wspomaga walk\u0119 z zask\u00f3rnikami. Najpopularniejszym kwasem BHA jest&nbsp;<a href=\"https:\/\/e-naturalne.pl\/pl\/p\/Kwas-salicylowy\/1311\">kwas salicylowy<\/a>&nbsp;pozyskiwany z kory wierzby lub brzozy.<\/li><\/ul>\n\n\n\n<p>&#8211;&nbsp;<a href=\"https:\/\/e-naturalne.pl\/pl\/p\/Aktywny-kompleks-mineralow-Cu%2C-Mg%2C-Zn\/2149\">cynk&nbsp;<\/a>to przeciwutleniacz, jest niezb\u0119dny do syntezy DNA i bia\u0142ek<\/p>\n\n\n\n<p>&#8211;&nbsp;<a href=\"https:\/\/e-naturalne.pl\/pl\/collection\/Produkty-z-algami\/25\/1\/phot\">algi morskie<\/a>&nbsp;\u2013 s\u0105 \u017ar\u00f3d\u0142em witamin, minera\u0142\u00f3w i mikroelement\u00f3w \u0142atwo przyswajalnych przez organizm cz\u0142owieka \u2013 oraz produkty je zawieraj\u0105ce tj.&nbsp;<a href=\"https:\/\/e-naturalne.pl\/pl\/c\/Algi%2C-Maski-Peel-off\/787\">maski<\/a>,&nbsp;<a href=\"https:\/\/e-naturalne.pl\/pl\/p\/Spirulina-sproszkowana\/1173\">algi sproszkowane<\/a>&nbsp;lub w postaci&nbsp;<a href=\"https:\/\/e-naturalne.pl\/pl\/p\/Kompleks-morski-z-algami\/1272\">kompleksu z alg<\/a><\/p>\n\n\n","protected":false},"excerpt":{"rendered":"<p>Najwi\u0119kszym wyzwaniem w piel\u0119gnacji sk\u00f3ry mieszanej jest znalezienie r\u00f3wnowagi pomi\u0119dzy stref\u0105 wymagaj\u0105c\u0105 mniej nawil\u017cenia a stref\u0105 such\u0105, potrzebuj\u0105c\u0105 ochrony oraz uelastycznienia. Strategia zak\u0142ada delikatn\u0105 baz\u0119, a tak\u017ce mo\u017cliwo\u015b\u0107 warstwowego budowania nawil\u017cenia \u2014 na policzkach wi\u0119cej warstw lub ekstra produkt dla tej strefy (r\u00f3wnie\u017c na szyj\u0119 i dekolt). Istotne s\u0105 te\u017c substancje przeciwzapalne, ograniczaj\u0105ce \u0142ojotok i hamuj\u0105ce sk\u0142onno\u015b\u0107 do pozostawania \u015blad\u00f3w.&nbsp;Warto zadba\u0107 o punktowe, optyczne zw\u0119\u017canie por\u00f3w oraz oczyszczanie ich z utlenionej tre\u015bci. Co sprawia, \u017ce okre\u015blamy typ sk\u00f3ry mianem mieszanej?&nbsp;Etap pierwszy Podstawow\u0105 cech\u0105, kt\u00f3r\u0105 w pierwszej kolejno\u015bci bierzemy pod uwag\u0119 podczas okre\u015blania typu cery, jest ilo\u015b\u0107 produkowanego sebum. Zastan\u00f3w si\u0119<\/p>\n","protected":false},"author":5,"featured_media":2930,"comment_status":"closed","ping_status":"open","sticky":false,"template":"","format":"standard","meta":[],"categories":[16],"tags":[49,50,51,52,54],"acf":[],"yoast_head":"<!-- This site is optimized with the Yoast SEO plugin v17.9 - https:\/\/yoast.com\/wordpress\/plugins\/seo\/ -->\n<title>Skarbiec<\/title>\n<meta name=\"description\" content=\"Sk\u00f3ra mieszana cz\u0119sto boryka si\u0119 ze stanami zapalnymi. Jakich substancji warto szuka\u0107 w kosmetykach dla sk\u00f3ry mieszanej?\" \/>\n<meta name=\"robots\" content=\"index, follow, max-snippet:-1, max-image-preview:large, max-video-preview:-1\" \/>\n<link rel=\"canonical\" href=\"https:\/\/www.skarbieclynia.pl\/index.php\/2018\/05\/18\/skora-mieszana\/\" \/>\n<meta property=\"og:locale\" content=\"pl_PL\" \/>\n<meta property=\"og:type\" content=\"article\" \/>\n<meta property=\"og:title\" content=\"Sk\u00f3ra mieszana \u2013 bez tajemnic cz.I\" \/>\n<meta property=\"og:description\" content=\"Sk\u00f3ra mieszana cz\u0119sto boryka si\u0119 ze stanami zapalnymi. Jakich substancji warto szuka\u0107 w kosmetykach dla sk\u00f3ry mieszanej?\" \/>\n<meta property=\"og:url\" content=\"https:\/\/www.skarbieclynia.pl\/index.php\/2018\/05\/18\/skora-mieszana\/\" \/>\n<meta property=\"og:site_name\" content=\"Skarbiec\" \/>\n<meta property=\"article:published_time\" content=\"2018-05-18T00:00:00+00:00\" \/>\n<meta property=\"article:modified_time\" content=\"2022-03-16T09:59:33+00:00\" \/>\n<meta property=\"og:image\" content=\"https:\/\/www.skarbieclynia.pl\/wp-content\/uploads\/2018\/05\/skora-mieszana.jpg\" \/>\n\t<meta property=\"og:image:width\" content=\"1333\" \/>\n\t<meta property=\"og:image:height\" content=\"888\" \/>\n\t<meta property=\"og:image:type\" content=\"image\/jpeg\" \/>\n<meta name=\"twitter:card\" content=\"summary_large_image\" \/>\n<meta name=\"twitter:label1\" content=\"Napisane przez\" \/>\n\t<meta name=\"twitter:data1\" content=\"Agata Dobrzycka\" \/>\n\t<meta name=\"twitter:label2\" content=\"Szacowany czas czytania\" \/>\n\t<meta name=\"twitter:data2\" content=\"7 minut\" \/>\n<script type=\"application\/ld+json\" class=\"yoast-schema-graph\">{\"@context\":\"https:\/\/schema.org\",\"@graph\":[{\"@type\":\"WebSite\",\"@id\":\"https:\/\/www.skarbieclynia.pl\/#website\",\"url\":\"https:\/\/www.skarbieclynia.pl\/\",\"name\":\"Skarbiec\",\"description\":\"LYNIA\",\"potentialAction\":[{\"@type\":\"SearchAction\",\"target\":{\"@type\":\"EntryPoint\",\"urlTemplate\":\"https:\/\/www.skarbieclynia.pl\/?s={search_term_string}\"},\"query-input\":\"required name=search_term_string\"}],\"inLanguage\":\"pl-PL\"},{\"@type\":\"ImageObject\",\"@id\":\"https:\/\/www.skarbieclynia.pl\/index.php\/2018\/05\/18\/skora-mieszana\/#primaryimage\",\"inLanguage\":\"pl-PL\",\"url\":\"https:\/\/www.skarbieclynia.pl\/wp-content\/uploads\/2018\/05\/skora-mieszana.jpg\",\"contentUrl\":\"https:\/\/www.skarbieclynia.pl\/wp-content\/uploads\/2018\/05\/skora-mieszana.jpg\",\"width\":1333,\"height\":888,\"caption\":\"skora-mieszana.jpg\"},{\"@type\":\"WebPage\",\"@id\":\"https:\/\/www.skarbieclynia.pl\/index.php\/2018\/05\/18\/skora-mieszana\/#webpage\",\"url\":\"https:\/\/www.skarbieclynia.pl\/index.php\/2018\/05\/18\/skora-mieszana\/\",\"name\":\"Sk\\u00f3ra mieszana \\u2013 bez tajemnic cz.I\",\"isPartOf\":{\"@id\":\"https:\/\/www.skarbieclynia.pl\/#website\"},\"primaryImageOfPage\":{\"@id\":\"https:\/\/www.skarbieclynia.pl\/index.php\/2018\/05\/18\/skora-mieszana\/#primaryimage\"},\"datePublished\":\"2018-05-18T00:00:00+00:00\",\"dateModified\":\"2022-03-16T09:59:33+00:00\",\"author\":{\"@id\":\"https:\/\/www.skarbieclynia.pl\/#\/schema\/person\/0c1074c6b7a0e693c3ae945afb1b6325\"},\"description\":\"Sk\\u00f3ra mieszana cz\\u0119sto boryka si\\u0119 ze stanami zapalnymi. Jakich substancji warto szuka\\u0107 w kosmetykach dla sk\\u00f3ry mieszanej?\",\"breadcrumb\":{\"@id\":\"https:\/\/www.skarbieclynia.pl\/index.php\/2018\/05\/18\/skora-mieszana\/#breadcrumb\"},\"inLanguage\":\"pl-PL\",\"potentialAction\":[{\"@type\":\"ReadAction\",\"target\":[\"https:\/\/www.skarbieclynia.pl\/index.php\/2018\/05\/18\/skora-mieszana\/\"]}]},{\"@type\":\"BreadcrumbList\",\"@id\":\"https:\/\/www.skarbieclynia.pl\/index.php\/2018\/05\/18\/skora-mieszana\/#breadcrumb\",\"itemListElement\":[{\"@type\":\"ListItem\",\"position\":1,\"name\":\"Strona g\\u0142\\u00f3wna\",\"item\":\"https:\/\/www.skarbieclynia.pl\/\"},{\"@type\":\"ListItem\",\"position\":2,\"name\":\"Sk\\u00f3ra mieszana \\u2013 bez tajemnic cz.I\"}]},{\"@type\":\"Person\",\"@id\":\"https:\/\/www.skarbieclynia.pl\/#\/schema\/person\/0c1074c6b7a0e693c3ae945afb1b6325\",\"name\":\"Agata Dobrzycka\",\"image\":{\"@type\":\"ImageObject\",\"@id\":\"https:\/\/www.skarbieclynia.pl\/#personlogo\",\"inLanguage\":\"pl-PL\",\"url\":\"https:\/\/secure.gravatar.com\/avatar\/416f82305c48a2816b33191c1e28876d?s=96&d=mm&r=g\",\"contentUrl\":\"https:\/\/secure.gravatar.com\/avatar\/416f82305c48a2816b33191c1e28876d?s=96&d=mm&r=g\",\"caption\":\"Agata Dobrzycka\"},\"url\":\"https:\/\/www.skarbieclynia.pl\/index.php\/author\/agata\/\"}]}<\/script>\n<!-- \/ Yoast SEO plugin. -->","yoast_head_json":{"title":"Skarbiec","description":"Sk\u00f3ra mieszana cz\u0119sto boryka si\u0119 ze stanami zapalnymi. Jakich substancji warto szuka\u0107 w kosmetykach dla sk\u00f3ry mieszanej?","robots":{"index":"index","follow":"follow","max-snippet":"max-snippet:-1","max-image-preview":"max-image-preview:large","max-video-preview":"max-video-preview:-1"},"canonical":"https:\/\/www.skarbieclynia.pl\/index.php\/2018\/05\/18\/skora-mieszana\/","og_locale":"pl_PL","og_type":"article","og_title":"Sk\u00f3ra mieszana \u2013 bez tajemnic cz.I","og_description":"Sk\u00f3ra mieszana cz\u0119sto boryka si\u0119 ze stanami zapalnymi. Jakich substancji warto szuka\u0107 w kosmetykach dla sk\u00f3ry mieszanej?","og_url":"https:\/\/www.skarbieclynia.pl\/index.php\/2018\/05\/18\/skora-mieszana\/","og_site_name":"Skarbiec","article_published_time":"2018-05-18T00:00:00+00:00","article_modified_time":"2022-03-16T09:59:33+00:00","og_image":[{"width":1333,"height":888,"url":"https:\/\/www.skarbieclynia.pl\/wp-content\/uploads\/2018\/05\/skora-mieszana.jpg","type":"image\/jpeg"}],"twitter_card":"summary_large_image","twitter_misc":{"Napisane przez":"Agata Dobrzycka","Szacowany czas czytania":"7 minut"},"schema":{"@context":"https:\/\/schema.org","@graph":[{"@type":"WebSite","@id":"https:\/\/www.skarbieclynia.pl\/#website","url":"https:\/\/www.skarbieclynia.pl\/","name":"Skarbiec","description":"LYNIA","potentialAction":[{"@type":"SearchAction","target":{"@type":"EntryPoint","urlTemplate":"https:\/\/www.skarbieclynia.pl\/?s={search_term_string}"},"query-input":"required name=search_term_string"}],"inLanguage":"pl-PL"},{"@type":"ImageObject","@id":"https:\/\/www.skarbieclynia.pl\/index.php\/2018\/05\/18\/skora-mieszana\/#primaryimage","inLanguage":"pl-PL","url":"https:\/\/www.skarbieclynia.pl\/wp-content\/uploads\/2018\/05\/skora-mieszana.jpg","contentUrl":"https:\/\/www.skarbieclynia.pl\/wp-content\/uploads\/2018\/05\/skora-mieszana.jpg","width":1333,"height":888,"caption":"skora-mieszana.jpg"},{"@type":"WebPage","@id":"https:\/\/www.skarbieclynia.pl\/index.php\/2018\/05\/18\/skora-mieszana\/#webpage","url":"https:\/\/www.skarbieclynia.pl\/index.php\/2018\/05\/18\/skora-mieszana\/","name":"Sk\u00f3ra mieszana \u2013 bez tajemnic cz.I","isPartOf":{"@id":"https:\/\/www.skarbieclynia.pl\/#website"},"primaryImageOfPage":{"@id":"https:\/\/www.skarbieclynia.pl\/index.php\/2018\/05\/18\/skora-mieszana\/#primaryimage"},"datePublished":"2018-05-18T00:00:00+00:00","dateModified":"2022-03-16T09:59:33+00:00","author":{"@id":"https:\/\/www.skarbieclynia.pl\/#\/schema\/person\/0c1074c6b7a0e693c3ae945afb1b6325"},"description":"Sk\u00f3ra mieszana cz\u0119sto boryka si\u0119 ze stanami zapalnymi. Jakich substancji warto szuka\u0107 w kosmetykach dla sk\u00f3ry mieszanej?","breadcrumb":{"@id":"https:\/\/www.skarbieclynia.pl\/index.php\/2018\/05\/18\/skora-mieszana\/#breadcrumb"},"inLanguage":"pl-PL","potentialAction":[{"@type":"ReadAction","target":["https:\/\/www.skarbieclynia.pl\/index.php\/2018\/05\/18\/skora-mieszana\/"]}]},{"@type":"BreadcrumbList","@id":"https:\/\/www.skarbieclynia.pl\/index.php\/2018\/05\/18\/skora-mieszana\/#breadcrumb","itemListElement":[{"@type":"ListItem","position":1,"name":"Strona g\u0142\u00f3wna","item":"https:\/\/www.skarbieclynia.pl\/"},{"@type":"ListItem","position":2,"name":"Sk\u00f3ra mieszana \u2013 bez tajemnic cz.I"}]},{"@type":"Person","@id":"https:\/\/www.skarbieclynia.pl\/#\/schema\/person\/0c1074c6b7a0e693c3ae945afb1b6325","name":"Agata Dobrzycka","image":{"@type":"ImageObject","@id":"https:\/\/www.skarbieclynia.pl\/#personlogo","inLanguage":"pl-PL","url":"https:\/\/secure.gravatar.com\/avatar\/416f82305c48a2816b33191c1e28876d?s=96&d=mm&r=g","contentUrl":"https:\/\/secure.gravatar.com\/avatar\/416f82305c48a2816b33191c1e28876d?s=96&d=mm&r=g","caption":"Agata Dobrzycka"},"url":"https:\/\/www.skarbieclynia.pl\/index.php\/author\/agata\/"}]}},"_links":{"self":[{"href":"https:\/\/www.skarbieclynia.pl\/index.php\/wp-json\/wp\/v2\/posts\/2238"}],"collection":[{"href":"https:\/\/www.skarbieclynia.pl\/index.php\/wp-json\/wp\/v2\/posts"}],"about":[{"href":"https:\/\/www.skarbieclynia.pl\/index.php\/wp-json\/wp\/v2\/types\/post"}],"author":[{"embeddable":true,"href":"https:\/\/www.skarbieclynia.pl\/index.php\/wp-json\/wp\/v2\/users\/5"}],"replies":[{"embeddable":true,"href":"https:\/\/www.skarbieclynia.pl\/index.php\/wp-json\/wp\/v2\/comments?post=2238"}],"version-history":[{"count":6,"href":"https:\/\/www.skarbieclynia.pl\/index.php\/wp-json\/wp\/v2\/posts\/2238\/revisions"}],"predecessor-version":[{"id":3224,"href":"https:\/\/www.skarbieclynia.pl\/index.php\/wp-json\/wp\/v2\/posts\/2238\/revisions\/3224"}],"wp:featuredmedia":[{"embeddable":true,"href":"https:\/\/www.skarbieclynia.pl\/index.php\/wp-json\/wp\/v2\/media\/2930"}],"wp:attachment":[{"href":"https:\/\/www.skarbieclynia.pl\/index.php\/wp-json\/wp\/v2\/media?parent=2238"}],"wp:term":[{"taxonomy":"category","embeddable":true,"href":"https:\/\/www.skarbieclynia.pl\/index.php\/wp-json\/wp\/v2\/categories?post=2238"},{"taxonomy":"post_tag","embeddable":true,"href":"https:\/\/www.skarbieclynia.pl\/index.php\/wp-json\/wp\/v2\/tags?post=2238"}],"curies":[{"name":"wp","href":"https:\/\/api.w.org\/{rel}","templated":true}]}}