{"id":2236,"date":"2016-08-22T00:00:00","date_gmt":"2016-08-22T00:00:00","guid":{"rendered":"https:\/\/thefox.withemes.com\/pine\/2020\/10\/28\/sententiae-epicuri-concludaturque-ius-no-id-mucius\/"},"modified":"2022-03-16T11:00:59","modified_gmt":"2022-03-16T10:00:59","slug":"kuracja-depigmentujaca","status":"publish","type":"post","link":"https:\/\/www.skarbieclynia.pl\/index.php\/2016\/08\/22\/kuracja-depigmentujaca\/","title":{"rendered":"Regeneracja i nawil\u017canie przy kuracji depigmentuj\u0105cej"},"content":{"rendered":"\n<p>Zdarza si\u0119, \u017ce&nbsp;<strong>przebarwienia na sk\u00f3rze<\/strong>&nbsp;po tr\u0105dziku lub po opalaniu s\u0105 widoczne oraz uci\u0105\u017cliwe do tego stopnia, \u017ce osoba z problemem decyduje si\u0119 na kuracj\u0119, jak\u0105 jest&nbsp;<strong>depigmentacja sk\u00f3ry<\/strong>.<\/p>\n\n\n\n<p><strong>Wskazaniem do jej wykonania s\u0105 zar\u00f3wno niewielkie plamki, jak i rozleg\u0142e, ciemne zmiany.<\/strong>&nbsp;Opisywana terapia sprawdza si\u0119 r\u00f3wnie\u017c w przypadku os\u00f3b zmagaj\u0105cych si\u0119 ze zm\u0119czon\u0105, nadwyr\u0119\u017con\u0105 sk\u00f3r\u0105, drobnymi zmarszczkami czy niechcianymi piegami. Efekty widoczne s\u0105 te\u017c na cerze dotkni\u0119tej zask\u00f3rnikami, szerokimi porami lub \u0142ojotokiem.<\/p>\n\n\n\n<div class=\"wp-block-image\"><figure class=\"alignright size-medium\"><a href=\"https:\/\/e-naturalne.home.pl\/autoinstalator\/wordpressplugins1\/wp-content\/uploads\/2022\/03\/pexels-matheus-bertelli-7510475-scaled.jpg\"><img loading=\"lazy\" width=\"240\" height=\"300\" src=\"https:\/\/e-naturalne.home.pl\/autoinstalator\/wordpressplugins1\/wp-content\/uploads\/2022\/03\/pexels-matheus-bertelli-7510475-240x300.jpg\" alt=\"kuracja-depigmentacja.jpg\" class=\"wp-image-2809\" srcset=\"https:\/\/www.skarbieclynia.pl\/wp-content\/uploads\/2022\/03\/pexels-matheus-bertelli-7510475-240x300.jpg 240w, https:\/\/www.skarbieclynia.pl\/wp-content\/uploads\/2022\/03\/pexels-matheus-bertelli-7510475-819x1024.jpg 819w, https:\/\/www.skarbieclynia.pl\/wp-content\/uploads\/2022\/03\/pexels-matheus-bertelli-7510475-768x960.jpg 768w, https:\/\/www.skarbieclynia.pl\/wp-content\/uploads\/2022\/03\/pexels-matheus-bertelli-7510475-1229x1536.jpg 1229w, https:\/\/www.skarbieclynia.pl\/wp-content\/uploads\/2022\/03\/pexels-matheus-bertelli-7510475-1638x2048.jpg 1638w, https:\/\/www.skarbieclynia.pl\/wp-content\/uploads\/2022\/03\/pexels-matheus-bertelli-7510475-480x600.jpg 480w, https:\/\/www.skarbieclynia.pl\/wp-content\/uploads\/2022\/03\/pexels-matheus-bertelli-7510475-scaled.jpg 2048w\" sizes=\"(max-width: 240px) 100vw, 240px\" \/><\/a><\/figure><\/div>\n\n\n\n<p><meta charset=\"utf-8\">Trzeba jednak pami\u0119ta\u0107, \u017ce cho\u0107 zabieg ten jest zupe\u0142nie bezbolesny, skuteczny i szybki, mo\u017ce nie\u015b\u0107 ze sob\u0105 skutki uboczne. Nale\u017c\u0105 do nich mi\u0119dzy innymi sucho\u015b\u0107 sk\u00f3ry, uczucie spi\u0119cia, mrowienia, matowienie oraz utrata blasku. Zdarza si\u0119 r\u00f3wnie\u017c, i\u017c pojawiaj\u0105 si\u0119 wypryski czy podsk\u00f3rne wykwity. Jest to spowodowane naruszeniem barier ochronnych \u2014 zapobiec temu mo\u017ce odpowiednia regeneracja i&nbsp;<strong>nawil\u017canie sk\u00f3ry.<\/strong><\/p>\n\n\n\n<div class=\"wp-block-image\"><figure class=\"alignleft size-medium is-resized\"><a href=\"https:\/\/e-naturalne.home.pl\/autoinstalator\/wordpressplugins1\/wp-content\/uploads\/2022\/03\/pexels-elijah-odonnell-2734422-scaled.jpg\"><img loading=\"lazy\" src=\"https:\/\/e-naturalne.home.pl\/autoinstalator\/wordpressplugins1\/wp-content\/uploads\/2022\/03\/pexels-elijah-odonnell-2734422-200x300.jpg\" alt=\"depigmentacja.jpg\" class=\"wp-image-2812\" width=\"242\" height=\"363\" srcset=\"https:\/\/www.skarbieclynia.pl\/wp-content\/uploads\/2022\/03\/pexels-elijah-odonnell-2734422-200x300.jpg 200w, https:\/\/www.skarbieclynia.pl\/wp-content\/uploads\/2022\/03\/pexels-elijah-odonnell-2734422-683x1024.jpg 683w, https:\/\/www.skarbieclynia.pl\/wp-content\/uploads\/2022\/03\/pexels-elijah-odonnell-2734422-768x1152.jpg 768w, https:\/\/www.skarbieclynia.pl\/wp-content\/uploads\/2022\/03\/pexels-elijah-odonnell-2734422-1024x1536.jpg 1024w, https:\/\/www.skarbieclynia.pl\/wp-content\/uploads\/2022\/03\/pexels-elijah-odonnell-2734422-1365x2048.jpg 1365w, https:\/\/www.skarbieclynia.pl\/wp-content\/uploads\/2022\/03\/pexels-elijah-odonnell-2734422-480x720.jpg 480w, https:\/\/www.skarbieclynia.pl\/wp-content\/uploads\/2022\/03\/pexels-elijah-odonnell-2734422-scaled.jpg 1707w\" sizes=\"(max-width: 242px) 100vw, 242px\" \/><\/a><\/figure><\/div>\n\n\n\n<h2><strong>Jak dba\u0107 o sk\u00f3r\u0119 podczas depigmentacji?<\/strong><\/h2>\n\n\n\n<p>Wiele os\u00f3b zastanawia si\u0119,&nbsp;<strong>jak dba\u0107 o sk\u00f3r\u0119<\/strong>&nbsp;podczas depigmentacji. Przede wszystkim trzeba pami\u0119ta\u0107 o stosowaniu \u0142agodniejszych kosmetyk\u00f3w do cery wra\u017cliwej i problematycznej. Zalecane jest r\u00f3wnie\u017c u\u017cywanie kremu jedynie na noc.&nbsp;<strong>Piel\u0119gnacja sk\u00f3ry<\/strong>&nbsp;w trakcie depigmentacji powinna uwzgl\u0119dnia\u0107 r\u00f3wnie\u017c unikanie promieniowania UV. Niewskazane s\u0105 zatem wizyty w solarium czy opalanie si\u0119.<\/p>\n\n\n\n<p>Trzeba tak\u017ce pami\u0119ta\u0107 o odpowiednim nawil\u017caniu olejami miejsc, kt\u00f3re zostaj\u0105 poddane depigmentacji.&nbsp;<strong>Opr\u00f3cz tego warto stosowa\u0107 skuteczn\u0105 ochron\u0119 przeciws\u0142oneczn\u0105.<\/strong><\/p>\n\n\n\n<h3><strong>Przygotowanie sk\u00f3ry<\/strong><\/h3>\n\n\n\n<p>Aby m\u00f3c podej\u015b\u0107 do zabiegu, konieczna jest tak\u017ce odpowiednia piel\u0119gnacja sk\u00f3ry na kilka tygodni przed jego wykonaniem. Przede wszystkim trzeba pami\u0119ta\u0107, i\u017c nie poleca si\u0119 stosowania samoopalaczy w trakcie przygotowa\u0144. Dodatkowo pacjent nie powinien opala\u0107 sk\u00f3ry przez co najmniej miesi\u0105c \u2014 to zalecenie dotyczy w szczeg\u00f3lno\u015bci miejsc, kt\u00f3re maj\u0105 zosta\u0107 poddane terapii.<\/p>\n\n\n\n<p><strong>Przeciwwskazaniem do wykonania kuracji jest stan zapalny sk\u00f3ry, podra\u017cnienia czy uczulenia.<\/strong><\/p>\n\n\n\n<h3><strong>Oczyszczenie zmian sk\u00f3rnych<\/strong><\/h3>\n\n\n\n<p>W przypadku, gdy po zabiegu widoczne s\u0105&nbsp;<strong>zmiany sk\u00f3rne na twarzy<\/strong>, mo\u017cna wykona\u0107 manualne&nbsp;<strong>oczyszczanie sk\u00f3ry<\/strong>. Trzeba jednak pami\u0119ta\u0107, i\u017c cera musi by\u0107 wygojona. Przeciwwskazaniem s\u0105 m.in. zmiany zapalne, opryszczka, tr\u0105dzik (zar\u00f3wno zwyczajny, jak i r\u00f3\u017cowaty), nad\u017cerki, naczyniaki jamiste, stany alergiczne lub zapalne oczu oraz sk\u0142onno\u015b\u0107 do powstawania bliznowc\u00f3w. Opr\u00f3cz tego oczyszczaniu zmian sk\u00f3rnych nie mog\u0105 poddawa\u0107 si\u0119 kobiety w ci\u0105\u017cy czy w okresie laktacji.<\/p>\n\n\n\n<p><strong>Wskazaniem s\u0105 natomiast krostki o r\u00f3\u017cnym pod\u0142o\u017cu, prosaki, w\u0105gry, a tak\u017ce tr\u0105dzik zask\u00f3rnikowy.<\/strong><\/p>\n\n\n\n<h3><strong>Odbudowa bariery ochronnej nask\u00f3rka<\/strong><\/h3>\n\n\n\n<p><strong>Podra\u017cniona sk\u00f3ra twarzy<\/strong>&nbsp;po wykonaniu kuracji rozja\u015bniaj\u0105cej na przebarwienia jest stanem naturalnym. Po zabiegu nie mo\u017cna zatem zapomina\u0107 o dok\u0142adnym oczyszczaniu i wzmacnianiu jej bariery ochronnej. W tym celu warto wykorzysta\u0107 delikatne \u017cele do mycia twarzy o w\u0142a\u015bciwo\u015bciach antyutleniaj\u0105cych oraz przeciwbakteryjnych.<\/p>\n\n\n\n<p><strong>W przypadku, gdy przesuszona sk\u00f3ra twarzy \u0142uszczy si\u0119, jest napi\u0119ta lub matowa, warto si\u0119gn\u0105\u0107 po t\u0142uszcze, oleje, a tak\u017ce mocznik.<\/strong><\/p>\n\n\n\n<h2><strong>Sk\u0142adniki aktywne i piel\u0119gnuj\u0105ce w kosmetykach<\/strong><\/h2>\n\n\n\n<p><strong>Sk\u0142adniki aktywne w kosmetykach<\/strong>&nbsp;pozwalaj\u0105 wzmocni\u0107 i zregenerowa\u0107 delikatn\u0105, wra\u017cliw\u0105 sk\u00f3r\u0119 po kuracji. Warto si\u0119gn\u0105\u0107 po&nbsp;<strong>najlepsze dermokosmetyki<\/strong>&nbsp;do twarzy, zawieraj\u0105ce w swoim sk\u0142adzie substancje, takie jak zielona herbata, jojoba, olej z pestek winogron lub arganowy.&nbsp;<strong><a href=\"https:\/\/e-naturalne.pl\/pl\/p\/Tri-Solve-ceramidy\/2229\">Ceramidy i peptydy<\/a><\/strong>&nbsp;b\u0119d\u0105 podstaw\u0105 piel\u0119gnacji. Inne pomocne zwi\u0105zki piel\u0119gnuj\u0105ce to m.in. skwalan, lanolina czy hydromanil.<\/p>\n\n\n\n<div class=\"wp-block-columns\">\n<div class=\"wp-block-column\" style=\"flex-basis:66.66%\">\n<figure class=\"wp-block-image size-large\"><img loading=\"lazy\" width=\"1024\" height=\"683\" src=\"https:\/\/e-naturalne.home.pl\/autoinstalator\/wordpressplugins1\/wp-content\/uploads\/2022\/03\/krem-airless-1024x683.jpg\" alt=\"\" class=\"wp-image-2805\" srcset=\"https:\/\/www.skarbieclynia.pl\/wp-content\/uploads\/2022\/03\/krem-airless-1024x683.jpg 1024w, https:\/\/www.skarbieclynia.pl\/wp-content\/uploads\/2022\/03\/krem-airless-300x200.jpg 300w, https:\/\/www.skarbieclynia.pl\/wp-content\/uploads\/2022\/03\/krem-airless-768x512.jpg 768w, https:\/\/www.skarbieclynia.pl\/wp-content\/uploads\/2022\/03\/krem-airless-720x480.jpg 720w, https:\/\/www.skarbieclynia.pl\/wp-content\/uploads\/2022\/03\/krem-airless-480x320.jpg 480w, https:\/\/www.skarbieclynia.pl\/wp-content\/uploads\/2022\/03\/krem-airless.jpg 1333w\" sizes=\"(max-width: 1024px) 100vw, 1024px\" \/><figcaption><strong>Szczeg\u00f3lnie polecanym produktem przy kuracji depigmentuj\u0105cej jest bogaty krem z ceramidami, peptydami i trehaloz\u0105. Zestaw do wykonania takiego kosmetyku posiada wszystkie niezb\u0119dne elementy, a jego wykonanie trwa nie d\u0142u\u017cej ni\u017c 3 minuty. Zestaw dost\u0119pny&nbsp;<a href=\"https:\/\/e-naturalne.pl\/pl\/p\/Krem-regenerujaco-odbudowujacy-z-ceramidami-i-peptydami-baza-kremowa-C\/2231\">tutaj.<\/a><\/strong><br><\/figcaption><\/figure>\n<\/div>\n\n\n\n<div class=\"wp-block-column\" style=\"flex-basis:33.33%\">\n<h2><strong>Produkty do regeneracji i nawil\u017cania sk\u00f3ry podczas depigmentacji<\/strong><\/h2>\n\n\n\n<p>Podczas depigmentacji warto sprawdzi\u0107 mark\u0119&nbsp;<strong>Lynia<\/strong>&nbsp;\u2014&nbsp;<strong>kosmetyki<\/strong>, kt\u00f3re obejmuje oferta tego producenta, nie tylko wspomagaj\u0105 odbudow\u0119 warstwy hydrolipidowej, lecz tak\u017ce odpowiednio nat\u0142uszczaj\u0105, uj\u0119drniaj\u0105 oraz uelastyczniaj\u0105 sk\u00f3r\u0119. Rozwi\u0105zaniem dla przesuszonej cery mo\u017ce by\u0107 np.&nbsp;<strong><a href=\"https:\/\/e-naturalne.pl\/pl\/p\/Krem-nawilzajacy-z-migdalem%2C-algami%2C-zielona-herbata-oraz-prawoslazem\/1876\">krem nawil\u017caj\u0105cy do twarzy<\/a><\/strong>&nbsp;z migda\u0142em, algami, zielon\u0105 herbat\u0105 oraz prawo\u015blazem. Opr\u00f3cz tego sprawdzi si\u0119 tak\u017ce&nbsp;<strong><a href=\"https:\/\/e-naturalne.pl\/pl\/p\/Lynia-Multi-Hydration-Face-Booster-booster-nawilzajacy\/2212\">Multi Hydration Face Booster<\/a><\/strong>&nbsp;oraz&nbsp;<a href=\"https:\/\/e-naturalne.pl\/pl\/p\/Tonik-zelowy-nawilzajacy-z-mocznikiem%2C-NMF-oraz-prawoslazem\/1997\"><strong>tonik nawil\u017caj\u0105cy z mocznikiem i prawo\u015blazem<\/strong><\/a>.<\/p>\n<\/div>\n<\/div>\n","protected":false},"excerpt":{"rendered":"<p>Zdarza si\u0119, \u017ce&nbsp;przebarwienia na sk\u00f3rze&nbsp;po tr\u0105dziku lub po opalaniu s\u0105 widoczne oraz uci\u0105\u017cliwe do tego stopnia, \u017ce osoba z problemem decyduje si\u0119 na kuracj\u0119, jak\u0105 jest&nbsp;depigmentacja sk\u00f3ry. Wskazaniem do jej wykonania s\u0105 zar\u00f3wno niewielkie plamki, jak i rozleg\u0142e, ciemne zmiany.&nbsp;Opisywana terapia sprawdza si\u0119 r\u00f3wnie\u017c w przypadku os\u00f3b zmagaj\u0105cych si\u0119 ze zm\u0119czon\u0105, nadwyr\u0119\u017con\u0105 sk\u00f3r\u0105, drobnymi zmarszczkami czy niechcianymi piegami. Efekty widoczne s\u0105 te\u017c na cerze dotkni\u0119tej zask\u00f3rnikami, szerokimi porami lub \u0142ojotokiem. Trzeba jednak pami\u0119ta\u0107, \u017ce cho\u0107 zabieg ten jest zupe\u0142nie bezbolesny, skuteczny i szybki, mo\u017ce nie\u015b\u0107 ze sob\u0105 skutki uboczne. Nale\u017c\u0105 do nich mi\u0119dzy innymi sucho\u015b\u0107 sk\u00f3ry, uczucie spi\u0119cia, mrowienia, matowienie<\/p>\n","protected":false},"author":5,"featured_media":2816,"comment_status":"closed","ping_status":"open","sticky":false,"template":"","format":"standard","meta":[],"categories":[16],"tags":[91,98,93,99,94,95],"acf":[],"yoast_head":"<!-- This site is optimized with the Yoast SEO plugin v17.9 - https:\/\/yoast.com\/wordpress\/plugins\/seo\/ -->\n<title>Skarbiec<\/title>\n<meta name=\"description\" content=\"Kuracja depigmentuj\u0105ca mo\u017ce podra\u017cni\u0107 sk\u00f3r\u0119 twarzy, co jest naturalnym stanem. Jak zatem wzmocni\u0107 i zregenerowa\u0107 wra\u017cliw\u0105 sk\u00f3r\u0119 po kuracji?\" \/>\n<meta name=\"robots\" content=\"index, follow, max-snippet:-1, max-image-preview:large, max-video-preview:-1\" \/>\n<link rel=\"canonical\" href=\"https:\/\/www.skarbieclynia.pl\/index.php\/2016\/08\/22\/kuracja-depigmentujaca\/\" \/>\n<meta property=\"og:locale\" content=\"pl_PL\" \/>\n<meta property=\"og:type\" content=\"article\" \/>\n<meta property=\"og:title\" content=\"Regeneracja i nawil\u017canie przy kuracji depigmentuj\u0105cej - Skarbiec\" \/>\n<meta property=\"og:description\" content=\"Kuracja depigmentuj\u0105ca mo\u017ce podra\u017cni\u0107 sk\u00f3r\u0119 twarzy, co jest naturalnym stanem. Jak zatem wzmocni\u0107 i zregenerowa\u0107 wra\u017cliw\u0105 sk\u00f3r\u0119 po kuracji?\" \/>\n<meta property=\"og:url\" content=\"https:\/\/www.skarbieclynia.pl\/index.php\/2016\/08\/22\/kuracja-depigmentujaca\/\" \/>\n<meta property=\"og:site_name\" content=\"Skarbiec\" \/>\n<meta property=\"article:published_time\" content=\"2016-08-22T00:00:00+00:00\" \/>\n<meta property=\"article:modified_time\" content=\"2022-03-16T10:00:59+00:00\" \/>\n<meta property=\"og:image\" content=\"https:\/\/www.skarbieclynia.pl\/wp-content\/uploads\/2016\/08\/pexels-alena-darmel-7176257-scaled.jpg\" \/>\n\t<meta property=\"og:image:width\" content=\"1707\" \/>\n\t<meta property=\"og:image:height\" content=\"2560\" \/>\n\t<meta property=\"og:image:type\" content=\"image\/jpeg\" \/>\n<meta name=\"twitter:card\" content=\"summary_large_image\" \/>\n<meta name=\"twitter:label1\" content=\"Napisane przez\" \/>\n\t<meta name=\"twitter:data1\" content=\"Agata Dobrzycka\" \/>\n\t<meta name=\"twitter:label2\" content=\"Szacowany czas czytania\" \/>\n\t<meta name=\"twitter:data2\" content=\"5 minut\" \/>\n<script type=\"application\/ld+json\" class=\"yoast-schema-graph\">{\"@context\":\"https:\/\/schema.org\",\"@graph\":[{\"@type\":\"WebSite\",\"@id\":\"https:\/\/www.skarbieclynia.pl\/#website\",\"url\":\"https:\/\/www.skarbieclynia.pl\/\",\"name\":\"Skarbiec\",\"description\":\"LYNIA\",\"potentialAction\":[{\"@type\":\"SearchAction\",\"target\":{\"@type\":\"EntryPoint\",\"urlTemplate\":\"https:\/\/www.skarbieclynia.pl\/?s={search_term_string}\"},\"query-input\":\"required name=search_term_string\"}],\"inLanguage\":\"pl-PL\"},{\"@type\":\"ImageObject\",\"@id\":\"https:\/\/www.skarbieclynia.pl\/index.php\/2016\/08\/22\/kuracja-depigmentujaca\/#primaryimage\",\"inLanguage\":\"pl-PL\",\"url\":\"https:\/\/www.skarbieclynia.pl\/wp-content\/uploads\/2016\/08\/pexels-alena-darmel-7176257-scaled.jpg\",\"contentUrl\":\"https:\/\/www.skarbieclynia.pl\/wp-content\/uploads\/2016\/08\/pexels-alena-darmel-7176257-scaled.jpg\",\"width\":1707,\"height\":2560,\"caption\":\"kuracja-depigmentacji.jpg\"},{\"@type\":\"WebPage\",\"@id\":\"https:\/\/www.skarbieclynia.pl\/index.php\/2016\/08\/22\/kuracja-depigmentujaca\/#webpage\",\"url\":\"https:\/\/www.skarbieclynia.pl\/index.php\/2016\/08\/22\/kuracja-depigmentujaca\/\",\"name\":\"Regeneracja i nawil\\u017canie przy kuracji depigmentuj\\u0105cej - Skarbiec\",\"isPartOf\":{\"@id\":\"https:\/\/www.skarbieclynia.pl\/#website\"},\"primaryImageOfPage\":{\"@id\":\"https:\/\/www.skarbieclynia.pl\/index.php\/2016\/08\/22\/kuracja-depigmentujaca\/#primaryimage\"},\"datePublished\":\"2016-08-22T00:00:00+00:00\",\"dateModified\":\"2022-03-16T10:00:59+00:00\",\"author\":{\"@id\":\"https:\/\/www.skarbieclynia.pl\/#\/schema\/person\/0c1074c6b7a0e693c3ae945afb1b6325\"},\"description\":\"Kuracja depigmentuj\\u0105ca mo\\u017ce podra\\u017cni\\u0107 sk\\u00f3r\\u0119 twarzy, co jest naturalnym stanem. Jak zatem wzmocni\\u0107 i zregenerowa\\u0107 wra\\u017cliw\\u0105 sk\\u00f3r\\u0119 po kuracji?\",\"breadcrumb\":{\"@id\":\"https:\/\/www.skarbieclynia.pl\/index.php\/2016\/08\/22\/kuracja-depigmentujaca\/#breadcrumb\"},\"inLanguage\":\"pl-PL\",\"potentialAction\":[{\"@type\":\"ReadAction\",\"target\":[\"https:\/\/www.skarbieclynia.pl\/index.php\/2016\/08\/22\/kuracja-depigmentujaca\/\"]}]},{\"@type\":\"BreadcrumbList\",\"@id\":\"https:\/\/www.skarbieclynia.pl\/index.php\/2016\/08\/22\/kuracja-depigmentujaca\/#breadcrumb\",\"itemListElement\":[{\"@type\":\"ListItem\",\"position\":1,\"name\":\"Strona g\\u0142\\u00f3wna\",\"item\":\"https:\/\/www.skarbieclynia.pl\/\"},{\"@type\":\"ListItem\",\"position\":2,\"name\":\"Regeneracja i nawil\\u017canie przy kuracji depigmentuj\\u0105cej\"}]},{\"@type\":\"Person\",\"@id\":\"https:\/\/www.skarbieclynia.pl\/#\/schema\/person\/0c1074c6b7a0e693c3ae945afb1b6325\",\"name\":\"Agata Dobrzycka\",\"image\":{\"@type\":\"ImageObject\",\"@id\":\"https:\/\/www.skarbieclynia.pl\/#personlogo\",\"inLanguage\":\"pl-PL\",\"url\":\"https:\/\/secure.gravatar.com\/avatar\/416f82305c48a2816b33191c1e28876d?s=96&d=mm&r=g\",\"contentUrl\":\"https:\/\/secure.gravatar.com\/avatar\/416f82305c48a2816b33191c1e28876d?s=96&d=mm&r=g\",\"caption\":\"Agata Dobrzycka\"},\"url\":\"https:\/\/www.skarbieclynia.pl\/index.php\/author\/agata\/\"}]}<\/script>\n<!-- \/ Yoast SEO plugin. -->","yoast_head_json":{"title":"Skarbiec","description":"Kuracja depigmentuj\u0105ca mo\u017ce podra\u017cni\u0107 sk\u00f3r\u0119 twarzy, co jest naturalnym stanem. Jak zatem wzmocni\u0107 i zregenerowa\u0107 wra\u017cliw\u0105 sk\u00f3r\u0119 po kuracji?","robots":{"index":"index","follow":"follow","max-snippet":"max-snippet:-1","max-image-preview":"max-image-preview:large","max-video-preview":"max-video-preview:-1"},"canonical":"https:\/\/www.skarbieclynia.pl\/index.php\/2016\/08\/22\/kuracja-depigmentujaca\/","og_locale":"pl_PL","og_type":"article","og_title":"Regeneracja i nawil\u017canie przy kuracji depigmentuj\u0105cej - Skarbiec","og_description":"Kuracja depigmentuj\u0105ca mo\u017ce podra\u017cni\u0107 sk\u00f3r\u0119 twarzy, co jest naturalnym stanem. Jak zatem wzmocni\u0107 i zregenerowa\u0107 wra\u017cliw\u0105 sk\u00f3r\u0119 po kuracji?","og_url":"https:\/\/www.skarbieclynia.pl\/index.php\/2016\/08\/22\/kuracja-depigmentujaca\/","og_site_name":"Skarbiec","article_published_time":"2016-08-22T00:00:00+00:00","article_modified_time":"2022-03-16T10:00:59+00:00","og_image":[{"width":1707,"height":2560,"url":"https:\/\/www.skarbieclynia.pl\/wp-content\/uploads\/2016\/08\/pexels-alena-darmel-7176257-scaled.jpg","type":"image\/jpeg"}],"twitter_card":"summary_large_image","twitter_misc":{"Napisane przez":"Agata Dobrzycka","Szacowany czas czytania":"5 minut"},"schema":{"@context":"https:\/\/schema.org","@graph":[{"@type":"WebSite","@id":"https:\/\/www.skarbieclynia.pl\/#website","url":"https:\/\/www.skarbieclynia.pl\/","name":"Skarbiec","description":"LYNIA","potentialAction":[{"@type":"SearchAction","target":{"@type":"EntryPoint","urlTemplate":"https:\/\/www.skarbieclynia.pl\/?s={search_term_string}"},"query-input":"required name=search_term_string"}],"inLanguage":"pl-PL"},{"@type":"ImageObject","@id":"https:\/\/www.skarbieclynia.pl\/index.php\/2016\/08\/22\/kuracja-depigmentujaca\/#primaryimage","inLanguage":"pl-PL","url":"https:\/\/www.skarbieclynia.pl\/wp-content\/uploads\/2016\/08\/pexels-alena-darmel-7176257-scaled.jpg","contentUrl":"https:\/\/www.skarbieclynia.pl\/wp-content\/uploads\/2016\/08\/pexels-alena-darmel-7176257-scaled.jpg","width":1707,"height":2560,"caption":"kuracja-depigmentacji.jpg"},{"@type":"WebPage","@id":"https:\/\/www.skarbieclynia.pl\/index.php\/2016\/08\/22\/kuracja-depigmentujaca\/#webpage","url":"https:\/\/www.skarbieclynia.pl\/index.php\/2016\/08\/22\/kuracja-depigmentujaca\/","name":"Regeneracja i nawil\u017canie przy kuracji depigmentuj\u0105cej - Skarbiec","isPartOf":{"@id":"https:\/\/www.skarbieclynia.pl\/#website"},"primaryImageOfPage":{"@id":"https:\/\/www.skarbieclynia.pl\/index.php\/2016\/08\/22\/kuracja-depigmentujaca\/#primaryimage"},"datePublished":"2016-08-22T00:00:00+00:00","dateModified":"2022-03-16T10:00:59+00:00","author":{"@id":"https:\/\/www.skarbieclynia.pl\/#\/schema\/person\/0c1074c6b7a0e693c3ae945afb1b6325"},"description":"Kuracja depigmentuj\u0105ca mo\u017ce podra\u017cni\u0107 sk\u00f3r\u0119 twarzy, co jest naturalnym stanem. Jak zatem wzmocni\u0107 i zregenerowa\u0107 wra\u017cliw\u0105 sk\u00f3r\u0119 po kuracji?","breadcrumb":{"@id":"https:\/\/www.skarbieclynia.pl\/index.php\/2016\/08\/22\/kuracja-depigmentujaca\/#breadcrumb"},"inLanguage":"pl-PL","potentialAction":[{"@type":"ReadAction","target":["https:\/\/www.skarbieclynia.pl\/index.php\/2016\/08\/22\/kuracja-depigmentujaca\/"]}]},{"@type":"BreadcrumbList","@id":"https:\/\/www.skarbieclynia.pl\/index.php\/2016\/08\/22\/kuracja-depigmentujaca\/#breadcrumb","itemListElement":[{"@type":"ListItem","position":1,"name":"Strona g\u0142\u00f3wna","item":"https:\/\/www.skarbieclynia.pl\/"},{"@type":"ListItem","position":2,"name":"Regeneracja i nawil\u017canie przy kuracji depigmentuj\u0105cej"}]},{"@type":"Person","@id":"https:\/\/www.skarbieclynia.pl\/#\/schema\/person\/0c1074c6b7a0e693c3ae945afb1b6325","name":"Agata Dobrzycka","image":{"@type":"ImageObject","@id":"https:\/\/www.skarbieclynia.pl\/#personlogo","inLanguage":"pl-PL","url":"https:\/\/secure.gravatar.com\/avatar\/416f82305c48a2816b33191c1e28876d?s=96&d=mm&r=g","contentUrl":"https:\/\/secure.gravatar.com\/avatar\/416f82305c48a2816b33191c1e28876d?s=96&d=mm&r=g","caption":"Agata Dobrzycka"},"url":"https:\/\/www.skarbieclynia.pl\/index.php\/author\/agata\/"}]}},"_links":{"self":[{"href":"https:\/\/www.skarbieclynia.pl\/index.php\/wp-json\/wp\/v2\/posts\/2236"}],"collection":[{"href":"https:\/\/www.skarbieclynia.pl\/index.php\/wp-json\/wp\/v2\/posts"}],"about":[{"href":"https:\/\/www.skarbieclynia.pl\/index.php\/wp-json\/wp\/v2\/types\/post"}],"author":[{"embeddable":true,"href":"https:\/\/www.skarbieclynia.pl\/index.php\/wp-json\/wp\/v2\/users\/5"}],"replies":[{"embeddable":true,"href":"https:\/\/www.skarbieclynia.pl\/index.php\/wp-json\/wp\/v2\/comments?post=2236"}],"version-history":[{"count":4,"href":"https:\/\/www.skarbieclynia.pl\/index.php\/wp-json\/wp\/v2\/posts\/2236\/revisions"}],"predecessor-version":[{"id":2822,"href":"https:\/\/www.skarbieclynia.pl\/index.php\/wp-json\/wp\/v2\/posts\/2236\/revisions\/2822"}],"wp:featuredmedia":[{"embeddable":true,"href":"https:\/\/www.skarbieclynia.pl\/index.php\/wp-json\/wp\/v2\/media\/2816"}],"wp:attachment":[{"href":"https:\/\/www.skarbieclynia.pl\/index.php\/wp-json\/wp\/v2\/media?parent=2236"}],"wp:term":[{"taxonomy":"category","embeddable":true,"href":"https:\/\/www.skarbieclynia.pl\/index.php\/wp-json\/wp\/v2\/categories?post=2236"},{"taxonomy":"post_tag","embeddable":true,"href":"https:\/\/www.skarbieclynia.pl\/index.php\/wp-json\/wp\/v2\/tags?post=2236"}],"curies":[{"name":"wp","href":"https:\/\/api.w.org\/{rel}","templated":true}]}}