{"id":2235,"date":"2017-05-12T00:00:00","date_gmt":"2017-05-12T00:00:00","guid":{"rendered":"https:\/\/thefox.withemes.com\/pine\/2020\/10\/28\/diceret-erroribus-eos-ut-est-nisl-summo\/"},"modified":"2022-10-25T09:56:25","modified_gmt":"2022-10-25T07:56:25","slug":"przebarwienia","status":"publish","type":"post","link":"https:\/\/www.skarbieclynia.pl\/index.php\/2017\/05\/12\/przebarwienia\/","title":{"rendered":"Terapia kwasami czy substancjami aktywnymi? Jak usuwa\u0107 przebarwienia?"},"content":{"rendered":"\n<p class=\"has-drop-cap\"><strong>Przebarwienia na twarzy<\/strong>&nbsp;dotycz\u0105 co trzeciej kobiety po 30 roku \u017cycia oraz 9 na 10 kobiet w wieku 50 lat. Mog\u0105 to by\u0107 zar\u00f3wno piegi, jak i plamy pos\u0142oneczne czy wypryski. Cz\u0119\u015b\u0107 z nich jest uwarunkowana genetycznie, jednak wi\u0119kszo\u015b\u0107 powstaje w wyniku nieprawid\u0142owej piel\u0119gnacji lub braku stosowania ochrony przed promieniowaniem UV.<\/p>\n\n\n\n<p><strong>Przebarwienia to zmiany kolorytu sk\u00f3ry spowodowane r\u00f3\u017cnicami w zawarto\u015bci melaniny w kom\u00f3rkach.<\/strong>&nbsp;Przyczyn\u0105 mo\u017ce by\u0107 zbyt aktywna praca melanocyt\u00f3w b\u0105d\u017a nagromadzenie ich w poszczeg\u00f3lnych miejscach. Istnieje jednak wiele preparat\u00f3w, takich jak&nbsp;<strong>dermokosmetyki do twarzy<\/strong>&nbsp;czy cia\u0142a, kt\u00f3re wspomagaj\u0105 walk\u0119 z tym problemem. Sprawdza si\u0119 te\u017c terapia kwasami, a tak\u017ce leczenie substancjami aktywnymi.<\/p>\n\n\n\n<blockquote class=\"wp-block-quote\"><p><strong>Aby jednak stwierdzi\u0107, kt\u00f3ry ze sposob\u00f3w sprawdzi si\u0119 najlepiej, warto pozna\u0107 zastosowanie i dzia\u0142anie ka\u017cdego z nich.<\/strong><\/p><\/blockquote>\n\n\n\n<div class=\"wp-block-image\"><figure class=\"alignright size-full is-resized\"><a href=\"https:\/\/lynia.pl\/produkt\/serum-pure-z-kwasem-migdalowym-10\/\"><img loading=\"lazy\" src=\"https:\/\/e-naturalne.home.pl\/autoinstalator\/wordpressplugins1\/wp-content\/uploads\/2022\/03\/zdjecie-lynia-serum-pure-z-kwasem-migdalowym-10.jpg\" alt=\"przebarwienia-serum-pure.jpg\" class=\"wp-image-2830\" width=\"250\" height=\"375\" srcset=\"https:\/\/www.skarbieclynia.pl\/wp-content\/uploads\/2022\/03\/zdjecie-lynia-serum-pure-z-kwasem-migdalowym-10.jpg 1000w, https:\/\/www.skarbieclynia.pl\/wp-content\/uploads\/2022\/03\/zdjecie-lynia-serum-pure-z-kwasem-migdalowym-10-200x300.jpg 200w, https:\/\/www.skarbieclynia.pl\/wp-content\/uploads\/2022\/03\/zdjecie-lynia-serum-pure-z-kwasem-migdalowym-10-683x1024.jpg 683w, https:\/\/www.skarbieclynia.pl\/wp-content\/uploads\/2022\/03\/zdjecie-lynia-serum-pure-z-kwasem-migdalowym-10-768x1152.jpg 768w, https:\/\/www.skarbieclynia.pl\/wp-content\/uploads\/2022\/03\/zdjecie-lynia-serum-pure-z-kwasem-migdalowym-10-480x720.jpg 480w\" sizes=\"(max-width: 250px) 100vw, 250px\" \/><\/a><\/figure><\/div>\n\n\n\n<h2><strong>Atuty terapii kwasami kosmetycznymi<\/strong><\/h2>\n\n\n\n<p><strong>Kwasy kosmetyczne<\/strong>&nbsp;to zwi\u0105zki powszechnie wyst\u0119puj\u0105ce w naturze, wykorzystywane w dermatologii i kosmetologii. W kosmetykach zastosowanie znajduj\u0105 surowce pozyskiwane metodami biotechnologicznymi lub chemicznymi, ich struktura nie r\u00f3\u017cni si\u0119 jednak od struktury kwas\u00f3w naturalnych.<\/p>\n\n\n\n<p>Zwi\u0105zki te dzielimy na&nbsp;<strong>kwasy AHA<\/strong>,&nbsp;<strong>kwasy BHA<\/strong>, a tak\u017ce&nbsp;<strong>kwasy PHA<\/strong>.<\/p>\n\n\n\n<p>Substancje te maj\u0105 w\u0142a\u015bciwo\u015bci antybakteryjne, z\u0142uszczaj\u0105ce, przeciwtr\u0105dzikowe oraz nawil\u017caj\u0105ce. Opr\u00f3cz tego dzia\u0142aj\u0105 na opisywane&nbsp;<strong>przebarwienia na sk\u00f3rze<\/strong>&nbsp;\u2014 wyr\u00f3wnuj\u0105 bowiem jej koloryt i wspomagaj\u0105 usuwanie blizn potr\u0105dzikowych.<\/p>\n\n\n\n<p>Przyk\u0142adowo:&nbsp;<a href=\"https:\/\/e-naturalne.pl\/pl\/p\/Kwas-migdalowy-99\/1309\">kwas migda\u0142owy&nbsp;<\/a>rozja\u015bnia plamy na sk\u00f3rze. Sprawdza si\u0119 zar\u00f3wno w przypadku przebarwie\u0144 powsta\u0142ych w wyniku nadmiernego opalania lub korzystania z solarium, jak i u os\u00f3b zmagaj\u0105cych si\u0119 z rogowaceniem. Ten&nbsp;<strong>kwas na przebarwienia<\/strong>&nbsp;hamuje r\u00f3wnie\u017c procesy starzenia sk\u00f3ry. Usuwa zmarszczki, wyg\u0142adza cer\u0119, uelastycznia j\u0105 oraz uj\u0119drnia.<\/p>\n\n\n\n<div class=\"wp-block-image\"><figure class=\"alignleft size-full is-resized\"><a href=\"https:\/\/lynia.pl\/produkt\/peeling-z-kwasem-migdalowym-20\/\"><img loading=\"lazy\" src=\"https:\/\/e-naturalne.home.pl\/autoinstalator\/wordpressplugins1\/wp-content\/uploads\/2022\/03\/zdjecie-lynia-peeling-pure-z-kwasem-migdalowym-20-3.jpg\" alt=\"przebarwienia-peeling.jpg\" class=\"wp-image-2833\" width=\"285\" height=\"375\" srcset=\"https:\/\/www.skarbieclynia.pl\/wp-content\/uploads\/2022\/03\/zdjecie-lynia-peeling-pure-z-kwasem-migdalowym-20-3.jpg 1000w, https:\/\/www.skarbieclynia.pl\/wp-content\/uploads\/2022\/03\/zdjecie-lynia-peeling-pure-z-kwasem-migdalowym-20-3-228x300.jpg 228w, https:\/\/www.skarbieclynia.pl\/wp-content\/uploads\/2022\/03\/zdjecie-lynia-peeling-pure-z-kwasem-migdalowym-20-3-779x1024.jpg 779w, https:\/\/www.skarbieclynia.pl\/wp-content\/uploads\/2022\/03\/zdjecie-lynia-peeling-pure-z-kwasem-migdalowym-20-3-768x1009.jpg 768w, https:\/\/www.skarbieclynia.pl\/wp-content\/uploads\/2022\/03\/zdjecie-lynia-peeling-pure-z-kwasem-migdalowym-20-3-480x631.jpg 480w\" sizes=\"(max-width: 285px) 100vw, 285px\" \/><\/a><figcaption>Central Planets, them was formed the Alliance<\/figcaption><\/figure><\/div>\n\n\n\n<p><strong>Szeroka gama kwas\u00f3w, zestaw\u00f3w DIY oraz kosmetyk\u00f3w z tymi sk\u0142adnikami dost\u0119pna jest w kolekcji&nbsp;<a href=\"https:\/\/e-naturalne.pl\/pl\/collection\/Produkty-z-kwasami\/3\/1\/phot\">&#8222;produkty z kwasami&#8221;<\/a><\/strong><\/p>\n\n\n\n<h2><strong>Substancje aktywne i ich zalety<\/strong><\/h2>\n\n\n\n<p><strong>Substancje aktywne w kosmetykach<\/strong>&nbsp;(inaczej czynne) to zwi\u0105zki wykazuj\u0105ce dzia\u0142anie lecznicze, a tak\u017ce terapeutyczne. Wp\u0142ywaj\u0105 pozytywnie na wygl\u0105d sk\u00f3ry, poprawiaj\u0105c go, oraz regeneruj\u0105 jej poszczeg\u00f3lne warstwy. To one stoj\u0105 za odpowiednim dzia\u0142aniem danego preparatu \u2014 warunkuj\u0105 jego cechy i zastosowanie.<\/p>\n\n\n\n<p>Substancje aktywne maj\u0105 oddzia\u0142ywa\u0107 na konkretny problem lub defekt. Niweluj\u0105 przebarwienia po tr\u0105dziku, plamy pos\u0142oneczne oraz spowodowane innymi czynnikami.&nbsp;<strong>Nie dzia\u0142aj\u0105 jednak powierzchniowo, a bezpo\u015brednio na pigment, czyli w tym przypadku na melanin\u0119.<\/strong>&nbsp;Opr\u00f3cz tego wp\u0142ywaj\u0105 r\u00f3wnie\u017c na enzymy \u2014 stymuluj\u0105 je lub hamuj\u0105 ich wydzielanie, w zale\u017cno\u015bci od w\u0142a\u015bciwo\u015bci.<\/p>\n\n\n\n<p>Inn\u0105 substancj\u0105 aktywn\u0105 jest&nbsp;<a href=\"https:\/\/e-naturalne.pl\/pl\/p\/Azeloglicyna\/1612\">azeloglicyna<\/a>, b\u0119d\u0105ca po\u0142\u0105czeniem&nbsp;<a href=\"https:\/\/e-naturalne.pl\/pl\/p\/Kwas-azelainowy\/2233\">kwasu azelainowego<\/a>i glicyny. Ma ona wszystkie w\u0142a\u015bciwo\u015bci kwasu, przy czym dodatkowo doskonale nawil\u017ca oraz poprawia kondycj\u0119 sk\u00f3ry dojrza\u0142ej b\u0105d\u017a nara\u017canej na promieniowanie UV. Sprawdza si\u0119 w piel\u0119gnacji ka\u017cdego typu cery, dzia\u0142a przeciwzapalnie, antybakteryjnie, a tak\u017ce sebostatycznie.<\/p>\n\n\n\n<p>Substancje aktywne depigmentuj\u0105ce pozwalaj\u0105 natomiast na skuteczne rozja\u015bnienie odcienia sk\u00f3ry. Nadaj\u0105 cerze jednolity, jasny koloryt i czyni\u0105 j\u0105 znacznie bardziej promienn\u0105. Jedn\u0105 z takich substancji jest&nbsp;<a href=\"https:\/\/e-naturalne.pl\/pl\/p\/Darkout-wybielanie-ekstrakt-z-Hypoxis-Rooperi-oraz-Caesalpinia-Spinosa-Eco\/1248\">Darkout<\/a>. Ten sk\u0142adnik ro\u015blinnego pochodzenia zmniejsza syntez\u0119 melaniny, a tak\u017ce niweluje plamy spowodowane starzeniem<\/p>\n\n\n\n<div class=\"wp-block-image\"><figure class=\"alignright size-full\"><img loading=\"lazy\" width=\"1000\" height=\"667\" src=\"https:\/\/e-naturalne.home.pl\/autoinstalator\/wordpressplugins1\/wp-content\/uploads\/2022\/03\/wybielanie2.jpg\" alt=\"przebarwienia.jpg\" class=\"wp-image-2842\" srcset=\"https:\/\/www.skarbieclynia.pl\/wp-content\/uploads\/2022\/03\/wybielanie2.jpg 1000w, https:\/\/www.skarbieclynia.pl\/wp-content\/uploads\/2022\/03\/wybielanie2-300x200.jpg 300w, https:\/\/www.skarbieclynia.pl\/wp-content\/uploads\/2022\/03\/wybielanie2-768x512.jpg 768w, https:\/\/www.skarbieclynia.pl\/wp-content\/uploads\/2022\/03\/wybielanie2-720x480.jpg 720w, https:\/\/www.skarbieclynia.pl\/wp-content\/uploads\/2022\/03\/wybielanie2-480x320.jpg 480w\" sizes=\"(max-width: 1000px) 100vw, 1000px\" \/><\/figure><\/div>\n\n\n\n<p>W walce z przebarwieniami sprawdza si\u0119 te\u017c arbutyna zawarta w li\u015bciach m\u0105cznicy. Dzia\u0142a jako inhibitor tyrozynazy i mo\u017ce by\u0107 stosowana d\u0142ugoterminowo. Nie wykazuje toksycznego dzia\u0142ania, natomiast okazuje si\u0119 znacznie bezpieczniejsza ni\u017c hydrochinon, kt\u00f3rego jest pochodn\u0105.<\/p>\n\n\n\n<p>Dodatkowo, jako aktywne substancje depigmentuj\u0105ce sprawdzaj\u0105 si\u0119&nbsp;<a href=\"https:\/\/e-naturalne.pl\/pl\/p\/Witamina-C-stabilna-forma-olejowa\/1807\">witamina C<\/a>,&nbsp;<a href=\"https:\/\/e-naturalne.pl\/pl\/p\/Papaina\/2157\">papaina<\/a>&nbsp;oraz&nbsp;<a href=\"https:\/\/e-naturalne.pl\/pl\/p\/Teczowa-alga-rozjasnianie-Cywhite-G\/2158\">Cywhite G<\/a>.<\/p>\n\n\n\n<h2><strong>Kt\u00f3ry rodzaj piel\u0119gnacji sk\u00f3ry wybra\u0107?<\/strong><\/h2>\n\n\n\n<p><strong>Piel\u0119gnacja sk\u00f3ry tr\u0105dzikowej<\/strong>, problematycznej czy z przebarwieniami wymaga szczeg\u00f3lnej uwagi oraz wielu wyrzecze\u0144. Wyb\u00f3r odpowiedniego sposobu leczenia nie jest \u0142atwy \u2014 zar\u00f3wno kwasy w dermokosmetykach, jak i&nbsp;<strong>substancje czynne w kremach<\/strong>&nbsp;lub tonikach wykazuj\u0105 skuteczne dzia\u0142anie, dlatego trzeba bardzo dok\u0142adnie przeanalizowa\u0107 nie tylko sk\u0142ady produkt\u00f3w, lecz tak\u017ce ofert\u0119 dost\u0119pnych zabieg\u00f3w.<\/p>\n\n\n\n<p>Warto zwr\u00f3ci\u0107 uwag\u0119 m.in. na\u00a0<a href=\"https:\/\/e-naturalne.pl\/pl\/p\/Lynia-Krem-z-kwasem-azelainowym-7\/2235\">krem z kwasem azlainowym od Lynia 7%.<\/a>\u00a0Kosmetyk ten przeznaczony jest do codziennej\u00a0<strong>piel\u0119gnacji sk\u00f3ry t\u0142ustej lub tr\u0105dzikowej,<\/strong>\u00a0maj\u0105cej tendencj\u0119 do rogowacenia czy wyst\u0119powania przebarwie\u0144. Dodatkowo w przypadku os\u00f3b zmagaj\u0105cych si\u0119 z wypryskami i zask\u00f3rnikami, sprawdza si\u0119\u00a0<a href=\"https:\/\/www.skarbieclynia.pl\/index.php\/2019\/12\/11\/kwas-szikimowy\/\">kwas<\/a> <a href=\"https:\/\/www.skarbieclynia.pl\/index.php\/2019\/12\/11\/kwas-szikimowy\/\">szikimowy<\/a>\u00a0pozyskiwany z any\u017cu gwie\u017adzistego. Wykazuje on w\u0142a\u015bciwo\u015bci z\u0142uszczaj\u0105ce, nawil\u017caj\u0105ce, a tak\u017ce przeciwbakteryjne. Dzia\u0142a przeciwzapalnie oraz reguluje wydzielanie sebum.<\/p>\n\n\n\n<div class=\"wp-block-columns\">\n<div class=\"wp-block-column\">\n<div class=\"wp-block-image\"><figure class=\"alignright size-large is-resized\"><a href=\"https:\/\/lynia.pl\/produkt\/serum-dla-cery-tlustej-tradzikowej-z-kwasem-szikimowym-oily-skin\/\"><img loading=\"lazy\" src=\"https:\/\/e-naturalne.home.pl\/autoinstalator\/wordpressplugins1\/wp-content\/uploads\/2022\/03\/zdjecie-lynia-serum-oily-skin-dla-cery-tlustej-3-634x1024.jpg\" alt=\"\" class=\"wp-image-2848\" width=\"229\" height=\"370\" srcset=\"https:\/\/www.skarbieclynia.pl\/wp-content\/uploads\/2022\/03\/zdjecie-lynia-serum-oily-skin-dla-cery-tlustej-3-634x1024.jpg 634w, https:\/\/www.skarbieclynia.pl\/wp-content\/uploads\/2022\/03\/zdjecie-lynia-serum-oily-skin-dla-cery-tlustej-3-186x300.jpg 186w, https:\/\/www.skarbieclynia.pl\/wp-content\/uploads\/2022\/03\/zdjecie-lynia-serum-oily-skin-dla-cery-tlustej-3-768x1240.jpg 768w, https:\/\/www.skarbieclynia.pl\/wp-content\/uploads\/2022\/03\/zdjecie-lynia-serum-oily-skin-dla-cery-tlustej-3-952x1536.jpg 952w, https:\/\/www.skarbieclynia.pl\/wp-content\/uploads\/2022\/03\/zdjecie-lynia-serum-oily-skin-dla-cery-tlustej-3-480x775.jpg 480w, https:\/\/www.skarbieclynia.pl\/wp-content\/uploads\/2022\/03\/zdjecie-lynia-serum-oily-skin-dla-cery-tlustej-3.jpg 1000w\" sizes=\"(max-width: 229px) 100vw, 229px\" \/><\/a><\/figure><\/div>\n<\/div>\n\n\n\n<div class=\"wp-block-column\">\n<div class=\"wp-block-image\"><figure class=\"alignleft size-large is-resized\"><a href=\"https:\/\/lynia.pl\/produkt\/krem-z-kwasem-azelainowym-7\/\"><img loading=\"lazy\" src=\"https:\/\/e-naturalne.home.pl\/autoinstalator\/wordpressplugins1\/wp-content\/uploads\/2022\/03\/zdjecie-lynia-krem-z-kwasem-azelainowym-7-1-702x1024.jpg\" alt=\"\" class=\"wp-image-2851\" width=\"274\" height=\"399\" srcset=\"https:\/\/www.skarbieclynia.pl\/wp-content\/uploads\/2022\/03\/zdjecie-lynia-krem-z-kwasem-azelainowym-7-1-702x1024.jpg 702w, https:\/\/www.skarbieclynia.pl\/wp-content\/uploads\/2022\/03\/zdjecie-lynia-krem-z-kwasem-azelainowym-7-1-206x300.jpg 206w, https:\/\/www.skarbieclynia.pl\/wp-content\/uploads\/2022\/03\/zdjecie-lynia-krem-z-kwasem-azelainowym-7-1-768x1120.jpg 768w, https:\/\/www.skarbieclynia.pl\/wp-content\/uploads\/2022\/03\/zdjecie-lynia-krem-z-kwasem-azelainowym-7-1-480x700.jpg 480w, https:\/\/www.skarbieclynia.pl\/wp-content\/uploads\/2022\/03\/zdjecie-lynia-krem-z-kwasem-azelainowym-7-1.jpg 1000w\" sizes=\"(max-width: 274px) 100vw, 274px\" \/><\/a><\/figure><\/div>\n<\/div>\n<\/div>\n\n\n\n<p><strong>Terapia kwasami<\/strong>&nbsp;na&nbsp;<strong>przebarwienia<\/strong>&nbsp;sk\u00f3ry sprawdza si\u0119 w przypadku os\u00f3b, kt\u00f3re potrzebuj\u0105 powierzchniowej naprawy. Substancje czynne natomiast b\u0119d\u0105 odpowiedniejsze, je\u015bli potrzebne jest wyregulowanie enzym\u00f3w b\u0105d\u017a bezpo\u015bredni wp\u0142yw na pigment. Jednak w ka\u017cdym przypadku do piel\u0119gnacji warto w\u0142\u0105czy\u0107 kosmetyki od Lynia z serii&nbsp;<strong>Multi Brightening<\/strong>&nbsp;\u2014 preparaty te wspomagaj\u0105 rozja\u015bnienie plam, depigmentacj\u0119 oraz utrzymanie odpowiedniego nawil\u017cenia.<\/p>\n\n\n\n<div class=\"wp-block-columns\">\n<div class=\"wp-block-column\">\n<div class=\"wp-block-image\"><figure class=\"alignright size-large is-resized\"><img loading=\"lazy\" src=\"https:\/\/e-naturalne.home.pl\/autoinstalator\/wordpressplugins1\/wp-content\/uploads\/2022\/03\/zdjecie-lynia-booster-rozjasniajacy-multi-brightening-1-1-756x1024.jpg\" alt=\"\" class=\"wp-image-2854\" width=\"268\" height=\"363\" srcset=\"https:\/\/www.skarbieclynia.pl\/wp-content\/uploads\/2022\/03\/zdjecie-lynia-booster-rozjasniajacy-multi-brightening-1-1-756x1024.jpg 756w, https:\/\/www.skarbieclynia.pl\/wp-content\/uploads\/2022\/03\/zdjecie-lynia-booster-rozjasniajacy-multi-brightening-1-1-221x300.jpg 221w, https:\/\/www.skarbieclynia.pl\/wp-content\/uploads\/2022\/03\/zdjecie-lynia-booster-rozjasniajacy-multi-brightening-1-1-768x1041.jpg 768w, https:\/\/www.skarbieclynia.pl\/wp-content\/uploads\/2022\/03\/zdjecie-lynia-booster-rozjasniajacy-multi-brightening-1-1-1134x1536.jpg 1134w, https:\/\/www.skarbieclynia.pl\/wp-content\/uploads\/2022\/03\/zdjecie-lynia-booster-rozjasniajacy-multi-brightening-1-1-1511x2048.jpg 1511w, https:\/\/www.skarbieclynia.pl\/wp-content\/uploads\/2022\/03\/zdjecie-lynia-booster-rozjasniajacy-multi-brightening-1-1-480x650.jpg 480w, https:\/\/www.skarbieclynia.pl\/wp-content\/uploads\/2022\/03\/zdjecie-lynia-booster-rozjasniajacy-multi-brightening-1-1-scaled.jpg 1889w\" sizes=\"(max-width: 268px) 100vw, 268px\" \/><\/figure><\/div>\n<\/div>\n\n\n\n<div class=\"wp-block-column\">\n<div class=\"wp-block-image\"><figure class=\"alignleft size-large is-resized\"><a href=\"https:\/\/lynia.pl\/produkt\/multi-brightening-face-booster-rozjasnianie-depigmentacja\/\"><img loading=\"lazy\" src=\"https:\/\/e-naturalne.home.pl\/autoinstalator\/wordpressplugins1\/wp-content\/uploads\/2022\/03\/zdjecie-lynia-booster-rozjasniajacy-multi-brightening-2-632x1024.jpg\" alt=\"\" class=\"wp-image-2857\" width=\"231\" height=\"373\" srcset=\"https:\/\/www.skarbieclynia.pl\/wp-content\/uploads\/2022\/03\/zdjecie-lynia-booster-rozjasniajacy-multi-brightening-2-632x1024.jpg 632w, https:\/\/www.skarbieclynia.pl\/wp-content\/uploads\/2022\/03\/zdjecie-lynia-booster-rozjasniajacy-multi-brightening-2-185x300.jpg 185w, https:\/\/www.skarbieclynia.pl\/wp-content\/uploads\/2022\/03\/zdjecie-lynia-booster-rozjasniajacy-multi-brightening-2-768x1243.jpg 768w, https:\/\/www.skarbieclynia.pl\/wp-content\/uploads\/2022\/03\/zdjecie-lynia-booster-rozjasniajacy-multi-brightening-2-949x1536.jpg 949w, https:\/\/www.skarbieclynia.pl\/wp-content\/uploads\/2022\/03\/zdjecie-lynia-booster-rozjasniajacy-multi-brightening-2-480x777.jpg 480w, https:\/\/www.skarbieclynia.pl\/wp-content\/uploads\/2022\/03\/zdjecie-lynia-booster-rozjasniajacy-multi-brightening-2.jpg 1000w\" sizes=\"(max-width: 231px) 100vw, 231px\" \/><\/a><\/figure><\/div>\n<\/div>\n<\/div>\n","protected":false},"excerpt":{"rendered":"<p>Przebarwienia na twarzy&nbsp;dotycz\u0105 co trzeciej kobiety po 30 roku \u017cycia oraz 9 na 10 kobiet w wieku 50 lat. Mog\u0105 to by\u0107 zar\u00f3wno piegi, jak i plamy pos\u0142oneczne czy wypryski. Cz\u0119\u015b\u0107 z nich jest uwarunkowana genetycznie, jednak wi\u0119kszo\u015b\u0107 powstaje w wyniku nieprawid\u0142owej piel\u0119gnacji lub braku stosowania ochrony przed promieniowaniem UV. Przebarwienia to zmiany kolorytu sk\u00f3ry spowodowane r\u00f3\u017cnicami w zawarto\u015bci melaniny w kom\u00f3rkach.&nbsp;Przyczyn\u0105 mo\u017ce by\u0107 zbyt aktywna praca melanocyt\u00f3w b\u0105d\u017a nagromadzenie ich w poszczeg\u00f3lnych miejscach. Istnieje jednak wiele preparat\u00f3w, takich jak&nbsp;dermokosmetyki do twarzy&nbsp;czy cia\u0142a, kt\u00f3re wspomagaj\u0105 walk\u0119 z tym problemem. Sprawdza si\u0119 te\u017c terapia kwasami, a tak\u017ce leczenie substancjami aktywnymi. Aby<\/p>\n","protected":false},"author":5,"featured_media":2863,"comment_status":"closed","ping_status":"open","sticky":false,"template":"","format":"standard","meta":[],"categories":[16,19],"tags":[50,51,52,37,53],"acf":[],"yoast_head":"<!-- This site is optimized with the Yoast SEO plugin v17.9 - https:\/\/yoast.com\/wordpress\/plugins\/seo\/ -->\n<title>Skarbiec<\/title>\n<meta name=\"description\" content=\"Przebarwienia to zmiany kolorytu sk\u00f3ry spowodowane r\u00f3\u017cnicami w zawarto\u015bci melaniny w kom\u00f3rkach.\u00a0Sprawd\u017a jak zwalczy\u0107 ten problem.\" \/>\n<meta name=\"robots\" content=\"index, follow, max-snippet:-1, max-image-preview:large, max-video-preview:-1\" \/>\n<link rel=\"canonical\" href=\"https:\/\/www.skarbieclynia.pl\/index.php\/2017\/05\/12\/przebarwienia\/\" \/>\n<meta property=\"og:locale\" content=\"pl_PL\" \/>\n<meta property=\"og:type\" content=\"article\" \/>\n<meta property=\"og:title\" content=\"Terapia kwasami czy substancjami aktywnymi? Jak usuwa\u0107 przebarwienia?\" \/>\n<meta property=\"og:description\" content=\"Przebarwienia to zmiany kolorytu sk\u00f3ry spowodowane r\u00f3\u017cnicami w zawarto\u015bci melaniny w kom\u00f3rkach.\u00a0Sprawd\u017a jak zwalczy\u0107 ten problem.\" \/>\n<meta property=\"og:url\" content=\"https:\/\/www.skarbieclynia.pl\/index.php\/2017\/05\/12\/przebarwienia\/\" \/>\n<meta property=\"og:site_name\" content=\"Skarbiec\" \/>\n<meta property=\"article:published_time\" content=\"2017-05-12T00:00:00+00:00\" \/>\n<meta property=\"article:modified_time\" content=\"2022-10-25T07:56:25+00:00\" \/>\n<meta property=\"og:image\" content=\"https:\/\/www.skarbieclynia.pl\/wp-content\/uploads\/2017\/05\/22-scaled.jpg\" \/>\n\t<meta property=\"og:image:width\" content=\"2560\" \/>\n\t<meta property=\"og:image:height\" content=\"2048\" \/>\n\t<meta property=\"og:image:type\" content=\"image\/jpeg\" \/>\n<meta name=\"twitter:card\" content=\"summary_large_image\" \/>\n<meta name=\"twitter:label1\" content=\"Napisane przez\" \/>\n\t<meta name=\"twitter:data1\" content=\"Agata Dobrzycka\" \/>\n\t<meta name=\"twitter:label2\" content=\"Szacowany czas czytania\" \/>\n\t<meta name=\"twitter:data2\" content=\"6 minut\" \/>\n<script type=\"application\/ld+json\" class=\"yoast-schema-graph\">{\"@context\":\"https:\/\/schema.org\",\"@graph\":[{\"@type\":\"WebSite\",\"@id\":\"https:\/\/www.skarbieclynia.pl\/#website\",\"url\":\"https:\/\/www.skarbieclynia.pl\/\",\"name\":\"Skarbiec\",\"description\":\"LYNIA\",\"potentialAction\":[{\"@type\":\"SearchAction\",\"target\":{\"@type\":\"EntryPoint\",\"urlTemplate\":\"https:\/\/www.skarbieclynia.pl\/?s={search_term_string}\"},\"query-input\":\"required name=search_term_string\"}],\"inLanguage\":\"pl-PL\"},{\"@type\":\"ImageObject\",\"@id\":\"https:\/\/www.skarbieclynia.pl\/index.php\/2017\/05\/12\/przebarwienia\/#primaryimage\",\"inLanguage\":\"pl-PL\",\"url\":\"https:\/\/www.skarbieclynia.pl\/wp-content\/uploads\/2017\/05\/22-scaled.jpg\",\"contentUrl\":\"https:\/\/www.skarbieclynia.pl\/wp-content\/uploads\/2017\/05\/22-scaled.jpg\",\"width\":2560,\"height\":2048,\"caption\":\"przebarwienia.jpg\"},{\"@type\":\"WebPage\",\"@id\":\"https:\/\/www.skarbieclynia.pl\/index.php\/2017\/05\/12\/przebarwienia\/#webpage\",\"url\":\"https:\/\/www.skarbieclynia.pl\/index.php\/2017\/05\/12\/przebarwienia\/\",\"name\":\"Terapia kwasami czy substancjami aktywnymi? Jak usuwa\\u0107 przebarwienia?\",\"isPartOf\":{\"@id\":\"https:\/\/www.skarbieclynia.pl\/#website\"},\"primaryImageOfPage\":{\"@id\":\"https:\/\/www.skarbieclynia.pl\/index.php\/2017\/05\/12\/przebarwienia\/#primaryimage\"},\"datePublished\":\"2017-05-12T00:00:00+00:00\",\"dateModified\":\"2022-10-25T07:56:25+00:00\",\"author\":{\"@id\":\"https:\/\/www.skarbieclynia.pl\/#\/schema\/person\/0c1074c6b7a0e693c3ae945afb1b6325\"},\"description\":\"Przebarwienia to zmiany kolorytu sk\\u00f3ry spowodowane r\\u00f3\\u017cnicami w zawarto\\u015bci melaniny w kom\\u00f3rkach.\\u00a0Sprawd\\u017a jak zwalczy\\u0107 ten problem.\",\"breadcrumb\":{\"@id\":\"https:\/\/www.skarbieclynia.pl\/index.php\/2017\/05\/12\/przebarwienia\/#breadcrumb\"},\"inLanguage\":\"pl-PL\",\"potentialAction\":[{\"@type\":\"ReadAction\",\"target\":[\"https:\/\/www.skarbieclynia.pl\/index.php\/2017\/05\/12\/przebarwienia\/\"]}]},{\"@type\":\"BreadcrumbList\",\"@id\":\"https:\/\/www.skarbieclynia.pl\/index.php\/2017\/05\/12\/przebarwienia\/#breadcrumb\",\"itemListElement\":[{\"@type\":\"ListItem\",\"position\":1,\"name\":\"Strona g\\u0142\\u00f3wna\",\"item\":\"https:\/\/www.skarbieclynia.pl\/\"},{\"@type\":\"ListItem\",\"position\":2,\"name\":\"Terapia kwasami czy substancjami aktywnymi? Jak usuwa\\u0107 przebarwienia?\"}]},{\"@type\":\"Person\",\"@id\":\"https:\/\/www.skarbieclynia.pl\/#\/schema\/person\/0c1074c6b7a0e693c3ae945afb1b6325\",\"name\":\"Agata Dobrzycka\",\"image\":{\"@type\":\"ImageObject\",\"@id\":\"https:\/\/www.skarbieclynia.pl\/#personlogo\",\"inLanguage\":\"pl-PL\",\"url\":\"https:\/\/secure.gravatar.com\/avatar\/416f82305c48a2816b33191c1e28876d?s=96&d=mm&r=g\",\"contentUrl\":\"https:\/\/secure.gravatar.com\/avatar\/416f82305c48a2816b33191c1e28876d?s=96&d=mm&r=g\",\"caption\":\"Agata Dobrzycka\"},\"url\":\"https:\/\/www.skarbieclynia.pl\/index.php\/author\/agata\/\"}]}<\/script>\n<!-- \/ Yoast SEO plugin. -->","yoast_head_json":{"title":"Skarbiec","description":"Przebarwienia to zmiany kolorytu sk\u00f3ry spowodowane r\u00f3\u017cnicami w zawarto\u015bci melaniny w kom\u00f3rkach.\u00a0Sprawd\u017a jak zwalczy\u0107 ten problem.","robots":{"index":"index","follow":"follow","max-snippet":"max-snippet:-1","max-image-preview":"max-image-preview:large","max-video-preview":"max-video-preview:-1"},"canonical":"https:\/\/www.skarbieclynia.pl\/index.php\/2017\/05\/12\/przebarwienia\/","og_locale":"pl_PL","og_type":"article","og_title":"Terapia kwasami czy substancjami aktywnymi? Jak usuwa\u0107 przebarwienia?","og_description":"Przebarwienia to zmiany kolorytu sk\u00f3ry spowodowane r\u00f3\u017cnicami w zawarto\u015bci melaniny w kom\u00f3rkach.\u00a0Sprawd\u017a jak zwalczy\u0107 ten problem.","og_url":"https:\/\/www.skarbieclynia.pl\/index.php\/2017\/05\/12\/przebarwienia\/","og_site_name":"Skarbiec","article_published_time":"2017-05-12T00:00:00+00:00","article_modified_time":"2022-10-25T07:56:25+00:00","og_image":[{"width":2560,"height":2048,"url":"https:\/\/www.skarbieclynia.pl\/wp-content\/uploads\/2017\/05\/22-scaled.jpg","type":"image\/jpeg"}],"twitter_card":"summary_large_image","twitter_misc":{"Napisane przez":"Agata Dobrzycka","Szacowany czas czytania":"6 minut"},"schema":{"@context":"https:\/\/schema.org","@graph":[{"@type":"WebSite","@id":"https:\/\/www.skarbieclynia.pl\/#website","url":"https:\/\/www.skarbieclynia.pl\/","name":"Skarbiec","description":"LYNIA","potentialAction":[{"@type":"SearchAction","target":{"@type":"EntryPoint","urlTemplate":"https:\/\/www.skarbieclynia.pl\/?s={search_term_string}"},"query-input":"required name=search_term_string"}],"inLanguage":"pl-PL"},{"@type":"ImageObject","@id":"https:\/\/www.skarbieclynia.pl\/index.php\/2017\/05\/12\/przebarwienia\/#primaryimage","inLanguage":"pl-PL","url":"https:\/\/www.skarbieclynia.pl\/wp-content\/uploads\/2017\/05\/22-scaled.jpg","contentUrl":"https:\/\/www.skarbieclynia.pl\/wp-content\/uploads\/2017\/05\/22-scaled.jpg","width":2560,"height":2048,"caption":"przebarwienia.jpg"},{"@type":"WebPage","@id":"https:\/\/www.skarbieclynia.pl\/index.php\/2017\/05\/12\/przebarwienia\/#webpage","url":"https:\/\/www.skarbieclynia.pl\/index.php\/2017\/05\/12\/przebarwienia\/","name":"Terapia kwasami czy substancjami aktywnymi? Jak usuwa\u0107 przebarwienia?","isPartOf":{"@id":"https:\/\/www.skarbieclynia.pl\/#website"},"primaryImageOfPage":{"@id":"https:\/\/www.skarbieclynia.pl\/index.php\/2017\/05\/12\/przebarwienia\/#primaryimage"},"datePublished":"2017-05-12T00:00:00+00:00","dateModified":"2022-10-25T07:56:25+00:00","author":{"@id":"https:\/\/www.skarbieclynia.pl\/#\/schema\/person\/0c1074c6b7a0e693c3ae945afb1b6325"},"description":"Przebarwienia to zmiany kolorytu sk\u00f3ry spowodowane r\u00f3\u017cnicami w zawarto\u015bci melaniny w kom\u00f3rkach.\u00a0Sprawd\u017a jak zwalczy\u0107 ten problem.","breadcrumb":{"@id":"https:\/\/www.skarbieclynia.pl\/index.php\/2017\/05\/12\/przebarwienia\/#breadcrumb"},"inLanguage":"pl-PL","potentialAction":[{"@type":"ReadAction","target":["https:\/\/www.skarbieclynia.pl\/index.php\/2017\/05\/12\/przebarwienia\/"]}]},{"@type":"BreadcrumbList","@id":"https:\/\/www.skarbieclynia.pl\/index.php\/2017\/05\/12\/przebarwienia\/#breadcrumb","itemListElement":[{"@type":"ListItem","position":1,"name":"Strona g\u0142\u00f3wna","item":"https:\/\/www.skarbieclynia.pl\/"},{"@type":"ListItem","position":2,"name":"Terapia kwasami czy substancjami aktywnymi? Jak usuwa\u0107 przebarwienia?"}]},{"@type":"Person","@id":"https:\/\/www.skarbieclynia.pl\/#\/schema\/person\/0c1074c6b7a0e693c3ae945afb1b6325","name":"Agata Dobrzycka","image":{"@type":"ImageObject","@id":"https:\/\/www.skarbieclynia.pl\/#personlogo","inLanguage":"pl-PL","url":"https:\/\/secure.gravatar.com\/avatar\/416f82305c48a2816b33191c1e28876d?s=96&d=mm&r=g","contentUrl":"https:\/\/secure.gravatar.com\/avatar\/416f82305c48a2816b33191c1e28876d?s=96&d=mm&r=g","caption":"Agata Dobrzycka"},"url":"https:\/\/www.skarbieclynia.pl\/index.php\/author\/agata\/"}]}},"_links":{"self":[{"href":"https:\/\/www.skarbieclynia.pl\/index.php\/wp-json\/wp\/v2\/posts\/2235"}],"collection":[{"href":"https:\/\/www.skarbieclynia.pl\/index.php\/wp-json\/wp\/v2\/posts"}],"about":[{"href":"https:\/\/www.skarbieclynia.pl\/index.php\/wp-json\/wp\/v2\/types\/post"}],"author":[{"embeddable":true,"href":"https:\/\/www.skarbieclynia.pl\/index.php\/wp-json\/wp\/v2\/users\/5"}],"replies":[{"embeddable":true,"href":"https:\/\/www.skarbieclynia.pl\/index.php\/wp-json\/wp\/v2\/comments?post=2235"}],"version-history":[{"count":6,"href":"https:\/\/www.skarbieclynia.pl\/index.php\/wp-json\/wp\/v2\/posts\/2235\/revisions"}],"predecessor-version":[{"id":6536,"href":"https:\/\/www.skarbieclynia.pl\/index.php\/wp-json\/wp\/v2\/posts\/2235\/revisions\/6536"}],"wp:featuredmedia":[{"embeddable":true,"href":"https:\/\/www.skarbieclynia.pl\/index.php\/wp-json\/wp\/v2\/media\/2863"}],"wp:attachment":[{"href":"https:\/\/www.skarbieclynia.pl\/index.php\/wp-json\/wp\/v2\/media?parent=2235"}],"wp:term":[{"taxonomy":"category","embeddable":true,"href":"https:\/\/www.skarbieclynia.pl\/index.php\/wp-json\/wp\/v2\/categories?post=2235"},{"taxonomy":"post_tag","embeddable":true,"href":"https:\/\/www.skarbieclynia.pl\/index.php\/wp-json\/wp\/v2\/tags?post=2235"}],"curies":[{"name":"wp","href":"https:\/\/api.w.org\/{rel}","templated":true}]}}