{"id":2234,"date":"2015-09-03T00:00:00","date_gmt":"2015-09-03T00:00:00","guid":{"rendered":"https:\/\/thefox.withemes.com\/pine\/2020\/10\/28\/vel-ad-molestie-menandri-vis-et-nam\/"},"modified":"2022-03-16T11:02:14","modified_gmt":"2022-03-16T10:02:14","slug":"cera-tlusta","status":"publish","type":"post","link":"https:\/\/www.skarbieclynia.pl\/index.php\/2015\/09\/03\/cera-tlusta\/","title":{"rendered":"Cera t\u0142usta \u2013 bez tajemnic cz.II"},"content":{"rendered":"\n<p class=\"has-drop-cap\">Jak wspominali\u015bmy w cz.I \u2013 najwi\u0119kszym wyzwaniem dotycz\u0105cym piel\u0119gnacji sk\u00f3ry t\u0142ustej jest znalezienie balansu pomi\u0119dzy ochron\u0105, warto\u015bciowym nawil\u017ceniem a ograniczeniem \u0142ojotoku.&nbsp;Z niczym nie wolno jednak przesadzi\u0107, bo mo\u017cna osi\u0105gn\u0105\u0107 przeciwny efekt! Dla przyk\u0142adu: zbyt intensywne przesuszanie mo\u017ce dodatkowo zwi\u0119kszy\u0107 produkcj\u0119 \u0142oju przez gruczo\u0142y. Istotne jest te\u017c zw\u0119\u017cenie optyczne por\u00f3w oraz oczyszczenie ich z nadmiaru utlenionej tre\u015bci.&nbsp;<\/p>\n\n\n\n<div class=\"wp-block-image\"><figure class=\"alignright size-medium\"><a href=\"https:\/\/e-naturalne.home.pl\/autoinstalator\/wordpressplugins1\/wp-content\/uploads\/2022\/03\/tlusta2-edited.jpg\"><img loading=\"lazy\" width=\"300\" height=\"300\" src=\"https:\/\/e-naturalne.home.pl\/autoinstalator\/wordpressplugins1\/wp-content\/uploads\/2022\/03\/tlusta2-edited-300x300.jpg\" alt=\"\" class=\"wp-image-2663\" srcset=\"https:\/\/www.skarbieclynia.pl\/wp-content\/uploads\/2022\/03\/tlusta2-edited-300x300.jpg 300w, https:\/\/www.skarbieclynia.pl\/wp-content\/uploads\/2022\/03\/tlusta2-edited-150x150.jpg 150w, https:\/\/www.skarbieclynia.pl\/wp-content\/uploads\/2022\/03\/tlusta2-edited-768x769.jpg 768w, https:\/\/www.skarbieclynia.pl\/wp-content\/uploads\/2022\/03\/tlusta2-edited-480x481.jpg 480w, https:\/\/www.skarbieclynia.pl\/wp-content\/uploads\/2022\/03\/tlusta2-edited.jpg 901w\" sizes=\"(max-width: 300px) 100vw, 300px\" \/><\/a><\/figure><\/div>\n\n\n\n<h2><strong>Przyk\u0142adowy schemat piel\u0119gnacji t\u0142ustej cery<\/strong><\/h2>\n\n\n\n<ol><li><strong>Poranek, w nast\u0119puj\u0105cej kolejno\u015bci:<\/strong><\/li><\/ol>\n\n\n\n<p>&#8211; umyj twarz&nbsp;<strong>piank\u0105 myj\u0105c\u0105<\/strong>,<\/p>\n\n\n\n<p>&#8211; nast\u0119pnie wykorzystaj&nbsp;<strong>tonik \u017celowy<\/strong>&nbsp;lub&nbsp;<strong>mgie\u0142k\u0119<\/strong>, kt\u00f3re dog\u0142\u0119bnie oczyszcz\u0105 sk\u00f3r\u0119,<\/p>\n\n\n\n<p>&#8211; na\u0142\u00f3\u017c&nbsp;<strong>serum<\/strong>&nbsp;albo&nbsp;<strong>booster<\/strong>&nbsp;(w zale\u017cno\u015bci od potrzeb) \u2013 u\u017cyj kremu z filtrem oraz kremu pod oczy.<\/p>\n\n\n\n<ol start=\"2\"><li><strong>Wiecz\u00f3r, w nast\u0119puj\u0105cej kolejno\u015bci:<\/strong><\/li><\/ol>\n\n\n\n<p>&#8211; wykorzystaj&nbsp;<strong>olejek do demakija\u017cu<\/strong>&nbsp;lub&nbsp;<strong>p\u0142yn micelarny<\/strong>, w zale\u017cno\u015bci od tego, czy umalowa\u0142a\u015b rano twarz,<\/p>\n\n\n\n<p>&#8211; nast\u0119pnie oczy\u015b\u0107 sk\u00f3r\u0119&nbsp;<strong>piank\u0105 myj\u0105c\u0105<\/strong>,<\/p>\n\n\n\n<p>&#8211; kolejno zastosuj&nbsp;<strong>tonik \u017celowy<\/strong>&nbsp;lub&nbsp;<strong>mgie\u0142k\u0119<\/strong>, aby dog\u0142\u0119bnie oczy\u015bci\u0107 nask\u00f3rek,<\/p>\n\n\n\n<p>&#8211; na\u0142\u00f3\u017c&nbsp;<strong>serum i\/lub booster<\/strong>&nbsp;(nawil\u017caj\u0105cy) &#8211; wybierz typowy tre\u015bciwy&nbsp;<strong>krem na noc<\/strong>&nbsp;(przede wszystkim w sezonie grzewczym) oraz&nbsp;<strong>krem pod oczy<\/strong>.<\/p>\n\n\n\n<ol start=\"3\"><li><strong>Dodatkowe zabiegi piel\u0119gnacyjne, kt\u00f3re warto wykonywa\u0107 regularnie:<\/strong><\/li><\/ol>\n\n\n\n<p>&#8211; raz w tyg. delikatny&nbsp;<strong>peeling<\/strong>&nbsp;(kwasowy),<\/p>\n\n\n\n<p>&#8211; 1-2 razy w tyg. oczyszczaj\u0105ca&nbsp;<strong>maseczka z kwasem salicylowym<\/strong>&nbsp;(szczeg\u00f3lnie strefa T),<\/p>\n\n\n\n<p>&#8211; raz w tyg. nawil\u017caj\u0105ca, ale nieobci\u0105\u017caj\u0105ca&nbsp;<strong>maseczka algowa<\/strong>.<\/p>\n\n\n\n<div class=\"wp-block-columns\">\n<div class=\"wp-block-column\">\n<figure class=\"wp-block-image size-large is-resized\"><a href=\"https:\/\/lynia.pl\/produkt\/peeling-z-kwasem-migdalowym-20\/\"><img loading=\"lazy\" src=\"https:\/\/e-naturalne.home.pl\/autoinstalator\/wordpressplugins1\/wp-content\/uploads\/2022\/03\/zdjecie-lynia-peeling-pure-z-kwasem-migdalowym-20-1-779x1024.jpg\" alt=\"\" class=\"wp-image-2702\" width=\"245\" height=\"322\" srcset=\"https:\/\/www.skarbieclynia.pl\/wp-content\/uploads\/2022\/03\/zdjecie-lynia-peeling-pure-z-kwasem-migdalowym-20-1-779x1024.jpg 779w, https:\/\/www.skarbieclynia.pl\/wp-content\/uploads\/2022\/03\/zdjecie-lynia-peeling-pure-z-kwasem-migdalowym-20-1-228x300.jpg 228w, https:\/\/www.skarbieclynia.pl\/wp-content\/uploads\/2022\/03\/zdjecie-lynia-peeling-pure-z-kwasem-migdalowym-20-1-768x1009.jpg 768w, https:\/\/www.skarbieclynia.pl\/wp-content\/uploads\/2022\/03\/zdjecie-lynia-peeling-pure-z-kwasem-migdalowym-20-1-480x631.jpg 480w, https:\/\/www.skarbieclynia.pl\/wp-content\/uploads\/2022\/03\/zdjecie-lynia-peeling-pure-z-kwasem-migdalowym-20-1.jpg 1000w\" sizes=\"(max-width: 245px) 100vw, 245px\" \/><\/a><\/figure>\n<\/div>\n\n\n\n<div class=\"wp-block-column\">\n<figure class=\"wp-block-image size-large is-resized\"><a href=\"https:\/\/lynia.pl\/produkt\/peeling-aha-30\/\"><img loading=\"lazy\" src=\"https:\/\/e-naturalne.home.pl\/autoinstalator\/wordpressplugins1\/wp-content\/uploads\/2022\/03\/zdjecie-lynia-peeling-aha-30-2-780x1024.jpg\" alt=\"\" class=\"wp-image-2708\" width=\"239\" height=\"314\" srcset=\"https:\/\/www.skarbieclynia.pl\/wp-content\/uploads\/2022\/03\/zdjecie-lynia-peeling-aha-30-2-780x1024.jpg 780w, https:\/\/www.skarbieclynia.pl\/wp-content\/uploads\/2022\/03\/zdjecie-lynia-peeling-aha-30-2-229x300.jpg 229w, https:\/\/www.skarbieclynia.pl\/wp-content\/uploads\/2022\/03\/zdjecie-lynia-peeling-aha-30-2-768x1008.jpg 768w, https:\/\/www.skarbieclynia.pl\/wp-content\/uploads\/2022\/03\/zdjecie-lynia-peeling-aha-30-2-480x630.jpg 480w, https:\/\/www.skarbieclynia.pl\/wp-content\/uploads\/2022\/03\/zdjecie-lynia-peeling-aha-30-2.jpg 1000w\" sizes=\"(max-width: 239px) 100vw, 239px\" \/><\/a><\/figure>\n<\/div>\n\n\n\n<div class=\"wp-block-column\">\n<figure class=\"wp-block-image size-large is-resized\"><a href=\"https:\/\/lynia.pl\/produkt\/liftingujaco-rewitalizujaca-maska-algowa-peel-off-zen-szen-zielona-herbata-kakao\/\"><img loading=\"lazy\" src=\"https:\/\/e-naturalne.home.pl\/autoinstalator\/wordpressplugins1\/wp-content\/uploads\/2022\/03\/Lynia-masks-10-819x1024.jpg\" alt=\"\" class=\"wp-image-2699\" width=\"246\" height=\"307\" srcset=\"https:\/\/www.skarbieclynia.pl\/wp-content\/uploads\/2022\/03\/Lynia-masks-10-819x1024.jpg 819w, https:\/\/www.skarbieclynia.pl\/wp-content\/uploads\/2022\/03\/Lynia-masks-10-240x300.jpg 240w, https:\/\/www.skarbieclynia.pl\/wp-content\/uploads\/2022\/03\/Lynia-masks-10-768x960.jpg 768w, https:\/\/www.skarbieclynia.pl\/wp-content\/uploads\/2022\/03\/Lynia-masks-10-480x600.jpg 480w, https:\/\/www.skarbieclynia.pl\/wp-content\/uploads\/2022\/03\/Lynia-masks-10.jpg 1150w\" sizes=\"(max-width: 246px) 100vw, 246px\" \/><\/a><\/figure>\n<\/div>\n<\/div>\n\n\n\n<h2><strong>Jakie kosmetyki Lynia wybra\u0107?<\/strong><\/h2>\n\n\n\n<p><strong>Najlepsz\u0105 baz\u0105 dla sk\u00f3ry t\u0142ustej jest linia&nbsp;<a href=\"https:\/\/e-naturalne.pl\/pl\/c\/Oily-Skin-cera-tlusta\/890\">Oily Skin<\/a>, sk\u0142adaj\u0105ca si\u0119 z \u0142atwo wch\u0142anialnych i lekkich kosmetyk\u00f3w, takich jak serum czy booster.<\/strong>&nbsp;To \u015bwietna podstawa, kt\u00f3ra dostarczy kluczowych sk\u0142adnik\u00f3w aktywnych. Zawarte w nich zwi\u0105zki, m.in.&nbsp;<a href=\"https:\/\/e-naturalne.pl\/pl\/p\/Kwas-szikimowy\/2016\">kwas szikimowy<\/a>,&nbsp;<a href=\"https:\/\/e-naturalne.pl\/pl\/p\/Azeloglicyna\/1612\">azeloglicyna<\/a>, czy te\u017c ekstrakty ro\u015blinne wraz z olejem tamanu ureguluj\u0105 wydzielanie sebum, od\u015bwie\u017caj\u0105 oraz poprawiaj\u0105 wygl\u0105d por\u00f3w.<\/p>\n\n\n\n<div class=\"wp-block-columns\">\n<div class=\"wp-block-column\">\n<div class=\"wp-block-image\"><figure class=\"alignright size-large is-resized\"><a href=\"https:\/\/lynia.pl\/produkt\/booster-dla-cery-tlustej-tradzikowej-z-kwasem-szikimowym-oily-skin\/\"><img loading=\"lazy\" src=\"https:\/\/e-naturalne.home.pl\/autoinstalator\/wordpressplugins1\/wp-content\/uploads\/2022\/03\/zdjecie-lynia-booster-oily-skin-cera-tlusta-632x1024.jpg\" alt=\"\" class=\"wp-image-2711\" width=\"207\" height=\"336\" srcset=\"https:\/\/www.skarbieclynia.pl\/wp-content\/uploads\/2022\/03\/zdjecie-lynia-booster-oily-skin-cera-tlusta-632x1024.jpg 632w, https:\/\/www.skarbieclynia.pl\/wp-content\/uploads\/2022\/03\/zdjecie-lynia-booster-oily-skin-cera-tlusta-185x300.jpg 185w, https:\/\/www.skarbieclynia.pl\/wp-content\/uploads\/2022\/03\/zdjecie-lynia-booster-oily-skin-cera-tlusta-768x1243.jpg 768w, https:\/\/www.skarbieclynia.pl\/wp-content\/uploads\/2022\/03\/zdjecie-lynia-booster-oily-skin-cera-tlusta-949x1536.jpg 949w, https:\/\/www.skarbieclynia.pl\/wp-content\/uploads\/2022\/03\/zdjecie-lynia-booster-oily-skin-cera-tlusta-480x777.jpg 480w, https:\/\/www.skarbieclynia.pl\/wp-content\/uploads\/2022\/03\/zdjecie-lynia-booster-oily-skin-cera-tlusta.jpg 1000w\" sizes=\"(max-width: 207px) 100vw, 207px\" \/><\/a><\/figure><\/div>\n<\/div>\n\n\n\n<div class=\"wp-block-column\">\n<figure class=\"wp-block-image size-large is-resized\"><a href=\"https:\/\/lynia.pl\/produkt\/serum-dla-cery-tlustej-tradzikowej-z-kwasem-szikimowym-oily-skin\/\"><img loading=\"lazy\" src=\"https:\/\/e-naturalne.home.pl\/autoinstalator\/wordpressplugins1\/wp-content\/uploads\/2022\/03\/zdjecie-lynia-serum-oily-skin-dla-cery-tlustej-634x1024.jpg\" alt=\"\" class=\"wp-image-2714\" width=\"209\" height=\"337\" srcset=\"https:\/\/www.skarbieclynia.pl\/wp-content\/uploads\/2022\/03\/zdjecie-lynia-serum-oily-skin-dla-cery-tlustej-634x1024.jpg 634w, https:\/\/www.skarbieclynia.pl\/wp-content\/uploads\/2022\/03\/zdjecie-lynia-serum-oily-skin-dla-cery-tlustej-186x300.jpg 186w, https:\/\/www.skarbieclynia.pl\/wp-content\/uploads\/2022\/03\/zdjecie-lynia-serum-oily-skin-dla-cery-tlustej-768x1240.jpg 768w, https:\/\/www.skarbieclynia.pl\/wp-content\/uploads\/2022\/03\/zdjecie-lynia-serum-oily-skin-dla-cery-tlustej-952x1536.jpg 952w, https:\/\/www.skarbieclynia.pl\/wp-content\/uploads\/2022\/03\/zdjecie-lynia-serum-oily-skin-dla-cery-tlustej-480x775.jpg 480w, https:\/\/www.skarbieclynia.pl\/wp-content\/uploads\/2022\/03\/zdjecie-lynia-serum-oily-skin-dla-cery-tlustej.jpg 1000w\" sizes=\"(max-width: 209px) 100vw, 209px\" \/><\/a><\/figure>\n<\/div>\n<\/div>\n\n\n\n<p>W celu utrzymania odpowiedniego nawil\u017cenia przyda si\u0119 te\u017c pozycja nawadniaj\u0105ca, kt\u00f3ra cechuje si\u0119 delikatnym sk\u0142adem, szybkim wch\u0142anianiem i \u0142atwo\u015bci\u0105 \u0142\u0105czenia z innymi warstwami piel\u0119gnacji.&nbsp;<strong>Dobrze, aby kosmetyk oparty by\u0142 na cukrach lub lekkich lipidach&nbsp;<\/strong>\u2014 tu doskonale sprawdzi si\u0119&nbsp;<strong>serum Snail<\/strong>&nbsp;(ze \u015bluzem \u015blimaka), a tak\u017ce&nbsp;<strong>booster z linii Multi Hydration<\/strong>.<\/p>\n\n\n\n<div class=\"wp-block-columns\">\n<div class=\"wp-block-column\">\n<div class=\"wp-block-image\"><figure class=\"alignright size-large is-resized\"><a href=\"https:\/\/lynia.pl\/produkt\/serum-ze-sluzem-slimaka\/\"><img loading=\"lazy\" src=\"https:\/\/e-naturalne.home.pl\/autoinstalator\/wordpressplugins1\/wp-content\/uploads\/2022\/03\/zdjecie-lynia-serum-snail-slimak-634x1024.jpg\" alt=\"\" class=\"wp-image-2722\" width=\"206\" height=\"332\" srcset=\"https:\/\/www.skarbieclynia.pl\/wp-content\/uploads\/2022\/03\/zdjecie-lynia-serum-snail-slimak-634x1024.jpg 634w, https:\/\/www.skarbieclynia.pl\/wp-content\/uploads\/2022\/03\/zdjecie-lynia-serum-snail-slimak-186x300.jpg 186w, https:\/\/www.skarbieclynia.pl\/wp-content\/uploads\/2022\/03\/zdjecie-lynia-serum-snail-slimak-768x1240.jpg 768w, https:\/\/www.skarbieclynia.pl\/wp-content\/uploads\/2022\/03\/zdjecie-lynia-serum-snail-slimak-952x1536.jpg 952w, https:\/\/www.skarbieclynia.pl\/wp-content\/uploads\/2022\/03\/zdjecie-lynia-serum-snail-slimak-480x775.jpg 480w, https:\/\/www.skarbieclynia.pl\/wp-content\/uploads\/2022\/03\/zdjecie-lynia-serum-snail-slimak.jpg 1000w\" sizes=\"(max-width: 206px) 100vw, 206px\" \/><\/a><\/figure><\/div>\n<\/div>\n\n\n\n<div class=\"wp-block-column\">\n<div class=\"wp-block-image\"><figure class=\"alignleft size-large is-resized\"><a href=\"https:\/\/lynia.pl\/produkt\/multi-hydration-face-booster-booster-nawilzajacy\/\"><img loading=\"lazy\" src=\"https:\/\/e-naturalne.home.pl\/autoinstalator\/wordpressplugins1\/wp-content\/uploads\/2022\/03\/zdjecie-lynia-booster-multi-hydration-nawilzajacy-1-683x1024.jpg\" alt=\"\" class=\"wp-image-2725\" width=\"223\" height=\"333\" srcset=\"https:\/\/www.skarbieclynia.pl\/wp-content\/uploads\/2022\/03\/zdjecie-lynia-booster-multi-hydration-nawilzajacy-1-683x1024.jpg 683w, https:\/\/www.skarbieclynia.pl\/wp-content\/uploads\/2022\/03\/zdjecie-lynia-booster-multi-hydration-nawilzajacy-1-200x300.jpg 200w\" sizes=\"(max-width: 223px) 100vw, 223px\" \/><\/a><\/figure><\/div>\n<\/div>\n<\/div>\n\n\n\n<h2><strong>Nie zapomnij o delikatnym myciu oraz codziennym demakija\u017cu&nbsp;<\/strong><\/h2>\n\n\n\n<p>To krok niezb\u0119dny, nawet je\u015bli si\u0119 nie malujesz, ale stosujesz ochron\u0119 przed UV. Doskona\u0142ym rozwi\u0105zaniem mo\u017ce si\u0119 okaza\u0107&nbsp;<strong>olejek hydrofilowy<\/strong>&nbsp;lub nawil\u017caj\u0105ca&nbsp;<strong>pianka myj\u0105ca<\/strong>&nbsp;z naturaln\u0105 betain\u0105 i wod\u0105 r\u00f3\u017can\u0105.<\/p>\n\n\n\n<div class=\"wp-block-columns\">\n<div class=\"wp-block-column\">\n<div class=\"wp-block-image\"><figure class=\"alignright size-large is-resized\"><a href=\"https:\/\/lynia.pl\/produkt\/https-e-naturalne-pl-pl-p-olejek-hydrofilowy-2160\/\"><img loading=\"lazy\" src=\"https:\/\/e-naturalne.home.pl\/autoinstalator\/wordpressplugins1\/wp-content\/uploads\/2022\/03\/zdjecie-lynia-olejek-hydrofilowy-683x1024.jpg\" alt=\"\" class=\"wp-image-2728\" width=\"209\" height=\"312\" srcset=\"https:\/\/www.skarbieclynia.pl\/wp-content\/uploads\/2022\/03\/zdjecie-lynia-olejek-hydrofilowy-683x1024.jpg 683w, https:\/\/www.skarbieclynia.pl\/wp-content\/uploads\/2022\/03\/zdjecie-lynia-olejek-hydrofilowy-200x300.jpg 200w\" sizes=\"(max-width: 209px) 100vw, 209px\" \/><\/a><\/figure><\/div>\n<\/div>\n\n\n\n<div class=\"wp-block-column\">\n<figure class=\"wp-block-image size-large is-resized\"><a href=\"https:\/\/lynia.pl\/produkt\/nawilzajaca-pianka-myjaca-z-naturalna-betaina-i-woda-rozana\/\"><img loading=\"lazy\" src=\"https:\/\/e-naturalne.home.pl\/autoinstalator\/wordpressplugins1\/wp-content\/uploads\/2022\/03\/zdjecie-lynia-pianka-do-mycia-twarzy-nawilzajaca-683x1024.jpg\" alt=\"\" class=\"wp-image-2731\" width=\"229\" height=\"342\" srcset=\"https:\/\/www.skarbieclynia.pl\/wp-content\/uploads\/2022\/03\/zdjecie-lynia-pianka-do-mycia-twarzy-nawilzajaca-683x1024.jpg 683w, https:\/\/www.skarbieclynia.pl\/wp-content\/uploads\/2022\/03\/zdjecie-lynia-pianka-do-mycia-twarzy-nawilzajaca-200x300.jpg 200w\" sizes=\"(max-width: 229px) 100vw, 229px\" \/><\/a><\/figure>\n<\/div>\n<\/div>\n\n\n\n<p><strong>Je\u015bli nie tolerujesz olejku hydrolfilowego, alternatyw\u0105 jest subtelny p\u0142yn micelarny na bazie wody r\u00f3\u017canej.&nbsp;<\/strong>Aby wprowadzi\u0107 do piel\u0119gnacji element SPA, skorzystaj z wersji w postaci rewitalizuj\u0105cej&nbsp;<strong>maski algowej peel-off<\/strong>&nbsp;z jagod\u0105, morw\u0105 bia\u0142\u0105, czarn\u0105 porzeczk\u0105 i owocem acai.<\/p>\n\n\n\n<div class=\"wp-block-columns\">\n<div class=\"wp-block-column\">\n<div class=\"wp-block-image\"><figure class=\"alignright size-large is-resized\"><a href=\"https:\/\/lynia.pl\/produkt\/plyn-micelarny-z-woda-rozan\/\"><img loading=\"lazy\" src=\"https:\/\/e-naturalne.home.pl\/autoinstalator\/wordpressplugins1\/wp-content\/uploads\/2022\/03\/zdjecie-lynia-plyn-micelarny-z-woda-rozana-649x1024.jpg\" alt=\"\" class=\"wp-image-2734\" width=\"225\" height=\"354\" srcset=\"https:\/\/www.skarbieclynia.pl\/wp-content\/uploads\/2022\/03\/zdjecie-lynia-plyn-micelarny-z-woda-rozana-649x1024.jpg 649w, https:\/\/www.skarbieclynia.pl\/wp-content\/uploads\/2022\/03\/zdjecie-lynia-plyn-micelarny-z-woda-rozana-190x300.jpg 190w, https:\/\/www.skarbieclynia.pl\/wp-content\/uploads\/2022\/03\/zdjecie-lynia-plyn-micelarny-z-woda-rozana-768x1211.jpg 768w, https:\/\/www.skarbieclynia.pl\/wp-content\/uploads\/2022\/03\/zdjecie-lynia-plyn-micelarny-z-woda-rozana-974x1536.jpg 974w, https:\/\/www.skarbieclynia.pl\/wp-content\/uploads\/2022\/03\/zdjecie-lynia-plyn-micelarny-z-woda-rozana-480x757.jpg 480w, https:\/\/www.skarbieclynia.pl\/wp-content\/uploads\/2022\/03\/zdjecie-lynia-plyn-micelarny-z-woda-rozana.jpg 1000w\" sizes=\"(max-width: 225px) 100vw, 225px\" \/><\/a><\/figure><\/div>\n<\/div>\n\n\n\n<div class=\"wp-block-column\">\n<figure class=\"wp-block-image size-large is-resized\"><a href=\"https:\/\/lynia.pl\/produkt\/rewitalizujaca-maska-algowa-peel-off-jagoda-morwa-biala-czarna-porzeczka-owoce-acai\/\"><img loading=\"lazy\" src=\"https:\/\/e-naturalne.home.pl\/autoinstalator\/wordpressplugins1\/wp-content\/uploads\/2022\/03\/Lynia-masks-11-819x1024.jpg\" alt=\"\" class=\"wp-image-2737\" width=\"290\" height=\"362\" srcset=\"https:\/\/www.skarbieclynia.pl\/wp-content\/uploads\/2022\/03\/Lynia-masks-11-819x1024.jpg 819w, https:\/\/www.skarbieclynia.pl\/wp-content\/uploads\/2022\/03\/Lynia-masks-11-240x300.jpg 240w, https:\/\/www.skarbieclynia.pl\/wp-content\/uploads\/2022\/03\/Lynia-masks-11-768x960.jpg 768w, https:\/\/www.skarbieclynia.pl\/wp-content\/uploads\/2022\/03\/Lynia-masks-11-480x600.jpg 480w, https:\/\/www.skarbieclynia.pl\/wp-content\/uploads\/2022\/03\/Lynia-masks-11.jpg 1169w\" sizes=\"(max-width: 290px) 100vw, 290px\" \/><\/a><\/figure>\n<\/div>\n<\/div>\n\n\n\n<p>Chc\u0105c nawil\u017cy\u0107 sk\u00f3r\u0119, ale bez dodatkowego jej obci\u0105\u017cenia,&nbsp;<strong>wybieraj lekkie kosmetyki na bazie wody oraz stw\u00f3rz \u201etonikow\u0105\u201d warstw\u0119 pod serum czy booster<\/strong>. Tu przyda si\u0119&nbsp;<strong>mgie\u0142ka z linii Snail<\/strong>&nbsp;bogata w mikroelementy (cynk), wp\u0142ywaj\u0105c\u0105 pozytywnie na lekkie stany zapalne sk\u00f3ry. Dzi\u0119ki niej osi\u0105gniesz efekt od\u015bwie\u017conej cery. Alternatyw\u0105 dla niej jest&nbsp;<strong>nawil\u017caj\u0105cy tonik \u017celowy<\/strong>&nbsp;z mocznikiem, NMF oraz prawo\u015blazem \u2014 to wariant dzia\u0142aj\u0105cy intensywniej, dlatego jest szczeg\u00f3lnie polecany na noc.<\/p>\n\n\n\n<div class=\"wp-block-columns\">\n<div class=\"wp-block-column\">\n<div class=\"wp-block-image\"><figure class=\"alignright size-large is-resized\"><a href=\"https:\/\/lynia.pl\/produkt\/mineralizujaca-mgielka-ze-slimakiem\/\"><img loading=\"lazy\" src=\"https:\/\/e-naturalne.home.pl\/autoinstalator\/wordpressplugins1\/wp-content\/uploads\/2022\/03\/zdjecie-lynia-mgielka-snail-slimak-603x1024.jpg\" alt=\"\" class=\"wp-image-2740\" width=\"254\" height=\"431\" srcset=\"https:\/\/www.skarbieclynia.pl\/wp-content\/uploads\/2022\/03\/zdjecie-lynia-mgielka-snail-slimak-603x1024.jpg 603w, https:\/\/www.skarbieclynia.pl\/wp-content\/uploads\/2022\/03\/zdjecie-lynia-mgielka-snail-slimak-177x300.jpg 177w, https:\/\/www.skarbieclynia.pl\/wp-content\/uploads\/2022\/03\/zdjecie-lynia-mgielka-snail-slimak-768x1303.jpg 768w, https:\/\/www.skarbieclynia.pl\/wp-content\/uploads\/2022\/03\/zdjecie-lynia-mgielka-snail-slimak-905x1536.jpg 905w, https:\/\/www.skarbieclynia.pl\/wp-content\/uploads\/2022\/03\/zdjecie-lynia-mgielka-snail-slimak-480x815.jpg 480w, https:\/\/www.skarbieclynia.pl\/wp-content\/uploads\/2022\/03\/zdjecie-lynia-mgielka-snail-slimak.jpg 1000w\" sizes=\"(max-width: 254px) 100vw, 254px\" \/><\/a><\/figure><\/div>\n<\/div>\n\n\n\n<div class=\"wp-block-column\">\n<figure class=\"wp-block-image size-large is-resized\"><a href=\"https:\/\/lynia.pl\/produkt\/tonik-zelowy-nawilzajacy-z-mocznikiem-nmf-oraz-prawoslazem\/\"><img loading=\"lazy\" src=\"https:\/\/e-naturalne.home.pl\/autoinstalator\/wordpressplugins1\/wp-content\/uploads\/2022\/03\/zdjecie-lynia-tonik-zelowy-nawilzajacy-683x1024.jpg\" alt=\"\" class=\"wp-image-2743\" width=\"291\" height=\"436\" srcset=\"https:\/\/www.skarbieclynia.pl\/wp-content\/uploads\/2022\/03\/zdjecie-lynia-tonik-zelowy-nawilzajacy-683x1024.jpg 683w, https:\/\/www.skarbieclynia.pl\/wp-content\/uploads\/2022\/03\/zdjecie-lynia-tonik-zelowy-nawilzajacy-200x300.jpg 200w, https:\/\/www.skarbieclynia.pl\/wp-content\/uploads\/2022\/03\/zdjecie-lynia-tonik-zelowy-nawilzajacy-768x1152.jpg 768w, https:\/\/www.skarbieclynia.pl\/wp-content\/uploads\/2022\/03\/zdjecie-lynia-tonik-zelowy-nawilzajacy-480x720.jpg 480w, https:\/\/www.skarbieclynia.pl\/wp-content\/uploads\/2022\/03\/zdjecie-lynia-tonik-zelowy-nawilzajacy.jpg 1000w\" sizes=\"(max-width: 291px) 100vw, 291px\" \/><\/a><\/figure>\n<\/div>\n<\/div>\n\n\n\n<p>Zim\u0105 i jesieni\u0105, jako zako\u0144czenie wieczornej piel\u0119gnacji, a tak\u017ce w formie doskona\u0142ej ochrony na dzie\u0144, warto stosowa\u0107&nbsp;<strong>krem z migda\u0142em, algami, zielon\u0105 herbat\u0105 oraz prawo\u015blazem<\/strong>. Dodatkowo na\u0142\u00f3\u017c te\u017c&nbsp;<strong>Multi Hydration Eye Cream<\/strong>&nbsp;\u2014 krem pod oczy z ekstraktem z Tary i kwasem hialuronowym.<\/p>\n\n\n\n<div class=\"wp-block-columns\">\n<div class=\"wp-block-column\">\n<div class=\"wp-block-image\"><figure class=\"alignright size-large is-resized\"><a href=\"https:\/\/lynia.pl\/produkt\/multi-hydration-eye-cream-nawilzajacy-krem-pod-oczy\/\"><img loading=\"lazy\" src=\"https:\/\/e-naturalne.home.pl\/autoinstalator\/wordpressplugins1\/wp-content\/uploads\/2022\/03\/zdjecie-lynia-krem-pod-oczy-multi-hydration-eye-cream-614x1024.jpg\" alt=\"\" class=\"wp-image-2746\" width=\"226\" height=\"375\"\/><\/a><\/figure><\/div>\n<\/div>\n\n\n\n<div class=\"wp-block-column\">\n<figure class=\"wp-block-image size-large is-resized\"><a href=\"https:\/\/lynia.pl\/produkt\/krem-nawilzajacy-z-migdalem-algami-zielona-herbata-oraz-prawoslazem\/\"><img loading=\"lazy\" src=\"https:\/\/e-naturalne.home.pl\/autoinstalator\/wordpressplugins1\/wp-content\/uploads\/2022\/03\/zdjecie-lynia-krem-nawilzajacy-z-algami-prawoslazem-652x1024.jpg\" alt=\"\" class=\"wp-image-2749\" width=\"249\" height=\"390\" srcset=\"https:\/\/www.skarbieclynia.pl\/wp-content\/uploads\/2022\/03\/zdjecie-lynia-krem-nawilzajacy-z-algami-prawoslazem-652x1024.jpg 652w, https:\/\/www.skarbieclynia.pl\/wp-content\/uploads\/2022\/03\/zdjecie-lynia-krem-nawilzajacy-z-algami-prawoslazem-191x300.jpg 191w, https:\/\/www.skarbieclynia.pl\/wp-content\/uploads\/2022\/03\/zdjecie-lynia-krem-nawilzajacy-z-algami-prawoslazem-768x1207.jpg 768w, https:\/\/www.skarbieclynia.pl\/wp-content\/uploads\/2022\/03\/zdjecie-lynia-krem-nawilzajacy-z-algami-prawoslazem-978x1536.jpg 978w, https:\/\/www.skarbieclynia.pl\/wp-content\/uploads\/2022\/03\/zdjecie-lynia-krem-nawilzajacy-z-algami-prawoslazem-480x754.jpg 480w, https:\/\/www.skarbieclynia.pl\/wp-content\/uploads\/2022\/03\/zdjecie-lynia-krem-nawilzajacy-z-algami-prawoslazem.jpg 1000w\" sizes=\"(max-width: 249px) 100vw, 249px\" \/><\/a><\/figure>\n<\/div>\n<\/div>\n\n\n\n<p>Rozszerzaj\u0105c podstawow\u0105 piel\u0119gnacj\u0119, si\u0119gnij po co\u015b z\u0142uszczaj\u0105cego (w formie zabiegu kwasowego) i&nbsp;<strong><a href=\"https:\/\/lynia.pl\/produkt\/peeling-aha-30\/\">peeling AHA 30%<\/a><\/strong>. Sprawdzi si\u0119 te\u017c&nbsp;<strong><a href=\"https:\/\/lynia.pl\/produkt\/maska-z-kwasem-salicylowym-2\/\">maseczka koryguj\u0105ca pory<\/a><\/strong>, o kremowej, koj\u0105cej bazie z 2% kwasem salicylowym.&nbsp;<\/p>\n\n\n\n<h2><strong>Co jeszcze mo\u017cna zrobi\u0107 dla t\u0142ustej sk\u00f3ry?<\/strong><\/h2>\n\n\n\n<p><strong>Wykraczaj\u0105c poza same kosmetyki czy zabiegi upi\u0119kszaj\u0105ce, warto utrzymywa\u0107 w diecie du\u017ce ilo\u015bci kwas\u00f3w omega-3, 6 oraz 9.&nbsp;<\/strong>Sprawdzi si\u0119 zar\u00f3wno suplementacja kapsu\u0142kami wed\u0142ug zalece\u0144 lekarza, jak i surowy, t\u0142oczony na zimno olej z wiesio\u0142ka, czy te\u017c olej lniany. W przypadku uporczywego \u0142ojotoku, zalecamy jednak om\u00f3wi\u0107 ze specjalist\u0105 kuracj\u0119 zio\u0142ami ograniczaj\u0105cymi produkcj\u0119 sebum \u2014 mowa tu przede wszystkim o wierzbownicy drobnokwiatowej lub palmie saba\u0142owej.<\/p>\n","protected":false},"excerpt":{"rendered":"<p>Jak wspominali\u015bmy w cz.I \u2013 najwi\u0119kszym wyzwaniem dotycz\u0105cym piel\u0119gnacji sk\u00f3ry t\u0142ustej jest znalezienie balansu pomi\u0119dzy ochron\u0105, warto\u015bciowym nawil\u017ceniem a ograniczeniem \u0142ojotoku.&nbsp;Z niczym nie wolno jednak przesadzi\u0107, bo mo\u017cna osi\u0105gn\u0105\u0107 przeciwny efekt! Dla przyk\u0142adu: zbyt intensywne przesuszanie mo\u017ce dodatkowo zwi\u0119kszy\u0107 produkcj\u0119 \u0142oju przez gruczo\u0142y. Istotne jest te\u017c zw\u0119\u017cenie optyczne por\u00f3w oraz oczyszczenie ich z nadmiaru utlenionej tre\u015bci.&nbsp; Przyk\u0142adowy schemat piel\u0119gnacji t\u0142ustej cery Poranek, w nast\u0119puj\u0105cej kolejno\u015bci: &#8211; umyj twarz&nbsp;piank\u0105 myj\u0105c\u0105, &#8211; nast\u0119pnie wykorzystaj&nbsp;tonik \u017celowy&nbsp;lub&nbsp;mgie\u0142k\u0119, kt\u00f3re dog\u0142\u0119bnie oczyszcz\u0105 sk\u00f3r\u0119, &#8211; na\u0142\u00f3\u017c&nbsp;serum&nbsp;albo&nbsp;booster&nbsp;(w zale\u017cno\u015bci od potrzeb) \u2013 u\u017cyj kremu z filtrem oraz kremu pod oczy. Wiecz\u00f3r, w nast\u0119puj\u0105cej kolejno\u015bci: &#8211; wykorzystaj&nbsp;olejek do demakija\u017cu&nbsp;lub&nbsp;p\u0142yn micelarny,<\/p>\n","protected":false},"author":5,"featured_media":2684,"comment_status":"closed","ping_status":"open","sticky":false,"template":"","format":"standard","meta":[],"categories":[16],"tags":[78,87,88,85,86,82,90,79,83],"acf":[],"yoast_head":"<!-- This site is optimized with the Yoast SEO plugin v17.9 - https:\/\/yoast.com\/wordpress\/plugins\/seo\/ -->\n<title>Skarbiec<\/title>\n<meta name=\"description\" content=\"Cera t\u0142usta wymaga balansu pomi\u0119dzy ochron\u0105, warto\u015bciowym nawil\u017ceniem a ograniczeniem \u0142ojotoku. Podpowiemy jakich kosmetyk\u00f3w potrzebujesz.\" \/>\n<meta name=\"robots\" content=\"index, follow, max-snippet:-1, max-image-preview:large, max-video-preview:-1\" \/>\n<link rel=\"canonical\" href=\"https:\/\/www.skarbieclynia.pl\/index.php\/2015\/09\/03\/cera-tlusta\/\" \/>\n<meta property=\"og:locale\" content=\"pl_PL\" \/>\n<meta property=\"og:type\" content=\"article\" \/>\n<meta property=\"og:title\" content=\"Cera t\u0142usta \u2013 bez tajemnic cz.II - Skarbiec\" \/>\n<meta property=\"og:description\" content=\"Cera t\u0142usta wymaga balansu pomi\u0119dzy ochron\u0105, warto\u015bciowym nawil\u017ceniem a ograniczeniem \u0142ojotoku. Podpowiemy jakich kosmetyk\u00f3w potrzebujesz.\" \/>\n<meta property=\"og:url\" content=\"https:\/\/www.skarbieclynia.pl\/index.php\/2015\/09\/03\/cera-tlusta\/\" \/>\n<meta property=\"og:site_name\" content=\"Skarbiec\" \/>\n<meta property=\"article:published_time\" content=\"2015-09-03T00:00:00+00:00\" \/>\n<meta property=\"article:modified_time\" content=\"2022-03-16T10:02:14+00:00\" \/>\n<meta property=\"og:image\" content=\"https:\/\/www.skarbieclynia.pl\/wp-content\/uploads\/2022\/03\/pexels-angela-roma-7479963-scaled.jpg\" \/>\n\t<meta property=\"og:image:width\" content=\"1707\" \/>\n\t<meta property=\"og:image:height\" content=\"2560\" \/>\n\t<meta property=\"og:image:type\" content=\"image\/jpeg\" \/>\n<meta name=\"twitter:card\" content=\"summary_large_image\" \/>\n<meta name=\"twitter:label1\" content=\"Napisane przez\" \/>\n\t<meta name=\"twitter:data1\" content=\"Agata Dobrzycka\" \/>\n\t<meta name=\"twitter:label2\" content=\"Szacowany czas czytania\" \/>\n\t<meta name=\"twitter:data2\" content=\"7 minut\" \/>\n<script type=\"application\/ld+json\" class=\"yoast-schema-graph\">{\"@context\":\"https:\/\/schema.org\",\"@graph\":[{\"@type\":\"WebSite\",\"@id\":\"https:\/\/www.skarbieclynia.pl\/#website\",\"url\":\"https:\/\/www.skarbieclynia.pl\/\",\"name\":\"Skarbiec\",\"description\":\"LYNIA\",\"potentialAction\":[{\"@type\":\"SearchAction\",\"target\":{\"@type\":\"EntryPoint\",\"urlTemplate\":\"https:\/\/www.skarbieclynia.pl\/?s={search_term_string}\"},\"query-input\":\"required name=search_term_string\"}],\"inLanguage\":\"pl-PL\"},{\"@type\":\"ImageObject\",\"@id\":\"https:\/\/www.skarbieclynia.pl\/index.php\/2015\/09\/03\/cera-tlusta\/#primaryimage\",\"inLanguage\":\"pl-PL\",\"url\":\"https:\/\/www.skarbieclynia.pl\/wp-content\/uploads\/2022\/03\/pexels-angela-roma-7479963-scaled.jpg\",\"contentUrl\":\"https:\/\/www.skarbieclynia.pl\/wp-content\/uploads\/2022\/03\/pexels-angela-roma-7479963-scaled.jpg\",\"width\":1707,\"height\":2560,\"caption\":\"cera-tlusta.jpg\"},{\"@type\":\"WebPage\",\"@id\":\"https:\/\/www.skarbieclynia.pl\/index.php\/2015\/09\/03\/cera-tlusta\/#webpage\",\"url\":\"https:\/\/www.skarbieclynia.pl\/index.php\/2015\/09\/03\/cera-tlusta\/\",\"name\":\"Cera t\\u0142usta \\u2013 bez tajemnic cz.II - Skarbiec\",\"isPartOf\":{\"@id\":\"https:\/\/www.skarbieclynia.pl\/#website\"},\"primaryImageOfPage\":{\"@id\":\"https:\/\/www.skarbieclynia.pl\/index.php\/2015\/09\/03\/cera-tlusta\/#primaryimage\"},\"datePublished\":\"2015-09-03T00:00:00+00:00\",\"dateModified\":\"2022-03-16T10:02:14+00:00\",\"author\":{\"@id\":\"https:\/\/www.skarbieclynia.pl\/#\/schema\/person\/0c1074c6b7a0e693c3ae945afb1b6325\"},\"description\":\"Cera t\\u0142usta wymaga balansu pomi\\u0119dzy ochron\\u0105, warto\\u015bciowym nawil\\u017ceniem a ograniczeniem \\u0142ojotoku. Podpowiemy jakich kosmetyk\\u00f3w potrzebujesz.\",\"breadcrumb\":{\"@id\":\"https:\/\/www.skarbieclynia.pl\/index.php\/2015\/09\/03\/cera-tlusta\/#breadcrumb\"},\"inLanguage\":\"pl-PL\",\"potentialAction\":[{\"@type\":\"ReadAction\",\"target\":[\"https:\/\/www.skarbieclynia.pl\/index.php\/2015\/09\/03\/cera-tlusta\/\"]}]},{\"@type\":\"BreadcrumbList\",\"@id\":\"https:\/\/www.skarbieclynia.pl\/index.php\/2015\/09\/03\/cera-tlusta\/#breadcrumb\",\"itemListElement\":[{\"@type\":\"ListItem\",\"position\":1,\"name\":\"Strona g\\u0142\\u00f3wna\",\"item\":\"https:\/\/www.skarbieclynia.pl\/\"},{\"@type\":\"ListItem\",\"position\":2,\"name\":\"Cera t\\u0142usta \\u2013 bez tajemnic cz.II\"}]},{\"@type\":\"Person\",\"@id\":\"https:\/\/www.skarbieclynia.pl\/#\/schema\/person\/0c1074c6b7a0e693c3ae945afb1b6325\",\"name\":\"Agata Dobrzycka\",\"image\":{\"@type\":\"ImageObject\",\"@id\":\"https:\/\/www.skarbieclynia.pl\/#personlogo\",\"inLanguage\":\"pl-PL\",\"url\":\"https:\/\/secure.gravatar.com\/avatar\/416f82305c48a2816b33191c1e28876d?s=96&d=mm&r=g\",\"contentUrl\":\"https:\/\/secure.gravatar.com\/avatar\/416f82305c48a2816b33191c1e28876d?s=96&d=mm&r=g\",\"caption\":\"Agata Dobrzycka\"},\"url\":\"https:\/\/www.skarbieclynia.pl\/index.php\/author\/agata\/\"}]}<\/script>\n<!-- \/ Yoast SEO plugin. -->","yoast_head_json":{"title":"Skarbiec","description":"Cera t\u0142usta wymaga balansu pomi\u0119dzy ochron\u0105, warto\u015bciowym nawil\u017ceniem a ograniczeniem \u0142ojotoku. Podpowiemy jakich kosmetyk\u00f3w potrzebujesz.","robots":{"index":"index","follow":"follow","max-snippet":"max-snippet:-1","max-image-preview":"max-image-preview:large","max-video-preview":"max-video-preview:-1"},"canonical":"https:\/\/www.skarbieclynia.pl\/index.php\/2015\/09\/03\/cera-tlusta\/","og_locale":"pl_PL","og_type":"article","og_title":"Cera t\u0142usta \u2013 bez tajemnic cz.II - Skarbiec","og_description":"Cera t\u0142usta wymaga balansu pomi\u0119dzy ochron\u0105, warto\u015bciowym nawil\u017ceniem a ograniczeniem \u0142ojotoku. Podpowiemy jakich kosmetyk\u00f3w potrzebujesz.","og_url":"https:\/\/www.skarbieclynia.pl\/index.php\/2015\/09\/03\/cera-tlusta\/","og_site_name":"Skarbiec","article_published_time":"2015-09-03T00:00:00+00:00","article_modified_time":"2022-03-16T10:02:14+00:00","og_image":[{"width":1707,"height":2560,"url":"https:\/\/www.skarbieclynia.pl\/wp-content\/uploads\/2022\/03\/pexels-angela-roma-7479963-scaled.jpg","type":"image\/jpeg"}],"twitter_card":"summary_large_image","twitter_misc":{"Napisane przez":"Agata Dobrzycka","Szacowany czas czytania":"7 minut"},"schema":{"@context":"https:\/\/schema.org","@graph":[{"@type":"WebSite","@id":"https:\/\/www.skarbieclynia.pl\/#website","url":"https:\/\/www.skarbieclynia.pl\/","name":"Skarbiec","description":"LYNIA","potentialAction":[{"@type":"SearchAction","target":{"@type":"EntryPoint","urlTemplate":"https:\/\/www.skarbieclynia.pl\/?s={search_term_string}"},"query-input":"required name=search_term_string"}],"inLanguage":"pl-PL"},{"@type":"ImageObject","@id":"https:\/\/www.skarbieclynia.pl\/index.php\/2015\/09\/03\/cera-tlusta\/#primaryimage","inLanguage":"pl-PL","url":"https:\/\/www.skarbieclynia.pl\/wp-content\/uploads\/2022\/03\/pexels-angela-roma-7479963-scaled.jpg","contentUrl":"https:\/\/www.skarbieclynia.pl\/wp-content\/uploads\/2022\/03\/pexels-angela-roma-7479963-scaled.jpg","width":1707,"height":2560,"caption":"cera-tlusta.jpg"},{"@type":"WebPage","@id":"https:\/\/www.skarbieclynia.pl\/index.php\/2015\/09\/03\/cera-tlusta\/#webpage","url":"https:\/\/www.skarbieclynia.pl\/index.php\/2015\/09\/03\/cera-tlusta\/","name":"Cera t\u0142usta \u2013 bez tajemnic cz.II - Skarbiec","isPartOf":{"@id":"https:\/\/www.skarbieclynia.pl\/#website"},"primaryImageOfPage":{"@id":"https:\/\/www.skarbieclynia.pl\/index.php\/2015\/09\/03\/cera-tlusta\/#primaryimage"},"datePublished":"2015-09-03T00:00:00+00:00","dateModified":"2022-03-16T10:02:14+00:00","author":{"@id":"https:\/\/www.skarbieclynia.pl\/#\/schema\/person\/0c1074c6b7a0e693c3ae945afb1b6325"},"description":"Cera t\u0142usta wymaga balansu pomi\u0119dzy ochron\u0105, warto\u015bciowym nawil\u017ceniem a ograniczeniem \u0142ojotoku. Podpowiemy jakich kosmetyk\u00f3w potrzebujesz.","breadcrumb":{"@id":"https:\/\/www.skarbieclynia.pl\/index.php\/2015\/09\/03\/cera-tlusta\/#breadcrumb"},"inLanguage":"pl-PL","potentialAction":[{"@type":"ReadAction","target":["https:\/\/www.skarbieclynia.pl\/index.php\/2015\/09\/03\/cera-tlusta\/"]}]},{"@type":"BreadcrumbList","@id":"https:\/\/www.skarbieclynia.pl\/index.php\/2015\/09\/03\/cera-tlusta\/#breadcrumb","itemListElement":[{"@type":"ListItem","position":1,"name":"Strona g\u0142\u00f3wna","item":"https:\/\/www.skarbieclynia.pl\/"},{"@type":"ListItem","position":2,"name":"Cera t\u0142usta \u2013 bez tajemnic cz.II"}]},{"@type":"Person","@id":"https:\/\/www.skarbieclynia.pl\/#\/schema\/person\/0c1074c6b7a0e693c3ae945afb1b6325","name":"Agata Dobrzycka","image":{"@type":"ImageObject","@id":"https:\/\/www.skarbieclynia.pl\/#personlogo","inLanguage":"pl-PL","url":"https:\/\/secure.gravatar.com\/avatar\/416f82305c48a2816b33191c1e28876d?s=96&d=mm&r=g","contentUrl":"https:\/\/secure.gravatar.com\/avatar\/416f82305c48a2816b33191c1e28876d?s=96&d=mm&r=g","caption":"Agata Dobrzycka"},"url":"https:\/\/www.skarbieclynia.pl\/index.php\/author\/agata\/"}]}},"_links":{"self":[{"href":"https:\/\/www.skarbieclynia.pl\/index.php\/wp-json\/wp\/v2\/posts\/2234"}],"collection":[{"href":"https:\/\/www.skarbieclynia.pl\/index.php\/wp-json\/wp\/v2\/posts"}],"about":[{"href":"https:\/\/www.skarbieclynia.pl\/index.php\/wp-json\/wp\/v2\/types\/post"}],"author":[{"embeddable":true,"href":"https:\/\/www.skarbieclynia.pl\/index.php\/wp-json\/wp\/v2\/users\/5"}],"replies":[{"embeddable":true,"href":"https:\/\/www.skarbieclynia.pl\/index.php\/wp-json\/wp\/v2\/comments?post=2234"}],"version-history":[{"count":5,"href":"https:\/\/www.skarbieclynia.pl\/index.php\/wp-json\/wp\/v2\/posts\/2234\/revisions"}],"predecessor-version":[{"id":3216,"href":"https:\/\/www.skarbieclynia.pl\/index.php\/wp-json\/wp\/v2\/posts\/2234\/revisions\/3216"}],"wp:featuredmedia":[{"embeddable":true,"href":"https:\/\/www.skarbieclynia.pl\/index.php\/wp-json\/wp\/v2\/media\/2684"}],"wp:attachment":[{"href":"https:\/\/www.skarbieclynia.pl\/index.php\/wp-json\/wp\/v2\/media?parent=2234"}],"wp:term":[{"taxonomy":"category","embeddable":true,"href":"https:\/\/www.skarbieclynia.pl\/index.php\/wp-json\/wp\/v2\/categories?post=2234"},{"taxonomy":"post_tag","embeddable":true,"href":"https:\/\/www.skarbieclynia.pl\/index.php\/wp-json\/wp\/v2\/tags?post=2234"}],"curies":[{"name":"wp","href":"https:\/\/api.w.org\/{rel}","templated":true}]}}