{"id":18,"date":"2019-12-11T00:00:00","date_gmt":"2019-12-11T00:00:00","guid":{"rendered":"https:\/\/thefox.withemes.com\/pine\/2020\/10\/28\/ornatus-invenire-et-per-ex-nostrum-epicurei\/"},"modified":"2022-03-16T10:51:36","modified_gmt":"2022-03-16T09:51:36","slug":"kwas-szikimowy","status":"publish","type":"post","link":"https:\/\/www.skarbieclynia.pl\/index.php\/2019\/12\/11\/kwas-szikimowy\/","title":{"rendered":"Kwas szikimowy w kosmetyce \u2014 dzia\u0142anie i zastosowanie"},"content":{"rendered":"\n<p class=\"has-drop-cap\"><strong>Kwas szikimowy,<\/strong>&nbsp;po japo\u0144sku shikimi, oznacza&nbsp;<strong>any\u017c gwia\u017adzisty<\/strong>. Zastosowanie zwi\u0105zek ten znajduje przede wszystkim w kosmetologii i dermatologii \u2014 jest bowiem sk\u0142adnikiem wielu kosmetyk\u00f3w z uwagi na swoje drogocenne w\u0142a\u015bciwo\u015bci.&nbsp;<strong>Kwas szikimowy<\/strong>&nbsp;zalicza si\u0119 do grupy, jak\u0105 s\u0105&nbsp;<strong>kwasy AHA<\/strong>.<\/p>\n\n\n\n<p><strong>Kwas szikimowy<\/strong>&nbsp;wykazuje delikatne dzia\u0142anie z\u0142uszczaj\u0105ce, dzi\u0119ki czemu mo\u017ce by\u0107 stosowany w przypadku sk\u00f3ry wra\u017cliwej. Wykorzystuje si\u0119 go te\u017c w produkcji dezodorant\u00f3w&nbsp;<strong>anti-odor<\/strong>, poniewa\u017c doskonale neutralizuje nieprzyjemne zapachy. Przede wszystkim ma zastosowanie w produktach do cery&nbsp;<strong>tr\u0105dzikowej<\/strong>&nbsp;oraz sk\u0142onnej do niedoskona\u0142o\u015bci.<\/p>\n\n\n\n<div class=\"wp-block-image\"><figure class=\"alignright size-full is-resized\"><img loading=\"lazy\" src=\"http:\/\/e-naturalne.home.pl\/autoinstalator\/wordpressplugins1\/wp-content\/uploads\/2022\/02\/pexels-wendy-van-zyl-3159245-edited-1-scaled.jpg\" alt=\"kwas-szikimowy.jpg\" class=\"wp-image-2319\" width=\"398\" height=\"288\"\/><\/figure><\/div>\n\n\n\n<h2><strong>W\u0142a\u015bciwo\u015bci kwasu szikimowego<\/strong><\/h2>\n\n\n\n<p>Kwas szikimowy ma wiele w\u0142a\u015bciwo\u015bci poprawiaj\u0105cych wygl\u0105d sk\u00f3ry \u2014 m.in. usuwa&nbsp;<strong>nadmiar sebum<\/strong>&nbsp;i zmniejsza ilo\u015b\u0107 zask\u00f3rnik\u00f3w.&nbsp;<strong>Kosmetyki do sk\u00f3ry tr\u0105dzikowej<\/strong>, w kt\u00f3rych sk\u0142adzie znajduje si\u0119 shikimi, wp\u0142ywaj\u0105 na ograniczenie wyst\u0119powania nowych wyprysk\u00f3w, a tak\u017ce zmniejszenie blizn po dawnych stanach zapalnych.<\/p>\n\n\n\n<p>Opisywana substancja doskonale sprawdza si\u0119 r\u00f3wnie\u017c w przypadku sk\u00f3ry o niejednolitym kolorycie, kwas szikimowy przyspiesza bowiem&nbsp;<strong>rozja\u015bnianie przebarwie\u0144<\/strong>&nbsp;oraz wyr\u00f3wnuje barw\u0119 cery. W przypadku os\u00f3b, u kt\u00f3rych wskutek zaburze\u0144 hormonalnych wyst\u0119puje nadmierna potliwo\u015b\u0107, dezodoranty&nbsp;<strong>anti-odor<\/strong>&nbsp;z tym kwasem AHA mog\u0105 pom\u00f3c rozwi\u0105za\u0107 problem.<\/p>\n\n\n\n<div class=\"wp-block-image\"><figure class=\"alignleft size-large is-resized\"><a href=\"http:\/\/e-naturalne.home.pl\/autoinstalator\/wordpressplugins1\/wp-content\/uploads\/2019\/12\/pexels-charlotte-may-5947096-scaled.jpg\"><img loading=\"lazy\" src=\"http:\/\/e-naturalne.home.pl\/autoinstalator\/wordpressplugins1\/wp-content\/uploads\/2019\/12\/pexels-charlotte-may-5947096-682x1024.jpg\" alt=\"kwas-szikimowy.jpg\" class=\"wp-image-2309\" width=\"288\" height=\"430\"\/><\/a><\/figure><\/div>\n\n\n\n<h2><strong>Dzia\u0142anie kwasu szikimowego w kosmetykach<\/strong>&nbsp;<\/h2>\n\n\n\n<p>Z uwagi na szybkie efekty piel\u0119gnacji, wiele kosmetyk\u00f3w dost\u0119pnych na rynku ma w swoim sk\u0142adzie&nbsp;<strong>kwas szikimowy<\/strong>. Dzia\u0142anie tej substancji uzale\u017cnione jest od czynnik\u00f3w takich jak st\u0119\u017cenie w produkcie, cz\u0119stotliwo\u015b\u0107 stosowania i potrzeby sk\u00f3ry. Niezale\u017cnie od tego, g\u0142\u00f3wnymi zadaniami shikimi s\u0105 jednak&nbsp;<strong>z\u0142uszczanie nask\u00f3rka<\/strong>&nbsp;oraz zw\u0119\u017cenie gruczo\u0142\u00f3w \u0142ojowych, aby by\u0142y mniej widoczne. Po zastosowaniu kwasu nast\u0119puj\u0105 r\u00f3wnie\u017c oczyszczenie i&nbsp;<strong>regeneracja sk\u00f3ry<\/strong>.<\/p>\n\n\n\n<h2><strong>Kiedy stosowa\u0107 kwas szikimowy?<\/strong><\/h2>\n\n\n\n<p><strong>Zrogowacia\u0142a sk\u00f3ra<\/strong>&nbsp;i post\u0119puj\u0105ce zmarszczki \u2014 to dwa g\u0142\u00f3wne problemy sk\u00f3ry dojrza\u0142ej oraz suchej, z kt\u00f3rymi doskonale radzi sobie&nbsp;<strong>kwas szikimowy<\/strong>. Efekty widoczne s\u0105 ju\u017c po pierwszym zastosowaniu, jednak aby rezultat by\u0142 zadowalaj\u0105cy, zabiegi piel\u0119gnacyjne nale\u017cy wykonywa\u0107 regularnie.<\/p>\n\n\n\n<p>Kwas szikimowy ( shikimi ) warto wykorzystywa\u0107 r\u00f3wnie\u017c w przypadku wyst\u0119powania problem\u00f3w takich jak&nbsp;<strong>depigmentacja sk\u00f3ry<\/strong>&nbsp;czy zaczerwienienia po stanach zapalnych. Wyr\u00f3wnuje on bowiem koloryt i wyg\u0142adza. Zmniejsza te\u017c grubo\u015b\u0107 warstwy rogowej, a tak\u017ce wzmacnia oraz odbudowuje bariery. Dodatkowo jest sposobem na&nbsp;<strong>przebarwienia na sk\u00f3rze<\/strong>&nbsp;powsta\u0142e w wyniku zaburze\u0144 hormonalnych.<\/p>\n\n\n\n<h2><strong>U\u017cywanie kwasu szikimowego \u2013 przeciwskazania<\/strong><\/h2>\n\n\n\n<p>W niekt\u00f3rych przypadkach&nbsp;<strong>kwas szikimowy<\/strong>&nbsp;nie mo\u017ce by\u0107 stosowany. Zrezygnowa\u0107 z piel\u0119gnacji z wykorzystaniem tej substancji musz\u0105 kobiety w ci\u0105\u017cy i podczas laktacji. Opr\u00f3cz tego przeciwwskazaniem s\u0105&nbsp;<strong>infekcje bakteryjne<\/strong>, terapie antybiotykami, poparzenia s\u0142oneczne, a tak\u017ce leczenie wysokimi dawkami wit. A.&nbsp;<\/p>\n\n\n\n<p>Specjali\u015bci odradzaj\u0105 korzystanie z zabieg\u00f3w piel\u0119gnacyjnych shikimi, gdy pojawiaj\u0105 si\u0119 nawracaj\u0105ce&nbsp;<strong>infekcje wirusowe<\/strong>&nbsp;b\u0105d\u017a liczne znamiona na ciele.<\/p>\n\n\n\n<h2><strong>Dlaczego warto stosowa\u0107 preparaty z kwasem szikimowym?<\/strong><\/h2>\n\n\n\n<p>Preparaty z kwasem szikimowym wykazuj\u0105&nbsp;<strong>dzia\u0142anie przeciwbakteryjne<\/strong>, a zatem zapobiegaj\u0105 nawracaniu tr\u0105dziku i wyprysk\u00f3w. Dodatkowo shikimi to naturalny&nbsp;<strong>antyoksydant<\/strong>&nbsp;\u2014 sprawia, \u017ce gin\u0105 wolne rodniki, a zatem spowalnia proces starzenia si\u0119 organizmu.<\/p>\n\n\n\n<p><strong>Kwas szikimowy<\/strong>&nbsp;warto stosowa\u0107 r\u00f3wnie\u017c z uwagi na jego&nbsp;<strong>dzia\u0142anie przeciwzapalne<\/strong>, przeciwb\u00f3lowe oraz przeciw\u0142upie\u017cowe. To z uwagi na te trzy w\u0142a\u015bciwo\u015bci jest tak doskona\u0142ym rozwi\u0105zaniem na bolesny, rozleg\u0142y tr\u0105dzik i AZS. Shikimi \u2014 w st\u0119\u017ceniu odpowiednim dla danej sk\u00f3ry \u2014 nie powoduje te\u017c skutk\u00f3w ubocznych.<\/p>\n\n\n\n<h2><strong>Produkty kosmetyczne z kwasem szikimowym<\/strong><\/h2>\n\n\n\n<p>Na rynku coraz wi\u0119cej produkt\u00f3w naturalnych i syntetycznych ma w swoim sk\u0142adzie shikimi. Jak zatem w kosmetykach dzia\u0142a&nbsp;<strong>kwas szikimowy<\/strong>? Krem, dzi\u0119ki zawarto\u015bci tego sk\u0142adnika, ma za zadanie odm\u0142odzi\u0107 sk\u00f3r\u0119, z\u0142uszczy\u0107 j\u0105 oraz odpowiednio nawil\u017cy\u0107. Doskonale sprawdzi si\u0119 wi\u0119c w przypadku cery suchej, potrzebuj\u0105cej regeneracji.&nbsp;<\/p>\n\n\n\n<p>Je\u017celi chodzi o sk\u00f3r\u0119 tr\u0105dzikow\u0105 oraz t\u0142ust\u0105, warto postawi\u0107 na produkty z serii&nbsp;<a href=\"https:\/\/sklep889583.shoparena.pl\/%E2%80%9Dhttps:\/e-naturalne.pl\/pl\/c\/Oily-Skin-cera-tlusta\/890od%E2%80%9D\">Oily Skin<\/a>&nbsp;naszej marki&nbsp;<strong>Lynia<\/strong>, zawieraj\u0105 bowiem w swoim sk\u0142adzie wiele cennych substancji od\u017cywczych, kt\u00f3rych dzia\u0142anie dope\u0142nia&nbsp;<strong>kwas szikimowy<\/strong>. Serum, toniki i krem\u2014 zar\u00f3wno te kosmetyki, jak i wiele innych, mo\u017cna znale\u017a\u0107 w ofercie naszego sklepu.<\/p>\n\n\n\n<div class=\"wp-block-columns\">\n<div class=\"wp-block-column\">\n<figure class=\"wp-block-image size-large\"><a href=\"https:\/\/lynia.pl\/produkt\/booster-dla-cery-tlustej-tradzikowej-z-kwasem-szikimowym-oily-skin\/\"><img loading=\"lazy\" width=\"632\" height=\"1024\" src=\"https:\/\/e-naturalne.home.pl\/autoinstalator\/wordpressplugins1\/wp-content\/uploads\/2022\/03\/zdjecie-lynia-booster-oily-skin-cera-tlusta-2-632x1024.jpg\" alt=\"\" class=\"wp-image-2939\" srcset=\"https:\/\/www.skarbieclynia.pl\/wp-content\/uploads\/2022\/03\/zdjecie-lynia-booster-oily-skin-cera-tlusta-2-632x1024.jpg 632w, https:\/\/www.skarbieclynia.pl\/wp-content\/uploads\/2022\/03\/zdjecie-lynia-booster-oily-skin-cera-tlusta-2-185x300.jpg 185w, https:\/\/www.skarbieclynia.pl\/wp-content\/uploads\/2022\/03\/zdjecie-lynia-booster-oily-skin-cera-tlusta-2-768x1243.jpg 768w, https:\/\/www.skarbieclynia.pl\/wp-content\/uploads\/2022\/03\/zdjecie-lynia-booster-oily-skin-cera-tlusta-2-949x1536.jpg 949w, https:\/\/www.skarbieclynia.pl\/wp-content\/uploads\/2022\/03\/zdjecie-lynia-booster-oily-skin-cera-tlusta-2-480x777.jpg 480w, https:\/\/www.skarbieclynia.pl\/wp-content\/uploads\/2022\/03\/zdjecie-lynia-booster-oily-skin-cera-tlusta-2.jpg 1000w\" sizes=\"(max-width: 632px) 100vw, 632px\" \/><\/a><\/figure>\n<\/div>\n\n\n\n<div class=\"wp-block-column\">\n<figure class=\"wp-block-image size-large\"><a href=\"https:\/\/lynia.pl\/produkt\/krem-dla-cery-tlustej-oily-skin-cream\/\"><img loading=\"lazy\" width=\"652\" height=\"1024\" src=\"https:\/\/e-naturalne.home.pl\/autoinstalator\/wordpressplugins1\/wp-content\/uploads\/2022\/03\/zdjecie-lynia-krem-oily-skin-dla-cery-tlustej-652x1024.jpg\" alt=\"\" class=\"wp-image-2942\" srcset=\"https:\/\/www.skarbieclynia.pl\/wp-content\/uploads\/2022\/03\/zdjecie-lynia-krem-oily-skin-dla-cery-tlustej-652x1024.jpg 652w, https:\/\/www.skarbieclynia.pl\/wp-content\/uploads\/2022\/03\/zdjecie-lynia-krem-oily-skin-dla-cery-tlustej-191x300.jpg 191w, https:\/\/www.skarbieclynia.pl\/wp-content\/uploads\/2022\/03\/zdjecie-lynia-krem-oily-skin-dla-cery-tlustej-768x1207.jpg 768w, https:\/\/www.skarbieclynia.pl\/wp-content\/uploads\/2022\/03\/zdjecie-lynia-krem-oily-skin-dla-cery-tlustej-978x1536.jpg 978w, https:\/\/www.skarbieclynia.pl\/wp-content\/uploads\/2022\/03\/zdjecie-lynia-krem-oily-skin-dla-cery-tlustej-480x754.jpg 480w, https:\/\/www.skarbieclynia.pl\/wp-content\/uploads\/2022\/03\/zdjecie-lynia-krem-oily-skin-dla-cery-tlustej.jpg 1000w\" sizes=\"(max-width: 652px) 100vw, 652px\" \/><\/a><\/figure>\n<\/div>\n\n\n\n<div class=\"wp-block-column\">\n<figure class=\"wp-block-image size-large\"><a href=\"https:\/\/lynia.pl\/produkt\/mineralizujaca-mgielka-dla-cery-tlustej-oily-skin-mineral-water\/\"><img loading=\"lazy\" width=\"603\" height=\"1024\" src=\"https:\/\/e-naturalne.home.pl\/autoinstalator\/wordpressplugins1\/wp-content\/uploads\/2022\/03\/zdjecie-lynia-mgielka-oily-skin-cera-tlusta-603x1024.jpg\" alt=\"\" class=\"wp-image-2945\" srcset=\"https:\/\/www.skarbieclynia.pl\/wp-content\/uploads\/2022\/03\/zdjecie-lynia-mgielka-oily-skin-cera-tlusta-603x1024.jpg 603w, https:\/\/www.skarbieclynia.pl\/wp-content\/uploads\/2022\/03\/zdjecie-lynia-mgielka-oily-skin-cera-tlusta-177x300.jpg 177w, https:\/\/www.skarbieclynia.pl\/wp-content\/uploads\/2022\/03\/zdjecie-lynia-mgielka-oily-skin-cera-tlusta-768x1303.jpg 768w, https:\/\/www.skarbieclynia.pl\/wp-content\/uploads\/2022\/03\/zdjecie-lynia-mgielka-oily-skin-cera-tlusta-905x1536.jpg 905w, https:\/\/www.skarbieclynia.pl\/wp-content\/uploads\/2022\/03\/zdjecie-lynia-mgielka-oily-skin-cera-tlusta-480x815.jpg 480w, https:\/\/www.skarbieclynia.pl\/wp-content\/uploads\/2022\/03\/zdjecie-lynia-mgielka-oily-skin-cera-tlusta.jpg 1000w\" sizes=\"(max-width: 603px) 100vw, 603px\" \/><\/a><\/figure>\n<\/div>\n\n\n\n<div class=\"wp-block-column\">\n<figure class=\"wp-block-image size-large\"><a href=\"https:\/\/lynia.pl\/produkt\/serum-dla-cery-tlustej-tradzikowej-z-kwasem-szikimowym-oily-skin\/\"><img loading=\"lazy\" width=\"634\" height=\"1024\" src=\"https:\/\/e-naturalne.home.pl\/autoinstalator\/wordpressplugins1\/wp-content\/uploads\/2022\/03\/zdjecie-lynia-serum-oily-skin-dla-cery-tlustej-4-634x1024.jpg\" alt=\"\" class=\"wp-image-2948\" srcset=\"https:\/\/www.skarbieclynia.pl\/wp-content\/uploads\/2022\/03\/zdjecie-lynia-serum-oily-skin-dla-cery-tlustej-4-634x1024.jpg 634w, https:\/\/www.skarbieclynia.pl\/wp-content\/uploads\/2022\/03\/zdjecie-lynia-serum-oily-skin-dla-cery-tlustej-4-186x300.jpg 186w, https:\/\/www.skarbieclynia.pl\/wp-content\/uploads\/2022\/03\/zdjecie-lynia-serum-oily-skin-dla-cery-tlustej-4-768x1240.jpg 768w, https:\/\/www.skarbieclynia.pl\/wp-content\/uploads\/2022\/03\/zdjecie-lynia-serum-oily-skin-dla-cery-tlustej-4-952x1536.jpg 952w, https:\/\/www.skarbieclynia.pl\/wp-content\/uploads\/2022\/03\/zdjecie-lynia-serum-oily-skin-dla-cery-tlustej-4-480x775.jpg 480w, https:\/\/www.skarbieclynia.pl\/wp-content\/uploads\/2022\/03\/zdjecie-lynia-serum-oily-skin-dla-cery-tlustej-4.jpg 1000w\" sizes=\"(max-width: 634px) 100vw, 634px\" \/><\/a><\/figure>\n<\/div>\n<\/div>\n\n\n\n<p><strong><a href=\"https:\/\/lynia.pl\/kategoria-produktu\/oily-skin\/\">Seria Oily Skin<\/a><\/strong>&nbsp;marki Lynia to zestaw produkt\u00f3w do codziennej piel\u0119gnacji twarzy. Szczeg\u00f3lnie pokocha j\u0105&nbsp;<strong>cera t\u0142usta<\/strong>&nbsp;\u2013 zosta\u0142a stworzona w\u0142a\u015bnie z my\u015bl\u0105 o niej. Zawarte w kosmetykach starannie dobrane sk\u0142adniki, takie jak&nbsp;<strong>niacynamid (wit. B3)<\/strong>,<strong>&nbsp;puder bambusowy<\/strong>&nbsp;czy&nbsp;<strong>azeloglicyna&nbsp;<\/strong>s\u0105 bezpieczne do domowego u\u017cytku.<\/p>\n\n\n\n<p>Bazowym produtem serii jest&nbsp;<strong>kwas szikimowy<\/strong>, kt\u00f3ry ma dobroczynny wp\u0142yw na sk\u00f3r\u0119 sk\u0142onn\u0105 do przet\u0142uszczania. Reguluje wydzielanie&nbsp;<strong>sebum<\/strong>, oczyszcza i zw\u0119\u017ca pory, a dzi\u0119ki w\u0142a\u015bciwo\u015bciom z\u0142uszczaj\u0105cym przyczynia si\u0119 do sp\u0142ycenia zmarszczek oraz uj\u0119drnienia sk\u00f3ry. Dzia\u0142a tak\u017ce rozja\u015bniaj\u0105co, wyg\u0142adzaj\u0105co, a tak\u017ce spowalnia procesy starzenia.<\/p>\n\n\n\n<p>Zestaw sk\u0142adnik\u00f3w aktywnych dope\u0142niaj\u0105&nbsp;<strong>woda morska<\/strong>&nbsp;oraz kompleks naturalnych ekstrakt\u00f3w \u2013<strong>sza\u0142wia<\/strong>,&nbsp;<strong>og\u00f3rek&nbsp;<\/strong>i&nbsp;<strong>mi\u0119ta&nbsp;<\/strong>wspomagaj\u0105 skuteczne&nbsp;<strong>oczyszczanie<\/strong>, a tak\u017ce od\u015bwie\u017canie sk\u00f3ry. W serii Lynia Oily Skin znajduje si\u0119 booster, krem do twarzy, mgie\u0142ka-tonik oraz serum \u017celowe. Doskonale si\u0119 uzupe\u0142niaj\u0105, tworz\u0105c zestaw do udanego rytua\u0142u piel\u0119gnacyjnego.<\/p>\n","protected":false},"excerpt":{"rendered":"<p>Kwas szikimowy,&nbsp;po japo\u0144sku shikimi, oznacza&nbsp;any\u017c gwia\u017adzisty. Zastosowanie zwi\u0105zek ten znajduje przede wszystkim w kosmetologii i dermatologii \u2014 jest bowiem sk\u0142adnikiem wielu kosmetyk\u00f3w z uwagi na swoje drogocenne w\u0142a\u015bciwo\u015bci.&nbsp;Kwas szikimowy&nbsp;zalicza si\u0119 do grupy, jak\u0105 s\u0105&nbsp;kwasy AHA. Kwas szikimowy&nbsp;wykazuje delikatne dzia\u0142anie z\u0142uszczaj\u0105ce, dzi\u0119ki czemu mo\u017ce by\u0107 stosowany w przypadku sk\u00f3ry wra\u017cliwej. Wykorzystuje si\u0119 go te\u017c w produkcji dezodorant\u00f3w&nbsp;anti-odor, poniewa\u017c doskonale neutralizuje nieprzyjemne zapachy. Przede wszystkim ma zastosowanie w produktach do cery&nbsp;tr\u0105dzikowej&nbsp;oraz sk\u0142onnej do niedoskona\u0142o\u015bci. W\u0142a\u015bciwo\u015bci kwasu szikimowego Kwas szikimowy ma wiele w\u0142a\u015bciwo\u015bci poprawiaj\u0105cych wygl\u0105d sk\u00f3ry \u2014 m.in. usuwa&nbsp;nadmiar sebum&nbsp;i zmniejsza ilo\u015b\u0107 zask\u00f3rnik\u00f3w.&nbsp;Kosmetyki do sk\u00f3ry tr\u0105dzikowej, w kt\u00f3rych sk\u0142adzie znajduje si\u0119 shikimi, wp\u0142ywaj\u0105<\/p>\n","protected":false},"author":5,"featured_media":2957,"comment_status":"closed","ping_status":"open","sticky":false,"template":"","format":"standard","meta":[],"categories":[19],"tags":[50,37,42,54,55],"acf":[],"yoast_head":"<!-- This site is optimized with the Yoast SEO plugin v17.9 - https:\/\/yoast.com\/wordpress\/plugins\/seo\/ -->\n<title>Skarbiec<\/title>\n<meta name=\"description\" content=\"Kwas szikimowy usuwa\u00a0nadmiar sebum, zmniejsza ilo\u015b\u0107 zask\u00f3rnik\u00f3w oraz wp\u0142ywa na ograniczenie wyst\u0119powania nowych wyprysk\u00f3w.\" \/>\n<meta name=\"robots\" content=\"index, follow, max-snippet:-1, max-image-preview:large, max-video-preview:-1\" \/>\n<link rel=\"canonical\" href=\"https:\/\/www.skarbieclynia.pl\/index.php\/2019\/12\/11\/kwas-szikimowy\/\" \/>\n<meta property=\"og:locale\" content=\"pl_PL\" \/>\n<meta property=\"og:type\" content=\"article\" \/>\n<meta property=\"og:title\" content=\"Kwas szikimowy w kosmetyce \u2014 dzia\u0142anie i zastosowanie - Skarbiec\" \/>\n<meta property=\"og:description\" content=\"Kwas szikimowy usuwa\u00a0nadmiar sebum, zmniejsza ilo\u015b\u0107 zask\u00f3rnik\u00f3w oraz wp\u0142ywa na ograniczenie wyst\u0119powania nowych wyprysk\u00f3w.\" \/>\n<meta property=\"og:url\" content=\"https:\/\/www.skarbieclynia.pl\/index.php\/2019\/12\/11\/kwas-szikimowy\/\" \/>\n<meta property=\"og:site_name\" content=\"Skarbiec\" \/>\n<meta property=\"article:published_time\" content=\"2019-12-11T00:00:00+00:00\" \/>\n<meta property=\"article:modified_time\" content=\"2022-03-16T09:51:36+00:00\" \/>\n<meta property=\"og:image\" content=\"https:\/\/www.skarbieclynia.pl\/wp-content\/uploads\/2019\/12\/pexels-sonny-sixteen-1008682-1-scaled.jpg\" \/>\n\t<meta property=\"og:image:width\" content=\"2560\" \/>\n\t<meta property=\"og:image:height\" content=\"1920\" \/>\n\t<meta property=\"og:image:type\" content=\"image\/jpeg\" \/>\n<meta name=\"twitter:card\" content=\"summary_large_image\" \/>\n<meta name=\"twitter:label1\" content=\"Napisane przez\" \/>\n\t<meta name=\"twitter:data1\" content=\"Agata Dobrzycka\" \/>\n\t<meta name=\"twitter:label2\" content=\"Szacowany czas czytania\" \/>\n\t<meta name=\"twitter:data2\" content=\"6 minut\" \/>\n<script type=\"application\/ld+json\" class=\"yoast-schema-graph\">{\"@context\":\"https:\/\/schema.org\",\"@graph\":[{\"@type\":\"WebSite\",\"@id\":\"https:\/\/www.skarbieclynia.pl\/#website\",\"url\":\"https:\/\/www.skarbieclynia.pl\/\",\"name\":\"Skarbiec\",\"description\":\"LYNIA\",\"potentialAction\":[{\"@type\":\"SearchAction\",\"target\":{\"@type\":\"EntryPoint\",\"urlTemplate\":\"https:\/\/www.skarbieclynia.pl\/?s={search_term_string}\"},\"query-input\":\"required name=search_term_string\"}],\"inLanguage\":\"pl-PL\"},{\"@type\":\"ImageObject\",\"@id\":\"https:\/\/www.skarbieclynia.pl\/index.php\/2019\/12\/11\/kwas-szikimowy\/#primaryimage\",\"inLanguage\":\"pl-PL\",\"url\":\"https:\/\/www.skarbieclynia.pl\/wp-content\/uploads\/2019\/12\/pexels-sonny-sixteen-1008682-1-scaled.jpg\",\"contentUrl\":\"https:\/\/www.skarbieclynia.pl\/wp-content\/uploads\/2019\/12\/pexels-sonny-sixteen-1008682-1-scaled.jpg\",\"width\":2560,\"height\":1920,\"caption\":\"kwas-szikimowy.jpg\"},{\"@type\":\"WebPage\",\"@id\":\"https:\/\/www.skarbieclynia.pl\/index.php\/2019\/12\/11\/kwas-szikimowy\/#webpage\",\"url\":\"https:\/\/www.skarbieclynia.pl\/index.php\/2019\/12\/11\/kwas-szikimowy\/\",\"name\":\"Kwas szikimowy w kosmetyce \\u2014 dzia\\u0142anie i zastosowanie - Skarbiec\",\"isPartOf\":{\"@id\":\"https:\/\/www.skarbieclynia.pl\/#website\"},\"primaryImageOfPage\":{\"@id\":\"https:\/\/www.skarbieclynia.pl\/index.php\/2019\/12\/11\/kwas-szikimowy\/#primaryimage\"},\"datePublished\":\"2019-12-11T00:00:00+00:00\",\"dateModified\":\"2022-03-16T09:51:36+00:00\",\"author\":{\"@id\":\"https:\/\/www.skarbieclynia.pl\/#\/schema\/person\/0c1074c6b7a0e693c3ae945afb1b6325\"},\"description\":\"Kwas szikimowy usuwa\\u00a0nadmiar sebum, zmniejsza ilo\\u015b\\u0107 zask\\u00f3rnik\\u00f3w oraz wp\\u0142ywa na ograniczenie wyst\\u0119powania nowych wyprysk\\u00f3w.\",\"breadcrumb\":{\"@id\":\"https:\/\/www.skarbieclynia.pl\/index.php\/2019\/12\/11\/kwas-szikimowy\/#breadcrumb\"},\"inLanguage\":\"pl-PL\",\"potentialAction\":[{\"@type\":\"ReadAction\",\"target\":[\"https:\/\/www.skarbieclynia.pl\/index.php\/2019\/12\/11\/kwas-szikimowy\/\"]}]},{\"@type\":\"BreadcrumbList\",\"@id\":\"https:\/\/www.skarbieclynia.pl\/index.php\/2019\/12\/11\/kwas-szikimowy\/#breadcrumb\",\"itemListElement\":[{\"@type\":\"ListItem\",\"position\":1,\"name\":\"Strona g\\u0142\\u00f3wna\",\"item\":\"https:\/\/www.skarbieclynia.pl\/\"},{\"@type\":\"ListItem\",\"position\":2,\"name\":\"Kwas szikimowy w kosmetyce \\u2014 dzia\\u0142anie i zastosowanie\"}]},{\"@type\":\"Person\",\"@id\":\"https:\/\/www.skarbieclynia.pl\/#\/schema\/person\/0c1074c6b7a0e693c3ae945afb1b6325\",\"name\":\"Agata Dobrzycka\",\"image\":{\"@type\":\"ImageObject\",\"@id\":\"https:\/\/www.skarbieclynia.pl\/#personlogo\",\"inLanguage\":\"pl-PL\",\"url\":\"https:\/\/secure.gravatar.com\/avatar\/416f82305c48a2816b33191c1e28876d?s=96&d=mm&r=g\",\"contentUrl\":\"https:\/\/secure.gravatar.com\/avatar\/416f82305c48a2816b33191c1e28876d?s=96&d=mm&r=g\",\"caption\":\"Agata Dobrzycka\"},\"url\":\"https:\/\/www.skarbieclynia.pl\/index.php\/author\/agata\/\"}]}<\/script>\n<!-- \/ Yoast SEO plugin. -->","yoast_head_json":{"title":"Skarbiec","description":"Kwas szikimowy usuwa\u00a0nadmiar sebum, zmniejsza ilo\u015b\u0107 zask\u00f3rnik\u00f3w oraz wp\u0142ywa na ograniczenie wyst\u0119powania nowych wyprysk\u00f3w.","robots":{"index":"index","follow":"follow","max-snippet":"max-snippet:-1","max-image-preview":"max-image-preview:large","max-video-preview":"max-video-preview:-1"},"canonical":"https:\/\/www.skarbieclynia.pl\/index.php\/2019\/12\/11\/kwas-szikimowy\/","og_locale":"pl_PL","og_type":"article","og_title":"Kwas szikimowy w kosmetyce \u2014 dzia\u0142anie i zastosowanie - Skarbiec","og_description":"Kwas szikimowy usuwa\u00a0nadmiar sebum, zmniejsza ilo\u015b\u0107 zask\u00f3rnik\u00f3w oraz wp\u0142ywa na ograniczenie wyst\u0119powania nowych wyprysk\u00f3w.","og_url":"https:\/\/www.skarbieclynia.pl\/index.php\/2019\/12\/11\/kwas-szikimowy\/","og_site_name":"Skarbiec","article_published_time":"2019-12-11T00:00:00+00:00","article_modified_time":"2022-03-16T09:51:36+00:00","og_image":[{"width":2560,"height":1920,"url":"https:\/\/www.skarbieclynia.pl\/wp-content\/uploads\/2019\/12\/pexels-sonny-sixteen-1008682-1-scaled.jpg","type":"image\/jpeg"}],"twitter_card":"summary_large_image","twitter_misc":{"Napisane przez":"Agata Dobrzycka","Szacowany czas czytania":"6 minut"},"schema":{"@context":"https:\/\/schema.org","@graph":[{"@type":"WebSite","@id":"https:\/\/www.skarbieclynia.pl\/#website","url":"https:\/\/www.skarbieclynia.pl\/","name":"Skarbiec","description":"LYNIA","potentialAction":[{"@type":"SearchAction","target":{"@type":"EntryPoint","urlTemplate":"https:\/\/www.skarbieclynia.pl\/?s={search_term_string}"},"query-input":"required name=search_term_string"}],"inLanguage":"pl-PL"},{"@type":"ImageObject","@id":"https:\/\/www.skarbieclynia.pl\/index.php\/2019\/12\/11\/kwas-szikimowy\/#primaryimage","inLanguage":"pl-PL","url":"https:\/\/www.skarbieclynia.pl\/wp-content\/uploads\/2019\/12\/pexels-sonny-sixteen-1008682-1-scaled.jpg","contentUrl":"https:\/\/www.skarbieclynia.pl\/wp-content\/uploads\/2019\/12\/pexels-sonny-sixteen-1008682-1-scaled.jpg","width":2560,"height":1920,"caption":"kwas-szikimowy.jpg"},{"@type":"WebPage","@id":"https:\/\/www.skarbieclynia.pl\/index.php\/2019\/12\/11\/kwas-szikimowy\/#webpage","url":"https:\/\/www.skarbieclynia.pl\/index.php\/2019\/12\/11\/kwas-szikimowy\/","name":"Kwas szikimowy w kosmetyce \u2014 dzia\u0142anie i zastosowanie - Skarbiec","isPartOf":{"@id":"https:\/\/www.skarbieclynia.pl\/#website"},"primaryImageOfPage":{"@id":"https:\/\/www.skarbieclynia.pl\/index.php\/2019\/12\/11\/kwas-szikimowy\/#primaryimage"},"datePublished":"2019-12-11T00:00:00+00:00","dateModified":"2022-03-16T09:51:36+00:00","author":{"@id":"https:\/\/www.skarbieclynia.pl\/#\/schema\/person\/0c1074c6b7a0e693c3ae945afb1b6325"},"description":"Kwas szikimowy usuwa\u00a0nadmiar sebum, zmniejsza ilo\u015b\u0107 zask\u00f3rnik\u00f3w oraz wp\u0142ywa na ograniczenie wyst\u0119powania nowych wyprysk\u00f3w.","breadcrumb":{"@id":"https:\/\/www.skarbieclynia.pl\/index.php\/2019\/12\/11\/kwas-szikimowy\/#breadcrumb"},"inLanguage":"pl-PL","potentialAction":[{"@type":"ReadAction","target":["https:\/\/www.skarbieclynia.pl\/index.php\/2019\/12\/11\/kwas-szikimowy\/"]}]},{"@type":"BreadcrumbList","@id":"https:\/\/www.skarbieclynia.pl\/index.php\/2019\/12\/11\/kwas-szikimowy\/#breadcrumb","itemListElement":[{"@type":"ListItem","position":1,"name":"Strona g\u0142\u00f3wna","item":"https:\/\/www.skarbieclynia.pl\/"},{"@type":"ListItem","position":2,"name":"Kwas szikimowy w kosmetyce \u2014 dzia\u0142anie i zastosowanie"}]},{"@type":"Person","@id":"https:\/\/www.skarbieclynia.pl\/#\/schema\/person\/0c1074c6b7a0e693c3ae945afb1b6325","name":"Agata Dobrzycka","image":{"@type":"ImageObject","@id":"https:\/\/www.skarbieclynia.pl\/#personlogo","inLanguage":"pl-PL","url":"https:\/\/secure.gravatar.com\/avatar\/416f82305c48a2816b33191c1e28876d?s=96&d=mm&r=g","contentUrl":"https:\/\/secure.gravatar.com\/avatar\/416f82305c48a2816b33191c1e28876d?s=96&d=mm&r=g","caption":"Agata Dobrzycka"},"url":"https:\/\/www.skarbieclynia.pl\/index.php\/author\/agata\/"}]}},"_links":{"self":[{"href":"https:\/\/www.skarbieclynia.pl\/index.php\/wp-json\/wp\/v2\/posts\/18"}],"collection":[{"href":"https:\/\/www.skarbieclynia.pl\/index.php\/wp-json\/wp\/v2\/posts"}],"about":[{"href":"https:\/\/www.skarbieclynia.pl\/index.php\/wp-json\/wp\/v2\/types\/post"}],"author":[{"embeddable":true,"href":"https:\/\/www.skarbieclynia.pl\/index.php\/wp-json\/wp\/v2\/users\/5"}],"replies":[{"embeddable":true,"href":"https:\/\/www.skarbieclynia.pl\/index.php\/wp-json\/wp\/v2\/comments?post=18"}],"version-history":[{"count":9,"href":"https:\/\/www.skarbieclynia.pl\/index.php\/wp-json\/wp\/v2\/posts\/18\/revisions"}],"predecessor-version":[{"id":2956,"href":"https:\/\/www.skarbieclynia.pl\/index.php\/wp-json\/wp\/v2\/posts\/18\/revisions\/2956"}],"wp:featuredmedia":[{"embeddable":true,"href":"https:\/\/www.skarbieclynia.pl\/index.php\/wp-json\/wp\/v2\/media\/2957"}],"wp:attachment":[{"href":"https:\/\/www.skarbieclynia.pl\/index.php\/wp-json\/wp\/v2\/media?parent=18"}],"wp:term":[{"taxonomy":"category","embeddable":true,"href":"https:\/\/www.skarbieclynia.pl\/index.php\/wp-json\/wp\/v2\/categories?post=18"},{"taxonomy":"post_tag","embeddable":true,"href":"https:\/\/www.skarbieclynia.pl\/index.php\/wp-json\/wp\/v2\/tags?post=18"}],"curies":[{"name":"wp","href":"https:\/\/api.w.org\/{rel}","templated":true}]}}